{"id":1768,"date":"2022-05-23T18:52:30","date_gmt":"2022-05-24T00:52:30","guid":{"rendered":"https:\/\/elpuucnoticias.com\/?p=1768"},"modified":"2022-05-23T18:52:32","modified_gmt":"2022-05-24T00:52:32","slug":"la-participacion-de-quintana-roo-en-el-tianguis-turistico-de-mexico-arrojara-beneficios-para-las-y-los-quintanarroenses-carlos-joaquin","status":"publish","type":"post","link":"https:\/\/elpuucnoticias.com\/?p=1768","title":{"rendered":"La participaci\u00f3n de Quintana Roo en el Tianguis Tur\u00edstico de M\u00e9xico arrojar\u00e1 beneficios para las y los quintanarroenses: Carlos Joaqu\u00edn"},"content":{"rendered":"\n<p>Acapulco.- Con el corte de list\u00f3n del Pabell\u00f3n del Caribe Mexicano, oficialmente iniciaron las actividades de trabajo de la delegaci\u00f3n de Quintana Roo que asiste al Tianguis Tur\u00edstico de M\u00e9xico del 22 al 25 de mayo en esta ciudad.<\/p>\n\n\n\n<p>El gobernador Carlos Joaqu\u00edn expres\u00f3 que la presencia de Quintana Roo en este evento ser\u00e1 de beneficio para las y los quintanarroenses, para que la actividad tur\u00edstica se convierta en prosperidad para las familias.<\/p>\n\n\n\n<figure class=\"wp-block-image size-large is-resized\"><img loading=\"lazy\" decoding=\"async\" src=\"https:\/\/elpuucnoticias.com\/wp-content\/uploads\/2022\/05\/felino-flayer-1024x583.jpg\" alt=\"\" class=\"wp-image-1402\" width=\"413\" height=\"235\" srcset=\"https:\/\/elpuucnoticias.com\/wp-content\/uploads\/2022\/05\/felino-flayer-1024x583.jpg 1024w, https:\/\/elpuucnoticias.com\/wp-content\/uploads\/2022\/05\/felino-flayer-300x171.jpg 300w, https:\/\/elpuucnoticias.com\/wp-content\/uploads\/2022\/05\/felino-flayer-768x437.jpg 768w, https:\/\/elpuucnoticias.com\/wp-content\/uploads\/2022\/05\/felino-flayer.jpg 1237w\" sizes=\"auto, (max-width: 413px) 100vw, 413px\" \/><\/figure>\n\n\n\n<p>La ceremonia inaugural fue encabezada por el gobernador de Quintana Roo quien estuvo acompa\u00f1ado del secretario de Turismo de M\u00e9xico, Miguel Torruco Marqu\u00e9s; la gobernadora de Guerrero, Evelyn Salgado Pineda; el secretario de Turismo de Quintana Roo, Bernardo Cueto Riestra; el director general del Consejo de Promoci\u00f3n Tur\u00edstica de Quintana Roo, Dar\u00edo Flota Ocampo, y la presidente municipal de Acapulco, Abelina L\u00f3pez Rodr\u00edguez.<\/p>\n\n\n\n<p>El pabell\u00f3n del Caribe Mexicano es uno de los m\u00e1s grandes con casi 800 metros cuadrados. Entre la agenda de la delegaci\u00f3n se encuentran 2 mil 500 citas en 30 mesas de trabajo distribuidas en los 10 stands para los destinos tur\u00edsticos de Quintana Roo.<\/p>\n\n\n\n<p>Bernardo Cueto Riestra, secretario de Turismo de Quintan Roo, expres\u00f3 que esta edici\u00f3n del Tianguis Tur\u00edstico es el escenario perfecto para potencializar los principales destinos del Caribe Mexicano, sosteniendo reuniones comerciales y alianzas estrat\u00e9gicas que permitan continuar con el fortalecimiento tur\u00edstico de Quintana Roo, lo que nos han convertido en el caso de \u00e9xito que hoy somos, garantizando la reactivaci\u00f3n tur\u00edstica y econ\u00f3mica del Caribe Mexicano.<\/p>\n\n\n\n<p>Dar\u00edo Flota Ocampo, director general del CPTQ, por su parte dio a conocer que en el primer d\u00eda de actividades sostuvieron reuniones con operadores de Espa\u00f1a, uno de los principales mercados extranjeros emisores de visitantes, \u201ccon quienes estrechamos lazos de cara a la temporada de verano que est\u00e1 pr\u00f3xima\u201d.<\/p>\n\n\n\n<p>Inform\u00f3 que en esta temporada se contar\u00e1 con los vuelos del Grupo Avoris, desde Madrid a Canc\u00fan con 5 frecuencias a la semana y, a partir de julio, aumenta a 6, desde Barcelona a partir del 26 de junio con dos frecuencias semanales, ambas rutas con Iberojet.<\/p>\n\n\n\n<p>Mientras que desde Portugal con Orbest una vez por semana, adem\u00e1s de los vuelos desde Madrid de World2 Meet de Grupo Iberostar, previsto para el verano con hasta 4 vuelos a la semana y, uno semanal desde Lisboa, se mantiene con una frecuencia semanal\u201d.<\/p>\n\n\n\n<p>Estos vuelos permiten reforzar la econom\u00eda tur\u00edstica de Quintana Roo y la presencia de los mercados europeos durante el verano, que es tambi\u00e9n su temporada vacacional a casi dos a\u00f1os de la reapertura de los destinos del Caribe Mexicano en la que el estado ha sido punta de lanza y ejemplo a nivel mundial como caso de \u00e9xito y resiliencia.<\/p>\n\n\n\n<p>En el primer d\u00eda de actividades la Sedetur y el CPTQ han atendido citas de trabajo con touroperadores, aerol\u00edneas y agencias de viajes en l\u00ednea; en cuanto a medios de comunicaci\u00f3n especializados, el d\u00eda de hoy la agenda vespertina estar\u00e1 dedicada a ellos.<\/p>\n\n\n\n<p>Durante la ceremonia inaugural se cont\u00f3 con la presencia de los presidentes municipales de Isla Mujeres, de Solidaridad y Bacalar; as\u00ed como de las direcciones de las Asociaciones de Hoteles de todo el Estado.<\/p>\n","protected":false},"excerpt":{"rendered":"<p>Acapulco.- Con el corte de list\u00f3n del Pabell\u00f3n del Caribe Mexicano, oficialmente iniciaron las actividades de trabajo de<\/p>\n","protected":false},"author":1,"featured_media":1769,"comment_status":"closed","ping_status":"open","sticky":false,"template":"","format":"standard","meta":{"_monsterinsights_skip_tracking":false,"_monsterinsights_sitenote_active":false,"_monsterinsights_sitenote_note":"","_monsterinsights_sitenote_category":0,"footnotes":""},"categories":[11],"tags":[],"class_list":["post-1768","post","type-post","status-publish","format-standard","has-post-thumbnail","hentry","category-noticias"],"yoast_head":"<!-- This site is optimized with the Yoast SEO plugin v18.3 - https:\/\/yoast.com\/wordpress\/plugins\/seo\/ -->\n<title>La participaci\u00f3n de Quintana Roo en el Tianguis Tur\u00edstico de M\u00e9xico arrojar\u00e1 beneficios para las y los quintanarroenses: Carlos Joaqu\u00edn - El Puuc Noticias<\/title>\n<meta name=\"robots\" content=\"index, follow, max-snippet:-1, max-image-preview:large, max-video-preview:-1\" \/>\n<link rel=\"canonical\" href=\"https:\/\/elpuucnoticias.com\/?p=1768\" \/>\n<meta property=\"og:locale\" content=\"es_ES\" \/>\n<meta property=\"og:type\" content=\"article\" \/>\n<meta property=\"og:title\" content=\"La participaci\u00f3n de Quintana Roo en el Tianguis Tur\u00edstico de M\u00e9xico arrojar\u00e1 beneficios para las y los quintanarroenses: Carlos Joaqu\u00edn - El Puuc Noticias\" \/>\n<meta property=\"og:description\" content=\"Acapulco.- Con el corte de list\u00f3n del Pabell\u00f3n del Caribe Mexicano, oficialmente iniciaron las actividades de trabajo de\" \/>\n<meta property=\"og:url\" content=\"https:\/\/elpuucnoticias.com\/?p=1768\" \/>\n<meta property=\"og:site_name\" content=\"El Puuc Noticias\" \/>\n<meta property=\"article:published_time\" content=\"2022-05-24T00:52:30+00:00\" \/>\n<meta property=\"article:modified_time\" content=\"2022-05-24T00:52:32+00:00\" \/>\n<meta property=\"og:image\" content=\"https:\/\/elpuucnoticias.com\/wp-content\/uploads\/2022\/05\/WhatsApp-Image-2022-05-23-at-4.42.51-PM.jpeg\" \/>\n\t<meta property=\"og:image:width\" content=\"1280\" \/>\n\t<meta property=\"og:image:height\" content=\"715\" \/>\n\t<meta property=\"og:image:type\" content=\"image\/jpeg\" \/>\n<meta name=\"twitter:card\" content=\"summary_large_image\" \/>\n<meta name=\"twitter:label1\" content=\"Escrito por\" \/>\n\t<meta name=\"twitter:data1\" content=\"elpuucnoticias\" \/>\n\t<meta name=\"twitter:label2\" content=\"Tiempo de lectura\" \/>\n\t<meta name=\"twitter:data2\" content=\"3 minutos\" \/>\n<script type=\"application\/ld+json\" class=\"yoast-schema-graph\">{\"@context\":\"https:\/\/schema.org\",\"@graph\":[{\"@type\":\"WebSite\",\"@id\":\"https:\/\/elpuucnoticias.com\/#website\",\"url\":\"https:\/\/elpuucnoticias.com\/\",\"name\":\"El Puuc Noticias\",\"description\":\"Noticias - Entretenimiento - Deportes\",\"potentialAction\":[{\"@type\":\"SearchAction\",\"target\":{\"@type\":\"EntryPoint\",\"urlTemplate\":\"https:\/\/elpuucnoticias.com\/?s={search_term_string}\"},\"query-input\":\"required name=search_term_string\"}],\"inLanguage\":\"es\"},{\"@type\":\"ImageObject\",\"@id\":\"https:\/\/elpuucnoticias.com\/?p=1768#primaryimage\",\"inLanguage\":\"es\",\"url\":\"https:\/\/elpuucnoticias.com\/wp-content\/uploads\/2022\/05\/WhatsApp-Image-2022-05-23-at-4.42.51-PM.jpeg\",\"contentUrl\":\"https:\/\/elpuucnoticias.com\/wp-content\/uploads\/2022\/05\/WhatsApp-Image-2022-05-23-at-4.42.51-PM.jpeg\",\"width\":1280,\"height\":715},{\"@type\":\"WebPage\",\"@id\":\"https:\/\/elpuucnoticias.com\/?p=1768#webpage\",\"url\":\"https:\/\/elpuucnoticias.com\/?p=1768\",\"name\":\"La participaci\u00f3n de Quintana Roo en el Tianguis Tur\u00edstico de M\u00e9xico arrojar\u00e1 beneficios para las y los quintanarroenses: Carlos Joaqu\u00edn - El Puuc Noticias\",\"isPartOf\":{\"@id\":\"https:\/\/elpuucnoticias.com\/#website\"},\"primaryImageOfPage\":{\"@id\":\"https:\/\/elpuucnoticias.com\/?p=1768#primaryimage\"},\"datePublished\":\"2022-05-24T00:52:30+00:00\",\"dateModified\":\"2022-05-24T00:52:32+00:00\",\"author\":{\"@id\":\"https:\/\/elpuucnoticias.com\/#\/schema\/person\/d2ea09e4c97f0160b11cdfb1d856bd9e\"},\"breadcrumb\":{\"@id\":\"https:\/\/elpuucnoticias.com\/?p=1768#breadcrumb\"},\"inLanguage\":\"es\",\"potentialAction\":[{\"@type\":\"ReadAction\",\"target\":[\"https:\/\/elpuucnoticias.com\/?p=1768\"]}]},{\"@type\":\"BreadcrumbList\",\"@id\":\"https:\/\/elpuucnoticias.com\/?p=1768#breadcrumb\",\"itemListElement\":[{\"@type\":\"ListItem\",\"position\":1,\"name\":\"Portada\",\"item\":\"https:\/\/elpuucnoticias.com\/\"},{\"@type\":\"ListItem\",\"position\":2,\"name\":\"La participaci\u00f3n de Quintana Roo en el Tianguis Tur\u00edstico de M\u00e9xico arrojar\u00e1 beneficios para las y los quintanarroenses: Carlos Joaqu\u00edn\"}]},{\"@type\":\"Person\",\"@id\":\"https:\/\/elpuucnoticias.com\/#\/schema\/person\/d2ea09e4c97f0160b11cdfb1d856bd9e\",\"name\":\"elpuucnoticias\",\"image\":{\"@type\":\"ImageObject\",\"@id\":\"https:\/\/elpuucnoticias.com\/#personlogo\",\"inLanguage\":\"es\",\"url\":\"https:\/\/secure.gravatar.com\/avatar\/5290a43657c74ffa15701dbe5b846bd85cc71930d803c84e91046a7333de6ce2?s=96&d=mm&r=g\",\"contentUrl\":\"https:\/\/secure.gravatar.com\/avatar\/5290a43657c74ffa15701dbe5b846bd85cc71930d803c84e91046a7333de6ce2?s=96&d=mm&r=g\",\"caption\":\"elpuucnoticias\"},\"sameAs\":[\"https:\/\/elpuucnoticias.com\"],\"url\":\"https:\/\/elpuucnoticias.com\/?author=1\"}]}<\/script>\n<!-- \/ Yoast SEO plugin. -->","yoast_head_json":{"title":"La participaci\u00f3n de Quintana Roo en el Tianguis Tur\u00edstico de M\u00e9xico arrojar\u00e1 beneficios para las y los quintanarroenses: Carlos Joaqu\u00edn - El Puuc Noticias","robots":{"index":"index","follow":"follow","max-snippet":"max-snippet:-1","max-image-preview":"max-image-preview:large","max-video-preview":"max-video-preview:-1"},"canonical":"https:\/\/elpuucnoticias.com\/?p=1768","og_locale":"es_ES","og_type":"article","og_title":"La participaci\u00f3n de Quintana Roo en el Tianguis Tur\u00edstico de M\u00e9xico arrojar\u00e1 beneficios para las y los quintanarroenses: Carlos Joaqu\u00edn - El Puuc Noticias","og_description":"Acapulco.- Con el corte de list\u00f3n del Pabell\u00f3n del Caribe Mexicano, oficialmente iniciaron las actividades de trabajo de","og_url":"https:\/\/elpuucnoticias.com\/?p=1768","og_site_name":"El Puuc Noticias","article_published_time":"2022-05-24T00:52:30+00:00","article_modified_time":"2022-05-24T00:52:32+00:00","og_image":[{"width":1280,"height":715,"url":"https:\/\/elpuucnoticias.com\/wp-content\/uploads\/2022\/05\/WhatsApp-Image-2022-05-23-at-4.42.51-PM.jpeg","type":"image\/jpeg"}],"twitter_card":"summary_large_image","twitter_misc":{"Escrito por":"elpuucnoticias","Tiempo de lectura":"3 minutos"},"schema":{"@context":"https:\/\/schema.org","@graph":[{"@type":"WebSite","@id":"https:\/\/elpuucnoticias.com\/#website","url":"https:\/\/elpuucnoticias.com\/","name":"El Puuc Noticias","description":"Noticias - Entretenimiento - Deportes","potentialAction":[{"@type":"SearchAction","target":{"@type":"EntryPoint","urlTemplate":"https:\/\/elpuucnoticias.com\/?s={search_term_string}"},"query-input":"required name=search_term_string"}],"inLanguage":"es"},{"@type":"ImageObject","@id":"https:\/\/elpuucnoticias.com\/?p=1768#primaryimage","inLanguage":"es","url":"https:\/\/elpuucnoticias.com\/wp-content\/uploads\/2022\/05\/WhatsApp-Image-2022-05-23-at-4.42.51-PM.jpeg","contentUrl":"https:\/\/elpuucnoticias.com\/wp-content\/uploads\/2022\/05\/WhatsApp-Image-2022-05-23-at-4.42.51-PM.jpeg","width":1280,"height":715},{"@type":"WebPage","@id":"https:\/\/elpuucnoticias.com\/?p=1768#webpage","url":"https:\/\/elpuucnoticias.com\/?p=1768","name":"La participaci\u00f3n de Quintana Roo en el Tianguis Tur\u00edstico de M\u00e9xico arrojar\u00e1 beneficios para las y los quintanarroenses: Carlos Joaqu\u00edn - El Puuc Noticias","isPartOf":{"@id":"https:\/\/elpuucnoticias.com\/#website"},"primaryImageOfPage":{"@id":"https:\/\/elpuucnoticias.com\/?p=1768#primaryimage"},"datePublished":"2022-05-24T00:52:30+00:00","dateModified":"2022-05-24T00:52:32+00:00","author":{"@id":"https:\/\/elpuucnoticias.com\/#\/schema\/person\/d2ea09e4c97f0160b11cdfb1d856bd9e"},"breadcrumb":{"@id":"https:\/\/elpuucnoticias.com\/?p=1768#breadcrumb"},"inLanguage":"es","potentialAction":[{"@type":"ReadAction","target":["https:\/\/elpuucnoticias.com\/?p=1768"]}]},{"@type":"BreadcrumbList","@id":"https:\/\/elpuucnoticias.com\/?p=1768#breadcrumb","itemListElement":[{"@type":"ListItem","position":1,"name":"Portada","item":"https:\/\/elpuucnoticias.com\/"},{"@type":"ListItem","position":2,"name":"La participaci\u00f3n de Quintana Roo en el Tianguis Tur\u00edstico de M\u00e9xico arrojar\u00e1 beneficios para las y los quintanarroenses: Carlos Joaqu\u00edn"}]},{"@type":"Person","@id":"https:\/\/elpuucnoticias.com\/#\/schema\/person\/d2ea09e4c97f0160b11cdfb1d856bd9e","name":"elpuucnoticias","image":{"@type":"ImageObject","@id":"https:\/\/elpuucnoticias.com\/#personlogo","inLanguage":"es","url":"https:\/\/secure.gravatar.com\/avatar\/5290a43657c74ffa15701dbe5b846bd85cc71930d803c84e91046a7333de6ce2?s=96&d=mm&r=g","contentUrl":"https:\/\/secure.gravatar.com\/avatar\/5290a43657c74ffa15701dbe5b846bd85cc71930d803c84e91046a7333de6ce2?s=96&d=mm&r=g","caption":"elpuucnoticias"},"sameAs":["https:\/\/elpuucnoticias.com"],"url":"https:\/\/elpuucnoticias.com\/?author=1"}]}},"_links":{"self":[{"href":"https:\/\/elpuucnoticias.com\/index.php?rest_route=\/wp\/v2\/posts\/1768","targetHints":{"allow":["GET"]}}],"collection":[{"href":"https:\/\/elpuucnoticias.com\/index.php?rest_route=\/wp\/v2\/posts"}],"about":[{"href":"https:\/\/elpuucnoticias.com\/index.php?rest_route=\/wp\/v2\/types\/post"}],"author":[{"embeddable":true,"href":"https:\/\/elpuucnoticias.com\/index.php?rest_route=\/wp\/v2\/users\/1"}],"replies":[{"embeddable":true,"href":"https:\/\/elpuucnoticias.com\/index.php?rest_route=%2Fwp%2Fv2%2Fcomments&post=1768"}],"version-history":[{"count":1,"href":"https:\/\/elpuucnoticias.com\/index.php?rest_route=\/wp\/v2\/posts\/1768\/revisions"}],"predecessor-version":[{"id":1770,"href":"https:\/\/elpuucnoticias.com\/index.php?rest_route=\/wp\/v2\/posts\/1768\/revisions\/1770"}],"wp:featuredmedia":[{"embeddable":true,"href":"https:\/\/elpuucnoticias.com\/index.php?rest_route=\/wp\/v2\/media\/1769"}],"wp:attachment":[{"href":"https:\/\/elpuucnoticias.com\/index.php?rest_route=%2Fwp%2Fv2%2Fmedia&parent=1768"}],"wp:term":[{"taxonomy":"category","embeddable":true,"href":"https:\/\/elpuucnoticias.com\/index.php?rest_route=%2Fwp%2Fv2%2Fcategories&post=1768"},{"taxonomy":"post_tag","embeddable":true,"href":"https:\/\/elpuucnoticias.com\/index.php?rest_route=%2Fwp%2Fv2%2Ftags&post=1768"}],"curies":[{"name":"wp","href":"https:\/\/api.w.org\/{rel}","templated":true}]}}