{"id":17718,"date":"2024-12-05T12:51:33","date_gmt":"2024-12-05T18:51:33","guid":{"rendered":"https:\/\/elpuucnoticias.com\/?p=17718"},"modified":"2024-12-05T12:51:34","modified_gmt":"2024-12-05T18:51:34","slug":"con-inclusion-empatia-y-no-discriminacion-promueve-mara-lezama-la-feria-de-empleo-incluyeme-y-empleame-en-cancun","status":"publish","type":"post","link":"https:\/\/elpuucnoticias.com\/?p=17718","title":{"rendered":"Con inclusi\u00f3n, empat\u00eda y no discriminaci\u00f3n promueve Mara Lezama la Feria de Empleo \u201cIncl\u00fayeme y Empl\u00e9ame\u201d en Canc\u00fan"},"content":{"rendered":"\n<p>La gobernadora Mara Lezama Espinosa destac\u00f3 la importancia de la inclusi\u00f3n, la empat\u00eda y la no discriminaci\u00f3n para tener una sociedad m\u00e1s justa, humanista y con bienestar social para todas y todos, al recorrer los m\u00f3dulos de la Feria del Empleo \u201cIncl\u00fayeme y Empl\u00e9ame\u201d, en el domo doble deportivo \u201cJacinto Canek\u201d, de Canc\u00fan.<\/p>\n\n\n\n<p>Aqu\u00ed mismo, la gobernadora de Quintana Roo clausur\u00f3 dos cursos para personas con discapacidad y adultas mayores del programa \u201cCapac\u00edtate y Empl\u00e9ate\u201d en Canc\u00fan 2024. Uno fue de \u201cElaboraci\u00f3n de Pi\u00f1atas\u201d y el otro de \u201cPintura Art\u00edstica\u201d en los que participaron beneficiarios de Canc\u00fan y de la zona continental de Isla Mujeres.<\/p>\n\n\n\n<figure class=\"wp-block-gallery has-nested-images columns-default is-cropped wp-block-gallery-1 is-layout-flex wp-block-gallery-is-layout-flex\">\n<figure class=\"wp-block-image size-large is-style-default\"><img loading=\"lazy\" decoding=\"async\" width=\"1024\" height=\"683\" data-id=\"17719\" src=\"https:\/\/elpuucnoticias.com\/wp-content\/uploads\/2024\/12\/whatsapp-image-2024-12-05-at-11.45.18-am-5-1024x683.jpeg\" alt=\"\" class=\"wp-image-17719\" srcset=\"https:\/\/elpuucnoticias.com\/wp-content\/uploads\/2024\/12\/whatsapp-image-2024-12-05-at-11.45.18-am-5-1024x683.jpeg 1024w, https:\/\/elpuucnoticias.com\/wp-content\/uploads\/2024\/12\/whatsapp-image-2024-12-05-at-11.45.18-am-5-300x200.jpeg 300w, https:\/\/elpuucnoticias.com\/wp-content\/uploads\/2024\/12\/whatsapp-image-2024-12-05-at-11.45.18-am-5-768x512.jpeg 768w, https:\/\/elpuucnoticias.com\/wp-content\/uploads\/2024\/12\/whatsapp-image-2024-12-05-at-11.45.18-am-5-1536x1024.jpeg 1536w, https:\/\/elpuucnoticias.com\/wp-content\/uploads\/2024\/12\/whatsapp-image-2024-12-05-at-11.45.18-am-5-2048x1366.jpeg 2048w, https:\/\/elpuucnoticias.com\/wp-content\/uploads\/2024\/12\/whatsapp-image-2024-12-05-at-11.45.18-am-5-600x400.jpeg 600w, https:\/\/elpuucnoticias.com\/wp-content\/uploads\/2024\/12\/whatsapp-image-2024-12-05-at-11.45.18-am-5-320x213.jpeg 320w\" sizes=\"auto, (max-width: 1024px) 100vw, 1024px\" \/><\/figure>\n\n\n\n<figure class=\"wp-block-image size-large is-style-default\"><img loading=\"lazy\" decoding=\"async\" width=\"1024\" height=\"683\" data-id=\"17721\" src=\"https:\/\/elpuucnoticias.com\/wp-content\/uploads\/2024\/12\/whatsapp-image-2024-12-05-at-11.45.19-am-2-1024x683.jpeg\" alt=\"\" class=\"wp-image-17721\" srcset=\"https:\/\/elpuucnoticias.com\/wp-content\/uploads\/2024\/12\/whatsapp-image-2024-12-05-at-11.45.19-am-2-1024x683.jpeg 1024w, https:\/\/elpuucnoticias.com\/wp-content\/uploads\/2024\/12\/whatsapp-image-2024-12-05-at-11.45.19-am-2-300x200.jpeg 300w, https:\/\/elpuucnoticias.com\/wp-content\/uploads\/2024\/12\/whatsapp-image-2024-12-05-at-11.45.19-am-2-768x512.jpeg 768w, https:\/\/elpuucnoticias.com\/wp-content\/uploads\/2024\/12\/whatsapp-image-2024-12-05-at-11.45.19-am-2-1536x1024.jpeg 1536w, https:\/\/elpuucnoticias.com\/wp-content\/uploads\/2024\/12\/whatsapp-image-2024-12-05-at-11.45.19-am-2-2048x1366.jpeg 2048w, https:\/\/elpuucnoticias.com\/wp-content\/uploads\/2024\/12\/whatsapp-image-2024-12-05-at-11.45.19-am-2-600x400.jpeg 600w, https:\/\/elpuucnoticias.com\/wp-content\/uploads\/2024\/12\/whatsapp-image-2024-12-05-at-11.45.19-am-2-320x213.jpeg 320w\" sizes=\"auto, (max-width: 1024px) 100vw, 1024px\" \/><\/figure>\n\n\n\n<figure class=\"wp-block-image size-large is-style-default\"><img loading=\"lazy\" decoding=\"async\" width=\"1024\" height=\"683\" data-id=\"17720\" src=\"https:\/\/elpuucnoticias.com\/wp-content\/uploads\/2024\/12\/whatsapp-image-2024-12-05-at-11.45.19-am-1-1024x683.jpeg\" alt=\"\" class=\"wp-image-17720\" srcset=\"https:\/\/elpuucnoticias.com\/wp-content\/uploads\/2024\/12\/whatsapp-image-2024-12-05-at-11.45.19-am-1-1024x683.jpeg 1024w, https:\/\/elpuucnoticias.com\/wp-content\/uploads\/2024\/12\/whatsapp-image-2024-12-05-at-11.45.19-am-1-300x200.jpeg 300w, https:\/\/elpuucnoticias.com\/wp-content\/uploads\/2024\/12\/whatsapp-image-2024-12-05-at-11.45.19-am-1-768x512.jpeg 768w, https:\/\/elpuucnoticias.com\/wp-content\/uploads\/2024\/12\/whatsapp-image-2024-12-05-at-11.45.19-am-1-1536x1024.jpeg 1536w, https:\/\/elpuucnoticias.com\/wp-content\/uploads\/2024\/12\/whatsapp-image-2024-12-05-at-11.45.19-am-1-2048x1366.jpeg 2048w, https:\/\/elpuucnoticias.com\/wp-content\/uploads\/2024\/12\/whatsapp-image-2024-12-05-at-11.45.19-am-1-600x400.jpeg 600w, https:\/\/elpuucnoticias.com\/wp-content\/uploads\/2024\/12\/whatsapp-image-2024-12-05-at-11.45.19-am-1-320x213.jpeg 320w\" sizes=\"auto, (max-width: 1024px) 100vw, 1024px\" \/><\/figure>\n<\/figure>\n\n\n\n<p>Mara Lezama afirm\u00f3 que en Quintana Roo, en este gobierno diferente, humanista con coraz\u00f3n feminista, se le dice s\u00ed a la inclusi\u00f3n, pero no solamente en el discurso, sino en los hechos, tal y como se establece en el Nuevo Acuerdo por el Bienestar y Desarrollo, en donde las personas est\u00e1n en el centro de las acciones de gobierno y en donde nadie se queda fuera ni nadie se queda atr\u00e1s.<\/p>\n\n\n\n<p>Esta Feria de Empleo inclusivo, organizado por la Secretar\u00eda del Trabajo y Previsi\u00f3n Social, que encabeza Ver\u00f3nica Salinas Mozo, a trav\u00e9s del Servicio Estatal del Empleo y Capacitaci\u00f3n para el Trabajo, en conjunto con el Sistema DIF Quintana Roo, el Ayuntamiento de Benito Ju\u00e1rez y el CRIT Telet\u00f3n, tiene por objetivo de integrar a personas con discapacidad al sector laboral, as\u00ed como aquellas buscadoras de empleo formal, acorde a sus habilidades.<\/p>\n\n\n\n<p>En este evento se cont\u00f3 con la participaci\u00f3n de m\u00e1s de 35 empresas de los ramos tur\u00edsticos, restauranteros, tiendas de conveniencia, departamentales entre otros, los que ofrecieron poco m\u00e1s de 915 empleos, 315 de ellos inclusivos en la modalidad \u201cabriendo espacios\u201d, que son plazas para personas con discapacidad y adultos mayores.<\/p>\n\n\n\n<p>En el marco de este evento, se finalizaron dos cursos, de \u201cElaboraci\u00f3n de Pi\u00f1atas\u201d y \u201cPintura Art\u00edstica\u201d orientados a fortalecer las habilidades de personas con discapacidad y\/o personas adultas mayores con el objetivo de propiciar que desarrollen actividades por cuenta propia, con estos cursos se beneficiaron a 40 personas y sus familias, a quienes la Gobernadora entreg\u00f3 sus constancias, entre ellas a Luc\u00eda Aceves Villanueva, de 86 a\u00f1os de edad, quien aprendi\u00f3 a elaborar pi\u00f1atas.<\/p>\n\n\n\n<p>Durante el recorrido por los m\u00f3dulos, Mara Lezama visit\u00f3 el espacio destinado al Centro de Evaluaci\u00f3n de Habilidades (VALPAR), una herramienta de evaluaci\u00f3n de vanguardia implementada en Canc\u00fan a trav\u00e9s del Servicio Estatal de Empleo, donde a trav\u00e9s de 19 pruebas se eval\u00faan habilidades num\u00e9ricas, de lectura, escritura, comunicaci\u00f3n, agilidad f\u00edsica, coordinaci\u00f3n motora, rango corporal, atenci\u00f3n, concentraci\u00f3n, entre otras. Se expide una constancia de habilidades con validez oficial emitida por parte de la Secretar\u00eda del Trabajo y Previsi\u00f3n Social Federal en conjunto con el Servicio de Empleo de Quintana Roo.<\/p>\n\n\n\n<p>Durante el evento, tambi\u00e9n se ofrecieron servicios e informaci\u00f3n y asistenciales como certificados de discapacidad, tarjet\u00f3n para placas y calcoman\u00edas para veh\u00edculos, taller de \u00f3rtesis y pr\u00f3tesis, servicios de taxis, playas y parques inclusivos, programa de aparatos auditivos, certificados m\u00e9dicos gratuitos, asesor\u00eda jur\u00eddico laboral gratuita, m\u00f3dulo de atenci\u00f3n J\u00f3venes Construyendo el Futuro, entre otros.<\/p>\n\n\n\n<p>Acompa\u00f1aron a la Gobernadora, Karime Ortiz Ledezma, colocada en la empresa D\u00f3minos Pizza; Bruna del Socorro V\u00e9lez Reyes, quien tom\u00f3 el curso de elaboraci\u00f3n de pi\u00f1atas; la presidenta municipal Ana Paty Peralta de la Pe\u00f1a; Enrique Gonz\u00e1lez Contreras, coordinador general del Servicio Estatal del Empleo y Capacitaci\u00f3n para el Trabajo.<\/p>\n","protected":false},"excerpt":{"rendered":"<p>La gobernadora Mara Lezama Espinosa destac\u00f3 la importancia de la inclusi\u00f3n, la empat\u00eda y la no discriminaci\u00f3n para<\/p>\n","protected":false},"author":1,"featured_media":17722,"comment_status":"closed","ping_status":"open","sticky":false,"template":"","format":"standard","meta":{"_monsterinsights_skip_tracking":false,"_monsterinsights_sitenote_active":false,"_monsterinsights_sitenote_note":"","_monsterinsights_sitenote_category":0,"footnotes":""},"categories":[11,24],"tags":[],"class_list":["post-17718","post","type-post","status-publish","format-standard","has-post-thumbnail","hentry","category-noticias","category-quintana-roo"],"yoast_head":"<!-- This site is optimized with the Yoast SEO plugin v18.3 - https:\/\/yoast.com\/wordpress\/plugins\/seo\/ -->\n<title>Con inclusi\u00f3n, empat\u00eda y no discriminaci\u00f3n promueve Mara Lezama la Feria de Empleo \u201cIncl\u00fayeme y Empl\u00e9ame\u201d en Canc\u00fan - El Puuc Noticias<\/title>\n<meta name=\"robots\" content=\"index, follow, max-snippet:-1, max-image-preview:large, max-video-preview:-1\" \/>\n<link rel=\"canonical\" href=\"https:\/\/elpuucnoticias.com\/?p=17718\" \/>\n<meta property=\"og:locale\" content=\"es_ES\" \/>\n<meta property=\"og:type\" content=\"article\" \/>\n<meta property=\"og:title\" content=\"Con inclusi\u00f3n, empat\u00eda y no discriminaci\u00f3n promueve Mara Lezama la Feria de Empleo \u201cIncl\u00fayeme y Empl\u00e9ame\u201d en Canc\u00fan - El Puuc Noticias\" \/>\n<meta property=\"og:description\" content=\"La gobernadora Mara Lezama Espinosa destac\u00f3 la importancia de la inclusi\u00f3n, la empat\u00eda y la no discriminaci\u00f3n para\" \/>\n<meta property=\"og:url\" content=\"https:\/\/elpuucnoticias.com\/?p=17718\" \/>\n<meta property=\"og:site_name\" content=\"El Puuc Noticias\" \/>\n<meta property=\"article:published_time\" content=\"2024-12-05T18:51:33+00:00\" \/>\n<meta property=\"article:modified_time\" content=\"2024-12-05T18:51:34+00:00\" \/>\n<meta property=\"og:image\" content=\"https:\/\/elpuucnoticias.com\/wp-content\/uploads\/2024\/12\/whatsapp-image-2024-12-05-at-11.45.19-am-scaled.jpeg\" \/>\n\t<meta property=\"og:image:width\" content=\"2560\" \/>\n\t<meta property=\"og:image:height\" content=\"1707\" \/>\n\t<meta property=\"og:image:type\" content=\"image\/jpeg\" \/>\n<meta name=\"twitter:card\" content=\"summary_large_image\" \/>\n<meta name=\"twitter:label1\" content=\"Escrito por\" \/>\n\t<meta name=\"twitter:data1\" content=\"elpuucnoticias\" \/>\n\t<meta name=\"twitter:label2\" content=\"Tiempo de lectura\" \/>\n\t<meta name=\"twitter:data2\" content=\"3 minutos\" \/>\n<script type=\"application\/ld+json\" class=\"yoast-schema-graph\">{\"@context\":\"https:\/\/schema.org\",\"@graph\":[{\"@type\":\"WebSite\",\"@id\":\"https:\/\/elpuucnoticias.com\/#website\",\"url\":\"https:\/\/elpuucnoticias.com\/\",\"name\":\"El Puuc Noticias\",\"description\":\"Noticias - Entretenimiento - Deportes\",\"potentialAction\":[{\"@type\":\"SearchAction\",\"target\":{\"@type\":\"EntryPoint\",\"urlTemplate\":\"https:\/\/elpuucnoticias.com\/?s={search_term_string}\"},\"query-input\":\"required name=search_term_string\"}],\"inLanguage\":\"es\"},{\"@type\":\"ImageObject\",\"@id\":\"https:\/\/elpuucnoticias.com\/?p=17718#primaryimage\",\"inLanguage\":\"es\",\"url\":\"https:\/\/elpuucnoticias.com\/wp-content\/uploads\/2024\/12\/whatsapp-image-2024-12-05-at-11.45.19-am-scaled.jpeg\",\"contentUrl\":\"https:\/\/elpuucnoticias.com\/wp-content\/uploads\/2024\/12\/whatsapp-image-2024-12-05-at-11.45.19-am-scaled.jpeg\",\"width\":2560,\"height\":1707},{\"@type\":\"WebPage\",\"@id\":\"https:\/\/elpuucnoticias.com\/?p=17718#webpage\",\"url\":\"https:\/\/elpuucnoticias.com\/?p=17718\",\"name\":\"Con inclusi\u00f3n, empat\u00eda y no discriminaci\u00f3n promueve Mara Lezama la Feria de Empleo \u201cIncl\u00fayeme y Empl\u00e9ame\u201d en Canc\u00fan - El Puuc Noticias\",\"isPartOf\":{\"@id\":\"https:\/\/elpuucnoticias.com\/#website\"},\"primaryImageOfPage\":{\"@id\":\"https:\/\/elpuucnoticias.com\/?p=17718#primaryimage\"},\"datePublished\":\"2024-12-05T18:51:33+00:00\",\"dateModified\":\"2024-12-05T18:51:34+00:00\",\"author\":{\"@id\":\"https:\/\/elpuucnoticias.com\/#\/schema\/person\/d2ea09e4c97f0160b11cdfb1d856bd9e\"},\"breadcrumb\":{\"@id\":\"https:\/\/elpuucnoticias.com\/?p=17718#breadcrumb\"},\"inLanguage\":\"es\",\"potentialAction\":[{\"@type\":\"ReadAction\",\"target\":[\"https:\/\/elpuucnoticias.com\/?p=17718\"]}]},{\"@type\":\"BreadcrumbList\",\"@id\":\"https:\/\/elpuucnoticias.com\/?p=17718#breadcrumb\",\"itemListElement\":[{\"@type\":\"ListItem\",\"position\":1,\"name\":\"Portada\",\"item\":\"https:\/\/elpuucnoticias.com\/\"},{\"@type\":\"ListItem\",\"position\":2,\"name\":\"Con inclusi\u00f3n, empat\u00eda y no discriminaci\u00f3n promueve Mara Lezama la Feria de Empleo \u201cIncl\u00fayeme y Empl\u00e9ame\u201d en Canc\u00fan\"}]},{\"@type\":\"Person\",\"@id\":\"https:\/\/elpuucnoticias.com\/#\/schema\/person\/d2ea09e4c97f0160b11cdfb1d856bd9e\",\"name\":\"elpuucnoticias\",\"image\":{\"@type\":\"ImageObject\",\"@id\":\"https:\/\/elpuucnoticias.com\/#personlogo\",\"inLanguage\":\"es\",\"url\":\"https:\/\/secure.gravatar.com\/avatar\/5290a43657c74ffa15701dbe5b846bd85cc71930d803c84e91046a7333de6ce2?s=96&d=mm&r=g\",\"contentUrl\":\"https:\/\/secure.gravatar.com\/avatar\/5290a43657c74ffa15701dbe5b846bd85cc71930d803c84e91046a7333de6ce2?s=96&d=mm&r=g\",\"caption\":\"elpuucnoticias\"},\"sameAs\":[\"https:\/\/elpuucnoticias.com\"],\"url\":\"https:\/\/elpuucnoticias.com\/?author=1\"}]}<\/script>\n<!-- \/ Yoast SEO plugin. -->","yoast_head_json":{"title":"Con inclusi\u00f3n, empat\u00eda y no discriminaci\u00f3n promueve Mara Lezama la Feria de Empleo \u201cIncl\u00fayeme y Empl\u00e9ame\u201d en Canc\u00fan - El Puuc Noticias","robots":{"index":"index","follow":"follow","max-snippet":"max-snippet:-1","max-image-preview":"max-image-preview:large","max-video-preview":"max-video-preview:-1"},"canonical":"https:\/\/elpuucnoticias.com\/?p=17718","og_locale":"es_ES","og_type":"article","og_title":"Con inclusi\u00f3n, empat\u00eda y no discriminaci\u00f3n promueve Mara Lezama la Feria de Empleo \u201cIncl\u00fayeme y Empl\u00e9ame\u201d en Canc\u00fan - El Puuc Noticias","og_description":"La gobernadora Mara Lezama Espinosa destac\u00f3 la importancia de la inclusi\u00f3n, la empat\u00eda y la no discriminaci\u00f3n para","og_url":"https:\/\/elpuucnoticias.com\/?p=17718","og_site_name":"El Puuc Noticias","article_published_time":"2024-12-05T18:51:33+00:00","article_modified_time":"2024-12-05T18:51:34+00:00","og_image":[{"width":2560,"height":1707,"url":"https:\/\/elpuucnoticias.com\/wp-content\/uploads\/2024\/12\/whatsapp-image-2024-12-05-at-11.45.19-am-scaled.jpeg","type":"image\/jpeg"}],"twitter_card":"summary_large_image","twitter_misc":{"Escrito por":"elpuucnoticias","Tiempo de lectura":"3 minutos"},"schema":{"@context":"https:\/\/schema.org","@graph":[{"@type":"WebSite","@id":"https:\/\/elpuucnoticias.com\/#website","url":"https:\/\/elpuucnoticias.com\/","name":"El Puuc Noticias","description":"Noticias - Entretenimiento - Deportes","potentialAction":[{"@type":"SearchAction","target":{"@type":"EntryPoint","urlTemplate":"https:\/\/elpuucnoticias.com\/?s={search_term_string}"},"query-input":"required name=search_term_string"}],"inLanguage":"es"},{"@type":"ImageObject","@id":"https:\/\/elpuucnoticias.com\/?p=17718#primaryimage","inLanguage":"es","url":"https:\/\/elpuucnoticias.com\/wp-content\/uploads\/2024\/12\/whatsapp-image-2024-12-05-at-11.45.19-am-scaled.jpeg","contentUrl":"https:\/\/elpuucnoticias.com\/wp-content\/uploads\/2024\/12\/whatsapp-image-2024-12-05-at-11.45.19-am-scaled.jpeg","width":2560,"height":1707},{"@type":"WebPage","@id":"https:\/\/elpuucnoticias.com\/?p=17718#webpage","url":"https:\/\/elpuucnoticias.com\/?p=17718","name":"Con inclusi\u00f3n, empat\u00eda y no discriminaci\u00f3n promueve Mara Lezama la Feria de Empleo \u201cIncl\u00fayeme y Empl\u00e9ame\u201d en Canc\u00fan - El Puuc Noticias","isPartOf":{"@id":"https:\/\/elpuucnoticias.com\/#website"},"primaryImageOfPage":{"@id":"https:\/\/elpuucnoticias.com\/?p=17718#primaryimage"},"datePublished":"2024-12-05T18:51:33+00:00","dateModified":"2024-12-05T18:51:34+00:00","author":{"@id":"https:\/\/elpuucnoticias.com\/#\/schema\/person\/d2ea09e4c97f0160b11cdfb1d856bd9e"},"breadcrumb":{"@id":"https:\/\/elpuucnoticias.com\/?p=17718#breadcrumb"},"inLanguage":"es","potentialAction":[{"@type":"ReadAction","target":["https:\/\/elpuucnoticias.com\/?p=17718"]}]},{"@type":"BreadcrumbList","@id":"https:\/\/elpuucnoticias.com\/?p=17718#breadcrumb","itemListElement":[{"@type":"ListItem","position":1,"name":"Portada","item":"https:\/\/elpuucnoticias.com\/"},{"@type":"ListItem","position":2,"name":"Con inclusi\u00f3n, empat\u00eda y no discriminaci\u00f3n promueve Mara Lezama la Feria de Empleo \u201cIncl\u00fayeme y Empl\u00e9ame\u201d en Canc\u00fan"}]},{"@type":"Person","@id":"https:\/\/elpuucnoticias.com\/#\/schema\/person\/d2ea09e4c97f0160b11cdfb1d856bd9e","name":"elpuucnoticias","image":{"@type":"ImageObject","@id":"https:\/\/elpuucnoticias.com\/#personlogo","inLanguage":"es","url":"https:\/\/secure.gravatar.com\/avatar\/5290a43657c74ffa15701dbe5b846bd85cc71930d803c84e91046a7333de6ce2?s=96&d=mm&r=g","contentUrl":"https:\/\/secure.gravatar.com\/avatar\/5290a43657c74ffa15701dbe5b846bd85cc71930d803c84e91046a7333de6ce2?s=96&d=mm&r=g","caption":"elpuucnoticias"},"sameAs":["https:\/\/elpuucnoticias.com"],"url":"https:\/\/elpuucnoticias.com\/?author=1"}]}},"_links":{"self":[{"href":"https:\/\/elpuucnoticias.com\/index.php?rest_route=\/wp\/v2\/posts\/17718","targetHints":{"allow":["GET"]}}],"collection":[{"href":"https:\/\/elpuucnoticias.com\/index.php?rest_route=\/wp\/v2\/posts"}],"about":[{"href":"https:\/\/elpuucnoticias.com\/index.php?rest_route=\/wp\/v2\/types\/post"}],"author":[{"embeddable":true,"href":"https:\/\/elpuucnoticias.com\/index.php?rest_route=\/wp\/v2\/users\/1"}],"replies":[{"embeddable":true,"href":"https:\/\/elpuucnoticias.com\/index.php?rest_route=%2Fwp%2Fv2%2Fcomments&post=17718"}],"version-history":[{"count":1,"href":"https:\/\/elpuucnoticias.com\/index.php?rest_route=\/wp\/v2\/posts\/17718\/revisions"}],"predecessor-version":[{"id":17723,"href":"https:\/\/elpuucnoticias.com\/index.php?rest_route=\/wp\/v2\/posts\/17718\/revisions\/17723"}],"wp:featuredmedia":[{"embeddable":true,"href":"https:\/\/elpuucnoticias.com\/index.php?rest_route=\/wp\/v2\/media\/17722"}],"wp:attachment":[{"href":"https:\/\/elpuucnoticias.com\/index.php?rest_route=%2Fwp%2Fv2%2Fmedia&parent=17718"}],"wp:term":[{"taxonomy":"category","embeddable":true,"href":"https:\/\/elpuucnoticias.com\/index.php?rest_route=%2Fwp%2Fv2%2Fcategories&post=17718"},{"taxonomy":"post_tag","embeddable":true,"href":"https:\/\/elpuucnoticias.com\/index.php?rest_route=%2Fwp%2Fv2%2Ftags&post=17718"}],"curies":[{"name":"wp","href":"https:\/\/api.w.org\/{rel}","templated":true}]}}