{"id":17768,"date":"2024-12-06T14:08:49","date_gmt":"2024-12-06T20:08:49","guid":{"rendered":"https:\/\/elpuucnoticias.com\/?p=17768"},"modified":"2024-12-06T14:08:50","modified_gmt":"2024-12-06T20:08:50","slug":"la-noche-de-ayer-dio-inicio-la-feria-de-la-naranja-2024-con-una-espectacular-vaqueria-y-concurso-de-jarana-tras-la-inauguracion-oficial-encabezada-por-el-alcalde-juan-jose-martin-fragoso","status":"publish","type":"post","link":"https:\/\/elpuucnoticias.com\/?p=17768","title":{"rendered":"La noche de ayer dio inicio la Feria de la Naranja 2024 con una espectacular vaquer\u00eda y concurso de jarana, tras la inauguraci\u00f3n oficial encabezada por el alcalde Juan Jos\u00e9 Martin Fragoso."},"content":{"rendered":"\n<p>Entre las atracciones, destaca la r\u00e9plica del ferrocarril de la ruta M\u00e9rida-Peto, que mide 53 metros lineales. El vag\u00f3n de pasajeros estar\u00e1 equipado con bancas donde los visitantes pueden subir y disfrutar de la experiencia de estar dentro de la estructura hecha con c\u00edtricos. tendr\u00e1 una pantalla en la que se proyectar\u00e1 un v\u00eddeo, mostrando c\u00f3mo el tren de Peto fue un medio clave para que los campesinos comercializaran sus cultivos.<\/p>\n\n\n\n<figure class=\"wp-block-gallery has-nested-images columns-default is-cropped wp-block-gallery-1 is-layout-flex wp-block-gallery-is-layout-flex\">\n<figure class=\"wp-block-image size-large is-style-default\"><img loading=\"lazy\" decoding=\"async\" width=\"1024\" height=\"768\" data-id=\"17769\" src=\"https:\/\/elpuucnoticias.com\/wp-content\/uploads\/2024\/12\/whatsapp-image-2024-12-06-at-1.34.07-pm-1024x768.jpeg\" alt=\"\" class=\"wp-image-17769\" srcset=\"https:\/\/elpuucnoticias.com\/wp-content\/uploads\/2024\/12\/whatsapp-image-2024-12-06-at-1.34.07-pm-1024x768.jpeg 1024w, https:\/\/elpuucnoticias.com\/wp-content\/uploads\/2024\/12\/whatsapp-image-2024-12-06-at-1.34.07-pm-300x225.jpeg 300w, https:\/\/elpuucnoticias.com\/wp-content\/uploads\/2024\/12\/whatsapp-image-2024-12-06-at-1.34.07-pm-768x576.jpeg 768w, https:\/\/elpuucnoticias.com\/wp-content\/uploads\/2024\/12\/whatsapp-image-2024-12-06-at-1.34.07-pm-1536x1152.jpeg 1536w, https:\/\/elpuucnoticias.com\/wp-content\/uploads\/2024\/12\/whatsapp-image-2024-12-06-at-1.34.07-pm-800x600.jpeg 800w, https:\/\/elpuucnoticias.com\/wp-content\/uploads\/2024\/12\/whatsapp-image-2024-12-06-at-1.34.07-pm-320x240.jpeg 320w, https:\/\/elpuucnoticias.com\/wp-content\/uploads\/2024\/12\/whatsapp-image-2024-12-06-at-1.34.07-pm.jpeg 1600w\" sizes=\"auto, (max-width: 1024px) 100vw, 1024px\" \/><\/figure>\n\n\n\n<figure class=\"wp-block-image size-large is-style-default\"><img loading=\"lazy\" decoding=\"async\" width=\"1024\" height=\"768\" data-id=\"17770\" src=\"https:\/\/elpuucnoticias.com\/wp-content\/uploads\/2024\/12\/whatsapp-image-2024-12-06-at-1.34.07-pm-1-1024x768.jpeg\" alt=\"\" class=\"wp-image-17770\" srcset=\"https:\/\/elpuucnoticias.com\/wp-content\/uploads\/2024\/12\/whatsapp-image-2024-12-06-at-1.34.07-pm-1-1024x768.jpeg 1024w, https:\/\/elpuucnoticias.com\/wp-content\/uploads\/2024\/12\/whatsapp-image-2024-12-06-at-1.34.07-pm-1-300x225.jpeg 300w, https:\/\/elpuucnoticias.com\/wp-content\/uploads\/2024\/12\/whatsapp-image-2024-12-06-at-1.34.07-pm-1-768x576.jpeg 768w, https:\/\/elpuucnoticias.com\/wp-content\/uploads\/2024\/12\/whatsapp-image-2024-12-06-at-1.34.07-pm-1-1536x1152.jpeg 1536w, https:\/\/elpuucnoticias.com\/wp-content\/uploads\/2024\/12\/whatsapp-image-2024-12-06-at-1.34.07-pm-1-800x600.jpeg 800w, https:\/\/elpuucnoticias.com\/wp-content\/uploads\/2024\/12\/whatsapp-image-2024-12-06-at-1.34.07-pm-1-320x240.jpeg 320w, https:\/\/elpuucnoticias.com\/wp-content\/uploads\/2024\/12\/whatsapp-image-2024-12-06-at-1.34.07-pm-1.jpeg 1600w\" sizes=\"auto, (max-width: 1024px) 100vw, 1024px\" \/><\/figure>\n<\/figure>\n\n\n\n<p>El escenario del Teatro del Pueblo ser\u00e1 una r\u00e9plica de la antigua estaci\u00f3n del tren, hoy abrir\u00e1 el tel\u00f3n con las siguientes actividades a partir de las 7 de la noche, El ferrocarril presentado por Zacil Haa y Calabazo show, esto previo a la ceremonia de inauguraci\u00f3n y coronaci\u00f3n de la reina Giovanna Mart\u00edn Burgos.<\/p>\n\n\n\n<p>Despu\u00e9s del recorrido por el recinto ferial con las autoridades estatales, se llevar\u00e1 al cabo la vaquer\u00eda, amenizada por la Orquesta Nueva Generaci\u00f3n y la Orquesta de Ra\u00fal Orteg\u00f3n.<\/p>\n","protected":false},"excerpt":{"rendered":"<p>Entre las atracciones, destaca la r\u00e9plica del ferrocarril de la ruta M\u00e9rida-Peto, que mide 53 metros lineales. El<\/p>\n","protected":false},"author":1,"featured_media":17771,"comment_status":"closed","ping_status":"open","sticky":false,"template":"","format":"standard","meta":{"_monsterinsights_skip_tracking":false,"_monsterinsights_sitenote_active":false,"_monsterinsights_sitenote_note":"","_monsterinsights_sitenote_category":0,"footnotes":""},"categories":[11,14],"tags":[],"class_list":["post-17768","post","type-post","status-publish","format-standard","has-post-thumbnail","hentry","category-noticias","category-oxkutzcab"],"yoast_head":"<!-- This site is optimized with the Yoast SEO plugin v18.3 - https:\/\/yoast.com\/wordpress\/plugins\/seo\/ -->\n<title>La noche de ayer dio inicio la Feria de la Naranja 2024 con una espectacular vaquer\u00eda y concurso de jarana, tras la inauguraci\u00f3n oficial encabezada por el alcalde Juan Jos\u00e9 Martin Fragoso. - El Puuc Noticias<\/title>\n<meta name=\"robots\" content=\"index, follow, max-snippet:-1, max-image-preview:large, max-video-preview:-1\" \/>\n<link rel=\"canonical\" href=\"https:\/\/elpuucnoticias.com\/?p=17768\" \/>\n<meta property=\"og:locale\" content=\"es_ES\" \/>\n<meta property=\"og:type\" content=\"article\" \/>\n<meta property=\"og:title\" content=\"La noche de ayer dio inicio la Feria de la Naranja 2024 con una espectacular vaquer\u00eda y concurso de jarana, tras la inauguraci\u00f3n oficial encabezada por el alcalde Juan Jos\u00e9 Martin Fragoso. - El Puuc Noticias\" \/>\n<meta property=\"og:description\" content=\"Entre las atracciones, destaca la r\u00e9plica del ferrocarril de la ruta M\u00e9rida-Peto, que mide 53 metros lineales. El\" \/>\n<meta property=\"og:url\" content=\"https:\/\/elpuucnoticias.com\/?p=17768\" \/>\n<meta property=\"og:site_name\" content=\"El Puuc Noticias\" \/>\n<meta property=\"article:published_time\" content=\"2024-12-06T20:08:49+00:00\" \/>\n<meta property=\"article:modified_time\" content=\"2024-12-06T20:08:50+00:00\" \/>\n<meta property=\"og:image\" content=\"https:\/\/elpuucnoticias.com\/wp-content\/uploads\/2024\/12\/whatsapp-image-2024-12-06-at-1.34.06-pm.jpeg\" \/>\n\t<meta property=\"og:image:width\" content=\"1168\" \/>\n\t<meta property=\"og:image:height\" content=\"948\" \/>\n\t<meta property=\"og:image:type\" content=\"image\/jpeg\" \/>\n<meta name=\"twitter:card\" content=\"summary_large_image\" \/>\n<meta name=\"twitter:label1\" content=\"Escrito por\" \/>\n\t<meta name=\"twitter:data1\" content=\"elpuucnoticias\" \/>\n\t<meta name=\"twitter:label2\" content=\"Tiempo de lectura\" \/>\n\t<meta name=\"twitter:data2\" content=\"1 minuto\" \/>\n<script type=\"application\/ld+json\" class=\"yoast-schema-graph\">{\"@context\":\"https:\/\/schema.org\",\"@graph\":[{\"@type\":\"WebSite\",\"@id\":\"https:\/\/elpuucnoticias.com\/#website\",\"url\":\"https:\/\/elpuucnoticias.com\/\",\"name\":\"El Puuc Noticias\",\"description\":\"Noticias - Entretenimiento - Deportes\",\"potentialAction\":[{\"@type\":\"SearchAction\",\"target\":{\"@type\":\"EntryPoint\",\"urlTemplate\":\"https:\/\/elpuucnoticias.com\/?s={search_term_string}\"},\"query-input\":\"required name=search_term_string\"}],\"inLanguage\":\"es\"},{\"@type\":\"ImageObject\",\"@id\":\"https:\/\/elpuucnoticias.com\/?p=17768#primaryimage\",\"inLanguage\":\"es\",\"url\":\"https:\/\/elpuucnoticias.com\/wp-content\/uploads\/2024\/12\/whatsapp-image-2024-12-06-at-1.34.06-pm.jpeg\",\"contentUrl\":\"https:\/\/elpuucnoticias.com\/wp-content\/uploads\/2024\/12\/whatsapp-image-2024-12-06-at-1.34.06-pm.jpeg\",\"width\":1168,\"height\":948},{\"@type\":\"WebPage\",\"@id\":\"https:\/\/elpuucnoticias.com\/?p=17768#webpage\",\"url\":\"https:\/\/elpuucnoticias.com\/?p=17768\",\"name\":\"La noche de ayer dio inicio la Feria de la Naranja 2024 con una espectacular vaquer\u00eda y concurso de jarana, tras la inauguraci\u00f3n oficial encabezada por el alcalde Juan Jos\u00e9 Martin Fragoso. - El Puuc Noticias\",\"isPartOf\":{\"@id\":\"https:\/\/elpuucnoticias.com\/#website\"},\"primaryImageOfPage\":{\"@id\":\"https:\/\/elpuucnoticias.com\/?p=17768#primaryimage\"},\"datePublished\":\"2024-12-06T20:08:49+00:00\",\"dateModified\":\"2024-12-06T20:08:50+00:00\",\"author\":{\"@id\":\"https:\/\/elpuucnoticias.com\/#\/schema\/person\/d2ea09e4c97f0160b11cdfb1d856bd9e\"},\"breadcrumb\":{\"@id\":\"https:\/\/elpuucnoticias.com\/?p=17768#breadcrumb\"},\"inLanguage\":\"es\",\"potentialAction\":[{\"@type\":\"ReadAction\",\"target\":[\"https:\/\/elpuucnoticias.com\/?p=17768\"]}]},{\"@type\":\"BreadcrumbList\",\"@id\":\"https:\/\/elpuucnoticias.com\/?p=17768#breadcrumb\",\"itemListElement\":[{\"@type\":\"ListItem\",\"position\":1,\"name\":\"Portada\",\"item\":\"https:\/\/elpuucnoticias.com\/\"},{\"@type\":\"ListItem\",\"position\":2,\"name\":\"La noche de ayer dio inicio la Feria de la Naranja 2024 con una espectacular vaquer\u00eda y concurso de jarana, tras la inauguraci\u00f3n oficial encabezada por el alcalde Juan Jos\u00e9 Martin Fragoso.\"}]},{\"@type\":\"Person\",\"@id\":\"https:\/\/elpuucnoticias.com\/#\/schema\/person\/d2ea09e4c97f0160b11cdfb1d856bd9e\",\"name\":\"elpuucnoticias\",\"image\":{\"@type\":\"ImageObject\",\"@id\":\"https:\/\/elpuucnoticias.com\/#personlogo\",\"inLanguage\":\"es\",\"url\":\"https:\/\/secure.gravatar.com\/avatar\/5290a43657c74ffa15701dbe5b846bd85cc71930d803c84e91046a7333de6ce2?s=96&d=mm&r=g\",\"contentUrl\":\"https:\/\/secure.gravatar.com\/avatar\/5290a43657c74ffa15701dbe5b846bd85cc71930d803c84e91046a7333de6ce2?s=96&d=mm&r=g\",\"caption\":\"elpuucnoticias\"},\"sameAs\":[\"https:\/\/elpuucnoticias.com\"],\"url\":\"https:\/\/elpuucnoticias.com\/?author=1\"}]}<\/script>\n<!-- \/ Yoast SEO plugin. -->","yoast_head_json":{"title":"La noche de ayer dio inicio la Feria de la Naranja 2024 con una espectacular vaquer\u00eda y concurso de jarana, tras la inauguraci\u00f3n oficial encabezada por el alcalde Juan Jos\u00e9 Martin Fragoso. - El Puuc Noticias","robots":{"index":"index","follow":"follow","max-snippet":"max-snippet:-1","max-image-preview":"max-image-preview:large","max-video-preview":"max-video-preview:-1"},"canonical":"https:\/\/elpuucnoticias.com\/?p=17768","og_locale":"es_ES","og_type":"article","og_title":"La noche de ayer dio inicio la Feria de la Naranja 2024 con una espectacular vaquer\u00eda y concurso de jarana, tras la inauguraci\u00f3n oficial encabezada por el alcalde Juan Jos\u00e9 Martin Fragoso. - El Puuc Noticias","og_description":"Entre las atracciones, destaca la r\u00e9plica del ferrocarril de la ruta M\u00e9rida-Peto, que mide 53 metros lineales. El","og_url":"https:\/\/elpuucnoticias.com\/?p=17768","og_site_name":"El Puuc Noticias","article_published_time":"2024-12-06T20:08:49+00:00","article_modified_time":"2024-12-06T20:08:50+00:00","og_image":[{"width":1168,"height":948,"url":"https:\/\/elpuucnoticias.com\/wp-content\/uploads\/2024\/12\/whatsapp-image-2024-12-06-at-1.34.06-pm.jpeg","type":"image\/jpeg"}],"twitter_card":"summary_large_image","twitter_misc":{"Escrito por":"elpuucnoticias","Tiempo de lectura":"1 minuto"},"schema":{"@context":"https:\/\/schema.org","@graph":[{"@type":"WebSite","@id":"https:\/\/elpuucnoticias.com\/#website","url":"https:\/\/elpuucnoticias.com\/","name":"El Puuc Noticias","description":"Noticias - Entretenimiento - Deportes","potentialAction":[{"@type":"SearchAction","target":{"@type":"EntryPoint","urlTemplate":"https:\/\/elpuucnoticias.com\/?s={search_term_string}"},"query-input":"required name=search_term_string"}],"inLanguage":"es"},{"@type":"ImageObject","@id":"https:\/\/elpuucnoticias.com\/?p=17768#primaryimage","inLanguage":"es","url":"https:\/\/elpuucnoticias.com\/wp-content\/uploads\/2024\/12\/whatsapp-image-2024-12-06-at-1.34.06-pm.jpeg","contentUrl":"https:\/\/elpuucnoticias.com\/wp-content\/uploads\/2024\/12\/whatsapp-image-2024-12-06-at-1.34.06-pm.jpeg","width":1168,"height":948},{"@type":"WebPage","@id":"https:\/\/elpuucnoticias.com\/?p=17768#webpage","url":"https:\/\/elpuucnoticias.com\/?p=17768","name":"La noche de ayer dio inicio la Feria de la Naranja 2024 con una espectacular vaquer\u00eda y concurso de jarana, tras la inauguraci\u00f3n oficial encabezada por el alcalde Juan Jos\u00e9 Martin Fragoso. - El Puuc Noticias","isPartOf":{"@id":"https:\/\/elpuucnoticias.com\/#website"},"primaryImageOfPage":{"@id":"https:\/\/elpuucnoticias.com\/?p=17768#primaryimage"},"datePublished":"2024-12-06T20:08:49+00:00","dateModified":"2024-12-06T20:08:50+00:00","author":{"@id":"https:\/\/elpuucnoticias.com\/#\/schema\/person\/d2ea09e4c97f0160b11cdfb1d856bd9e"},"breadcrumb":{"@id":"https:\/\/elpuucnoticias.com\/?p=17768#breadcrumb"},"inLanguage":"es","potentialAction":[{"@type":"ReadAction","target":["https:\/\/elpuucnoticias.com\/?p=17768"]}]},{"@type":"BreadcrumbList","@id":"https:\/\/elpuucnoticias.com\/?p=17768#breadcrumb","itemListElement":[{"@type":"ListItem","position":1,"name":"Portada","item":"https:\/\/elpuucnoticias.com\/"},{"@type":"ListItem","position":2,"name":"La noche de ayer dio inicio la Feria de la Naranja 2024 con una espectacular vaquer\u00eda y concurso de jarana, tras la inauguraci\u00f3n oficial encabezada por el alcalde Juan Jos\u00e9 Martin Fragoso."}]},{"@type":"Person","@id":"https:\/\/elpuucnoticias.com\/#\/schema\/person\/d2ea09e4c97f0160b11cdfb1d856bd9e","name":"elpuucnoticias","image":{"@type":"ImageObject","@id":"https:\/\/elpuucnoticias.com\/#personlogo","inLanguage":"es","url":"https:\/\/secure.gravatar.com\/avatar\/5290a43657c74ffa15701dbe5b846bd85cc71930d803c84e91046a7333de6ce2?s=96&d=mm&r=g","contentUrl":"https:\/\/secure.gravatar.com\/avatar\/5290a43657c74ffa15701dbe5b846bd85cc71930d803c84e91046a7333de6ce2?s=96&d=mm&r=g","caption":"elpuucnoticias"},"sameAs":["https:\/\/elpuucnoticias.com"],"url":"https:\/\/elpuucnoticias.com\/?author=1"}]}},"_links":{"self":[{"href":"https:\/\/elpuucnoticias.com\/index.php?rest_route=\/wp\/v2\/posts\/17768","targetHints":{"allow":["GET"]}}],"collection":[{"href":"https:\/\/elpuucnoticias.com\/index.php?rest_route=\/wp\/v2\/posts"}],"about":[{"href":"https:\/\/elpuucnoticias.com\/index.php?rest_route=\/wp\/v2\/types\/post"}],"author":[{"embeddable":true,"href":"https:\/\/elpuucnoticias.com\/index.php?rest_route=\/wp\/v2\/users\/1"}],"replies":[{"embeddable":true,"href":"https:\/\/elpuucnoticias.com\/index.php?rest_route=%2Fwp%2Fv2%2Fcomments&post=17768"}],"version-history":[{"count":1,"href":"https:\/\/elpuucnoticias.com\/index.php?rest_route=\/wp\/v2\/posts\/17768\/revisions"}],"predecessor-version":[{"id":17772,"href":"https:\/\/elpuucnoticias.com\/index.php?rest_route=\/wp\/v2\/posts\/17768\/revisions\/17772"}],"wp:featuredmedia":[{"embeddable":true,"href":"https:\/\/elpuucnoticias.com\/index.php?rest_route=\/wp\/v2\/media\/17771"}],"wp:attachment":[{"href":"https:\/\/elpuucnoticias.com\/index.php?rest_route=%2Fwp%2Fv2%2Fmedia&parent=17768"}],"wp:term":[{"taxonomy":"category","embeddable":true,"href":"https:\/\/elpuucnoticias.com\/index.php?rest_route=%2Fwp%2Fv2%2Fcategories&post=17768"},{"taxonomy":"post_tag","embeddable":true,"href":"https:\/\/elpuucnoticias.com\/index.php?rest_route=%2Fwp%2Fv2%2Ftags&post=17768"}],"curies":[{"name":"wp","href":"https:\/\/api.w.org\/{rel}","templated":true}]}}