{"id":17882,"date":"2024-12-10T12:49:30","date_gmt":"2024-12-10T18:49:30","guid":{"rendered":"https:\/\/elpuucnoticias.com\/?p=17882"},"modified":"2024-12-10T12:49:31","modified_gmt":"2024-12-10T18:49:31","slug":"invitan-a-la-ciudadania-a-participar-en-la-jornada-de-observacion-las-aves-y-su-paso-migratorio-urbano","status":"publish","type":"post","link":"https:\/\/elpuucnoticias.com\/?p=17882","title":{"rendered":"Invitan a la ciudadan\u00eda a participar en la jornada de observaci\u00f3n \u201cLas Aves y su Paso Migratorio Urbano\u201d"},"content":{"rendered":"\n<p>La Fundaci\u00f3n de Parques y Museos de Cozumel (FPMC) invita a toda la comunidad a participar en el monitoreo \u201cLas Aves y su Paso Migratorio Urbano\u201d, que se llevar\u00e1 a cabo el pr\u00f3ximo s\u00e1bado 14 de diciembre, en el Centro de Conservaci\u00f3n y Educaci\u00f3n Ambiental.<\/p>\n\n\n\n<p>Este evento tiene el objetivo de brindar una experiencia que genere una conexi\u00f3n de las y los asistentes con la naturaleza, mientras observan a las aves migratorias que hacen una parada estrat\u00e9gica en la Isla, principalmente en las zonas verdes de la mancha urbana de la ciudad, donde encuentran refugio y alimento para posteriormente continuar su trayecto.<\/p>\n\n\n\n<figure class=\"wp-block-gallery has-nested-images columns-default is-cropped wp-block-gallery-1 is-layout-flex wp-block-gallery-is-layout-flex\">\n<figure class=\"wp-block-image size-large is-style-default\"><img loading=\"lazy\" decoding=\"async\" width=\"1024\" height=\"698\" data-id=\"17884\" src=\"https:\/\/elpuucnoticias.com\/wp-content\/uploads\/2024\/12\/whatsapp-image-2024-12-10-at-12.47.00-pm-2-1024x698.jpeg\" alt=\"\" class=\"wp-image-17884\" srcset=\"https:\/\/elpuucnoticias.com\/wp-content\/uploads\/2024\/12\/whatsapp-image-2024-12-10-at-12.47.00-pm-2-1024x698.jpeg 1024w, https:\/\/elpuucnoticias.com\/wp-content\/uploads\/2024\/12\/whatsapp-image-2024-12-10-at-12.47.00-pm-2-300x205.jpeg 300w, https:\/\/elpuucnoticias.com\/wp-content\/uploads\/2024\/12\/whatsapp-image-2024-12-10-at-12.47.00-pm-2-768x524.jpeg 768w, https:\/\/elpuucnoticias.com\/wp-content\/uploads\/2024\/12\/whatsapp-image-2024-12-10-at-12.47.00-pm-2-320x218.jpeg 320w, https:\/\/elpuucnoticias.com\/wp-content\/uploads\/2024\/12\/whatsapp-image-2024-12-10-at-12.47.00-pm-2.jpeg 1280w\" sizes=\"auto, (max-width: 1024px) 100vw, 1024px\" \/><\/figure>\n\n\n\n<figure class=\"wp-block-image size-large is-style-default\"><img loading=\"lazy\" decoding=\"async\" width=\"1024\" height=\"768\" data-id=\"17883\" src=\"https:\/\/elpuucnoticias.com\/wp-content\/uploads\/2024\/12\/whatsapp-image-2024-12-10-at-12.47.00-pm-1-1024x768.jpeg\" alt=\"\" class=\"wp-image-17883\" srcset=\"https:\/\/elpuucnoticias.com\/wp-content\/uploads\/2024\/12\/whatsapp-image-2024-12-10-at-12.47.00-pm-1-1024x768.jpeg 1024w, https:\/\/elpuucnoticias.com\/wp-content\/uploads\/2024\/12\/whatsapp-image-2024-12-10-at-12.47.00-pm-1-300x225.jpeg 300w, https:\/\/elpuucnoticias.com\/wp-content\/uploads\/2024\/12\/whatsapp-image-2024-12-10-at-12.47.00-pm-1-768x576.jpeg 768w, https:\/\/elpuucnoticias.com\/wp-content\/uploads\/2024\/12\/whatsapp-image-2024-12-10-at-12.47.00-pm-1-800x600.jpeg 800w, https:\/\/elpuucnoticias.com\/wp-content\/uploads\/2024\/12\/whatsapp-image-2024-12-10-at-12.47.00-pm-1-320x240.jpeg 320w, https:\/\/elpuucnoticias.com\/wp-content\/uploads\/2024\/12\/whatsapp-image-2024-12-10-at-12.47.00-pm-1.jpeg 1280w\" sizes=\"auto, (max-width: 1024px) 100vw, 1024px\" \/><\/figure>\n\n\n\n<figure class=\"wp-block-image size-large is-style-default\"><img loading=\"lazy\" decoding=\"async\" width=\"799\" height=\"589\" data-id=\"17885\" src=\"https:\/\/elpuucnoticias.com\/wp-content\/uploads\/2024\/12\/whatsapp-image-2024-12-10-at-12.47.00-pm.jpeg\" alt=\"\" class=\"wp-image-17885\" srcset=\"https:\/\/elpuucnoticias.com\/wp-content\/uploads\/2024\/12\/whatsapp-image-2024-12-10-at-12.47.00-pm.jpeg 799w, https:\/\/elpuucnoticias.com\/wp-content\/uploads\/2024\/12\/whatsapp-image-2024-12-10-at-12.47.00-pm-300x221.jpeg 300w, https:\/\/elpuucnoticias.com\/wp-content\/uploads\/2024\/12\/whatsapp-image-2024-12-10-at-12.47.00-pm-768x566.jpeg 768w, https:\/\/elpuucnoticias.com\/wp-content\/uploads\/2024\/12\/whatsapp-image-2024-12-10-at-12.47.00-pm-320x236.jpeg 320w\" sizes=\"auto, (max-width: 799px) 100vw, 799px\" \/><\/figure>\n<\/figure>\n\n\n\n<p>La actividad es organizada por la Direcci\u00f3n de Conservaci\u00f3n y Educaci\u00f3n Ambiental (CEA), encabezada por Rafael Chac\u00f3n D\u00edaz, fomenta la conservaci\u00f3n ambiental y el cuidado de la biodiversidad de la Isla. El bi\u00f3logo destac\u00f3 que las aves migratorias recorren miles de kil\u00f3metros y eligen nuestra isla para descansar, alimentarse y recuperar energ\u00edas antes de continuar su viaje, por lo que es importante conocerlas, protegerlas y re resguardar su h\u00e1bitat.<\/p>\n\n\n\n<p>La directora general de la FPMC, Juanita Alonso Marrufo, explic\u00f3 que esta iniciativa forma parte del Nuevo Acuerdo por el Bienestar y Desarrollo de Quintana Roo, impulsado por la gobernadora Mara Lezama Espinosa, el cual prioriza la protecci\u00f3n del medio ambiente y promueve la participaci\u00f3n activa de la ciudadan\u00eda en su conservaci\u00f3n.<\/p>\n\n\n\n<p>Destac\u00f3 que adem\u00e1s de ser un evento educativo y recreativo, el monitoreo de aves refuerza el compromiso de la Instituci\u00f3n por seguir posicionando a Cozumel como la primera \u201cCiudad de las Aves\u201d en Latinoam\u00e9rica.<\/p>\n\n\n\n<p>Las personas interesadas en participar en jornada \u201cLas Aves y su Paso Migratorio Urbano\u201d que se llevar\u00e1 a cano de las 06:30 a las 08:00 horas y se pueden inscribir gratuitamente llamando al n\u00famero telef\u00f3nico 9871129791.<\/p>\n","protected":false},"excerpt":{"rendered":"<p>La Fundaci\u00f3n de Parques y Museos de Cozumel (FPMC) invita a toda la comunidad a participar en el<\/p>\n","protected":false},"author":1,"featured_media":17886,"comment_status":"closed","ping_status":"open","sticky":false,"template":"","format":"standard","meta":{"_monsterinsights_skip_tracking":false,"_monsterinsights_sitenote_active":false,"_monsterinsights_sitenote_note":"","_monsterinsights_sitenote_category":0,"footnotes":""},"categories":[11,24],"tags":[],"class_list":["post-17882","post","type-post","status-publish","format-standard","has-post-thumbnail","hentry","category-noticias","category-quintana-roo"],"yoast_head":"<!-- This site is optimized with the Yoast SEO plugin v18.3 - https:\/\/yoast.com\/wordpress\/plugins\/seo\/ -->\n<title>Invitan a la ciudadan\u00eda a participar en la jornada de observaci\u00f3n \u201cLas Aves y su Paso Migratorio Urbano\u201d - El Puuc Noticias<\/title>\n<meta name=\"robots\" content=\"index, follow, max-snippet:-1, max-image-preview:large, max-video-preview:-1\" \/>\n<link rel=\"canonical\" href=\"https:\/\/elpuucnoticias.com\/?p=17882\" \/>\n<meta property=\"og:locale\" content=\"es_ES\" \/>\n<meta property=\"og:type\" content=\"article\" \/>\n<meta property=\"og:title\" content=\"Invitan a la ciudadan\u00eda a participar en la jornada de observaci\u00f3n \u201cLas Aves y su Paso Migratorio Urbano\u201d - El Puuc Noticias\" \/>\n<meta property=\"og:description\" content=\"La Fundaci\u00f3n de Parques y Museos de Cozumel (FPMC) invita a toda la comunidad a participar en el\" \/>\n<meta property=\"og:url\" content=\"https:\/\/elpuucnoticias.com\/?p=17882\" \/>\n<meta property=\"og:site_name\" content=\"El Puuc Noticias\" \/>\n<meta property=\"article:published_time\" content=\"2024-12-10T18:49:30+00:00\" \/>\n<meta property=\"article:modified_time\" content=\"2024-12-10T18:49:31+00:00\" \/>\n<meta property=\"og:image\" content=\"https:\/\/elpuucnoticias.com\/wp-content\/uploads\/2024\/12\/whatsapp-image-2024-12-10-at-12.46.59-pm.jpeg\" \/>\n\t<meta property=\"og:image:width\" content=\"1200\" \/>\n\t<meta property=\"og:image:height\" content=\"971\" \/>\n\t<meta property=\"og:image:type\" content=\"image\/jpeg\" \/>\n<meta name=\"twitter:card\" content=\"summary_large_image\" \/>\n<meta name=\"twitter:label1\" content=\"Escrito por\" \/>\n\t<meta name=\"twitter:data1\" content=\"elpuucnoticias\" \/>\n\t<meta name=\"twitter:label2\" content=\"Tiempo de lectura\" \/>\n\t<meta name=\"twitter:data2\" content=\"2 minutos\" \/>\n<script type=\"application\/ld+json\" class=\"yoast-schema-graph\">{\"@context\":\"https:\/\/schema.org\",\"@graph\":[{\"@type\":\"WebSite\",\"@id\":\"https:\/\/elpuucnoticias.com\/#website\",\"url\":\"https:\/\/elpuucnoticias.com\/\",\"name\":\"El Puuc Noticias\",\"description\":\"Noticias - Entretenimiento - Deportes\",\"potentialAction\":[{\"@type\":\"SearchAction\",\"target\":{\"@type\":\"EntryPoint\",\"urlTemplate\":\"https:\/\/elpuucnoticias.com\/?s={search_term_string}\"},\"query-input\":\"required name=search_term_string\"}],\"inLanguage\":\"es\"},{\"@type\":\"ImageObject\",\"@id\":\"https:\/\/elpuucnoticias.com\/?p=17882#primaryimage\",\"inLanguage\":\"es\",\"url\":\"https:\/\/elpuucnoticias.com\/wp-content\/uploads\/2024\/12\/whatsapp-image-2024-12-10-at-12.46.59-pm.jpeg\",\"contentUrl\":\"https:\/\/elpuucnoticias.com\/wp-content\/uploads\/2024\/12\/whatsapp-image-2024-12-10-at-12.46.59-pm.jpeg\",\"width\":1200,\"height\":971},{\"@type\":\"WebPage\",\"@id\":\"https:\/\/elpuucnoticias.com\/?p=17882#webpage\",\"url\":\"https:\/\/elpuucnoticias.com\/?p=17882\",\"name\":\"Invitan a la ciudadan\u00eda a participar en la jornada de observaci\u00f3n \u201cLas Aves y su Paso Migratorio Urbano\u201d - El Puuc Noticias\",\"isPartOf\":{\"@id\":\"https:\/\/elpuucnoticias.com\/#website\"},\"primaryImageOfPage\":{\"@id\":\"https:\/\/elpuucnoticias.com\/?p=17882#primaryimage\"},\"datePublished\":\"2024-12-10T18:49:30+00:00\",\"dateModified\":\"2024-12-10T18:49:31+00:00\",\"author\":{\"@id\":\"https:\/\/elpuucnoticias.com\/#\/schema\/person\/d2ea09e4c97f0160b11cdfb1d856bd9e\"},\"breadcrumb\":{\"@id\":\"https:\/\/elpuucnoticias.com\/?p=17882#breadcrumb\"},\"inLanguage\":\"es\",\"potentialAction\":[{\"@type\":\"ReadAction\",\"target\":[\"https:\/\/elpuucnoticias.com\/?p=17882\"]}]},{\"@type\":\"BreadcrumbList\",\"@id\":\"https:\/\/elpuucnoticias.com\/?p=17882#breadcrumb\",\"itemListElement\":[{\"@type\":\"ListItem\",\"position\":1,\"name\":\"Portada\",\"item\":\"https:\/\/elpuucnoticias.com\/\"},{\"@type\":\"ListItem\",\"position\":2,\"name\":\"Invitan a la ciudadan\u00eda a participar en la jornada de observaci\u00f3n \u201cLas Aves y su Paso Migratorio Urbano\u201d\"}]},{\"@type\":\"Person\",\"@id\":\"https:\/\/elpuucnoticias.com\/#\/schema\/person\/d2ea09e4c97f0160b11cdfb1d856bd9e\",\"name\":\"elpuucnoticias\",\"image\":{\"@type\":\"ImageObject\",\"@id\":\"https:\/\/elpuucnoticias.com\/#personlogo\",\"inLanguage\":\"es\",\"url\":\"https:\/\/secure.gravatar.com\/avatar\/5290a43657c74ffa15701dbe5b846bd85cc71930d803c84e91046a7333de6ce2?s=96&d=mm&r=g\",\"contentUrl\":\"https:\/\/secure.gravatar.com\/avatar\/5290a43657c74ffa15701dbe5b846bd85cc71930d803c84e91046a7333de6ce2?s=96&d=mm&r=g\",\"caption\":\"elpuucnoticias\"},\"sameAs\":[\"https:\/\/elpuucnoticias.com\"],\"url\":\"https:\/\/elpuucnoticias.com\/?author=1\"}]}<\/script>\n<!-- \/ Yoast SEO plugin. -->","yoast_head_json":{"title":"Invitan a la ciudadan\u00eda a participar en la jornada de observaci\u00f3n \u201cLas Aves y su Paso Migratorio Urbano\u201d - El Puuc Noticias","robots":{"index":"index","follow":"follow","max-snippet":"max-snippet:-1","max-image-preview":"max-image-preview:large","max-video-preview":"max-video-preview:-1"},"canonical":"https:\/\/elpuucnoticias.com\/?p=17882","og_locale":"es_ES","og_type":"article","og_title":"Invitan a la ciudadan\u00eda a participar en la jornada de observaci\u00f3n \u201cLas Aves y su Paso Migratorio Urbano\u201d - El Puuc Noticias","og_description":"La Fundaci\u00f3n de Parques y Museos de Cozumel (FPMC) invita a toda la comunidad a participar en el","og_url":"https:\/\/elpuucnoticias.com\/?p=17882","og_site_name":"El Puuc Noticias","article_published_time":"2024-12-10T18:49:30+00:00","article_modified_time":"2024-12-10T18:49:31+00:00","og_image":[{"width":1200,"height":971,"url":"https:\/\/elpuucnoticias.com\/wp-content\/uploads\/2024\/12\/whatsapp-image-2024-12-10-at-12.46.59-pm.jpeg","type":"image\/jpeg"}],"twitter_card":"summary_large_image","twitter_misc":{"Escrito por":"elpuucnoticias","Tiempo de lectura":"2 minutos"},"schema":{"@context":"https:\/\/schema.org","@graph":[{"@type":"WebSite","@id":"https:\/\/elpuucnoticias.com\/#website","url":"https:\/\/elpuucnoticias.com\/","name":"El Puuc Noticias","description":"Noticias - Entretenimiento - Deportes","potentialAction":[{"@type":"SearchAction","target":{"@type":"EntryPoint","urlTemplate":"https:\/\/elpuucnoticias.com\/?s={search_term_string}"},"query-input":"required name=search_term_string"}],"inLanguage":"es"},{"@type":"ImageObject","@id":"https:\/\/elpuucnoticias.com\/?p=17882#primaryimage","inLanguage":"es","url":"https:\/\/elpuucnoticias.com\/wp-content\/uploads\/2024\/12\/whatsapp-image-2024-12-10-at-12.46.59-pm.jpeg","contentUrl":"https:\/\/elpuucnoticias.com\/wp-content\/uploads\/2024\/12\/whatsapp-image-2024-12-10-at-12.46.59-pm.jpeg","width":1200,"height":971},{"@type":"WebPage","@id":"https:\/\/elpuucnoticias.com\/?p=17882#webpage","url":"https:\/\/elpuucnoticias.com\/?p=17882","name":"Invitan a la ciudadan\u00eda a participar en la jornada de observaci\u00f3n \u201cLas Aves y su Paso Migratorio Urbano\u201d - El Puuc Noticias","isPartOf":{"@id":"https:\/\/elpuucnoticias.com\/#website"},"primaryImageOfPage":{"@id":"https:\/\/elpuucnoticias.com\/?p=17882#primaryimage"},"datePublished":"2024-12-10T18:49:30+00:00","dateModified":"2024-12-10T18:49:31+00:00","author":{"@id":"https:\/\/elpuucnoticias.com\/#\/schema\/person\/d2ea09e4c97f0160b11cdfb1d856bd9e"},"breadcrumb":{"@id":"https:\/\/elpuucnoticias.com\/?p=17882#breadcrumb"},"inLanguage":"es","potentialAction":[{"@type":"ReadAction","target":["https:\/\/elpuucnoticias.com\/?p=17882"]}]},{"@type":"BreadcrumbList","@id":"https:\/\/elpuucnoticias.com\/?p=17882#breadcrumb","itemListElement":[{"@type":"ListItem","position":1,"name":"Portada","item":"https:\/\/elpuucnoticias.com\/"},{"@type":"ListItem","position":2,"name":"Invitan a la ciudadan\u00eda a participar en la jornada de observaci\u00f3n \u201cLas Aves y su Paso Migratorio Urbano\u201d"}]},{"@type":"Person","@id":"https:\/\/elpuucnoticias.com\/#\/schema\/person\/d2ea09e4c97f0160b11cdfb1d856bd9e","name":"elpuucnoticias","image":{"@type":"ImageObject","@id":"https:\/\/elpuucnoticias.com\/#personlogo","inLanguage":"es","url":"https:\/\/secure.gravatar.com\/avatar\/5290a43657c74ffa15701dbe5b846bd85cc71930d803c84e91046a7333de6ce2?s=96&d=mm&r=g","contentUrl":"https:\/\/secure.gravatar.com\/avatar\/5290a43657c74ffa15701dbe5b846bd85cc71930d803c84e91046a7333de6ce2?s=96&d=mm&r=g","caption":"elpuucnoticias"},"sameAs":["https:\/\/elpuucnoticias.com"],"url":"https:\/\/elpuucnoticias.com\/?author=1"}]}},"_links":{"self":[{"href":"https:\/\/elpuucnoticias.com\/index.php?rest_route=\/wp\/v2\/posts\/17882","targetHints":{"allow":["GET"]}}],"collection":[{"href":"https:\/\/elpuucnoticias.com\/index.php?rest_route=\/wp\/v2\/posts"}],"about":[{"href":"https:\/\/elpuucnoticias.com\/index.php?rest_route=\/wp\/v2\/types\/post"}],"author":[{"embeddable":true,"href":"https:\/\/elpuucnoticias.com\/index.php?rest_route=\/wp\/v2\/users\/1"}],"replies":[{"embeddable":true,"href":"https:\/\/elpuucnoticias.com\/index.php?rest_route=%2Fwp%2Fv2%2Fcomments&post=17882"}],"version-history":[{"count":1,"href":"https:\/\/elpuucnoticias.com\/index.php?rest_route=\/wp\/v2\/posts\/17882\/revisions"}],"predecessor-version":[{"id":17887,"href":"https:\/\/elpuucnoticias.com\/index.php?rest_route=\/wp\/v2\/posts\/17882\/revisions\/17887"}],"wp:featuredmedia":[{"embeddable":true,"href":"https:\/\/elpuucnoticias.com\/index.php?rest_route=\/wp\/v2\/media\/17886"}],"wp:attachment":[{"href":"https:\/\/elpuucnoticias.com\/index.php?rest_route=%2Fwp%2Fv2%2Fmedia&parent=17882"}],"wp:term":[{"taxonomy":"category","embeddable":true,"href":"https:\/\/elpuucnoticias.com\/index.php?rest_route=%2Fwp%2Fv2%2Fcategories&post=17882"},{"taxonomy":"post_tag","embeddable":true,"href":"https:\/\/elpuucnoticias.com\/index.php?rest_route=%2Fwp%2Fv2%2Ftags&post=17882"}],"curies":[{"name":"wp","href":"https:\/\/api.w.org\/{rel}","templated":true}]}}