{"id":18035,"date":"2024-12-20T12:01:42","date_gmt":"2024-12-20T18:01:42","guid":{"rendered":"https:\/\/elpuucnoticias.com\/?p=18035"},"modified":"2024-12-20T12:01:43","modified_gmt":"2024-12-20T18:01:43","slug":"reabre-zona-arqueologica-el-meco-restaurada-y-con-nuevos-servicios-para-visitantes-y-turistas-mara-lezama","status":"publish","type":"post","link":"https:\/\/elpuucnoticias.com\/?p=18035","title":{"rendered":"Reabre zona arqueol\u00f3gica \u201cEl Meco\u201d, restaurada y con nuevos servicios para visitantes y turistas: Mara Lezama"},"content":{"rendered":"\n<p>Tras finalizar los trabajos del Programa de Mejoramiento de Zonas Arqueol\u00f3gicas (PROMEZA) por el Instituto Nacional de Antropolog\u00eda e Historia (INAH), la gobernadora Mara Lezama Espinosa anunci\u00f3 la reapertura de la Zona Arqueol\u00f3gica \u201cEl Meco\u201d, en el kil\u00f3metro 2.7 de la carretera Puerto Ju\u00e1rez-Punta Sam, en la zona continental de Isla Mujeres.<\/p>\n\n\n\n<figure class=\"wp-block-gallery has-nested-images columns-default is-cropped wp-block-gallery-1 is-layout-flex wp-block-gallery-is-layout-flex\">\n<figure class=\"wp-block-image size-large is-style-default\"><img loading=\"lazy\" decoding=\"async\" width=\"1024\" height=\"683\" data-id=\"18036\" src=\"https:\/\/elpuucnoticias.com\/wp-content\/uploads\/2024\/12\/whatsapp-image-2024-12-20-at-8.50.14-am-2-1024x683.jpeg\" alt=\"\" class=\"wp-image-18036\" srcset=\"https:\/\/elpuucnoticias.com\/wp-content\/uploads\/2024\/12\/whatsapp-image-2024-12-20-at-8.50.14-am-2-1024x683.jpeg 1024w, https:\/\/elpuucnoticias.com\/wp-content\/uploads\/2024\/12\/whatsapp-image-2024-12-20-at-8.50.14-am-2-300x200.jpeg 300w, https:\/\/elpuucnoticias.com\/wp-content\/uploads\/2024\/12\/whatsapp-image-2024-12-20-at-8.50.14-am-2-768x512.jpeg 768w, https:\/\/elpuucnoticias.com\/wp-content\/uploads\/2024\/12\/whatsapp-image-2024-12-20-at-8.50.14-am-2-1536x1024.jpeg 1536w, https:\/\/elpuucnoticias.com\/wp-content\/uploads\/2024\/12\/whatsapp-image-2024-12-20-at-8.50.14-am-2-2048x1366.jpeg 2048w, https:\/\/elpuucnoticias.com\/wp-content\/uploads\/2024\/12\/whatsapp-image-2024-12-20-at-8.50.14-am-2-600x400.jpeg 600w, https:\/\/elpuucnoticias.com\/wp-content\/uploads\/2024\/12\/whatsapp-image-2024-12-20-at-8.50.14-am-2-320x213.jpeg 320w\" sizes=\"auto, (max-width: 1024px) 100vw, 1024px\" \/><\/figure>\n\n\n\n<figure class=\"wp-block-image size-large is-style-default\"><img loading=\"lazy\" decoding=\"async\" width=\"1024\" height=\"683\" data-id=\"18037\" src=\"https:\/\/elpuucnoticias.com\/wp-content\/uploads\/2024\/12\/whatsapp-image-2024-12-20-at-8.50.14-am-1-1024x683.jpeg\" alt=\"\" class=\"wp-image-18037\" srcset=\"https:\/\/elpuucnoticias.com\/wp-content\/uploads\/2024\/12\/whatsapp-image-2024-12-20-at-8.50.14-am-1-1024x683.jpeg 1024w, https:\/\/elpuucnoticias.com\/wp-content\/uploads\/2024\/12\/whatsapp-image-2024-12-20-at-8.50.14-am-1-300x200.jpeg 300w, https:\/\/elpuucnoticias.com\/wp-content\/uploads\/2024\/12\/whatsapp-image-2024-12-20-at-8.50.14-am-1-768x512.jpeg 768w, https:\/\/elpuucnoticias.com\/wp-content\/uploads\/2024\/12\/whatsapp-image-2024-12-20-at-8.50.14-am-1-1536x1024.jpeg 1536w, https:\/\/elpuucnoticias.com\/wp-content\/uploads\/2024\/12\/whatsapp-image-2024-12-20-at-8.50.14-am-1-2048x1366.jpeg 2048w, https:\/\/elpuucnoticias.com\/wp-content\/uploads\/2024\/12\/whatsapp-image-2024-12-20-at-8.50.14-am-1-600x400.jpeg 600w, https:\/\/elpuucnoticias.com\/wp-content\/uploads\/2024\/12\/whatsapp-image-2024-12-20-at-8.50.14-am-1-320x213.jpeg 320w\" sizes=\"auto, (max-width: 1024px) 100vw, 1024px\" \/><\/figure>\n\n\n\n<figure class=\"wp-block-image size-large is-style-default\"><img loading=\"lazy\" decoding=\"async\" width=\"1024\" height=\"683\" data-id=\"18038\" src=\"https:\/\/elpuucnoticias.com\/wp-content\/uploads\/2024\/12\/whatsapp-image-2024-12-20-at-8.50.14-am-1024x683.jpeg\" alt=\"\" class=\"wp-image-18038\" srcset=\"https:\/\/elpuucnoticias.com\/wp-content\/uploads\/2024\/12\/whatsapp-image-2024-12-20-at-8.50.14-am-1024x683.jpeg 1024w, https:\/\/elpuucnoticias.com\/wp-content\/uploads\/2024\/12\/whatsapp-image-2024-12-20-at-8.50.14-am-300x200.jpeg 300w, https:\/\/elpuucnoticias.com\/wp-content\/uploads\/2024\/12\/whatsapp-image-2024-12-20-at-8.50.14-am-768x512.jpeg 768w, https:\/\/elpuucnoticias.com\/wp-content\/uploads\/2024\/12\/whatsapp-image-2024-12-20-at-8.50.14-am-1536x1024.jpeg 1536w, https:\/\/elpuucnoticias.com\/wp-content\/uploads\/2024\/12\/whatsapp-image-2024-12-20-at-8.50.14-am-2048x1366.jpeg 2048w, https:\/\/elpuucnoticias.com\/wp-content\/uploads\/2024\/12\/whatsapp-image-2024-12-20-at-8.50.14-am-600x400.jpeg 600w, https:\/\/elpuucnoticias.com\/wp-content\/uploads\/2024\/12\/whatsapp-image-2024-12-20-at-8.50.14-am-320x213.jpeg 320w\" sizes=\"auto, (max-width: 1024px) 100vw, 1024px\" \/><\/figure>\n<\/figure>\n\n\n\n<p>\u201cEsta es una de las joyas arqueol\u00f3gicas m\u00e1s antiguas y emblem\u00e1ticas de la costa norte de Quintana Roo. Un bell\u00edsimo lugar con estructuras ceremoniales, altares, adoratorios\u201d explic\u00f3 la gobernadora Mara Lezama al invitar a las y los quintanarroenses a recorrer esta zona arqueol\u00f3gica y a los turistas y visitantes que sea parte de una parada obligatoria aqu\u00ed en Canc\u00fan e Isla Mujeres.<\/p>\n\n\n\n<p>Mara Lezama felicit\u00f3 a las y los trabajadores del INAH, a las y los arque\u00f3logos, por el trabajo extraordinario desplegado para el rescate y restauraci\u00f3n de esta zona arqueol\u00f3gica. Tambi\u00e9n al personal de la SEDENA por las obras de infraestructura. Record\u00f3 que el gobierno del estado don\u00f3 el terreno.<\/p>\n\n\n\n<p>El evento de reapertura de \u201cEl Meco\u201d fue organizado por el INAH, Centro Quintana Roo, en coordinaci\u00f3n con el gobierno del estado de Quintana Roo. Con la representaci\u00f3n del director general del INAH, Diego Prieto Hern\u00e1ndez, estuvo presente el director del Centro INAH Quintana Roo, Margarito Molina<br>Rend\u00f3n, y se cont\u00f3 con la presencia de autoridades municipales de Benito Ju\u00e1rez e Isla Mujeres, as\u00ed como autoridades de la Secretar\u00eda de la Defensa Nacional.<\/p>\n\n\n\n<p>La reapertura de \u201cEl Meco\u201d permite mostrar al mundo los resultados obtenidos en investigaci\u00f3n, restauraci\u00f3n y construcci\u00f3n de infraestructura despu\u00e9s de concluirse los trabajos del Programa de Mejoramiento de Zonas arqueol\u00f3gicas (PROMEZA).<\/p>\n\n\n\n<p>La reapertura al p\u00fablico de la Zona Arqueol\u00f3gica El Meco se enmarca en un contexto hist\u00f3rico de restauraci\u00f3n de sitios arqueol\u00f3gicos impulsado por el programa federal PROMEZA dentro del proyecto estrat\u00e9gico del Tren Maya. Una iniciativa presidencial que va m\u00e1s all\u00e1 del desarrollo ferroviario para convertirse en un catalizador de recuperaci\u00f3n cultural, generaci\u00f3n de empleos y diversificaci\u00f3n de la oferta tur\u00edstica.<\/p>\n\n\n\n<p>La gobernadora Mara Lezama puntualiz\u00f3 que estos trabajos que a partir de hoy est\u00e1n abiertos al p\u00fablico representan los alcances del Nuevo Acuerdo por el Bienestar y Desarrollo de Quintana Roo, que fortalece la coordinaci\u00f3n y suma de esfuerzos de todos los sectores para generar prosperidad compartida para las y los quintanarroenses.<\/p>\n\n\n\n<p>Reiter\u00f3 que este gobierno humanista, con coraz\u00f3n feminista, le dice s\u00ed al \u00e9xito tur\u00edstico, pero que este \u00e9xito se refleje en la mesa, los bolsillos y las condiciones de vida de las y los trabajadores del sector, y de las familias que m\u00e1s lo necesitan.<\/p>\n\n\n\n<p>Acompa\u00f1aron a la gobernadora Mara Lezama las presidentas municipales de Benito Ju\u00e1rez, Ana Paty Peralta de la Pe\u00f1a, y de Isla Mujeres, Atenea G\u00f3mez Ricalde.<\/p>\n","protected":false},"excerpt":{"rendered":"<p>Tras finalizar los trabajos del Programa de Mejoramiento de Zonas Arqueol\u00f3gicas (PROMEZA) por el Instituto Nacional de Antropolog\u00eda<\/p>\n","protected":false},"author":1,"featured_media":18039,"comment_status":"closed","ping_status":"open","sticky":false,"template":"","format":"standard","meta":{"_monsterinsights_skip_tracking":false,"_monsterinsights_sitenote_active":false,"_monsterinsights_sitenote_note":"","_monsterinsights_sitenote_category":0,"footnotes":""},"categories":[11,24],"tags":[],"class_list":["post-18035","post","type-post","status-publish","format-standard","has-post-thumbnail","hentry","category-noticias","category-quintana-roo"],"yoast_head":"<!-- This site is optimized with the Yoast SEO plugin v18.3 - https:\/\/yoast.com\/wordpress\/plugins\/seo\/ -->\n<title>Reabre zona arqueol\u00f3gica \u201cEl Meco\u201d, restaurada y con nuevos servicios para visitantes y turistas: Mara Lezama - El Puuc Noticias<\/title>\n<meta name=\"robots\" content=\"index, follow, max-snippet:-1, max-image-preview:large, max-video-preview:-1\" \/>\n<link rel=\"canonical\" href=\"https:\/\/elpuucnoticias.com\/?p=18035\" \/>\n<meta property=\"og:locale\" content=\"es_ES\" \/>\n<meta property=\"og:type\" content=\"article\" \/>\n<meta property=\"og:title\" content=\"Reabre zona arqueol\u00f3gica \u201cEl Meco\u201d, restaurada y con nuevos servicios para visitantes y turistas: Mara Lezama - El Puuc Noticias\" \/>\n<meta property=\"og:description\" content=\"Tras finalizar los trabajos del Programa de Mejoramiento de Zonas Arqueol\u00f3gicas (PROMEZA) por el Instituto Nacional de Antropolog\u00eda\" \/>\n<meta property=\"og:url\" content=\"https:\/\/elpuucnoticias.com\/?p=18035\" \/>\n<meta property=\"og:site_name\" content=\"El Puuc Noticias\" \/>\n<meta property=\"article:published_time\" content=\"2024-12-20T18:01:42+00:00\" \/>\n<meta property=\"article:modified_time\" content=\"2024-12-20T18:01:43+00:00\" \/>\n<meta property=\"og:image\" content=\"https:\/\/elpuucnoticias.com\/wp-content\/uploads\/2024\/12\/whatsapp-image-2024-12-20-at-8.50.13-am-scaled.jpeg\" \/>\n\t<meta property=\"og:image:width\" content=\"2560\" \/>\n\t<meta property=\"og:image:height\" content=\"1707\" \/>\n\t<meta property=\"og:image:type\" content=\"image\/jpeg\" \/>\n<meta name=\"twitter:card\" content=\"summary_large_image\" \/>\n<meta name=\"twitter:label1\" content=\"Escrito por\" \/>\n\t<meta name=\"twitter:data1\" content=\"elpuucnoticias\" \/>\n\t<meta name=\"twitter:label2\" content=\"Tiempo de lectura\" \/>\n\t<meta name=\"twitter:data2\" content=\"2 minutos\" \/>\n<script type=\"application\/ld+json\" class=\"yoast-schema-graph\">{\"@context\":\"https:\/\/schema.org\",\"@graph\":[{\"@type\":\"WebSite\",\"@id\":\"https:\/\/elpuucnoticias.com\/#website\",\"url\":\"https:\/\/elpuucnoticias.com\/\",\"name\":\"El Puuc Noticias\",\"description\":\"Noticias - Entretenimiento - Deportes\",\"potentialAction\":[{\"@type\":\"SearchAction\",\"target\":{\"@type\":\"EntryPoint\",\"urlTemplate\":\"https:\/\/elpuucnoticias.com\/?s={search_term_string}\"},\"query-input\":\"required name=search_term_string\"}],\"inLanguage\":\"es\"},{\"@type\":\"ImageObject\",\"@id\":\"https:\/\/elpuucnoticias.com\/?p=18035#primaryimage\",\"inLanguage\":\"es\",\"url\":\"https:\/\/elpuucnoticias.com\/wp-content\/uploads\/2024\/12\/whatsapp-image-2024-12-20-at-8.50.13-am-scaled.jpeg\",\"contentUrl\":\"https:\/\/elpuucnoticias.com\/wp-content\/uploads\/2024\/12\/whatsapp-image-2024-12-20-at-8.50.13-am-scaled.jpeg\",\"width\":2560,\"height\":1707},{\"@type\":\"WebPage\",\"@id\":\"https:\/\/elpuucnoticias.com\/?p=18035#webpage\",\"url\":\"https:\/\/elpuucnoticias.com\/?p=18035\",\"name\":\"Reabre zona arqueol\u00f3gica \u201cEl Meco\u201d, restaurada y con nuevos servicios para visitantes y turistas: Mara Lezama - El Puuc Noticias\",\"isPartOf\":{\"@id\":\"https:\/\/elpuucnoticias.com\/#website\"},\"primaryImageOfPage\":{\"@id\":\"https:\/\/elpuucnoticias.com\/?p=18035#primaryimage\"},\"datePublished\":\"2024-12-20T18:01:42+00:00\",\"dateModified\":\"2024-12-20T18:01:43+00:00\",\"author\":{\"@id\":\"https:\/\/elpuucnoticias.com\/#\/schema\/person\/d2ea09e4c97f0160b11cdfb1d856bd9e\"},\"breadcrumb\":{\"@id\":\"https:\/\/elpuucnoticias.com\/?p=18035#breadcrumb\"},\"inLanguage\":\"es\",\"potentialAction\":[{\"@type\":\"ReadAction\",\"target\":[\"https:\/\/elpuucnoticias.com\/?p=18035\"]}]},{\"@type\":\"BreadcrumbList\",\"@id\":\"https:\/\/elpuucnoticias.com\/?p=18035#breadcrumb\",\"itemListElement\":[{\"@type\":\"ListItem\",\"position\":1,\"name\":\"Portada\",\"item\":\"https:\/\/elpuucnoticias.com\/\"},{\"@type\":\"ListItem\",\"position\":2,\"name\":\"Reabre zona arqueol\u00f3gica \u201cEl Meco\u201d, restaurada y con nuevos servicios para visitantes y turistas: Mara Lezama\"}]},{\"@type\":\"Person\",\"@id\":\"https:\/\/elpuucnoticias.com\/#\/schema\/person\/d2ea09e4c97f0160b11cdfb1d856bd9e\",\"name\":\"elpuucnoticias\",\"image\":{\"@type\":\"ImageObject\",\"@id\":\"https:\/\/elpuucnoticias.com\/#personlogo\",\"inLanguage\":\"es\",\"url\":\"https:\/\/secure.gravatar.com\/avatar\/5290a43657c74ffa15701dbe5b846bd85cc71930d803c84e91046a7333de6ce2?s=96&d=mm&r=g\",\"contentUrl\":\"https:\/\/secure.gravatar.com\/avatar\/5290a43657c74ffa15701dbe5b846bd85cc71930d803c84e91046a7333de6ce2?s=96&d=mm&r=g\",\"caption\":\"elpuucnoticias\"},\"sameAs\":[\"https:\/\/elpuucnoticias.com\"],\"url\":\"https:\/\/elpuucnoticias.com\/?author=1\"}]}<\/script>\n<!-- \/ Yoast SEO plugin. -->","yoast_head_json":{"title":"Reabre zona arqueol\u00f3gica \u201cEl Meco\u201d, restaurada y con nuevos servicios para visitantes y turistas: Mara Lezama - El Puuc Noticias","robots":{"index":"index","follow":"follow","max-snippet":"max-snippet:-1","max-image-preview":"max-image-preview:large","max-video-preview":"max-video-preview:-1"},"canonical":"https:\/\/elpuucnoticias.com\/?p=18035","og_locale":"es_ES","og_type":"article","og_title":"Reabre zona arqueol\u00f3gica \u201cEl Meco\u201d, restaurada y con nuevos servicios para visitantes y turistas: Mara Lezama - El Puuc Noticias","og_description":"Tras finalizar los trabajos del Programa de Mejoramiento de Zonas Arqueol\u00f3gicas (PROMEZA) por el Instituto Nacional de Antropolog\u00eda","og_url":"https:\/\/elpuucnoticias.com\/?p=18035","og_site_name":"El Puuc Noticias","article_published_time":"2024-12-20T18:01:42+00:00","article_modified_time":"2024-12-20T18:01:43+00:00","og_image":[{"width":2560,"height":1707,"url":"https:\/\/elpuucnoticias.com\/wp-content\/uploads\/2024\/12\/whatsapp-image-2024-12-20-at-8.50.13-am-scaled.jpeg","type":"image\/jpeg"}],"twitter_card":"summary_large_image","twitter_misc":{"Escrito por":"elpuucnoticias","Tiempo de lectura":"2 minutos"},"schema":{"@context":"https:\/\/schema.org","@graph":[{"@type":"WebSite","@id":"https:\/\/elpuucnoticias.com\/#website","url":"https:\/\/elpuucnoticias.com\/","name":"El Puuc Noticias","description":"Noticias - Entretenimiento - Deportes","potentialAction":[{"@type":"SearchAction","target":{"@type":"EntryPoint","urlTemplate":"https:\/\/elpuucnoticias.com\/?s={search_term_string}"},"query-input":"required name=search_term_string"}],"inLanguage":"es"},{"@type":"ImageObject","@id":"https:\/\/elpuucnoticias.com\/?p=18035#primaryimage","inLanguage":"es","url":"https:\/\/elpuucnoticias.com\/wp-content\/uploads\/2024\/12\/whatsapp-image-2024-12-20-at-8.50.13-am-scaled.jpeg","contentUrl":"https:\/\/elpuucnoticias.com\/wp-content\/uploads\/2024\/12\/whatsapp-image-2024-12-20-at-8.50.13-am-scaled.jpeg","width":2560,"height":1707},{"@type":"WebPage","@id":"https:\/\/elpuucnoticias.com\/?p=18035#webpage","url":"https:\/\/elpuucnoticias.com\/?p=18035","name":"Reabre zona arqueol\u00f3gica \u201cEl Meco\u201d, restaurada y con nuevos servicios para visitantes y turistas: Mara Lezama - El Puuc Noticias","isPartOf":{"@id":"https:\/\/elpuucnoticias.com\/#website"},"primaryImageOfPage":{"@id":"https:\/\/elpuucnoticias.com\/?p=18035#primaryimage"},"datePublished":"2024-12-20T18:01:42+00:00","dateModified":"2024-12-20T18:01:43+00:00","author":{"@id":"https:\/\/elpuucnoticias.com\/#\/schema\/person\/d2ea09e4c97f0160b11cdfb1d856bd9e"},"breadcrumb":{"@id":"https:\/\/elpuucnoticias.com\/?p=18035#breadcrumb"},"inLanguage":"es","potentialAction":[{"@type":"ReadAction","target":["https:\/\/elpuucnoticias.com\/?p=18035"]}]},{"@type":"BreadcrumbList","@id":"https:\/\/elpuucnoticias.com\/?p=18035#breadcrumb","itemListElement":[{"@type":"ListItem","position":1,"name":"Portada","item":"https:\/\/elpuucnoticias.com\/"},{"@type":"ListItem","position":2,"name":"Reabre zona arqueol\u00f3gica \u201cEl Meco\u201d, restaurada y con nuevos servicios para visitantes y turistas: Mara Lezama"}]},{"@type":"Person","@id":"https:\/\/elpuucnoticias.com\/#\/schema\/person\/d2ea09e4c97f0160b11cdfb1d856bd9e","name":"elpuucnoticias","image":{"@type":"ImageObject","@id":"https:\/\/elpuucnoticias.com\/#personlogo","inLanguage":"es","url":"https:\/\/secure.gravatar.com\/avatar\/5290a43657c74ffa15701dbe5b846bd85cc71930d803c84e91046a7333de6ce2?s=96&d=mm&r=g","contentUrl":"https:\/\/secure.gravatar.com\/avatar\/5290a43657c74ffa15701dbe5b846bd85cc71930d803c84e91046a7333de6ce2?s=96&d=mm&r=g","caption":"elpuucnoticias"},"sameAs":["https:\/\/elpuucnoticias.com"],"url":"https:\/\/elpuucnoticias.com\/?author=1"}]}},"_links":{"self":[{"href":"https:\/\/elpuucnoticias.com\/index.php?rest_route=\/wp\/v2\/posts\/18035","targetHints":{"allow":["GET"]}}],"collection":[{"href":"https:\/\/elpuucnoticias.com\/index.php?rest_route=\/wp\/v2\/posts"}],"about":[{"href":"https:\/\/elpuucnoticias.com\/index.php?rest_route=\/wp\/v2\/types\/post"}],"author":[{"embeddable":true,"href":"https:\/\/elpuucnoticias.com\/index.php?rest_route=\/wp\/v2\/users\/1"}],"replies":[{"embeddable":true,"href":"https:\/\/elpuucnoticias.com\/index.php?rest_route=%2Fwp%2Fv2%2Fcomments&post=18035"}],"version-history":[{"count":1,"href":"https:\/\/elpuucnoticias.com\/index.php?rest_route=\/wp\/v2\/posts\/18035\/revisions"}],"predecessor-version":[{"id":18040,"href":"https:\/\/elpuucnoticias.com\/index.php?rest_route=\/wp\/v2\/posts\/18035\/revisions\/18040"}],"wp:featuredmedia":[{"embeddable":true,"href":"https:\/\/elpuucnoticias.com\/index.php?rest_route=\/wp\/v2\/media\/18039"}],"wp:attachment":[{"href":"https:\/\/elpuucnoticias.com\/index.php?rest_route=%2Fwp%2Fv2%2Fmedia&parent=18035"}],"wp:term":[{"taxonomy":"category","embeddable":true,"href":"https:\/\/elpuucnoticias.com\/index.php?rest_route=%2Fwp%2Fv2%2Fcategories&post=18035"},{"taxonomy":"post_tag","embeddable":true,"href":"https:\/\/elpuucnoticias.com\/index.php?rest_route=%2Fwp%2Fv2%2Ftags&post=18035"}],"curies":[{"name":"wp","href":"https:\/\/api.w.org\/{rel}","templated":true}]}}