{"id":18050,"date":"2024-12-20T12:07:59","date_gmt":"2024-12-20T18:07:59","guid":{"rendered":"https:\/\/elpuucnoticias.com\/?p=18050"},"modified":"2024-12-20T12:07:59","modified_gmt":"2024-12-20T18:07:59","slug":"convoca-mara-lezama-a-las-y-los-quintanarroenses-a-fortalecer-la-cultura-de-la-denuncia-para-recuperar-la-paz","status":"publish","type":"post","link":"https:\/\/elpuucnoticias.com\/?p=18050","title":{"rendered":"Convoca Mara Lezama a las y los quintanarroenses a fortalecer la cultura de la denuncia para recuperar la paz"},"content":{"rendered":"\n<p>En Quintana Roo tienen gobernadora y no nos temblar\u00e1 la mano para aplicar la ley; nadie ser\u00e1 intocable, se apellide como se apellide, reafirm\u00f3 la gobernadora Mara Lezama Espinosa durante el programa \u201cLa Voz del Pueblo\u201d, en donde pidi\u00f3 a las y los quintanarroenses que no se dejen extorsionar, ni enga\u00f1ar porque se ha detectado que est\u00e1n usando su nombre.<\/p>\n\n\n\n<p>\u201cNada m\u00e1s falso que eso, falso. Yo no me re\u00fano con delincuentes\u201d expres\u00f3 y pidi\u00f3 que si reciben una llamada haciendo uso de su nombre, cuelguen de inmediato y denuncien al 089, una l\u00ednea de denuncia an\u00f3nima de la Polic\u00eda cibern\u00e9tica que tan buenos resultados ha arrojado. \u201cDenuncien, si no hay denuncia no podemos recuperar la paz\u201d precis\u00f3.<\/p>\n\n\n\n<figure class=\"wp-block-image size-large is-style-default\"><img loading=\"lazy\" decoding=\"async\" width=\"1024\" height=\"683\" src=\"https:\/\/elpuucnoticias.com\/wp-content\/uploads\/2024\/12\/whatsapp-image-2024-12-20-at-8.50.29-am-3-1024x683.jpeg\" alt=\"\" class=\"wp-image-18051\" srcset=\"https:\/\/elpuucnoticias.com\/wp-content\/uploads\/2024\/12\/whatsapp-image-2024-12-20-at-8.50.29-am-3-1024x683.jpeg 1024w, https:\/\/elpuucnoticias.com\/wp-content\/uploads\/2024\/12\/whatsapp-image-2024-12-20-at-8.50.29-am-3-300x200.jpeg 300w, https:\/\/elpuucnoticias.com\/wp-content\/uploads\/2024\/12\/whatsapp-image-2024-12-20-at-8.50.29-am-3-768x512.jpeg 768w, https:\/\/elpuucnoticias.com\/wp-content\/uploads\/2024\/12\/whatsapp-image-2024-12-20-at-8.50.29-am-3-1536x1024.jpeg 1536w, https:\/\/elpuucnoticias.com\/wp-content\/uploads\/2024\/12\/whatsapp-image-2024-12-20-at-8.50.29-am-3-2048x1365.jpeg 2048w, https:\/\/elpuucnoticias.com\/wp-content\/uploads\/2024\/12\/whatsapp-image-2024-12-20-at-8.50.29-am-3-600x400.jpeg 600w, https:\/\/elpuucnoticias.com\/wp-content\/uploads\/2024\/12\/whatsapp-image-2024-12-20-at-8.50.29-am-3-320x213.jpeg 320w\" sizes=\"auto, (max-width: 1024px) 100vw, 1024px\" \/><\/figure>\n\n\n\n<p>Adem\u00e1s, destac\u00f3 la captura de Miguel \u00c1ngel \u201cN\u201d, alias \u201cEl Tigre\u201d, presunto l\u00edder criminal y ex funcionario de la Fiscal\u00eda General de Quintana Roo en la administraci\u00f3n pasada, como Fiscal encargado de la unidad antinarcomenudeo, como un golpe contundente contra la impunidad y los v\u00ednculos entre el crimen organizado y administraciones anteriores.<\/p>\n\n\n\n<p>Durante \u201cLa Voz del Pueblo\u201d que se trasmite por las redes sociales de la titular del Ejecutivo, la Gobernadora ofreci\u00f3 un resumen de las actividades realizadas en los \u00faltimos d\u00edas, pero tambi\u00e9n tuvo una conversaci\u00f3n de la presidenta honoraria del Sistema DIF Quintana Roo, Ver\u00f3nica Lezama Espinosa, en la que informaron a las y los quintanarroenses de las diversas acciones sociales en beneficio de quienes menos tienen.<\/p>\n\n\n\n<p>Mara Lezama puntualiz\u00f3 que tuvo que llegar un gobierno diferente, con una mujer al frente, humanista con coraz\u00f3n feminista para transformar las condiciones de una instituci\u00f3n que estaba en el abandono y en condiciones en las que no pod\u00eda atenderse a ni\u00f1as, ni\u00f1os, adolescentes, adultos y adultos mayores.<\/p>\n\n\n\n<p>Ver\u00f3nica Lezama puso \u00e9nfasis en un programa que tiene actualidad y que requiere de la aportaci\u00f3n voluntaria de todas y todos, y es el Abrigando Corazones, que consiste en llevar cobijas para la protecci\u00f3n del fr\u00edo a las comunidades m\u00e1s marginadas y en donde las viviendas no permiten contener las condiciones del clima.<\/p>\n\n\n\n<p>Asimismo, de los servicios que ofrece el centro Pilares, en Villas Otoch Para\u00edso, donde se trabaja en la construcci\u00f3n de paz y en hacer comunidad. Actualmente tienen a 67 j\u00f3venes pero hay espacio para m\u00e1s, principalmente para hijas e hijos de madres y padres trabajadores de la industria hotelera.<\/p>\n\n\n\n<p>De las 4 jornadas de cirug\u00edas que le han cambiado la vida a las personas, como las de coraz\u00f3n y las de labio leporino y paladar hendido para menores.<\/p>\n\n\n\n<p>En otra parte del programa, Mara Lezama destac\u00f3 la recuperaci\u00f3n del edificio La Ceiba, que era un elefante blanco y monumento a la corrupci\u00f3n, y que hoy alberga las oficinas de la Fiscal\u00eda General del Estado, con \u00e1reas especializadas para la atenci\u00f3n de quienes tienen la necesidad de acudir en busca de justicia.<\/p>\n\n\n\n<p>Destac\u00f3 el \u00e1rea para la atenci\u00f3n de v\u00edctimas de violencia, de forma expedita para evitar la revictimizaci\u00f3n al hacerlas pasar de ventanilla en ventanilla.<\/p>\n\n\n\n<p>Luego de atender llamadas y comentarios que recibi\u00f3 durante el programa, Mara Lezama reiter\u00f3 que en este gobierno diferente, de territorio, humanista con coraz\u00f3n feminista, la voz de la gente s\u00ed se escucha.<\/p>\n","protected":false},"excerpt":{"rendered":"<p>En Quintana Roo tienen gobernadora y no nos temblar\u00e1 la mano para aplicar la ley; nadie ser\u00e1 intocable,<\/p>\n","protected":false},"author":1,"featured_media":18052,"comment_status":"closed","ping_status":"open","sticky":false,"template":"","format":"standard","meta":{"_monsterinsights_skip_tracking":false,"_monsterinsights_sitenote_active":false,"_monsterinsights_sitenote_note":"","_monsterinsights_sitenote_category":0,"footnotes":""},"categories":[11,24],"tags":[],"class_list":["post-18050","post","type-post","status-publish","format-standard","has-post-thumbnail","hentry","category-noticias","category-quintana-roo"],"yoast_head":"<!-- This site is optimized with the Yoast SEO plugin v18.3 - https:\/\/yoast.com\/wordpress\/plugins\/seo\/ -->\n<title>Convoca Mara Lezama a las y los quintanarroenses a fortalecer la cultura de la denuncia para recuperar la paz - El Puuc Noticias<\/title>\n<meta name=\"robots\" content=\"index, follow, max-snippet:-1, max-image-preview:large, max-video-preview:-1\" \/>\n<link rel=\"canonical\" href=\"https:\/\/elpuucnoticias.com\/?p=18050\" \/>\n<meta property=\"og:locale\" content=\"es_ES\" \/>\n<meta property=\"og:type\" content=\"article\" \/>\n<meta property=\"og:title\" content=\"Convoca Mara Lezama a las y los quintanarroenses a fortalecer la cultura de la denuncia para recuperar la paz - El Puuc Noticias\" \/>\n<meta property=\"og:description\" content=\"En Quintana Roo tienen gobernadora y no nos temblar\u00e1 la mano para aplicar la ley; nadie ser\u00e1 intocable,\" \/>\n<meta property=\"og:url\" content=\"https:\/\/elpuucnoticias.com\/?p=18050\" \/>\n<meta property=\"og:site_name\" content=\"El Puuc Noticias\" \/>\n<meta property=\"article:published_time\" content=\"2024-12-20T18:07:59+00:00\" \/>\n<meta property=\"og:image\" content=\"https:\/\/elpuucnoticias.com\/wp-content\/uploads\/2024\/12\/whatsapp-image-2024-12-20-at-8.50.29-am-2-scaled.jpeg\" \/>\n\t<meta property=\"og:image:width\" content=\"2560\" \/>\n\t<meta property=\"og:image:height\" content=\"1707\" \/>\n\t<meta property=\"og:image:type\" content=\"image\/jpeg\" \/>\n<meta name=\"twitter:card\" content=\"summary_large_image\" \/>\n<meta name=\"twitter:label1\" content=\"Escrito por\" \/>\n\t<meta name=\"twitter:data1\" content=\"elpuucnoticias\" \/>\n\t<meta name=\"twitter:label2\" content=\"Tiempo de lectura\" \/>\n\t<meta name=\"twitter:data2\" content=\"3 minutos\" \/>\n<script type=\"application\/ld+json\" class=\"yoast-schema-graph\">{\"@context\":\"https:\/\/schema.org\",\"@graph\":[{\"@type\":\"WebSite\",\"@id\":\"https:\/\/elpuucnoticias.com\/#website\",\"url\":\"https:\/\/elpuucnoticias.com\/\",\"name\":\"El Puuc Noticias\",\"description\":\"Noticias - Entretenimiento - Deportes\",\"potentialAction\":[{\"@type\":\"SearchAction\",\"target\":{\"@type\":\"EntryPoint\",\"urlTemplate\":\"https:\/\/elpuucnoticias.com\/?s={search_term_string}\"},\"query-input\":\"required name=search_term_string\"}],\"inLanguage\":\"es\"},{\"@type\":\"ImageObject\",\"@id\":\"https:\/\/elpuucnoticias.com\/?p=18050#primaryimage\",\"inLanguage\":\"es\",\"url\":\"https:\/\/elpuucnoticias.com\/wp-content\/uploads\/2024\/12\/whatsapp-image-2024-12-20-at-8.50.29-am-2-scaled.jpeg\",\"contentUrl\":\"https:\/\/elpuucnoticias.com\/wp-content\/uploads\/2024\/12\/whatsapp-image-2024-12-20-at-8.50.29-am-2-scaled.jpeg\",\"width\":2560,\"height\":1707},{\"@type\":\"WebPage\",\"@id\":\"https:\/\/elpuucnoticias.com\/?p=18050#webpage\",\"url\":\"https:\/\/elpuucnoticias.com\/?p=18050\",\"name\":\"Convoca Mara Lezama a las y los quintanarroenses a fortalecer la cultura de la denuncia para recuperar la paz - El Puuc Noticias\",\"isPartOf\":{\"@id\":\"https:\/\/elpuucnoticias.com\/#website\"},\"primaryImageOfPage\":{\"@id\":\"https:\/\/elpuucnoticias.com\/?p=18050#primaryimage\"},\"datePublished\":\"2024-12-20T18:07:59+00:00\",\"dateModified\":\"2024-12-20T18:07:59+00:00\",\"author\":{\"@id\":\"https:\/\/elpuucnoticias.com\/#\/schema\/person\/d2ea09e4c97f0160b11cdfb1d856bd9e\"},\"breadcrumb\":{\"@id\":\"https:\/\/elpuucnoticias.com\/?p=18050#breadcrumb\"},\"inLanguage\":\"es\",\"potentialAction\":[{\"@type\":\"ReadAction\",\"target\":[\"https:\/\/elpuucnoticias.com\/?p=18050\"]}]},{\"@type\":\"BreadcrumbList\",\"@id\":\"https:\/\/elpuucnoticias.com\/?p=18050#breadcrumb\",\"itemListElement\":[{\"@type\":\"ListItem\",\"position\":1,\"name\":\"Portada\",\"item\":\"https:\/\/elpuucnoticias.com\/\"},{\"@type\":\"ListItem\",\"position\":2,\"name\":\"Convoca Mara Lezama a las y los quintanarroenses a fortalecer la cultura de la denuncia para recuperar la paz\"}]},{\"@type\":\"Person\",\"@id\":\"https:\/\/elpuucnoticias.com\/#\/schema\/person\/d2ea09e4c97f0160b11cdfb1d856bd9e\",\"name\":\"elpuucnoticias\",\"image\":{\"@type\":\"ImageObject\",\"@id\":\"https:\/\/elpuucnoticias.com\/#personlogo\",\"inLanguage\":\"es\",\"url\":\"https:\/\/secure.gravatar.com\/avatar\/5290a43657c74ffa15701dbe5b846bd85cc71930d803c84e91046a7333de6ce2?s=96&d=mm&r=g\",\"contentUrl\":\"https:\/\/secure.gravatar.com\/avatar\/5290a43657c74ffa15701dbe5b846bd85cc71930d803c84e91046a7333de6ce2?s=96&d=mm&r=g\",\"caption\":\"elpuucnoticias\"},\"sameAs\":[\"https:\/\/elpuucnoticias.com\"],\"url\":\"https:\/\/elpuucnoticias.com\/?author=1\"}]}<\/script>\n<!-- \/ Yoast SEO plugin. -->","yoast_head_json":{"title":"Convoca Mara Lezama a las y los quintanarroenses a fortalecer la cultura de la denuncia para recuperar la paz - El Puuc Noticias","robots":{"index":"index","follow":"follow","max-snippet":"max-snippet:-1","max-image-preview":"max-image-preview:large","max-video-preview":"max-video-preview:-1"},"canonical":"https:\/\/elpuucnoticias.com\/?p=18050","og_locale":"es_ES","og_type":"article","og_title":"Convoca Mara Lezama a las y los quintanarroenses a fortalecer la cultura de la denuncia para recuperar la paz - El Puuc Noticias","og_description":"En Quintana Roo tienen gobernadora y no nos temblar\u00e1 la mano para aplicar la ley; nadie ser\u00e1 intocable,","og_url":"https:\/\/elpuucnoticias.com\/?p=18050","og_site_name":"El Puuc Noticias","article_published_time":"2024-12-20T18:07:59+00:00","og_image":[{"width":2560,"height":1707,"url":"https:\/\/elpuucnoticias.com\/wp-content\/uploads\/2024\/12\/whatsapp-image-2024-12-20-at-8.50.29-am-2-scaled.jpeg","type":"image\/jpeg"}],"twitter_card":"summary_large_image","twitter_misc":{"Escrito por":"elpuucnoticias","Tiempo de lectura":"3 minutos"},"schema":{"@context":"https:\/\/schema.org","@graph":[{"@type":"WebSite","@id":"https:\/\/elpuucnoticias.com\/#website","url":"https:\/\/elpuucnoticias.com\/","name":"El Puuc Noticias","description":"Noticias - Entretenimiento - Deportes","potentialAction":[{"@type":"SearchAction","target":{"@type":"EntryPoint","urlTemplate":"https:\/\/elpuucnoticias.com\/?s={search_term_string}"},"query-input":"required name=search_term_string"}],"inLanguage":"es"},{"@type":"ImageObject","@id":"https:\/\/elpuucnoticias.com\/?p=18050#primaryimage","inLanguage":"es","url":"https:\/\/elpuucnoticias.com\/wp-content\/uploads\/2024\/12\/whatsapp-image-2024-12-20-at-8.50.29-am-2-scaled.jpeg","contentUrl":"https:\/\/elpuucnoticias.com\/wp-content\/uploads\/2024\/12\/whatsapp-image-2024-12-20-at-8.50.29-am-2-scaled.jpeg","width":2560,"height":1707},{"@type":"WebPage","@id":"https:\/\/elpuucnoticias.com\/?p=18050#webpage","url":"https:\/\/elpuucnoticias.com\/?p=18050","name":"Convoca Mara Lezama a las y los quintanarroenses a fortalecer la cultura de la denuncia para recuperar la paz - El Puuc Noticias","isPartOf":{"@id":"https:\/\/elpuucnoticias.com\/#website"},"primaryImageOfPage":{"@id":"https:\/\/elpuucnoticias.com\/?p=18050#primaryimage"},"datePublished":"2024-12-20T18:07:59+00:00","dateModified":"2024-12-20T18:07:59+00:00","author":{"@id":"https:\/\/elpuucnoticias.com\/#\/schema\/person\/d2ea09e4c97f0160b11cdfb1d856bd9e"},"breadcrumb":{"@id":"https:\/\/elpuucnoticias.com\/?p=18050#breadcrumb"},"inLanguage":"es","potentialAction":[{"@type":"ReadAction","target":["https:\/\/elpuucnoticias.com\/?p=18050"]}]},{"@type":"BreadcrumbList","@id":"https:\/\/elpuucnoticias.com\/?p=18050#breadcrumb","itemListElement":[{"@type":"ListItem","position":1,"name":"Portada","item":"https:\/\/elpuucnoticias.com\/"},{"@type":"ListItem","position":2,"name":"Convoca Mara Lezama a las y los quintanarroenses a fortalecer la cultura de la denuncia para recuperar la paz"}]},{"@type":"Person","@id":"https:\/\/elpuucnoticias.com\/#\/schema\/person\/d2ea09e4c97f0160b11cdfb1d856bd9e","name":"elpuucnoticias","image":{"@type":"ImageObject","@id":"https:\/\/elpuucnoticias.com\/#personlogo","inLanguage":"es","url":"https:\/\/secure.gravatar.com\/avatar\/5290a43657c74ffa15701dbe5b846bd85cc71930d803c84e91046a7333de6ce2?s=96&d=mm&r=g","contentUrl":"https:\/\/secure.gravatar.com\/avatar\/5290a43657c74ffa15701dbe5b846bd85cc71930d803c84e91046a7333de6ce2?s=96&d=mm&r=g","caption":"elpuucnoticias"},"sameAs":["https:\/\/elpuucnoticias.com"],"url":"https:\/\/elpuucnoticias.com\/?author=1"}]}},"_links":{"self":[{"href":"https:\/\/elpuucnoticias.com\/index.php?rest_route=\/wp\/v2\/posts\/18050","targetHints":{"allow":["GET"]}}],"collection":[{"href":"https:\/\/elpuucnoticias.com\/index.php?rest_route=\/wp\/v2\/posts"}],"about":[{"href":"https:\/\/elpuucnoticias.com\/index.php?rest_route=\/wp\/v2\/types\/post"}],"author":[{"embeddable":true,"href":"https:\/\/elpuucnoticias.com\/index.php?rest_route=\/wp\/v2\/users\/1"}],"replies":[{"embeddable":true,"href":"https:\/\/elpuucnoticias.com\/index.php?rest_route=%2Fwp%2Fv2%2Fcomments&post=18050"}],"version-history":[{"count":1,"href":"https:\/\/elpuucnoticias.com\/index.php?rest_route=\/wp\/v2\/posts\/18050\/revisions"}],"predecessor-version":[{"id":18053,"href":"https:\/\/elpuucnoticias.com\/index.php?rest_route=\/wp\/v2\/posts\/18050\/revisions\/18053"}],"wp:featuredmedia":[{"embeddable":true,"href":"https:\/\/elpuucnoticias.com\/index.php?rest_route=\/wp\/v2\/media\/18052"}],"wp:attachment":[{"href":"https:\/\/elpuucnoticias.com\/index.php?rest_route=%2Fwp%2Fv2%2Fmedia&parent=18050"}],"wp:term":[{"taxonomy":"category","embeddable":true,"href":"https:\/\/elpuucnoticias.com\/index.php?rest_route=%2Fwp%2Fv2%2Fcategories&post=18050"},{"taxonomy":"post_tag","embeddable":true,"href":"https:\/\/elpuucnoticias.com\/index.php?rest_route=%2Fwp%2Fv2%2Ftags&post=18050"}],"curies":[{"name":"wp","href":"https:\/\/api.w.org\/{rel}","templated":true}]}}