{"id":18175,"date":"2025-04-02T11:24:43","date_gmt":"2025-04-02T17:24:43","guid":{"rendered":"https:\/\/elpuucnoticias.com\/?p=18175"},"modified":"2025-04-02T11:24:44","modified_gmt":"2025-04-02T17:24:44","slug":"recibe-la-fpmc-a-integrantes-del-centro-de-autismo-de-cozumel-en-el-parque-natural-chankanaab","status":"publish","type":"post","link":"https:\/\/elpuucnoticias.com\/?p=18175","title":{"rendered":"Recibe la FPMC a integrantes del Centro de Autismo de Cozumel en el Parque Natural Chankanaab"},"content":{"rendered":"\n<p>En el marco del D\u00eda Internacional del Autismo, que se conmemora este 2 de abril, la Fundaci\u00f3n de Parques y Museos de Cozumel (FPMC) recibi\u00f3 en Chankanaab a integrantes del Centro de Autismo de Cozumel y sus familiares, quienes disfrutaron de un d\u00eda lleno de alegr\u00eda, recreaci\u00f3n y convivencia en un entorno natural.<\/p>\n\n\n\n<p>La directora general de la FPMC, Juanita Alonso Marrufo, mencion\u00f3 que estas acciones responden al Nuevo Acuerdo por el Bienestar y Desarrollo de Quintana Roo, impulsado por la gobernadora Mara Lezama Espinosa, quien busca garantizar el acceso equitativo de todos los sectores de la sociedad a las actividades y programas de la instituci\u00f3n.<\/p>\n\n\n\n<p>\u00abPromovemos espacios de inclusi\u00f3n donde todas las personas, pueden disfrutar y aprender en contacto con la naturaleza\u00bb, enfatiz\u00f3.<\/p>\n\n\n\n<p>Durante la jornada, las y los integrantes del Centro de Autismo de Cozumel, acompa\u00f1ados por la directora Karla Manzanero C\u00e1ceres, realizaron un recorrido guiado por las \u00e1reas naturales, tur\u00edsticas y la playa de Chankanaab. Como parte de la experiencia, tambi\u00e9n tuvieron la oportunidad de nadar y compartir un momento de esparcimiento y convivencia en un ambiente seguro e inclusivo.<\/p>\n\n\n\n<p>Es importante generar conciencia sobre el autismo, fomentar una sociedad m\u00e1s inclusiva y emp\u00e1tica, mencion\u00f3 Juanita Alonso, y destac\u00f3 que es fundamental visibilizar esta condici\u00f3n, seguir abriendo espacios de integraci\u00f3n que contribuyan al bienestar de las personas con autismo y sus familias.<\/p>\n\n\n\n<p>Con estas acciones, la FPMC facilita entornos accesibles para todos, consolid\u00e1ndose como un referente en la promoci\u00f3n de actividades recreativas y educativas con un enfoque de igualdad y respeto.<\/p>\n","protected":false},"excerpt":{"rendered":"<p>En el marco del D\u00eda Internacional del Autismo, que se conmemora este 2 de abril, la Fundaci\u00f3n de<\/p>\n","protected":false},"author":1,"featured_media":18176,"comment_status":"closed","ping_status":"open","sticky":false,"template":"","format":"standard","meta":{"_monsterinsights_skip_tracking":false,"_monsterinsights_sitenote_active":false,"_monsterinsights_sitenote_note":"","_monsterinsights_sitenote_category":0,"footnotes":""},"categories":[11,24],"tags":[],"class_list":["post-18175","post","type-post","status-publish","format-standard","has-post-thumbnail","hentry","category-noticias","category-quintana-roo"],"yoast_head":"<!-- This site is optimized with the Yoast SEO plugin v18.3 - https:\/\/yoast.com\/wordpress\/plugins\/seo\/ -->\n<title>Recibe la FPMC a integrantes del Centro de Autismo de Cozumel en el Parque Natural Chankanaab - El Puuc Noticias<\/title>\n<meta name=\"robots\" content=\"index, follow, max-snippet:-1, max-image-preview:large, max-video-preview:-1\" \/>\n<link rel=\"canonical\" href=\"https:\/\/elpuucnoticias.com\/?p=18175\" \/>\n<meta property=\"og:locale\" content=\"es_ES\" \/>\n<meta property=\"og:type\" content=\"article\" \/>\n<meta property=\"og:title\" content=\"Recibe la FPMC a integrantes del Centro de Autismo de Cozumel en el Parque Natural Chankanaab - El Puuc Noticias\" \/>\n<meta property=\"og:description\" content=\"En el marco del D\u00eda Internacional del Autismo, que se conmemora este 2 de abril, la Fundaci\u00f3n de\" \/>\n<meta property=\"og:url\" content=\"https:\/\/elpuucnoticias.com\/?p=18175\" \/>\n<meta property=\"og:site_name\" content=\"El Puuc Noticias\" \/>\n<meta property=\"article:published_time\" content=\"2025-04-02T17:24:43+00:00\" \/>\n<meta property=\"article:modified_time\" content=\"2025-04-02T17:24:44+00:00\" \/>\n<meta property=\"og:image\" content=\"https:\/\/elpuucnoticias.com\/wp-content\/uploads\/2025\/04\/whatsapp-image-2025-04-02-at-11.12.51-am.jpeg\" \/>\n\t<meta property=\"og:image:width\" content=\"1600\" \/>\n\t<meta property=\"og:image:height\" content=\"1066\" \/>\n\t<meta property=\"og:image:type\" content=\"image\/jpeg\" \/>\n<meta name=\"twitter:card\" content=\"summary_large_image\" \/>\n<meta name=\"twitter:label1\" content=\"Escrito por\" \/>\n\t<meta name=\"twitter:data1\" content=\"elpuucnoticias\" \/>\n\t<meta name=\"twitter:label2\" content=\"Tiempo de lectura\" \/>\n\t<meta name=\"twitter:data2\" content=\"1 minuto\" \/>\n<script type=\"application\/ld+json\" class=\"yoast-schema-graph\">{\"@context\":\"https:\/\/schema.org\",\"@graph\":[{\"@type\":\"WebSite\",\"@id\":\"https:\/\/elpuucnoticias.com\/#website\",\"url\":\"https:\/\/elpuucnoticias.com\/\",\"name\":\"El Puuc Noticias\",\"description\":\"Noticias - Entretenimiento - Deportes\",\"potentialAction\":[{\"@type\":\"SearchAction\",\"target\":{\"@type\":\"EntryPoint\",\"urlTemplate\":\"https:\/\/elpuucnoticias.com\/?s={search_term_string}\"},\"query-input\":\"required name=search_term_string\"}],\"inLanguage\":\"es\"},{\"@type\":\"ImageObject\",\"@id\":\"https:\/\/elpuucnoticias.com\/?p=18175#primaryimage\",\"inLanguage\":\"es\",\"url\":\"https:\/\/elpuucnoticias.com\/wp-content\/uploads\/2025\/04\/whatsapp-image-2025-04-02-at-11.12.51-am.jpeg\",\"contentUrl\":\"https:\/\/elpuucnoticias.com\/wp-content\/uploads\/2025\/04\/whatsapp-image-2025-04-02-at-11.12.51-am.jpeg\",\"width\":1600,\"height\":1066},{\"@type\":\"WebPage\",\"@id\":\"https:\/\/elpuucnoticias.com\/?p=18175#webpage\",\"url\":\"https:\/\/elpuucnoticias.com\/?p=18175\",\"name\":\"Recibe la FPMC a integrantes del Centro de Autismo de Cozumel en el Parque Natural Chankanaab - El Puuc Noticias\",\"isPartOf\":{\"@id\":\"https:\/\/elpuucnoticias.com\/#website\"},\"primaryImageOfPage\":{\"@id\":\"https:\/\/elpuucnoticias.com\/?p=18175#primaryimage\"},\"datePublished\":\"2025-04-02T17:24:43+00:00\",\"dateModified\":\"2025-04-02T17:24:44+00:00\",\"author\":{\"@id\":\"https:\/\/elpuucnoticias.com\/#\/schema\/person\/d2ea09e4c97f0160b11cdfb1d856bd9e\"},\"breadcrumb\":{\"@id\":\"https:\/\/elpuucnoticias.com\/?p=18175#breadcrumb\"},\"inLanguage\":\"es\",\"potentialAction\":[{\"@type\":\"ReadAction\",\"target\":[\"https:\/\/elpuucnoticias.com\/?p=18175\"]}]},{\"@type\":\"BreadcrumbList\",\"@id\":\"https:\/\/elpuucnoticias.com\/?p=18175#breadcrumb\",\"itemListElement\":[{\"@type\":\"ListItem\",\"position\":1,\"name\":\"Portada\",\"item\":\"https:\/\/elpuucnoticias.com\/\"},{\"@type\":\"ListItem\",\"position\":2,\"name\":\"Recibe la FPMC a integrantes del Centro de Autismo de Cozumel en el Parque Natural Chankanaab\"}]},{\"@type\":\"Person\",\"@id\":\"https:\/\/elpuucnoticias.com\/#\/schema\/person\/d2ea09e4c97f0160b11cdfb1d856bd9e\",\"name\":\"elpuucnoticias\",\"image\":{\"@type\":\"ImageObject\",\"@id\":\"https:\/\/elpuucnoticias.com\/#personlogo\",\"inLanguage\":\"es\",\"url\":\"https:\/\/secure.gravatar.com\/avatar\/5290a43657c74ffa15701dbe5b846bd85cc71930d803c84e91046a7333de6ce2?s=96&d=mm&r=g\",\"contentUrl\":\"https:\/\/secure.gravatar.com\/avatar\/5290a43657c74ffa15701dbe5b846bd85cc71930d803c84e91046a7333de6ce2?s=96&d=mm&r=g\",\"caption\":\"elpuucnoticias\"},\"sameAs\":[\"https:\/\/elpuucnoticias.com\"],\"url\":\"https:\/\/elpuucnoticias.com\/?author=1\"}]}<\/script>\n<!-- \/ Yoast SEO plugin. -->","yoast_head_json":{"title":"Recibe la FPMC a integrantes del Centro de Autismo de Cozumel en el Parque Natural Chankanaab - El Puuc Noticias","robots":{"index":"index","follow":"follow","max-snippet":"max-snippet:-1","max-image-preview":"max-image-preview:large","max-video-preview":"max-video-preview:-1"},"canonical":"https:\/\/elpuucnoticias.com\/?p=18175","og_locale":"es_ES","og_type":"article","og_title":"Recibe la FPMC a integrantes del Centro de Autismo de Cozumel en el Parque Natural Chankanaab - El Puuc Noticias","og_description":"En el marco del D\u00eda Internacional del Autismo, que se conmemora este 2 de abril, la Fundaci\u00f3n de","og_url":"https:\/\/elpuucnoticias.com\/?p=18175","og_site_name":"El Puuc Noticias","article_published_time":"2025-04-02T17:24:43+00:00","article_modified_time":"2025-04-02T17:24:44+00:00","og_image":[{"width":1600,"height":1066,"url":"https:\/\/elpuucnoticias.com\/wp-content\/uploads\/2025\/04\/whatsapp-image-2025-04-02-at-11.12.51-am.jpeg","type":"image\/jpeg"}],"twitter_card":"summary_large_image","twitter_misc":{"Escrito por":"elpuucnoticias","Tiempo de lectura":"1 minuto"},"schema":{"@context":"https:\/\/schema.org","@graph":[{"@type":"WebSite","@id":"https:\/\/elpuucnoticias.com\/#website","url":"https:\/\/elpuucnoticias.com\/","name":"El Puuc Noticias","description":"Noticias - Entretenimiento - Deportes","potentialAction":[{"@type":"SearchAction","target":{"@type":"EntryPoint","urlTemplate":"https:\/\/elpuucnoticias.com\/?s={search_term_string}"},"query-input":"required name=search_term_string"}],"inLanguage":"es"},{"@type":"ImageObject","@id":"https:\/\/elpuucnoticias.com\/?p=18175#primaryimage","inLanguage":"es","url":"https:\/\/elpuucnoticias.com\/wp-content\/uploads\/2025\/04\/whatsapp-image-2025-04-02-at-11.12.51-am.jpeg","contentUrl":"https:\/\/elpuucnoticias.com\/wp-content\/uploads\/2025\/04\/whatsapp-image-2025-04-02-at-11.12.51-am.jpeg","width":1600,"height":1066},{"@type":"WebPage","@id":"https:\/\/elpuucnoticias.com\/?p=18175#webpage","url":"https:\/\/elpuucnoticias.com\/?p=18175","name":"Recibe la FPMC a integrantes del Centro de Autismo de Cozumel en el Parque Natural Chankanaab - El Puuc Noticias","isPartOf":{"@id":"https:\/\/elpuucnoticias.com\/#website"},"primaryImageOfPage":{"@id":"https:\/\/elpuucnoticias.com\/?p=18175#primaryimage"},"datePublished":"2025-04-02T17:24:43+00:00","dateModified":"2025-04-02T17:24:44+00:00","author":{"@id":"https:\/\/elpuucnoticias.com\/#\/schema\/person\/d2ea09e4c97f0160b11cdfb1d856bd9e"},"breadcrumb":{"@id":"https:\/\/elpuucnoticias.com\/?p=18175#breadcrumb"},"inLanguage":"es","potentialAction":[{"@type":"ReadAction","target":["https:\/\/elpuucnoticias.com\/?p=18175"]}]},{"@type":"BreadcrumbList","@id":"https:\/\/elpuucnoticias.com\/?p=18175#breadcrumb","itemListElement":[{"@type":"ListItem","position":1,"name":"Portada","item":"https:\/\/elpuucnoticias.com\/"},{"@type":"ListItem","position":2,"name":"Recibe la FPMC a integrantes del Centro de Autismo de Cozumel en el Parque Natural Chankanaab"}]},{"@type":"Person","@id":"https:\/\/elpuucnoticias.com\/#\/schema\/person\/d2ea09e4c97f0160b11cdfb1d856bd9e","name":"elpuucnoticias","image":{"@type":"ImageObject","@id":"https:\/\/elpuucnoticias.com\/#personlogo","inLanguage":"es","url":"https:\/\/secure.gravatar.com\/avatar\/5290a43657c74ffa15701dbe5b846bd85cc71930d803c84e91046a7333de6ce2?s=96&d=mm&r=g","contentUrl":"https:\/\/secure.gravatar.com\/avatar\/5290a43657c74ffa15701dbe5b846bd85cc71930d803c84e91046a7333de6ce2?s=96&d=mm&r=g","caption":"elpuucnoticias"},"sameAs":["https:\/\/elpuucnoticias.com"],"url":"https:\/\/elpuucnoticias.com\/?author=1"}]}},"_links":{"self":[{"href":"https:\/\/elpuucnoticias.com\/index.php?rest_route=\/wp\/v2\/posts\/18175","targetHints":{"allow":["GET"]}}],"collection":[{"href":"https:\/\/elpuucnoticias.com\/index.php?rest_route=\/wp\/v2\/posts"}],"about":[{"href":"https:\/\/elpuucnoticias.com\/index.php?rest_route=\/wp\/v2\/types\/post"}],"author":[{"embeddable":true,"href":"https:\/\/elpuucnoticias.com\/index.php?rest_route=\/wp\/v2\/users\/1"}],"replies":[{"embeddable":true,"href":"https:\/\/elpuucnoticias.com\/index.php?rest_route=%2Fwp%2Fv2%2Fcomments&post=18175"}],"version-history":[{"count":1,"href":"https:\/\/elpuucnoticias.com\/index.php?rest_route=\/wp\/v2\/posts\/18175\/revisions"}],"predecessor-version":[{"id":18177,"href":"https:\/\/elpuucnoticias.com\/index.php?rest_route=\/wp\/v2\/posts\/18175\/revisions\/18177"}],"wp:featuredmedia":[{"embeddable":true,"href":"https:\/\/elpuucnoticias.com\/index.php?rest_route=\/wp\/v2\/media\/18176"}],"wp:attachment":[{"href":"https:\/\/elpuucnoticias.com\/index.php?rest_route=%2Fwp%2Fv2%2Fmedia&parent=18175"}],"wp:term":[{"taxonomy":"category","embeddable":true,"href":"https:\/\/elpuucnoticias.com\/index.php?rest_route=%2Fwp%2Fv2%2Fcategories&post=18175"},{"taxonomy":"post_tag","embeddable":true,"href":"https:\/\/elpuucnoticias.com\/index.php?rest_route=%2Fwp%2Fv2%2Ftags&post=18175"}],"curies":[{"name":"wp","href":"https:\/\/api.w.org\/{rel}","templated":true}]}}