{"id":18219,"date":"2025-05-12T14:07:34","date_gmt":"2025-05-12T20:07:34","guid":{"rendered":"https:\/\/elpuucnoticias.com\/?p=18219"},"modified":"2025-05-12T14:07:35","modified_gmt":"2025-05-12T20:07:35","slug":"ponen-en-marcha-ferias-de-paz-en-playa-del-carmen","status":"publish","type":"post","link":"https:\/\/elpuucnoticias.com\/?p=18219","title":{"rendered":"Ponen en marcha Ferias de Paz en Playa del Carmen"},"content":{"rendered":"\n<p>Con el objetivo de evitar la portaci\u00f3n de armas de fuego, municiones y explosivos y fortalecer la cultura de paz, el Secretariado Ejecutivo del Sistema Estatal de Seguridad Ciudadana (SESESC) en coordinaci\u00f3n con la Secretar\u00eda de la Defensa Nacional (SEDENA) y el Ayuntamiento de Playa del Carmen, pusieron en marcha las Ferias de Paz y Desarme Voluntario 2025 \u201cS\u00ed al Desarme, S\u00ed a la Paz\u201d en la cabecera municipal.<\/p>\n\n\n\n<figure class=\"wp-block-gallery has-nested-images columns-default is-cropped wp-block-gallery-1 is-layout-flex wp-block-gallery-is-layout-flex\">\n<figure class=\"wp-block-image size-large is-style-default\"><img loading=\"lazy\" decoding=\"async\" width=\"1024\" height=\"682\" data-id=\"18220\" src=\"https:\/\/elpuucnoticias.com\/wp-content\/uploads\/2025\/05\/whatsapp-image-2025-05-12-at-1.38.50-pm-1-1024x682.jpeg\" alt=\"\" class=\"wp-image-18220\" srcset=\"https:\/\/elpuucnoticias.com\/wp-content\/uploads\/2025\/05\/whatsapp-image-2025-05-12-at-1.38.50-pm-1-1024x682.jpeg 1024w, https:\/\/elpuucnoticias.com\/wp-content\/uploads\/2025\/05\/whatsapp-image-2025-05-12-at-1.38.50-pm-1-300x200.jpeg 300w, https:\/\/elpuucnoticias.com\/wp-content\/uploads\/2025\/05\/whatsapp-image-2025-05-12-at-1.38.50-pm-1-768x512.jpeg 768w, https:\/\/elpuucnoticias.com\/wp-content\/uploads\/2025\/05\/whatsapp-image-2025-05-12-at-1.38.50-pm-1-1536x1023.jpeg 1536w, https:\/\/elpuucnoticias.com\/wp-content\/uploads\/2025\/05\/whatsapp-image-2025-05-12-at-1.38.50-pm-1-600x400.jpeg 600w, https:\/\/elpuucnoticias.com\/wp-content\/uploads\/2025\/05\/whatsapp-image-2025-05-12-at-1.38.50-pm-1-320x213.jpeg 320w, https:\/\/elpuucnoticias.com\/wp-content\/uploads\/2025\/05\/whatsapp-image-2025-05-12-at-1.38.50-pm-1.jpeg 1600w\" sizes=\"auto, (max-width: 1024px) 100vw, 1024px\" \/><\/figure>\n\n\n\n<figure class=\"wp-block-image size-large is-style-default\"><img loading=\"lazy\" decoding=\"async\" width=\"1024\" height=\"682\" data-id=\"18221\" src=\"https:\/\/elpuucnoticias.com\/wp-content\/uploads\/2025\/05\/whatsapp-image-2025-05-12-at-1.38.51-pm-2-1024x682.jpeg\" alt=\"\" class=\"wp-image-18221\" srcset=\"https:\/\/elpuucnoticias.com\/wp-content\/uploads\/2025\/05\/whatsapp-image-2025-05-12-at-1.38.51-pm-2-1024x682.jpeg 1024w, https:\/\/elpuucnoticias.com\/wp-content\/uploads\/2025\/05\/whatsapp-image-2025-05-12-at-1.38.51-pm-2-300x200.jpeg 300w, https:\/\/elpuucnoticias.com\/wp-content\/uploads\/2025\/05\/whatsapp-image-2025-05-12-at-1.38.51-pm-2-768x512.jpeg 768w, https:\/\/elpuucnoticias.com\/wp-content\/uploads\/2025\/05\/whatsapp-image-2025-05-12-at-1.38.51-pm-2-1536x1023.jpeg 1536w, https:\/\/elpuucnoticias.com\/wp-content\/uploads\/2025\/05\/whatsapp-image-2025-05-12-at-1.38.51-pm-2-600x400.jpeg 600w, https:\/\/elpuucnoticias.com\/wp-content\/uploads\/2025\/05\/whatsapp-image-2025-05-12-at-1.38.51-pm-2-320x213.jpeg 320w, https:\/\/elpuucnoticias.com\/wp-content\/uploads\/2025\/05\/whatsapp-image-2025-05-12-at-1.38.51-pm-2.jpeg 1600w\" sizes=\"auto, (max-width: 1024px) 100vw, 1024px\" \/><\/figure>\n<\/figure>\n\n\n\n<p>El titular del SESESC Adri\u00e1n Mart\u00ednez Ortega, dijo que como parte del Nuevo Acuerdo por el Bienestar y Desarrollo de Quintana Roo que promueve la gobernadora Mara Lezama Espinosa, busca prevenir desde temprana edad que la ni\u00f1ez, las y los adolescentes se involucren en situaciones de riesgo que conllevan a conductas delictivas.<\/p>\n\n\n\n<p>El objetivo principal de las Ferias de Paz es poner fuera de circulaci\u00f3n de forma voluntaria y anonimato armas de fuego, municiones y explosivos y que son intercambiados por un incentivo econ\u00f3mico, sin investigar su procedencia.<\/p>\n\n\n\n<p>Adem\u00e1s, se busca fomentar la cultura de paz entre las ni\u00f1as y ni\u00f1os, intercambiando juguetes b\u00e9licos (pistolas, espadas y videojuegos que fomenten la violencia) por no violentos.<\/p>\n\n\n\n<p>El evento arranc\u00f3 este lunes en un conocido centro comercial de Villas del Sol; y continuar\u00e1 el martes 13 en el GEAVIC; el mi\u00e9rcoles 14 en el parque L\u00e1zaro C\u00e1rdenas de la colonia Colosio; el jueves 15 en Cristo Rey y el viernes 16 de nueva cuenta en el parque L\u00e1zaro C\u00e1rdenas de la colonia Colosio de la cabecera municipal de Playa del Carmen, en horario de 09:00 a 14:00 horas.<\/p>\n\n\n\n<p>Por su parte la presidenta municipal de Playa del Carmen, Estefan\u00eda Mercado Asencio, dijo que con estas acciones se reafirma el compromiso de la prevenci\u00f3n del delito.<\/p>\n","protected":false},"excerpt":{"rendered":"<p>Con el objetivo de evitar la portaci\u00f3n de armas de fuego, municiones y explosivos y fortalecer la cultura<\/p>\n","protected":false},"author":1,"featured_media":18222,"comment_status":"closed","ping_status":"open","sticky":false,"template":"","format":"standard","meta":{"_monsterinsights_skip_tracking":false,"_monsterinsights_sitenote_active":false,"_monsterinsights_sitenote_note":"","_monsterinsights_sitenote_category":0,"footnotes":""},"categories":[11,24],"tags":[],"class_list":["post-18219","post","type-post","status-publish","format-standard","has-post-thumbnail","hentry","category-noticias","category-quintana-roo"],"yoast_head":"<!-- This site is optimized with the Yoast SEO plugin v18.3 - https:\/\/yoast.com\/wordpress\/plugins\/seo\/ -->\n<title>Ponen en marcha Ferias de Paz en Playa del Carmen - El Puuc Noticias<\/title>\n<meta name=\"robots\" content=\"index, follow, max-snippet:-1, max-image-preview:large, max-video-preview:-1\" \/>\n<link rel=\"canonical\" href=\"https:\/\/elpuucnoticias.com\/?p=18219\" \/>\n<meta property=\"og:locale\" content=\"es_ES\" \/>\n<meta property=\"og:type\" content=\"article\" \/>\n<meta property=\"og:title\" content=\"Ponen en marcha Ferias de Paz en Playa del Carmen - El Puuc Noticias\" \/>\n<meta property=\"og:description\" content=\"Con el objetivo de evitar la portaci\u00f3n de armas de fuego, municiones y explosivos y fortalecer la cultura\" \/>\n<meta property=\"og:url\" content=\"https:\/\/elpuucnoticias.com\/?p=18219\" \/>\n<meta property=\"og:site_name\" content=\"El Puuc Noticias\" \/>\n<meta property=\"article:published_time\" content=\"2025-05-12T20:07:34+00:00\" \/>\n<meta property=\"article:modified_time\" content=\"2025-05-12T20:07:35+00:00\" \/>\n<meta property=\"og:image\" content=\"https:\/\/elpuucnoticias.com\/wp-content\/uploads\/2025\/05\/whatsapp-image-2025-05-12-at-1.38.50-pm.jpeg\" \/>\n\t<meta property=\"og:image:width\" content=\"1600\" \/>\n\t<meta property=\"og:image:height\" content=\"1066\" \/>\n\t<meta property=\"og:image:type\" content=\"image\/jpeg\" \/>\n<meta name=\"twitter:card\" content=\"summary_large_image\" \/>\n<meta name=\"twitter:label1\" content=\"Escrito por\" \/>\n\t<meta name=\"twitter:data1\" content=\"elpuucnoticias\" \/>\n\t<meta name=\"twitter:label2\" content=\"Tiempo de lectura\" \/>\n\t<meta name=\"twitter:data2\" content=\"1 minuto\" \/>\n<script type=\"application\/ld+json\" class=\"yoast-schema-graph\">{\"@context\":\"https:\/\/schema.org\",\"@graph\":[{\"@type\":\"WebSite\",\"@id\":\"https:\/\/elpuucnoticias.com\/#website\",\"url\":\"https:\/\/elpuucnoticias.com\/\",\"name\":\"El Puuc Noticias\",\"description\":\"Noticias - Entretenimiento - Deportes\",\"potentialAction\":[{\"@type\":\"SearchAction\",\"target\":{\"@type\":\"EntryPoint\",\"urlTemplate\":\"https:\/\/elpuucnoticias.com\/?s={search_term_string}\"},\"query-input\":\"required name=search_term_string\"}],\"inLanguage\":\"es\"},{\"@type\":\"ImageObject\",\"@id\":\"https:\/\/elpuucnoticias.com\/?p=18219#primaryimage\",\"inLanguage\":\"es\",\"url\":\"https:\/\/elpuucnoticias.com\/wp-content\/uploads\/2025\/05\/whatsapp-image-2025-05-12-at-1.38.50-pm.jpeg\",\"contentUrl\":\"https:\/\/elpuucnoticias.com\/wp-content\/uploads\/2025\/05\/whatsapp-image-2025-05-12-at-1.38.50-pm.jpeg\",\"width\":1600,\"height\":1066},{\"@type\":\"WebPage\",\"@id\":\"https:\/\/elpuucnoticias.com\/?p=18219#webpage\",\"url\":\"https:\/\/elpuucnoticias.com\/?p=18219\",\"name\":\"Ponen en marcha Ferias de Paz en Playa del Carmen - El Puuc Noticias\",\"isPartOf\":{\"@id\":\"https:\/\/elpuucnoticias.com\/#website\"},\"primaryImageOfPage\":{\"@id\":\"https:\/\/elpuucnoticias.com\/?p=18219#primaryimage\"},\"datePublished\":\"2025-05-12T20:07:34+00:00\",\"dateModified\":\"2025-05-12T20:07:35+00:00\",\"author\":{\"@id\":\"https:\/\/elpuucnoticias.com\/#\/schema\/person\/d2ea09e4c97f0160b11cdfb1d856bd9e\"},\"breadcrumb\":{\"@id\":\"https:\/\/elpuucnoticias.com\/?p=18219#breadcrumb\"},\"inLanguage\":\"es\",\"potentialAction\":[{\"@type\":\"ReadAction\",\"target\":[\"https:\/\/elpuucnoticias.com\/?p=18219\"]}]},{\"@type\":\"BreadcrumbList\",\"@id\":\"https:\/\/elpuucnoticias.com\/?p=18219#breadcrumb\",\"itemListElement\":[{\"@type\":\"ListItem\",\"position\":1,\"name\":\"Portada\",\"item\":\"https:\/\/elpuucnoticias.com\/\"},{\"@type\":\"ListItem\",\"position\":2,\"name\":\"Ponen en marcha Ferias de Paz en Playa del Carmen\"}]},{\"@type\":\"Person\",\"@id\":\"https:\/\/elpuucnoticias.com\/#\/schema\/person\/d2ea09e4c97f0160b11cdfb1d856bd9e\",\"name\":\"elpuucnoticias\",\"image\":{\"@type\":\"ImageObject\",\"@id\":\"https:\/\/elpuucnoticias.com\/#personlogo\",\"inLanguage\":\"es\",\"url\":\"https:\/\/secure.gravatar.com\/avatar\/5290a43657c74ffa15701dbe5b846bd85cc71930d803c84e91046a7333de6ce2?s=96&d=mm&r=g\",\"contentUrl\":\"https:\/\/secure.gravatar.com\/avatar\/5290a43657c74ffa15701dbe5b846bd85cc71930d803c84e91046a7333de6ce2?s=96&d=mm&r=g\",\"caption\":\"elpuucnoticias\"},\"sameAs\":[\"https:\/\/elpuucnoticias.com\"],\"url\":\"https:\/\/elpuucnoticias.com\/?author=1\"}]}<\/script>\n<!-- \/ Yoast SEO plugin. -->","yoast_head_json":{"title":"Ponen en marcha Ferias de Paz en Playa del Carmen - El Puuc Noticias","robots":{"index":"index","follow":"follow","max-snippet":"max-snippet:-1","max-image-preview":"max-image-preview:large","max-video-preview":"max-video-preview:-1"},"canonical":"https:\/\/elpuucnoticias.com\/?p=18219","og_locale":"es_ES","og_type":"article","og_title":"Ponen en marcha Ferias de Paz en Playa del Carmen - El Puuc Noticias","og_description":"Con el objetivo de evitar la portaci\u00f3n de armas de fuego, municiones y explosivos y fortalecer la cultura","og_url":"https:\/\/elpuucnoticias.com\/?p=18219","og_site_name":"El Puuc Noticias","article_published_time":"2025-05-12T20:07:34+00:00","article_modified_time":"2025-05-12T20:07:35+00:00","og_image":[{"width":1600,"height":1066,"url":"https:\/\/elpuucnoticias.com\/wp-content\/uploads\/2025\/05\/whatsapp-image-2025-05-12-at-1.38.50-pm.jpeg","type":"image\/jpeg"}],"twitter_card":"summary_large_image","twitter_misc":{"Escrito por":"elpuucnoticias","Tiempo de lectura":"1 minuto"},"schema":{"@context":"https:\/\/schema.org","@graph":[{"@type":"WebSite","@id":"https:\/\/elpuucnoticias.com\/#website","url":"https:\/\/elpuucnoticias.com\/","name":"El Puuc Noticias","description":"Noticias - Entretenimiento - Deportes","potentialAction":[{"@type":"SearchAction","target":{"@type":"EntryPoint","urlTemplate":"https:\/\/elpuucnoticias.com\/?s={search_term_string}"},"query-input":"required name=search_term_string"}],"inLanguage":"es"},{"@type":"ImageObject","@id":"https:\/\/elpuucnoticias.com\/?p=18219#primaryimage","inLanguage":"es","url":"https:\/\/elpuucnoticias.com\/wp-content\/uploads\/2025\/05\/whatsapp-image-2025-05-12-at-1.38.50-pm.jpeg","contentUrl":"https:\/\/elpuucnoticias.com\/wp-content\/uploads\/2025\/05\/whatsapp-image-2025-05-12-at-1.38.50-pm.jpeg","width":1600,"height":1066},{"@type":"WebPage","@id":"https:\/\/elpuucnoticias.com\/?p=18219#webpage","url":"https:\/\/elpuucnoticias.com\/?p=18219","name":"Ponen en marcha Ferias de Paz en Playa del Carmen - El Puuc Noticias","isPartOf":{"@id":"https:\/\/elpuucnoticias.com\/#website"},"primaryImageOfPage":{"@id":"https:\/\/elpuucnoticias.com\/?p=18219#primaryimage"},"datePublished":"2025-05-12T20:07:34+00:00","dateModified":"2025-05-12T20:07:35+00:00","author":{"@id":"https:\/\/elpuucnoticias.com\/#\/schema\/person\/d2ea09e4c97f0160b11cdfb1d856bd9e"},"breadcrumb":{"@id":"https:\/\/elpuucnoticias.com\/?p=18219#breadcrumb"},"inLanguage":"es","potentialAction":[{"@type":"ReadAction","target":["https:\/\/elpuucnoticias.com\/?p=18219"]}]},{"@type":"BreadcrumbList","@id":"https:\/\/elpuucnoticias.com\/?p=18219#breadcrumb","itemListElement":[{"@type":"ListItem","position":1,"name":"Portada","item":"https:\/\/elpuucnoticias.com\/"},{"@type":"ListItem","position":2,"name":"Ponen en marcha Ferias de Paz en Playa del Carmen"}]},{"@type":"Person","@id":"https:\/\/elpuucnoticias.com\/#\/schema\/person\/d2ea09e4c97f0160b11cdfb1d856bd9e","name":"elpuucnoticias","image":{"@type":"ImageObject","@id":"https:\/\/elpuucnoticias.com\/#personlogo","inLanguage":"es","url":"https:\/\/secure.gravatar.com\/avatar\/5290a43657c74ffa15701dbe5b846bd85cc71930d803c84e91046a7333de6ce2?s=96&d=mm&r=g","contentUrl":"https:\/\/secure.gravatar.com\/avatar\/5290a43657c74ffa15701dbe5b846bd85cc71930d803c84e91046a7333de6ce2?s=96&d=mm&r=g","caption":"elpuucnoticias"},"sameAs":["https:\/\/elpuucnoticias.com"],"url":"https:\/\/elpuucnoticias.com\/?author=1"}]}},"_links":{"self":[{"href":"https:\/\/elpuucnoticias.com\/index.php?rest_route=\/wp\/v2\/posts\/18219","targetHints":{"allow":["GET"]}}],"collection":[{"href":"https:\/\/elpuucnoticias.com\/index.php?rest_route=\/wp\/v2\/posts"}],"about":[{"href":"https:\/\/elpuucnoticias.com\/index.php?rest_route=\/wp\/v2\/types\/post"}],"author":[{"embeddable":true,"href":"https:\/\/elpuucnoticias.com\/index.php?rest_route=\/wp\/v2\/users\/1"}],"replies":[{"embeddable":true,"href":"https:\/\/elpuucnoticias.com\/index.php?rest_route=%2Fwp%2Fv2%2Fcomments&post=18219"}],"version-history":[{"count":1,"href":"https:\/\/elpuucnoticias.com\/index.php?rest_route=\/wp\/v2\/posts\/18219\/revisions"}],"predecessor-version":[{"id":18223,"href":"https:\/\/elpuucnoticias.com\/index.php?rest_route=\/wp\/v2\/posts\/18219\/revisions\/18223"}],"wp:featuredmedia":[{"embeddable":true,"href":"https:\/\/elpuucnoticias.com\/index.php?rest_route=\/wp\/v2\/media\/18222"}],"wp:attachment":[{"href":"https:\/\/elpuucnoticias.com\/index.php?rest_route=%2Fwp%2Fv2%2Fmedia&parent=18219"}],"wp:term":[{"taxonomy":"category","embeddable":true,"href":"https:\/\/elpuucnoticias.com\/index.php?rest_route=%2Fwp%2Fv2%2Fcategories&post=18219"},{"taxonomy":"post_tag","embeddable":true,"href":"https:\/\/elpuucnoticias.com\/index.php?rest_route=%2Fwp%2Fv2%2Ftags&post=18219"}],"curies":[{"name":"wp","href":"https:\/\/api.w.org\/{rel}","templated":true}]}}