{"id":18227,"date":"2025-05-12T14:17:49","date_gmt":"2025-05-12T20:17:49","guid":{"rendered":"https:\/\/elpuucnoticias.com\/?p=18227"},"modified":"2025-05-12T14:17:49","modified_gmt":"2025-05-12T20:17:49","slug":"el-museo-de-la-isla-inaugura-la-exposicion-somagrafias-totem-maternal-del-movimiento-y-la-memoria","status":"publish","type":"post","link":"https:\/\/elpuucnoticias.com\/?p=18227","title":{"rendered":"El Museo de la Isla inaugura la exposici\u00f3n \u201cSomagraf\u00edas: T\u00f3tem maternal del movimiento y la memoria\u201d"},"content":{"rendered":"\n<p>Para celebrar el D\u00eda de la Madre, la Fundaci\u00f3n de Parques y Museos de Cozumel (FPMC) invita a la comunidad a la inauguraci\u00f3n de la exposici\u00f3n \u201cSomagraf\u00edas: T\u00f3tem maternal del movimiento y la memoria\u201d de la artista L\u00eda Viridiana Dom\u00ednguez, que se llevar\u00e1 a cabo el jueves 15 de mayo a las 20:00 horas en el Museo de la Isla, entrada es libre.<\/p>\n\n\n\n<p>La muestra presenta una innovadora propuesta donde el arte visual y esc\u00e9nico se fusionan en una misma ejecuci\u00f3n. Las somagraf\u00edas son creaciones pl\u00e1sticas que nacen del movimiento del cuerpo, la danza, el trazo y la memoria, haciendo visible el v\u00ednculo entre lo corporal y lo gr\u00e1fico, explic\u00f3 la directora del centro museogr\u00e1fico, Isela Carrillo Cupul.<\/p>\n\n\n\n<figure class=\"wp-block-gallery has-nested-images columns-default is-cropped wp-block-gallery-1 is-layout-flex wp-block-gallery-is-layout-flex\">\n<figure class=\"wp-block-image size-large is-style-default\"><img loading=\"lazy\" decoding=\"async\" width=\"1024\" height=\"912\" data-id=\"18230\" src=\"https:\/\/elpuucnoticias.com\/wp-content\/uploads\/2025\/05\/whatsapp-image-2025-05-12-at-1.38.54-pm-2-1024x912.jpeg\" alt=\"\" class=\"wp-image-18230\" srcset=\"https:\/\/elpuucnoticias.com\/wp-content\/uploads\/2025\/05\/whatsapp-image-2025-05-12-at-1.38.54-pm-2-1024x912.jpeg 1024w, https:\/\/elpuucnoticias.com\/wp-content\/uploads\/2025\/05\/whatsapp-image-2025-05-12-at-1.38.54-pm-2-300x267.jpeg 300w, https:\/\/elpuucnoticias.com\/wp-content\/uploads\/2025\/05\/whatsapp-image-2025-05-12-at-1.38.54-pm-2-768x684.jpeg 768w, https:\/\/elpuucnoticias.com\/wp-content\/uploads\/2025\/05\/whatsapp-image-2025-05-12-at-1.38.54-pm-2-1536x1368.jpeg 1536w, https:\/\/elpuucnoticias.com\/wp-content\/uploads\/2025\/05\/whatsapp-image-2025-05-12-at-1.38.54-pm-2-320x285.jpeg 320w, https:\/\/elpuucnoticias.com\/wp-content\/uploads\/2025\/05\/whatsapp-image-2025-05-12-at-1.38.54-pm-2.jpeg 1600w\" sizes=\"auto, (max-width: 1024px) 100vw, 1024px\" \/><\/figure>\n\n\n\n<figure class=\"wp-block-image size-large is-style-default\"><img loading=\"lazy\" decoding=\"async\" width=\"1024\" height=\"460\" data-id=\"18229\" src=\"https:\/\/elpuucnoticias.com\/wp-content\/uploads\/2025\/05\/whatsapp-image-2025-05-12-at-1.38.53-pm-1-1024x460.jpeg\" alt=\"\" class=\"wp-image-18229\" srcset=\"https:\/\/elpuucnoticias.com\/wp-content\/uploads\/2025\/05\/whatsapp-image-2025-05-12-at-1.38.53-pm-1-1024x460.jpeg 1024w, https:\/\/elpuucnoticias.com\/wp-content\/uploads\/2025\/05\/whatsapp-image-2025-05-12-at-1.38.53-pm-1-300x135.jpeg 300w, https:\/\/elpuucnoticias.com\/wp-content\/uploads\/2025\/05\/whatsapp-image-2025-05-12-at-1.38.53-pm-1-768x345.jpeg 768w, https:\/\/elpuucnoticias.com\/wp-content\/uploads\/2025\/05\/whatsapp-image-2025-05-12-at-1.38.53-pm-1-1536x690.jpeg 1536w, https:\/\/elpuucnoticias.com\/wp-content\/uploads\/2025\/05\/whatsapp-image-2025-05-12-at-1.38.53-pm-1-320x144.jpeg 320w, https:\/\/elpuucnoticias.com\/wp-content\/uploads\/2025\/05\/whatsapp-image-2025-05-12-at-1.38.53-pm-1.jpeg 1600w\" sizes=\"auto, (max-width: 1024px) 100vw, 1024px\" \/><\/figure>\n\n\n\n<figure class=\"wp-block-image size-large is-style-default\"><img loading=\"lazy\" decoding=\"async\" width=\"1024\" height=\"1024\" data-id=\"18228\" src=\"https:\/\/elpuucnoticias.com\/wp-content\/uploads\/2025\/05\/whatsapp-image-2025-05-12-at-1.38.53-pm-1024x1024.jpeg\" alt=\"\" class=\"wp-image-18228\" srcset=\"https:\/\/elpuucnoticias.com\/wp-content\/uploads\/2025\/05\/whatsapp-image-2025-05-12-at-1.38.53-pm-1024x1024.jpeg 1024w, https:\/\/elpuucnoticias.com\/wp-content\/uploads\/2025\/05\/whatsapp-image-2025-05-12-at-1.38.53-pm-300x300.jpeg 300w, https:\/\/elpuucnoticias.com\/wp-content\/uploads\/2025\/05\/whatsapp-image-2025-05-12-at-1.38.53-pm-150x150.jpeg 150w, https:\/\/elpuucnoticias.com\/wp-content\/uploads\/2025\/05\/whatsapp-image-2025-05-12-at-1.38.53-pm-768x768.jpeg 768w, https:\/\/elpuucnoticias.com\/wp-content\/uploads\/2025\/05\/whatsapp-image-2025-05-12-at-1.38.53-pm-320x320.jpeg 320w, https:\/\/elpuucnoticias.com\/wp-content\/uploads\/2025\/05\/whatsapp-image-2025-05-12-at-1.38.53-pm.jpeg 1242w\" sizes=\"auto, (max-width: 1024px) 100vw, 1024px\" \/><\/figure>\n<\/figure>\n\n\n\n<p>Agreg\u00f3 que el eje tem\u00e1tico gira en torno al s\u00edmbolo de la madre como generadora de vida, protectora, fecunda y c\u00edclica, vinculada con la tierra, la luna y las deidades femeninas de diversas culturas. A trav\u00e9s de dibujos en acr\u00edlico, mapas intervenidos y piezas de gran fuerza simb\u00f3lica, la artista invita a reflexionar sobre la maternidad como memoria colectiva, origen y transformaci\u00f3n.<\/p>\n\n\n\n<p>La directora general de la FPMC, Juanita Alonso Marrufo, destac\u00f3 que la instituci\u00f3n impulsa que las m\u00e1s variadas manifestaciones art\u00edsticas est\u00e9n al alcance de toda la comunidad, atrayendo al recinto museogr\u00e1fico a personas de todas las edades.<\/p>\n\n\n\n<p>\u201cQueremos que el arte sea una herramienta de desarrollo personal y colectivo, tal como lo promueve la gobernadora Mara Lezama Espinosa en el Nuevo Acuerdo por el Bienestar y Desarrollo de Quintana Roo\u201d, afirm\u00f3.<\/p>\n\n\n\n<p>La exposici\u00f3n estar\u00e1 montada de forma no convencional, con obras en distintos formatos y orientaciones, creando una experiencia inmersiva que rompe con la visi\u00f3n est\u00e1tica del arte y toda la comunidad puede tener un acercamiento a este tipo de arte, que esta ocasi\u00f3n est\u00e1 dedicada a las mujeres en el marco del D\u00eda de la Madre.<\/p>\n","protected":false},"excerpt":{"rendered":"<p>Para celebrar el D\u00eda de la Madre, la Fundaci\u00f3n de Parques y Museos de Cozumel (FPMC) invita a<\/p>\n","protected":false},"author":1,"featured_media":18231,"comment_status":"closed","ping_status":"open","sticky":false,"template":"","format":"standard","meta":{"_monsterinsights_skip_tracking":false,"_monsterinsights_sitenote_active":false,"_monsterinsights_sitenote_note":"","_monsterinsights_sitenote_category":0,"footnotes":""},"categories":[11,24],"tags":[],"class_list":["post-18227","post","type-post","status-publish","format-standard","has-post-thumbnail","hentry","category-noticias","category-quintana-roo"],"yoast_head":"<!-- This site is optimized with the Yoast SEO plugin v18.3 - https:\/\/yoast.com\/wordpress\/plugins\/seo\/ -->\n<title>El Museo de la Isla inaugura la exposici\u00f3n \u201cSomagraf\u00edas: T\u00f3tem maternal del movimiento y la memoria\u201d - El Puuc Noticias<\/title>\n<meta name=\"robots\" content=\"index, follow, max-snippet:-1, max-image-preview:large, max-video-preview:-1\" \/>\n<link rel=\"canonical\" href=\"https:\/\/elpuucnoticias.com\/?p=18227\" \/>\n<meta property=\"og:locale\" content=\"es_ES\" \/>\n<meta property=\"og:type\" content=\"article\" \/>\n<meta property=\"og:title\" content=\"El Museo de la Isla inaugura la exposici\u00f3n \u201cSomagraf\u00edas: T\u00f3tem maternal del movimiento y la memoria\u201d - El Puuc Noticias\" \/>\n<meta property=\"og:description\" content=\"Para celebrar el D\u00eda de la Madre, la Fundaci\u00f3n de Parques y Museos de Cozumel (FPMC) invita a\" \/>\n<meta property=\"og:url\" content=\"https:\/\/elpuucnoticias.com\/?p=18227\" \/>\n<meta property=\"og:site_name\" content=\"El Puuc Noticias\" \/>\n<meta property=\"article:published_time\" content=\"2025-05-12T20:17:49+00:00\" \/>\n<meta property=\"og:image\" content=\"https:\/\/elpuucnoticias.com\/wp-content\/uploads\/2025\/05\/whatsapp-image-2025-05-12-at-1.38.54-pm-3.jpeg\" \/>\n\t<meta property=\"og:image:width\" content=\"1600\" \/>\n\t<meta property=\"og:image:height\" content=\"902\" \/>\n\t<meta property=\"og:image:type\" content=\"image\/jpeg\" \/>\n<meta name=\"twitter:card\" content=\"summary_large_image\" \/>\n<meta name=\"twitter:label1\" content=\"Escrito por\" \/>\n\t<meta name=\"twitter:data1\" content=\"elpuucnoticias\" \/>\n\t<meta name=\"twitter:label2\" content=\"Tiempo de lectura\" \/>\n\t<meta name=\"twitter:data2\" content=\"2 minutos\" \/>\n<script type=\"application\/ld+json\" class=\"yoast-schema-graph\">{\"@context\":\"https:\/\/schema.org\",\"@graph\":[{\"@type\":\"WebSite\",\"@id\":\"https:\/\/elpuucnoticias.com\/#website\",\"url\":\"https:\/\/elpuucnoticias.com\/\",\"name\":\"El Puuc Noticias\",\"description\":\"Noticias - Entretenimiento - Deportes\",\"potentialAction\":[{\"@type\":\"SearchAction\",\"target\":{\"@type\":\"EntryPoint\",\"urlTemplate\":\"https:\/\/elpuucnoticias.com\/?s={search_term_string}\"},\"query-input\":\"required name=search_term_string\"}],\"inLanguage\":\"es\"},{\"@type\":\"ImageObject\",\"@id\":\"https:\/\/elpuucnoticias.com\/?p=18227#primaryimage\",\"inLanguage\":\"es\",\"url\":\"https:\/\/elpuucnoticias.com\/wp-content\/uploads\/2025\/05\/whatsapp-image-2025-05-12-at-1.38.54-pm-3.jpeg\",\"contentUrl\":\"https:\/\/elpuucnoticias.com\/wp-content\/uploads\/2025\/05\/whatsapp-image-2025-05-12-at-1.38.54-pm-3.jpeg\",\"width\":1600,\"height\":902},{\"@type\":\"WebPage\",\"@id\":\"https:\/\/elpuucnoticias.com\/?p=18227#webpage\",\"url\":\"https:\/\/elpuucnoticias.com\/?p=18227\",\"name\":\"El Museo de la Isla inaugura la exposici\u00f3n \u201cSomagraf\u00edas: T\u00f3tem maternal del movimiento y la memoria\u201d - El Puuc Noticias\",\"isPartOf\":{\"@id\":\"https:\/\/elpuucnoticias.com\/#website\"},\"primaryImageOfPage\":{\"@id\":\"https:\/\/elpuucnoticias.com\/?p=18227#primaryimage\"},\"datePublished\":\"2025-05-12T20:17:49+00:00\",\"dateModified\":\"2025-05-12T20:17:49+00:00\",\"author\":{\"@id\":\"https:\/\/elpuucnoticias.com\/#\/schema\/person\/d2ea09e4c97f0160b11cdfb1d856bd9e\"},\"breadcrumb\":{\"@id\":\"https:\/\/elpuucnoticias.com\/?p=18227#breadcrumb\"},\"inLanguage\":\"es\",\"potentialAction\":[{\"@type\":\"ReadAction\",\"target\":[\"https:\/\/elpuucnoticias.com\/?p=18227\"]}]},{\"@type\":\"BreadcrumbList\",\"@id\":\"https:\/\/elpuucnoticias.com\/?p=18227#breadcrumb\",\"itemListElement\":[{\"@type\":\"ListItem\",\"position\":1,\"name\":\"Portada\",\"item\":\"https:\/\/elpuucnoticias.com\/\"},{\"@type\":\"ListItem\",\"position\":2,\"name\":\"El Museo de la Isla inaugura la exposici\u00f3n \u201cSomagraf\u00edas: T\u00f3tem maternal del movimiento y la memoria\u201d\"}]},{\"@type\":\"Person\",\"@id\":\"https:\/\/elpuucnoticias.com\/#\/schema\/person\/d2ea09e4c97f0160b11cdfb1d856bd9e\",\"name\":\"elpuucnoticias\",\"image\":{\"@type\":\"ImageObject\",\"@id\":\"https:\/\/elpuucnoticias.com\/#personlogo\",\"inLanguage\":\"es\",\"url\":\"https:\/\/secure.gravatar.com\/avatar\/5290a43657c74ffa15701dbe5b846bd85cc71930d803c84e91046a7333de6ce2?s=96&d=mm&r=g\",\"contentUrl\":\"https:\/\/secure.gravatar.com\/avatar\/5290a43657c74ffa15701dbe5b846bd85cc71930d803c84e91046a7333de6ce2?s=96&d=mm&r=g\",\"caption\":\"elpuucnoticias\"},\"sameAs\":[\"https:\/\/elpuucnoticias.com\"],\"url\":\"https:\/\/elpuucnoticias.com\/?author=1\"}]}<\/script>\n<!-- \/ Yoast SEO plugin. -->","yoast_head_json":{"title":"El Museo de la Isla inaugura la exposici\u00f3n \u201cSomagraf\u00edas: T\u00f3tem maternal del movimiento y la memoria\u201d - El Puuc Noticias","robots":{"index":"index","follow":"follow","max-snippet":"max-snippet:-1","max-image-preview":"max-image-preview:large","max-video-preview":"max-video-preview:-1"},"canonical":"https:\/\/elpuucnoticias.com\/?p=18227","og_locale":"es_ES","og_type":"article","og_title":"El Museo de la Isla inaugura la exposici\u00f3n \u201cSomagraf\u00edas: T\u00f3tem maternal del movimiento y la memoria\u201d - El Puuc Noticias","og_description":"Para celebrar el D\u00eda de la Madre, la Fundaci\u00f3n de Parques y Museos de Cozumel (FPMC) invita a","og_url":"https:\/\/elpuucnoticias.com\/?p=18227","og_site_name":"El Puuc Noticias","article_published_time":"2025-05-12T20:17:49+00:00","og_image":[{"width":1600,"height":902,"url":"https:\/\/elpuucnoticias.com\/wp-content\/uploads\/2025\/05\/whatsapp-image-2025-05-12-at-1.38.54-pm-3.jpeg","type":"image\/jpeg"}],"twitter_card":"summary_large_image","twitter_misc":{"Escrito por":"elpuucnoticias","Tiempo de lectura":"2 minutos"},"schema":{"@context":"https:\/\/schema.org","@graph":[{"@type":"WebSite","@id":"https:\/\/elpuucnoticias.com\/#website","url":"https:\/\/elpuucnoticias.com\/","name":"El Puuc Noticias","description":"Noticias - Entretenimiento - Deportes","potentialAction":[{"@type":"SearchAction","target":{"@type":"EntryPoint","urlTemplate":"https:\/\/elpuucnoticias.com\/?s={search_term_string}"},"query-input":"required name=search_term_string"}],"inLanguage":"es"},{"@type":"ImageObject","@id":"https:\/\/elpuucnoticias.com\/?p=18227#primaryimage","inLanguage":"es","url":"https:\/\/elpuucnoticias.com\/wp-content\/uploads\/2025\/05\/whatsapp-image-2025-05-12-at-1.38.54-pm-3.jpeg","contentUrl":"https:\/\/elpuucnoticias.com\/wp-content\/uploads\/2025\/05\/whatsapp-image-2025-05-12-at-1.38.54-pm-3.jpeg","width":1600,"height":902},{"@type":"WebPage","@id":"https:\/\/elpuucnoticias.com\/?p=18227#webpage","url":"https:\/\/elpuucnoticias.com\/?p=18227","name":"El Museo de la Isla inaugura la exposici\u00f3n \u201cSomagraf\u00edas: T\u00f3tem maternal del movimiento y la memoria\u201d - El Puuc Noticias","isPartOf":{"@id":"https:\/\/elpuucnoticias.com\/#website"},"primaryImageOfPage":{"@id":"https:\/\/elpuucnoticias.com\/?p=18227#primaryimage"},"datePublished":"2025-05-12T20:17:49+00:00","dateModified":"2025-05-12T20:17:49+00:00","author":{"@id":"https:\/\/elpuucnoticias.com\/#\/schema\/person\/d2ea09e4c97f0160b11cdfb1d856bd9e"},"breadcrumb":{"@id":"https:\/\/elpuucnoticias.com\/?p=18227#breadcrumb"},"inLanguage":"es","potentialAction":[{"@type":"ReadAction","target":["https:\/\/elpuucnoticias.com\/?p=18227"]}]},{"@type":"BreadcrumbList","@id":"https:\/\/elpuucnoticias.com\/?p=18227#breadcrumb","itemListElement":[{"@type":"ListItem","position":1,"name":"Portada","item":"https:\/\/elpuucnoticias.com\/"},{"@type":"ListItem","position":2,"name":"El Museo de la Isla inaugura la exposici\u00f3n \u201cSomagraf\u00edas: T\u00f3tem maternal del movimiento y la memoria\u201d"}]},{"@type":"Person","@id":"https:\/\/elpuucnoticias.com\/#\/schema\/person\/d2ea09e4c97f0160b11cdfb1d856bd9e","name":"elpuucnoticias","image":{"@type":"ImageObject","@id":"https:\/\/elpuucnoticias.com\/#personlogo","inLanguage":"es","url":"https:\/\/secure.gravatar.com\/avatar\/5290a43657c74ffa15701dbe5b846bd85cc71930d803c84e91046a7333de6ce2?s=96&d=mm&r=g","contentUrl":"https:\/\/secure.gravatar.com\/avatar\/5290a43657c74ffa15701dbe5b846bd85cc71930d803c84e91046a7333de6ce2?s=96&d=mm&r=g","caption":"elpuucnoticias"},"sameAs":["https:\/\/elpuucnoticias.com"],"url":"https:\/\/elpuucnoticias.com\/?author=1"}]}},"_links":{"self":[{"href":"https:\/\/elpuucnoticias.com\/index.php?rest_route=\/wp\/v2\/posts\/18227","targetHints":{"allow":["GET"]}}],"collection":[{"href":"https:\/\/elpuucnoticias.com\/index.php?rest_route=\/wp\/v2\/posts"}],"about":[{"href":"https:\/\/elpuucnoticias.com\/index.php?rest_route=\/wp\/v2\/types\/post"}],"author":[{"embeddable":true,"href":"https:\/\/elpuucnoticias.com\/index.php?rest_route=\/wp\/v2\/users\/1"}],"replies":[{"embeddable":true,"href":"https:\/\/elpuucnoticias.com\/index.php?rest_route=%2Fwp%2Fv2%2Fcomments&post=18227"}],"version-history":[{"count":1,"href":"https:\/\/elpuucnoticias.com\/index.php?rest_route=\/wp\/v2\/posts\/18227\/revisions"}],"predecessor-version":[{"id":18232,"href":"https:\/\/elpuucnoticias.com\/index.php?rest_route=\/wp\/v2\/posts\/18227\/revisions\/18232"}],"wp:featuredmedia":[{"embeddable":true,"href":"https:\/\/elpuucnoticias.com\/index.php?rest_route=\/wp\/v2\/media\/18231"}],"wp:attachment":[{"href":"https:\/\/elpuucnoticias.com\/index.php?rest_route=%2Fwp%2Fv2%2Fmedia&parent=18227"}],"wp:term":[{"taxonomy":"category","embeddable":true,"href":"https:\/\/elpuucnoticias.com\/index.php?rest_route=%2Fwp%2Fv2%2Fcategories&post=18227"},{"taxonomy":"post_tag","embeddable":true,"href":"https:\/\/elpuucnoticias.com\/index.php?rest_route=%2Fwp%2Fv2%2Ftags&post=18227"}],"curies":[{"name":"wp","href":"https:\/\/api.w.org\/{rel}","templated":true}]}}