{"id":18286,"date":"2025-05-14T12:32:42","date_gmt":"2025-05-14T18:32:42","guid":{"rendered":"https:\/\/elpuucnoticias.com\/?p=18286"},"modified":"2025-05-14T12:32:43","modified_gmt":"2025-05-14T18:32:43","slug":"realizan-con-exito-la-feria-ambiental-ecoaprende-en-el-parque-zazil-de-chetumal","status":"publish","type":"post","link":"https:\/\/elpuucnoticias.com\/?p=18286","title":{"rendered":"Realizan con \u00e9xito la Feria Ambiental EcoAprende en el Parque Zazil de Chetumal"},"content":{"rendered":"\n<p>Con gran \u00e9xito se llev\u00f3 a cabo la Feria Ambiental EcoAprende, organizada por la Secretar\u00eda de Ecolog\u00eda y Medio Ambiente (SEMA) que encabeza \u00d3scar R\u00e9bora Aguilera, donde diversas dependencias e instituciones impartieron pl\u00e1ticas, realizaron juegos l\u00fadicos y entregaron materiales did\u00e1cticos, brindando una valiosa oportunidad para que nuestras ni\u00f1as y ni\u00f1os no solo aprendan sobre el medio ambiente, sino que tambi\u00e9n se conviertan en agentes activos del cambio que nuestro planeta necesita.<\/p>\n\n\n\n<figure class=\"wp-block-gallery has-nested-images columns-default is-cropped wp-block-gallery-1 is-layout-flex wp-block-gallery-is-layout-flex\">\n<figure class=\"wp-block-image size-large is-style-default\"><img loading=\"lazy\" decoding=\"async\" width=\"1024\" height=\"473\" data-id=\"18291\" src=\"https:\/\/elpuucnoticias.com\/wp-content\/uploads\/2025\/05\/whatsapp-image-2025-05-14-at-12.07.53-pm-2-1024x473.jpeg\" alt=\"\" class=\"wp-image-18291\" srcset=\"https:\/\/elpuucnoticias.com\/wp-content\/uploads\/2025\/05\/whatsapp-image-2025-05-14-at-12.07.53-pm-2-1024x473.jpeg 1024w, https:\/\/elpuucnoticias.com\/wp-content\/uploads\/2025\/05\/whatsapp-image-2025-05-14-at-12.07.53-pm-2-300x139.jpeg 300w, https:\/\/elpuucnoticias.com\/wp-content\/uploads\/2025\/05\/whatsapp-image-2025-05-14-at-12.07.53-pm-2-768x355.jpeg 768w, https:\/\/elpuucnoticias.com\/wp-content\/uploads\/2025\/05\/whatsapp-image-2025-05-14-at-12.07.53-pm-2-1536x709.jpeg 1536w, https:\/\/elpuucnoticias.com\/wp-content\/uploads\/2025\/05\/whatsapp-image-2025-05-14-at-12.07.53-pm-2-320x148.jpeg 320w, https:\/\/elpuucnoticias.com\/wp-content\/uploads\/2025\/05\/whatsapp-image-2025-05-14-at-12.07.53-pm-2.jpeg 1600w\" sizes=\"auto, (max-width: 1024px) 100vw, 1024px\" \/><\/figure>\n\n\n\n<figure class=\"wp-block-image size-large is-style-default\"><img loading=\"lazy\" decoding=\"async\" width=\"1024\" height=\"938\" data-id=\"18290\" src=\"https:\/\/elpuucnoticias.com\/wp-content\/uploads\/2025\/05\/whatsapp-image-2025-05-14-at-12.07.53-pm-1-1024x938.jpeg\" alt=\"\" class=\"wp-image-18290\" srcset=\"https:\/\/elpuucnoticias.com\/wp-content\/uploads\/2025\/05\/whatsapp-image-2025-05-14-at-12.07.53-pm-1-1024x938.jpeg 1024w, https:\/\/elpuucnoticias.com\/wp-content\/uploads\/2025\/05\/whatsapp-image-2025-05-14-at-12.07.53-pm-1-300x275.jpeg 300w, https:\/\/elpuucnoticias.com\/wp-content\/uploads\/2025\/05\/whatsapp-image-2025-05-14-at-12.07.53-pm-1-768x704.jpeg 768w, https:\/\/elpuucnoticias.com\/wp-content\/uploads\/2025\/05\/whatsapp-image-2025-05-14-at-12.07.53-pm-1-320x293.jpeg 320w, https:\/\/elpuucnoticias.com\/wp-content\/uploads\/2025\/05\/whatsapp-image-2025-05-14-at-12.07.53-pm-1.jpeg 1179w\" sizes=\"auto, (max-width: 1024px) 100vw, 1024px\" \/><\/figure>\n<\/figure>\n\n\n\n<p>La realizaci\u00f3n de la Feria Ambiental EcoAprende: Conectando con la Naturaleza, en el Parque Zazil de Chetumal se enmarca en el Nuevo Acuerdo por el Bienestar y Desarrollo de Quintana Roo que impulsa la gobernadora Mara Lezama Espinosa, con el objetivo de lograr una transformaci\u00f3n profunda hacia un modelo m\u00e1s justo, inclusivo y sostenible.<\/p>\n\n\n\n<p>Durante su mensaje dirigido a las ni\u00f1as y ni\u00f1os de la Escuela Primaria Ocho de Octubre turno matutino de Chetumal, el titular de la SEMA, \u00d3scar R\u00e9bora dijo que \u201cSi podemos entender el valor de la naturaleza, de los \u00e1rboles, del aire, del agua, es c\u00f3mo podemos empezar a tener m\u00e1s conexi\u00f3n con nuestro medio ambiente; les invito a que disfruten de esta feria, que participen, pregunten, se diviertan y, sobre todo, que se lleven una semilla de conciencia que puedan cultivar en sus hogares, en sus escuelas y en su vida diaria\u201d.<\/p>\n\n\n\n<p>En la Feria, los estudiantes visitaron los diversos stands montados por las distintas instituciones participantes para conocer su trabajo, hacer preguntas, reflexionar y descubrir, de manera divertida, las formas en las que todos podemos contribuir a la protecci\u00f3n del medio ambiente.<\/p>\n\n\n\n<figure class=\"wp-block-gallery has-nested-images columns-default is-cropped wp-block-gallery-2 is-layout-flex wp-block-gallery-is-layout-flex\">\n<figure class=\"wp-block-image size-large is-style-default\"><img loading=\"lazy\" decoding=\"async\" width=\"1024\" height=\"473\" data-id=\"18289\" src=\"https:\/\/elpuucnoticias.com\/wp-content\/uploads\/2025\/05\/whatsapp-image-2025-05-14-at-12.07.53-pm-3-1024x473.jpeg\" alt=\"\" class=\"wp-image-18289\" srcset=\"https:\/\/elpuucnoticias.com\/wp-content\/uploads\/2025\/05\/whatsapp-image-2025-05-14-at-12.07.53-pm-3-1024x473.jpeg 1024w, https:\/\/elpuucnoticias.com\/wp-content\/uploads\/2025\/05\/whatsapp-image-2025-05-14-at-12.07.53-pm-3-300x139.jpeg 300w, https:\/\/elpuucnoticias.com\/wp-content\/uploads\/2025\/05\/whatsapp-image-2025-05-14-at-12.07.53-pm-3-768x355.jpeg 768w, https:\/\/elpuucnoticias.com\/wp-content\/uploads\/2025\/05\/whatsapp-image-2025-05-14-at-12.07.53-pm-3-1536x709.jpeg 1536w, https:\/\/elpuucnoticias.com\/wp-content\/uploads\/2025\/05\/whatsapp-image-2025-05-14-at-12.07.53-pm-3-320x148.jpeg 320w, https:\/\/elpuucnoticias.com\/wp-content\/uploads\/2025\/05\/whatsapp-image-2025-05-14-at-12.07.53-pm-3.jpeg 1600w\" sizes=\"auto, (max-width: 1024px) 100vw, 1024px\" \/><\/figure>\n\n\n\n<figure class=\"wp-block-image size-large is-style-default\"><img loading=\"lazy\" decoding=\"async\" width=\"768\" height=\"1024\" data-id=\"18288\" src=\"https:\/\/elpuucnoticias.com\/wp-content\/uploads\/2025\/05\/whatsapp-image-2025-05-14-at-12.07.54-pm-1-768x1024.jpeg\" alt=\"\" class=\"wp-image-18288\" srcset=\"https:\/\/elpuucnoticias.com\/wp-content\/uploads\/2025\/05\/whatsapp-image-2025-05-14-at-12.07.54-pm-1-768x1024.jpeg 768w, https:\/\/elpuucnoticias.com\/wp-content\/uploads\/2025\/05\/whatsapp-image-2025-05-14-at-12.07.54-pm-1-225x300.jpeg 225w, https:\/\/elpuucnoticias.com\/wp-content\/uploads\/2025\/05\/whatsapp-image-2025-05-14-at-12.07.54-pm-1-1152x1536.jpeg 1152w, https:\/\/elpuucnoticias.com\/wp-content\/uploads\/2025\/05\/whatsapp-image-2025-05-14-at-12.07.54-pm-1-240x320.jpeg 240w, https:\/\/elpuucnoticias.com\/wp-content\/uploads\/2025\/05\/whatsapp-image-2025-05-14-at-12.07.54-pm-1.jpeg 1200w\" sizes=\"auto, (max-width: 768px) 100vw, 768px\" \/><\/figure>\n\n\n\n<figure class=\"wp-block-image size-large is-style-default\"><img loading=\"lazy\" decoding=\"async\" width=\"473\" height=\"1024\" data-id=\"18287\" src=\"https:\/\/elpuucnoticias.com\/wp-content\/uploads\/2025\/05\/whatsapp-image-2025-05-14-at-12.07.54-pm-473x1024.jpeg\" alt=\"\" class=\"wp-image-18287\" srcset=\"https:\/\/elpuucnoticias.com\/wp-content\/uploads\/2025\/05\/whatsapp-image-2025-05-14-at-12.07.54-pm-473x1024.jpeg 473w, https:\/\/elpuucnoticias.com\/wp-content\/uploads\/2025\/05\/whatsapp-image-2025-05-14-at-12.07.54-pm-139x300.jpeg 139w, https:\/\/elpuucnoticias.com\/wp-content\/uploads\/2025\/05\/whatsapp-image-2025-05-14-at-12.07.54-pm-709x1536.jpeg 709w, https:\/\/elpuucnoticias.com\/wp-content\/uploads\/2025\/05\/whatsapp-image-2025-05-14-at-12.07.54-pm-148x320.jpeg 148w, https:\/\/elpuucnoticias.com\/wp-content\/uploads\/2025\/05\/whatsapp-image-2025-05-14-at-12.07.54-pm.jpeg 739w\" sizes=\"auto, (max-width: 473px) 100vw, 473px\" \/><\/figure>\n<\/figure>\n\n\n\n<p>\u201cDesde el Gobierno del Estado, estamos comprometidos en llevar la educaci\u00f3n ambiental a las ni\u00f1as y ni\u00f1os, estamos convencidos que es una herramienta fundamental para formar ciudadanos responsables que promuevan el uso sostenible de los recursos naturales, la conservaci\u00f3n de nuestros ecosistemas y la adopci\u00f3n de h\u00e1bitos sostenibles desde casa y desde la escuela\u201d, se\u00f1al\u00f3.<\/p>\n\n\n\n<p>En el evento participaron: la Comisi\u00f3n Nacional Forestal (CONAFOR); la diputada Andrea Gonz\u00e1lez Loria, presidenta de la Comisi\u00f3n de Medio Ambiente y Cambio Clim\u00e1tico de la XVIII Legislatura del Congreso del Estado; el Instituto de Biodiversidad y \u00c1reas Naturales Protegidas (IBANQROO), la Procuradur\u00eda de Protecci\u00f3n al Ambiente (PPA), la Comisi\u00f3n de Agua Potable y Alcantarillado (CAPA), la empresa quintanarroense CHICZA, la Direcci\u00f3n de Ecolog\u00eda y Medio Ambiente del Municipio de Oth\u00f3n P. Blanco, y personal de las \u00e1reas t\u00e9cnicas de la Secretar\u00eda de Ecolog\u00eda y Medio Ambiente.<\/p>\n","protected":false},"excerpt":{"rendered":"<p>Con gran \u00e9xito se llev\u00f3 a cabo la Feria Ambiental EcoAprende, organizada por la Secretar\u00eda de Ecolog\u00eda y<\/p>\n","protected":false},"author":1,"featured_media":18292,"comment_status":"closed","ping_status":"open","sticky":false,"template":"","format":"standard","meta":{"_monsterinsights_skip_tracking":false,"_monsterinsights_sitenote_active":false,"_monsterinsights_sitenote_note":"","_monsterinsights_sitenote_category":0,"footnotes":""},"categories":[11,24],"tags":[],"class_list":["post-18286","post","type-post","status-publish","format-standard","has-post-thumbnail","hentry","category-noticias","category-quintana-roo"],"yoast_head":"<!-- This site is optimized with the Yoast SEO plugin v18.3 - https:\/\/yoast.com\/wordpress\/plugins\/seo\/ -->\n<title>Realizan con \u00e9xito la Feria Ambiental EcoAprende en el Parque Zazil de Chetumal - El Puuc Noticias<\/title>\n<meta name=\"robots\" content=\"index, follow, max-snippet:-1, max-image-preview:large, max-video-preview:-1\" \/>\n<link rel=\"canonical\" href=\"https:\/\/elpuucnoticias.com\/?p=18286\" \/>\n<meta property=\"og:locale\" content=\"es_ES\" \/>\n<meta property=\"og:type\" content=\"article\" \/>\n<meta property=\"og:title\" content=\"Realizan con \u00e9xito la Feria Ambiental EcoAprende en el Parque Zazil de Chetumal - El Puuc Noticias\" \/>\n<meta property=\"og:description\" content=\"Con gran \u00e9xito se llev\u00f3 a cabo la Feria Ambiental EcoAprende, organizada por la Secretar\u00eda de Ecolog\u00eda y\" \/>\n<meta property=\"og:url\" content=\"https:\/\/elpuucnoticias.com\/?p=18286\" \/>\n<meta property=\"og:site_name\" content=\"El Puuc Noticias\" \/>\n<meta property=\"article:published_time\" content=\"2025-05-14T18:32:42+00:00\" \/>\n<meta property=\"article:modified_time\" content=\"2025-05-14T18:32:43+00:00\" \/>\n<meta property=\"og:image\" content=\"https:\/\/elpuucnoticias.com\/wp-content\/uploads\/2025\/05\/whatsapp-image-2025-05-14-at-12.07.53-pm.jpeg\" \/>\n\t<meta property=\"og:image:width\" content=\"1200\" \/>\n\t<meta property=\"og:image:height\" content=\"1600\" \/>\n\t<meta property=\"og:image:type\" content=\"image\/jpeg\" \/>\n<meta name=\"twitter:card\" content=\"summary_large_image\" \/>\n<meta name=\"twitter:label1\" content=\"Escrito por\" \/>\n\t<meta name=\"twitter:data1\" content=\"elpuucnoticias\" \/>\n\t<meta name=\"twitter:label2\" content=\"Tiempo de lectura\" \/>\n\t<meta name=\"twitter:data2\" content=\"2 minutos\" \/>\n<script type=\"application\/ld+json\" class=\"yoast-schema-graph\">{\"@context\":\"https:\/\/schema.org\",\"@graph\":[{\"@type\":\"WebSite\",\"@id\":\"https:\/\/elpuucnoticias.com\/#website\",\"url\":\"https:\/\/elpuucnoticias.com\/\",\"name\":\"El Puuc Noticias\",\"description\":\"Noticias - Entretenimiento - Deportes\",\"potentialAction\":[{\"@type\":\"SearchAction\",\"target\":{\"@type\":\"EntryPoint\",\"urlTemplate\":\"https:\/\/elpuucnoticias.com\/?s={search_term_string}\"},\"query-input\":\"required name=search_term_string\"}],\"inLanguage\":\"es\"},{\"@type\":\"ImageObject\",\"@id\":\"https:\/\/elpuucnoticias.com\/?p=18286#primaryimage\",\"inLanguage\":\"es\",\"url\":\"https:\/\/elpuucnoticias.com\/wp-content\/uploads\/2025\/05\/whatsapp-image-2025-05-14-at-12.07.53-pm.jpeg\",\"contentUrl\":\"https:\/\/elpuucnoticias.com\/wp-content\/uploads\/2025\/05\/whatsapp-image-2025-05-14-at-12.07.53-pm.jpeg\",\"width\":1200,\"height\":1600},{\"@type\":\"WebPage\",\"@id\":\"https:\/\/elpuucnoticias.com\/?p=18286#webpage\",\"url\":\"https:\/\/elpuucnoticias.com\/?p=18286\",\"name\":\"Realizan con \u00e9xito la Feria Ambiental EcoAprende en el Parque Zazil de Chetumal - El Puuc Noticias\",\"isPartOf\":{\"@id\":\"https:\/\/elpuucnoticias.com\/#website\"},\"primaryImageOfPage\":{\"@id\":\"https:\/\/elpuucnoticias.com\/?p=18286#primaryimage\"},\"datePublished\":\"2025-05-14T18:32:42+00:00\",\"dateModified\":\"2025-05-14T18:32:43+00:00\",\"author\":{\"@id\":\"https:\/\/elpuucnoticias.com\/#\/schema\/person\/d2ea09e4c97f0160b11cdfb1d856bd9e\"},\"breadcrumb\":{\"@id\":\"https:\/\/elpuucnoticias.com\/?p=18286#breadcrumb\"},\"inLanguage\":\"es\",\"potentialAction\":[{\"@type\":\"ReadAction\",\"target\":[\"https:\/\/elpuucnoticias.com\/?p=18286\"]}]},{\"@type\":\"BreadcrumbList\",\"@id\":\"https:\/\/elpuucnoticias.com\/?p=18286#breadcrumb\",\"itemListElement\":[{\"@type\":\"ListItem\",\"position\":1,\"name\":\"Portada\",\"item\":\"https:\/\/elpuucnoticias.com\/\"},{\"@type\":\"ListItem\",\"position\":2,\"name\":\"Realizan con \u00e9xito la Feria Ambiental EcoAprende en el Parque Zazil de Chetumal\"}]},{\"@type\":\"Person\",\"@id\":\"https:\/\/elpuucnoticias.com\/#\/schema\/person\/d2ea09e4c97f0160b11cdfb1d856bd9e\",\"name\":\"elpuucnoticias\",\"image\":{\"@type\":\"ImageObject\",\"@id\":\"https:\/\/elpuucnoticias.com\/#personlogo\",\"inLanguage\":\"es\",\"url\":\"https:\/\/secure.gravatar.com\/avatar\/5290a43657c74ffa15701dbe5b846bd85cc71930d803c84e91046a7333de6ce2?s=96&d=mm&r=g\",\"contentUrl\":\"https:\/\/secure.gravatar.com\/avatar\/5290a43657c74ffa15701dbe5b846bd85cc71930d803c84e91046a7333de6ce2?s=96&d=mm&r=g\",\"caption\":\"elpuucnoticias\"},\"sameAs\":[\"https:\/\/elpuucnoticias.com\"],\"url\":\"https:\/\/elpuucnoticias.com\/?author=1\"}]}<\/script>\n<!-- \/ Yoast SEO plugin. -->","yoast_head_json":{"title":"Realizan con \u00e9xito la Feria Ambiental EcoAprende en el Parque Zazil de Chetumal - El Puuc Noticias","robots":{"index":"index","follow":"follow","max-snippet":"max-snippet:-1","max-image-preview":"max-image-preview:large","max-video-preview":"max-video-preview:-1"},"canonical":"https:\/\/elpuucnoticias.com\/?p=18286","og_locale":"es_ES","og_type":"article","og_title":"Realizan con \u00e9xito la Feria Ambiental EcoAprende en el Parque Zazil de Chetumal - El Puuc Noticias","og_description":"Con gran \u00e9xito se llev\u00f3 a cabo la Feria Ambiental EcoAprende, organizada por la Secretar\u00eda de Ecolog\u00eda y","og_url":"https:\/\/elpuucnoticias.com\/?p=18286","og_site_name":"El Puuc Noticias","article_published_time":"2025-05-14T18:32:42+00:00","article_modified_time":"2025-05-14T18:32:43+00:00","og_image":[{"width":1200,"height":1600,"url":"https:\/\/elpuucnoticias.com\/wp-content\/uploads\/2025\/05\/whatsapp-image-2025-05-14-at-12.07.53-pm.jpeg","type":"image\/jpeg"}],"twitter_card":"summary_large_image","twitter_misc":{"Escrito por":"elpuucnoticias","Tiempo de lectura":"2 minutos"},"schema":{"@context":"https:\/\/schema.org","@graph":[{"@type":"WebSite","@id":"https:\/\/elpuucnoticias.com\/#website","url":"https:\/\/elpuucnoticias.com\/","name":"El Puuc Noticias","description":"Noticias - Entretenimiento - Deportes","potentialAction":[{"@type":"SearchAction","target":{"@type":"EntryPoint","urlTemplate":"https:\/\/elpuucnoticias.com\/?s={search_term_string}"},"query-input":"required name=search_term_string"}],"inLanguage":"es"},{"@type":"ImageObject","@id":"https:\/\/elpuucnoticias.com\/?p=18286#primaryimage","inLanguage":"es","url":"https:\/\/elpuucnoticias.com\/wp-content\/uploads\/2025\/05\/whatsapp-image-2025-05-14-at-12.07.53-pm.jpeg","contentUrl":"https:\/\/elpuucnoticias.com\/wp-content\/uploads\/2025\/05\/whatsapp-image-2025-05-14-at-12.07.53-pm.jpeg","width":1200,"height":1600},{"@type":"WebPage","@id":"https:\/\/elpuucnoticias.com\/?p=18286#webpage","url":"https:\/\/elpuucnoticias.com\/?p=18286","name":"Realizan con \u00e9xito la Feria Ambiental EcoAprende en el Parque Zazil de Chetumal - El Puuc Noticias","isPartOf":{"@id":"https:\/\/elpuucnoticias.com\/#website"},"primaryImageOfPage":{"@id":"https:\/\/elpuucnoticias.com\/?p=18286#primaryimage"},"datePublished":"2025-05-14T18:32:42+00:00","dateModified":"2025-05-14T18:32:43+00:00","author":{"@id":"https:\/\/elpuucnoticias.com\/#\/schema\/person\/d2ea09e4c97f0160b11cdfb1d856bd9e"},"breadcrumb":{"@id":"https:\/\/elpuucnoticias.com\/?p=18286#breadcrumb"},"inLanguage":"es","potentialAction":[{"@type":"ReadAction","target":["https:\/\/elpuucnoticias.com\/?p=18286"]}]},{"@type":"BreadcrumbList","@id":"https:\/\/elpuucnoticias.com\/?p=18286#breadcrumb","itemListElement":[{"@type":"ListItem","position":1,"name":"Portada","item":"https:\/\/elpuucnoticias.com\/"},{"@type":"ListItem","position":2,"name":"Realizan con \u00e9xito la Feria Ambiental EcoAprende en el Parque Zazil de Chetumal"}]},{"@type":"Person","@id":"https:\/\/elpuucnoticias.com\/#\/schema\/person\/d2ea09e4c97f0160b11cdfb1d856bd9e","name":"elpuucnoticias","image":{"@type":"ImageObject","@id":"https:\/\/elpuucnoticias.com\/#personlogo","inLanguage":"es","url":"https:\/\/secure.gravatar.com\/avatar\/5290a43657c74ffa15701dbe5b846bd85cc71930d803c84e91046a7333de6ce2?s=96&d=mm&r=g","contentUrl":"https:\/\/secure.gravatar.com\/avatar\/5290a43657c74ffa15701dbe5b846bd85cc71930d803c84e91046a7333de6ce2?s=96&d=mm&r=g","caption":"elpuucnoticias"},"sameAs":["https:\/\/elpuucnoticias.com"],"url":"https:\/\/elpuucnoticias.com\/?author=1"}]}},"_links":{"self":[{"href":"https:\/\/elpuucnoticias.com\/index.php?rest_route=\/wp\/v2\/posts\/18286","targetHints":{"allow":["GET"]}}],"collection":[{"href":"https:\/\/elpuucnoticias.com\/index.php?rest_route=\/wp\/v2\/posts"}],"about":[{"href":"https:\/\/elpuucnoticias.com\/index.php?rest_route=\/wp\/v2\/types\/post"}],"author":[{"embeddable":true,"href":"https:\/\/elpuucnoticias.com\/index.php?rest_route=\/wp\/v2\/users\/1"}],"replies":[{"embeddable":true,"href":"https:\/\/elpuucnoticias.com\/index.php?rest_route=%2Fwp%2Fv2%2Fcomments&post=18286"}],"version-history":[{"count":1,"href":"https:\/\/elpuucnoticias.com\/index.php?rest_route=\/wp\/v2\/posts\/18286\/revisions"}],"predecessor-version":[{"id":18293,"href":"https:\/\/elpuucnoticias.com\/index.php?rest_route=\/wp\/v2\/posts\/18286\/revisions\/18293"}],"wp:featuredmedia":[{"embeddable":true,"href":"https:\/\/elpuucnoticias.com\/index.php?rest_route=\/wp\/v2\/media\/18292"}],"wp:attachment":[{"href":"https:\/\/elpuucnoticias.com\/index.php?rest_route=%2Fwp%2Fv2%2Fmedia&parent=18286"}],"wp:term":[{"taxonomy":"category","embeddable":true,"href":"https:\/\/elpuucnoticias.com\/index.php?rest_route=%2Fwp%2Fv2%2Fcategories&post=18286"},{"taxonomy":"post_tag","embeddable":true,"href":"https:\/\/elpuucnoticias.com\/index.php?rest_route=%2Fwp%2Fv2%2Ftags&post=18286"}],"curies":[{"name":"wp","href":"https:\/\/api.w.org\/{rel}","templated":true}]}}