{"id":18308,"date":"2025-05-15T12:36:41","date_gmt":"2025-05-15T18:36:41","guid":{"rendered":"https:\/\/elpuucnoticias.com\/?p=18308"},"modified":"2025-05-15T12:36:42","modified_gmt":"2025-05-15T18:36:42","slug":"arranca-mara-lezama-la-jornada-nacional-de-tequios-por-la-paz-y-contra-las-adicciones-por-el-bienestar-de-las-y-los-jovenes","status":"publish","type":"post","link":"https:\/\/elpuucnoticias.com\/?p=18308","title":{"rendered":"Arranca Mara Lezama la Jornada Nacional de Tequios por la Paz y Contra las Adicciones, por el bienestar de las y los j\u00f3venes"},"content":{"rendered":"\n<p>Con la participaci\u00f3n de m\u00e1s de 36 mil personas en todo el estado, Quintana Roo se sum\u00f3 con entusiasmo y responsabilidad a la Jornada Nacional de Tequios por la Paz y Contra las Adicciones, una estrategia que impulsa la Presidenta Claudia Sheinbaum para construir la paz duradera y de largo alcance.<\/p>\n\n\n\n<p>\u201cHoy nos convoca una causa que nos une, construir la paz y la paz se construye con acciones concretas, con educaci\u00f3n, con cultura, con deporte, con arte. Se construye cuando desde la primera infancia formamos a ni\u00f1as y ni\u00f1os con valores, con principios, con respeto, con empat\u00eda\u201d expres\u00f3 la gobernadora de Quintana Roo durante el evento y en el que las y los j\u00f3venes dieron muestra de su talento con la pintura de un mural.<\/p>\n\n\n\n<figure class=\"wp-block-gallery has-nested-images columns-default is-cropped wp-block-gallery-1 is-layout-flex wp-block-gallery-is-layout-flex\">\n<figure class=\"wp-block-image size-large is-style-default\"><img loading=\"lazy\" decoding=\"async\" width=\"1024\" height=\"683\" data-id=\"18312\" src=\"https:\/\/elpuucnoticias.com\/wp-content\/uploads\/2025\/05\/whatsapp-image-2025-05-15-at-12.03.39-pm-1-1024x683.jpeg\" alt=\"\" class=\"wp-image-18312\" srcset=\"https:\/\/elpuucnoticias.com\/wp-content\/uploads\/2025\/05\/whatsapp-image-2025-05-15-at-12.03.39-pm-1-1024x683.jpeg 1024w, https:\/\/elpuucnoticias.com\/wp-content\/uploads\/2025\/05\/whatsapp-image-2025-05-15-at-12.03.39-pm-1-300x200.jpeg 300w, https:\/\/elpuucnoticias.com\/wp-content\/uploads\/2025\/05\/whatsapp-image-2025-05-15-at-12.03.39-pm-1-768x512.jpeg 768w, https:\/\/elpuucnoticias.com\/wp-content\/uploads\/2025\/05\/whatsapp-image-2025-05-15-at-12.03.39-pm-1-1536x1024.jpeg 1536w, https:\/\/elpuucnoticias.com\/wp-content\/uploads\/2025\/05\/whatsapp-image-2025-05-15-at-12.03.39-pm-1-2048x1366.jpeg 2048w, https:\/\/elpuucnoticias.com\/wp-content\/uploads\/2025\/05\/whatsapp-image-2025-05-15-at-12.03.39-pm-1-600x400.jpeg 600w, https:\/\/elpuucnoticias.com\/wp-content\/uploads\/2025\/05\/whatsapp-image-2025-05-15-at-12.03.39-pm-1-320x213.jpeg 320w\" sizes=\"auto, (max-width: 1024px) 100vw, 1024px\" \/><\/figure>\n\n\n\n<figure class=\"wp-block-image size-large is-style-default\"><img loading=\"lazy\" decoding=\"async\" width=\"1024\" height=\"683\" data-id=\"18313\" src=\"https:\/\/elpuucnoticias.com\/wp-content\/uploads\/2025\/05\/whatsapp-image-2025-05-15-at-12.03.39-pm-1024x683.jpeg\" alt=\"\" class=\"wp-image-18313\" srcset=\"https:\/\/elpuucnoticias.com\/wp-content\/uploads\/2025\/05\/whatsapp-image-2025-05-15-at-12.03.39-pm-1024x683.jpeg 1024w, https:\/\/elpuucnoticias.com\/wp-content\/uploads\/2025\/05\/whatsapp-image-2025-05-15-at-12.03.39-pm-300x200.jpeg 300w, https:\/\/elpuucnoticias.com\/wp-content\/uploads\/2025\/05\/whatsapp-image-2025-05-15-at-12.03.39-pm-768x512.jpeg 768w, https:\/\/elpuucnoticias.com\/wp-content\/uploads\/2025\/05\/whatsapp-image-2025-05-15-at-12.03.39-pm-1536x1024.jpeg 1536w, https:\/\/elpuucnoticias.com\/wp-content\/uploads\/2025\/05\/whatsapp-image-2025-05-15-at-12.03.39-pm-2048x1366.jpeg 2048w, https:\/\/elpuucnoticias.com\/wp-content\/uploads\/2025\/05\/whatsapp-image-2025-05-15-at-12.03.39-pm-600x400.jpeg 600w, https:\/\/elpuucnoticias.com\/wp-content\/uploads\/2025\/05\/whatsapp-image-2025-05-15-at-12.03.39-pm-320x213.jpeg 320w\" sizes=\"auto, (max-width: 1024px) 100vw, 1024px\" \/><\/figure>\n<\/figure>\n\n\n\n<p>A\u00f1adi\u00f3 que de esto se trata el Nuevo Acuerdo por el Bienestar y Desarrollo de Quintana Roo que impulsa este gobierno humanista, con coraz\u00f3n feminista, de fortalecer un pacto de corresponsabilidad para cerrar las dolorosas brechas de desigualdad, para dignificar entornos y tejer comunidad.<\/p>\n\n\n\n<p>En un emotivo acto a cargo del Instituto Quintanarroense de la Juventud (IQJ), m\u00e1s de 500 j\u00f3venes participaron en el arranque de esta Jornada desde la escuela secundaria general n\u00famero 14 \u201cLos Corales\u201d, ubicada en la Supermanzana 77 de Canc\u00fan, para fomentar la participaci\u00f3n juvenil activa, invitando a las y los j\u00f3venes de Quintana Roo a ser parte del cambio social en sus comunidades.<\/p>\n\n\n\n<p>Forma parte de la estrategia nacional \u201cPor la Paz y Contra las Adicciones\u201d, que busca prevenir el consumo de sustancias desde un enfoque comunitario, adem\u00e1s de contribuir a la reconstrucci\u00f3n del tejido social en zonas vulnerables de Quintana Roo, a trav\u00e9s del arte, el deporte y el trabajo colaborativo.<\/p>\n\n\n\n<p>Esta jornada, impulsada por el Gobierno de M\u00e9xico a trav\u00e9s del Instituto Mexicano de la Juventud (IMJUVE), se celebra de forma simult\u00e1nea en todo el pa\u00eds, como parte de la Estrategia Nacional por la Paz y Contra las Adicciones, inform\u00f3 Karla Alvarado, Jefa de Oficina de la Direcci\u00f3n General de IMJUVE.<\/p>\n\n\n\n<p>Acompa\u00f1ada de la presidenta honoraria del DIF Quintana Roo, Ver\u00f3nica Lezama Espinosa, la titular del Ejecutivo exhort\u00f3 a las chavas y a los chavos a alejarse de las conductas autodestructivas, a no cargar con dolores, que no se sientan culpables por problemas ajenos, a no permitir la discriminaci\u00f3n, las actitudes violentas, a quererse y ser felices.<\/p>\n\n\n\n<p>Karla Alvarado, Jefa de Oficina de la Direcci\u00f3n General de IMJUVE, explic\u00f3 a las y los j\u00f3venes que las jornadas comunitarias, las faenas, las acciones de recuperaci\u00f3n de espacios p\u00fablicos, traen beneficios porque los utilizamos. Pidi\u00f3 que sea una tarea continua.<\/p>\n\n\n\n<p>Por su parte, la directora general del IQJ, Alma Alvarado Moo, celebr\u00f3 la participaci\u00f3n activa de las juventudes quintanarroenses en la recuperaci\u00f3n de espacios p\u00fablicos. \u201cSi\u00e9ntanse orgullosos, porque lo que hoy estamos haciendo es fortalecer el tejido social, es unidad familiar, es una faena por la paz\u201d, subray\u00f3.<\/p>\n\n\n\n<p>Adem\u00e1s del arranque en Canc\u00fan, la jornada se despleg\u00f3 en diversas sedes estrat\u00e9gicas en los 11 municipios del estado, como el Ecoparque en Bacalar, el Parque de la Juventud en Oth\u00f3n P. Blanco, la Unidad Deportiva de Tulum, la Universidad Intercultural Maya de Quintana Roo en Jos\u00e9 Mar\u00eda Morelos, entre muchas otras. M\u00e1s de 100 instituciones educativas y espacios comunitarios se han sumado, promoviendo una participaci\u00f3n juvenil activa en todo el territorio quintanarroense.<\/p>\n\n\n\n<figure class=\"wp-block-gallery has-nested-images columns-default is-cropped wp-block-gallery-2 is-layout-flex wp-block-gallery-is-layout-flex\">\n<figure class=\"wp-block-image size-large is-style-default\"><img loading=\"lazy\" decoding=\"async\" width=\"1024\" height=\"683\" data-id=\"18309\" src=\"https:\/\/elpuucnoticias.com\/wp-content\/uploads\/2025\/05\/whatsapp-image-2025-05-15-at-12.03.39-pm-2-1024x683.jpeg\" alt=\"\" class=\"wp-image-18309\" srcset=\"https:\/\/elpuucnoticias.com\/wp-content\/uploads\/2025\/05\/whatsapp-image-2025-05-15-at-12.03.39-pm-2-1024x683.jpeg 1024w, https:\/\/elpuucnoticias.com\/wp-content\/uploads\/2025\/05\/whatsapp-image-2025-05-15-at-12.03.39-pm-2-300x200.jpeg 300w, https:\/\/elpuucnoticias.com\/wp-content\/uploads\/2025\/05\/whatsapp-image-2025-05-15-at-12.03.39-pm-2-768x512.jpeg 768w, https:\/\/elpuucnoticias.com\/wp-content\/uploads\/2025\/05\/whatsapp-image-2025-05-15-at-12.03.39-pm-2-1536x1024.jpeg 1536w, https:\/\/elpuucnoticias.com\/wp-content\/uploads\/2025\/05\/whatsapp-image-2025-05-15-at-12.03.39-pm-2-2048x1365.jpeg 2048w, https:\/\/elpuucnoticias.com\/wp-content\/uploads\/2025\/05\/whatsapp-image-2025-05-15-at-12.03.39-pm-2-600x400.jpeg 600w, https:\/\/elpuucnoticias.com\/wp-content\/uploads\/2025\/05\/whatsapp-image-2025-05-15-at-12.03.39-pm-2-320x213.jpeg 320w\" sizes=\"auto, (max-width: 1024px) 100vw, 1024px\" \/><\/figure>\n\n\n\n<figure class=\"wp-block-image size-large is-style-default\"><img loading=\"lazy\" decoding=\"async\" width=\"1024\" height=\"683\" data-id=\"18310\" src=\"https:\/\/elpuucnoticias.com\/wp-content\/uploads\/2025\/05\/whatsapp-image-2025-05-15-at-12.03.41-pm-1024x683.jpeg\" alt=\"\" class=\"wp-image-18310\" srcset=\"https:\/\/elpuucnoticias.com\/wp-content\/uploads\/2025\/05\/whatsapp-image-2025-05-15-at-12.03.41-pm-1024x683.jpeg 1024w, https:\/\/elpuucnoticias.com\/wp-content\/uploads\/2025\/05\/whatsapp-image-2025-05-15-at-12.03.41-pm-300x200.jpeg 300w, https:\/\/elpuucnoticias.com\/wp-content\/uploads\/2025\/05\/whatsapp-image-2025-05-15-at-12.03.41-pm-768x512.jpeg 768w, https:\/\/elpuucnoticias.com\/wp-content\/uploads\/2025\/05\/whatsapp-image-2025-05-15-at-12.03.41-pm-1536x1024.jpeg 1536w, https:\/\/elpuucnoticias.com\/wp-content\/uploads\/2025\/05\/whatsapp-image-2025-05-15-at-12.03.41-pm-2048x1366.jpeg 2048w, https:\/\/elpuucnoticias.com\/wp-content\/uploads\/2025\/05\/whatsapp-image-2025-05-15-at-12.03.41-pm-600x400.jpeg 600w, https:\/\/elpuucnoticias.com\/wp-content\/uploads\/2025\/05\/whatsapp-image-2025-05-15-at-12.03.41-pm-320x213.jpeg 320w\" sizes=\"auto, (max-width: 1024px) 100vw, 1024px\" \/><\/figure>\n\n\n\n<figure class=\"wp-block-image size-large is-style-default\"><img loading=\"lazy\" decoding=\"async\" width=\"1024\" height=\"683\" data-id=\"18311\" src=\"https:\/\/elpuucnoticias.com\/wp-content\/uploads\/2025\/05\/whatsapp-image-2025-05-15-at-12.03.40-pm-1024x683.jpeg\" alt=\"\" class=\"wp-image-18311\" srcset=\"https:\/\/elpuucnoticias.com\/wp-content\/uploads\/2025\/05\/whatsapp-image-2025-05-15-at-12.03.40-pm-1024x683.jpeg 1024w, https:\/\/elpuucnoticias.com\/wp-content\/uploads\/2025\/05\/whatsapp-image-2025-05-15-at-12.03.40-pm-300x200.jpeg 300w, https:\/\/elpuucnoticias.com\/wp-content\/uploads\/2025\/05\/whatsapp-image-2025-05-15-at-12.03.40-pm-768x512.jpeg 768w, https:\/\/elpuucnoticias.com\/wp-content\/uploads\/2025\/05\/whatsapp-image-2025-05-15-at-12.03.40-pm-1536x1024.jpeg 1536w, https:\/\/elpuucnoticias.com\/wp-content\/uploads\/2025\/05\/whatsapp-image-2025-05-15-at-12.03.40-pm-2048x1366.jpeg 2048w, https:\/\/elpuucnoticias.com\/wp-content\/uploads\/2025\/05\/whatsapp-image-2025-05-15-at-12.03.40-pm-600x400.jpeg 600w, https:\/\/elpuucnoticias.com\/wp-content\/uploads\/2025\/05\/whatsapp-image-2025-05-15-at-12.03.40-pm-320x213.jpeg 320w\" sizes=\"auto, (max-width: 1024px) 100vw, 1024px\" \/><\/figure>\n<\/figure>\n\n\n\n<p>Esta iniciativa, desarrollada en coordinaci\u00f3n con la Secretar\u00eda de Educaci\u00f3n de Quintana Roo, los ayuntamientos y los institutos municipales de juventud, fortalece el sentido de pertenencia, promueve entornos saludables y fomenta una cultura de paz, en sinton\u00eda con los Objetivos de Desarrollo Sostenible de la Agenda 2030.<\/p>\n\n\n\n<p>Acompa\u00f1aron a la Gobernadora en el pres\u00eddium Eva Victoria Sol\u00eds Hern\u00e1ndez, estudiante del 3\u00baC; Elda Mar\u00eda Xix Eu\u00e1n, Secretaria de Educaci\u00f3n; Ana Paty Peralta de la Pe\u00f1a, presidenta municipal de Benito Ju\u00e1rez, quien dio la bienvenida; Oscar Francisco Guzm\u00e1n Zerecero, de la Coordinaci\u00f3n General de la Estrategia Integral para la Construcci\u00f3n de la Paz, y Carlos Adelaido Mart\u00ednez Correa, director de escuela secundaria \u201cLos Corales\u201d.<\/p>\n\n\n\n<p><\/p>\n","protected":false},"excerpt":{"rendered":"<p>Con la participaci\u00f3n de m\u00e1s de 36 mil personas en todo el estado, Quintana Roo se sum\u00f3 con<\/p>\n","protected":false},"author":1,"featured_media":18314,"comment_status":"closed","ping_status":"open","sticky":false,"template":"","format":"standard","meta":{"_monsterinsights_skip_tracking":false,"_monsterinsights_sitenote_active":false,"_monsterinsights_sitenote_note":"","_monsterinsights_sitenote_category":0,"footnotes":""},"categories":[11,24],"tags":[],"class_list":["post-18308","post","type-post","status-publish","format-standard","has-post-thumbnail","hentry","category-noticias","category-quintana-roo"],"yoast_head":"<!-- This site is optimized with the Yoast SEO plugin v18.3 - https:\/\/yoast.com\/wordpress\/plugins\/seo\/ -->\n<title>Arranca Mara Lezama la Jornada Nacional de Tequios por la Paz y Contra las Adicciones, por el bienestar de las y los j\u00f3venes - El Puuc Noticias<\/title>\n<meta name=\"robots\" content=\"index, follow, max-snippet:-1, max-image-preview:large, max-video-preview:-1\" \/>\n<link rel=\"canonical\" href=\"https:\/\/elpuucnoticias.com\/?p=18308\" \/>\n<meta property=\"og:locale\" content=\"es_ES\" \/>\n<meta property=\"og:type\" content=\"article\" \/>\n<meta property=\"og:title\" content=\"Arranca Mara Lezama la Jornada Nacional de Tequios por la Paz y Contra las Adicciones, por el bienestar de las y los j\u00f3venes - El Puuc Noticias\" \/>\n<meta property=\"og:description\" content=\"Con la participaci\u00f3n de m\u00e1s de 36 mil personas en todo el estado, Quintana Roo se sum\u00f3 con\" \/>\n<meta property=\"og:url\" content=\"https:\/\/elpuucnoticias.com\/?p=18308\" \/>\n<meta property=\"og:site_name\" content=\"El Puuc Noticias\" \/>\n<meta property=\"article:published_time\" content=\"2025-05-15T18:36:41+00:00\" \/>\n<meta property=\"article:modified_time\" content=\"2025-05-15T18:36:42+00:00\" \/>\n<meta property=\"og:image\" content=\"https:\/\/elpuucnoticias.com\/wp-content\/uploads\/2025\/05\/whatsapp-image-2025-05-15-at-12.03.42-pm-scaled.jpeg\" \/>\n\t<meta property=\"og:image:width\" content=\"2560\" \/>\n\t<meta property=\"og:image:height\" content=\"1707\" \/>\n\t<meta property=\"og:image:type\" content=\"image\/jpeg\" \/>\n<meta name=\"twitter:card\" content=\"summary_large_image\" \/>\n<meta name=\"twitter:label1\" content=\"Escrito por\" \/>\n\t<meta name=\"twitter:data1\" content=\"elpuucnoticias\" \/>\n\t<meta name=\"twitter:label2\" content=\"Tiempo de lectura\" \/>\n\t<meta name=\"twitter:data2\" content=\"4 minutos\" \/>\n<script type=\"application\/ld+json\" class=\"yoast-schema-graph\">{\"@context\":\"https:\/\/schema.org\",\"@graph\":[{\"@type\":\"WebSite\",\"@id\":\"https:\/\/elpuucnoticias.com\/#website\",\"url\":\"https:\/\/elpuucnoticias.com\/\",\"name\":\"El Puuc Noticias\",\"description\":\"Noticias - Entretenimiento - Deportes\",\"potentialAction\":[{\"@type\":\"SearchAction\",\"target\":{\"@type\":\"EntryPoint\",\"urlTemplate\":\"https:\/\/elpuucnoticias.com\/?s={search_term_string}\"},\"query-input\":\"required name=search_term_string\"}],\"inLanguage\":\"es\"},{\"@type\":\"ImageObject\",\"@id\":\"https:\/\/elpuucnoticias.com\/?p=18308#primaryimage\",\"inLanguage\":\"es\",\"url\":\"https:\/\/elpuucnoticias.com\/wp-content\/uploads\/2025\/05\/whatsapp-image-2025-05-15-at-12.03.42-pm-scaled.jpeg\",\"contentUrl\":\"https:\/\/elpuucnoticias.com\/wp-content\/uploads\/2025\/05\/whatsapp-image-2025-05-15-at-12.03.42-pm-scaled.jpeg\",\"width\":2560,\"height\":1707},{\"@type\":\"WebPage\",\"@id\":\"https:\/\/elpuucnoticias.com\/?p=18308#webpage\",\"url\":\"https:\/\/elpuucnoticias.com\/?p=18308\",\"name\":\"Arranca Mara Lezama la Jornada Nacional de Tequios por la Paz y Contra las Adicciones, por el bienestar de las y los j\u00f3venes - El Puuc Noticias\",\"isPartOf\":{\"@id\":\"https:\/\/elpuucnoticias.com\/#website\"},\"primaryImageOfPage\":{\"@id\":\"https:\/\/elpuucnoticias.com\/?p=18308#primaryimage\"},\"datePublished\":\"2025-05-15T18:36:41+00:00\",\"dateModified\":\"2025-05-15T18:36:42+00:00\",\"author\":{\"@id\":\"https:\/\/elpuucnoticias.com\/#\/schema\/person\/d2ea09e4c97f0160b11cdfb1d856bd9e\"},\"breadcrumb\":{\"@id\":\"https:\/\/elpuucnoticias.com\/?p=18308#breadcrumb\"},\"inLanguage\":\"es\",\"potentialAction\":[{\"@type\":\"ReadAction\",\"target\":[\"https:\/\/elpuucnoticias.com\/?p=18308\"]}]},{\"@type\":\"BreadcrumbList\",\"@id\":\"https:\/\/elpuucnoticias.com\/?p=18308#breadcrumb\",\"itemListElement\":[{\"@type\":\"ListItem\",\"position\":1,\"name\":\"Portada\",\"item\":\"https:\/\/elpuucnoticias.com\/\"},{\"@type\":\"ListItem\",\"position\":2,\"name\":\"Arranca Mara Lezama la Jornada Nacional de Tequios por la Paz y Contra las Adicciones, por el bienestar de las y los j\u00f3venes\"}]},{\"@type\":\"Person\",\"@id\":\"https:\/\/elpuucnoticias.com\/#\/schema\/person\/d2ea09e4c97f0160b11cdfb1d856bd9e\",\"name\":\"elpuucnoticias\",\"image\":{\"@type\":\"ImageObject\",\"@id\":\"https:\/\/elpuucnoticias.com\/#personlogo\",\"inLanguage\":\"es\",\"url\":\"https:\/\/secure.gravatar.com\/avatar\/5290a43657c74ffa15701dbe5b846bd85cc71930d803c84e91046a7333de6ce2?s=96&d=mm&r=g\",\"contentUrl\":\"https:\/\/secure.gravatar.com\/avatar\/5290a43657c74ffa15701dbe5b846bd85cc71930d803c84e91046a7333de6ce2?s=96&d=mm&r=g\",\"caption\":\"elpuucnoticias\"},\"sameAs\":[\"https:\/\/elpuucnoticias.com\"],\"url\":\"https:\/\/elpuucnoticias.com\/?author=1\"}]}<\/script>\n<!-- \/ Yoast SEO plugin. -->","yoast_head_json":{"title":"Arranca Mara Lezama la Jornada Nacional de Tequios por la Paz y Contra las Adicciones, por el bienestar de las y los j\u00f3venes - El Puuc Noticias","robots":{"index":"index","follow":"follow","max-snippet":"max-snippet:-1","max-image-preview":"max-image-preview:large","max-video-preview":"max-video-preview:-1"},"canonical":"https:\/\/elpuucnoticias.com\/?p=18308","og_locale":"es_ES","og_type":"article","og_title":"Arranca Mara Lezama la Jornada Nacional de Tequios por la Paz y Contra las Adicciones, por el bienestar de las y los j\u00f3venes - El Puuc Noticias","og_description":"Con la participaci\u00f3n de m\u00e1s de 36 mil personas en todo el estado, Quintana Roo se sum\u00f3 con","og_url":"https:\/\/elpuucnoticias.com\/?p=18308","og_site_name":"El Puuc Noticias","article_published_time":"2025-05-15T18:36:41+00:00","article_modified_time":"2025-05-15T18:36:42+00:00","og_image":[{"width":2560,"height":1707,"url":"https:\/\/elpuucnoticias.com\/wp-content\/uploads\/2025\/05\/whatsapp-image-2025-05-15-at-12.03.42-pm-scaled.jpeg","type":"image\/jpeg"}],"twitter_card":"summary_large_image","twitter_misc":{"Escrito por":"elpuucnoticias","Tiempo de lectura":"4 minutos"},"schema":{"@context":"https:\/\/schema.org","@graph":[{"@type":"WebSite","@id":"https:\/\/elpuucnoticias.com\/#website","url":"https:\/\/elpuucnoticias.com\/","name":"El Puuc Noticias","description":"Noticias - Entretenimiento - Deportes","potentialAction":[{"@type":"SearchAction","target":{"@type":"EntryPoint","urlTemplate":"https:\/\/elpuucnoticias.com\/?s={search_term_string}"},"query-input":"required name=search_term_string"}],"inLanguage":"es"},{"@type":"ImageObject","@id":"https:\/\/elpuucnoticias.com\/?p=18308#primaryimage","inLanguage":"es","url":"https:\/\/elpuucnoticias.com\/wp-content\/uploads\/2025\/05\/whatsapp-image-2025-05-15-at-12.03.42-pm-scaled.jpeg","contentUrl":"https:\/\/elpuucnoticias.com\/wp-content\/uploads\/2025\/05\/whatsapp-image-2025-05-15-at-12.03.42-pm-scaled.jpeg","width":2560,"height":1707},{"@type":"WebPage","@id":"https:\/\/elpuucnoticias.com\/?p=18308#webpage","url":"https:\/\/elpuucnoticias.com\/?p=18308","name":"Arranca Mara Lezama la Jornada Nacional de Tequios por la Paz y Contra las Adicciones, por el bienestar de las y los j\u00f3venes - El Puuc Noticias","isPartOf":{"@id":"https:\/\/elpuucnoticias.com\/#website"},"primaryImageOfPage":{"@id":"https:\/\/elpuucnoticias.com\/?p=18308#primaryimage"},"datePublished":"2025-05-15T18:36:41+00:00","dateModified":"2025-05-15T18:36:42+00:00","author":{"@id":"https:\/\/elpuucnoticias.com\/#\/schema\/person\/d2ea09e4c97f0160b11cdfb1d856bd9e"},"breadcrumb":{"@id":"https:\/\/elpuucnoticias.com\/?p=18308#breadcrumb"},"inLanguage":"es","potentialAction":[{"@type":"ReadAction","target":["https:\/\/elpuucnoticias.com\/?p=18308"]}]},{"@type":"BreadcrumbList","@id":"https:\/\/elpuucnoticias.com\/?p=18308#breadcrumb","itemListElement":[{"@type":"ListItem","position":1,"name":"Portada","item":"https:\/\/elpuucnoticias.com\/"},{"@type":"ListItem","position":2,"name":"Arranca Mara Lezama la Jornada Nacional de Tequios por la Paz y Contra las Adicciones, por el bienestar de las y los j\u00f3venes"}]},{"@type":"Person","@id":"https:\/\/elpuucnoticias.com\/#\/schema\/person\/d2ea09e4c97f0160b11cdfb1d856bd9e","name":"elpuucnoticias","image":{"@type":"ImageObject","@id":"https:\/\/elpuucnoticias.com\/#personlogo","inLanguage":"es","url":"https:\/\/secure.gravatar.com\/avatar\/5290a43657c74ffa15701dbe5b846bd85cc71930d803c84e91046a7333de6ce2?s=96&d=mm&r=g","contentUrl":"https:\/\/secure.gravatar.com\/avatar\/5290a43657c74ffa15701dbe5b846bd85cc71930d803c84e91046a7333de6ce2?s=96&d=mm&r=g","caption":"elpuucnoticias"},"sameAs":["https:\/\/elpuucnoticias.com"],"url":"https:\/\/elpuucnoticias.com\/?author=1"}]}},"_links":{"self":[{"href":"https:\/\/elpuucnoticias.com\/index.php?rest_route=\/wp\/v2\/posts\/18308","targetHints":{"allow":["GET"]}}],"collection":[{"href":"https:\/\/elpuucnoticias.com\/index.php?rest_route=\/wp\/v2\/posts"}],"about":[{"href":"https:\/\/elpuucnoticias.com\/index.php?rest_route=\/wp\/v2\/types\/post"}],"author":[{"embeddable":true,"href":"https:\/\/elpuucnoticias.com\/index.php?rest_route=\/wp\/v2\/users\/1"}],"replies":[{"embeddable":true,"href":"https:\/\/elpuucnoticias.com\/index.php?rest_route=%2Fwp%2Fv2%2Fcomments&post=18308"}],"version-history":[{"count":1,"href":"https:\/\/elpuucnoticias.com\/index.php?rest_route=\/wp\/v2\/posts\/18308\/revisions"}],"predecessor-version":[{"id":18315,"href":"https:\/\/elpuucnoticias.com\/index.php?rest_route=\/wp\/v2\/posts\/18308\/revisions\/18315"}],"wp:featuredmedia":[{"embeddable":true,"href":"https:\/\/elpuucnoticias.com\/index.php?rest_route=\/wp\/v2\/media\/18314"}],"wp:attachment":[{"href":"https:\/\/elpuucnoticias.com\/index.php?rest_route=%2Fwp%2Fv2%2Fmedia&parent=18308"}],"wp:term":[{"taxonomy":"category","embeddable":true,"href":"https:\/\/elpuucnoticias.com\/index.php?rest_route=%2Fwp%2Fv2%2Fcategories&post=18308"},{"taxonomy":"post_tag","embeddable":true,"href":"https:\/\/elpuucnoticias.com\/index.php?rest_route=%2Fwp%2Fv2%2Ftags&post=18308"}],"curies":[{"name":"wp","href":"https:\/\/api.w.org\/{rel}","templated":true}]}}