{"id":18352,"date":"2025-05-16T12:01:00","date_gmt":"2025-05-16T18:01:00","guid":{"rendered":"https:\/\/elpuucnoticias.com\/?p=18352"},"modified":"2025-05-16T12:01:00","modified_gmt":"2025-05-16T18:01:00","slug":"impulsa-mara-lezama-desarrollo-integral-de-la-ninez-con-reapertura-de-cai-estrellita-prado-norte-en-cancun","status":"publish","type":"post","link":"https:\/\/elpuucnoticias.com\/?p=18352","title":{"rendered":"Impulsa Mara Lezama desarrollo integral de la ni\u00f1ez con reapertura de CAI \u201cEstrellita\u201d Prado Norte en Canc\u00fan"},"content":{"rendered":"\n<p>La gobernadora Mara Lezama Espinosa y la presidenta honoraria del DIF Quintana Roo, Ver\u00f3nica Lezama Espinosa, encabezaron la reapertura del Centro de Atenci\u00f3n Infantil (CAI) \u201cEstrellita\u201d, un espacio dedicado al desarrollo integral de ni\u00f1as y ni\u00f1os, en la colonia Prado Norte.<\/p>\n\n\n\n<p>Junto con la presidenta municipal de Benito Ju\u00e1rez, Ana Paty Peralta de la Pe\u00f1a, la titular del Ejecutivo expres\u00f3 que con esta acci\u00f3n se reafirma el compromiso de este gobierno humanista, con coraz\u00f3n feminista, con una infancia protegida, activa y feliz.<\/p>\n\n\n\n<p>\u201cA trav\u00e9s del Nuevo Acuerdo por el Bienestar y Desarrollo de Quintana Roo todas y todos vamos en un mismo sentido, teniendo muy claro el poner en la prioridad de lo p\u00fablico a los seres humanos, que el dinero del pueblo debe regresar al pueblo, que las y los ni\u00f1os son fundamentales y son prioridad en este gobierno, para que las cosas sucedan\u201d afirm\u00f3 la Gobernadora.<\/p>\n\n\n\n<figure class=\"wp-block-gallery has-nested-images columns-default is-cropped wp-block-gallery-1 is-layout-flex wp-block-gallery-is-layout-flex\">\n<figure class=\"wp-block-image size-large is-style-default\"><img loading=\"lazy\" decoding=\"async\" width=\"1024\" height=\"683\" data-id=\"18354\" src=\"https:\/\/elpuucnoticias.com\/wp-content\/uploads\/2025\/05\/whatsapp-image-2025-05-16-at-11.43.41-am-1024x683.jpeg\" alt=\"\" class=\"wp-image-18354\" srcset=\"https:\/\/elpuucnoticias.com\/wp-content\/uploads\/2025\/05\/whatsapp-image-2025-05-16-at-11.43.41-am-1024x683.jpeg 1024w, https:\/\/elpuucnoticias.com\/wp-content\/uploads\/2025\/05\/whatsapp-image-2025-05-16-at-11.43.41-am-300x200.jpeg 300w, https:\/\/elpuucnoticias.com\/wp-content\/uploads\/2025\/05\/whatsapp-image-2025-05-16-at-11.43.41-am-768x512.jpeg 768w, https:\/\/elpuucnoticias.com\/wp-content\/uploads\/2025\/05\/whatsapp-image-2025-05-16-at-11.43.41-am-1536x1024.jpeg 1536w, https:\/\/elpuucnoticias.com\/wp-content\/uploads\/2025\/05\/whatsapp-image-2025-05-16-at-11.43.41-am-2048x1366.jpeg 2048w, https:\/\/elpuucnoticias.com\/wp-content\/uploads\/2025\/05\/whatsapp-image-2025-05-16-at-11.43.41-am-600x400.jpeg 600w, https:\/\/elpuucnoticias.com\/wp-content\/uploads\/2025\/05\/whatsapp-image-2025-05-16-at-11.43.41-am-320x213.jpeg 320w\" sizes=\"auto, (max-width: 1024px) 100vw, 1024px\" \/><\/figure>\n\n\n\n<figure class=\"wp-block-image size-large is-style-default\"><img loading=\"lazy\" decoding=\"async\" width=\"1024\" height=\"683\" data-id=\"18353\" src=\"https:\/\/elpuucnoticias.com\/wp-content\/uploads\/2025\/05\/whatsapp-image-2025-05-16-at-11.43.40-am-4-1024x683.jpeg\" alt=\"\" class=\"wp-image-18353\" srcset=\"https:\/\/elpuucnoticias.com\/wp-content\/uploads\/2025\/05\/whatsapp-image-2025-05-16-at-11.43.40-am-4-1024x683.jpeg 1024w, https:\/\/elpuucnoticias.com\/wp-content\/uploads\/2025\/05\/whatsapp-image-2025-05-16-at-11.43.40-am-4-300x200.jpeg 300w, https:\/\/elpuucnoticias.com\/wp-content\/uploads\/2025\/05\/whatsapp-image-2025-05-16-at-11.43.40-am-4-768x512.jpeg 768w, https:\/\/elpuucnoticias.com\/wp-content\/uploads\/2025\/05\/whatsapp-image-2025-05-16-at-11.43.40-am-4-1536x1024.jpeg 1536w, https:\/\/elpuucnoticias.com\/wp-content\/uploads\/2025\/05\/whatsapp-image-2025-05-16-at-11.43.40-am-4-2048x1366.jpeg 2048w, https:\/\/elpuucnoticias.com\/wp-content\/uploads\/2025\/05\/whatsapp-image-2025-05-16-at-11.43.40-am-4-600x400.jpeg 600w, https:\/\/elpuucnoticias.com\/wp-content\/uploads\/2025\/05\/whatsapp-image-2025-05-16-at-11.43.40-am-4-320x213.jpeg 320w\" sizes=\"auto, (max-width: 1024px) 100vw, 1024px\" \/><\/figure>\n\n\n\n<figure class=\"wp-block-image size-large is-style-default\"><img loading=\"lazy\" decoding=\"async\" width=\"1024\" height=\"683\" data-id=\"18355\" src=\"https:\/\/elpuucnoticias.com\/wp-content\/uploads\/2025\/05\/whatsapp-image-2025-05-16-at-11.43.40-am-3-1024x683.jpeg\" alt=\"\" class=\"wp-image-18355\" srcset=\"https:\/\/elpuucnoticias.com\/wp-content\/uploads\/2025\/05\/whatsapp-image-2025-05-16-at-11.43.40-am-3-1024x683.jpeg 1024w, https:\/\/elpuucnoticias.com\/wp-content\/uploads\/2025\/05\/whatsapp-image-2025-05-16-at-11.43.40-am-3-300x200.jpeg 300w, https:\/\/elpuucnoticias.com\/wp-content\/uploads\/2025\/05\/whatsapp-image-2025-05-16-at-11.43.40-am-3-768x512.jpeg 768w, https:\/\/elpuucnoticias.com\/wp-content\/uploads\/2025\/05\/whatsapp-image-2025-05-16-at-11.43.40-am-3-1536x1024.jpeg 1536w, https:\/\/elpuucnoticias.com\/wp-content\/uploads\/2025\/05\/whatsapp-image-2025-05-16-at-11.43.40-am-3-2048x1366.jpeg 2048w, https:\/\/elpuucnoticias.com\/wp-content\/uploads\/2025\/05\/whatsapp-image-2025-05-16-at-11.43.40-am-3-600x400.jpeg 600w, https:\/\/elpuucnoticias.com\/wp-content\/uploads\/2025\/05\/whatsapp-image-2025-05-16-at-11.43.40-am-3-320x213.jpeg 320w\" sizes=\"auto, (max-width: 1024px) 100vw, 1024px\" \/><\/figure>\n<\/figure>\n\n\n\n<p>El CAI \u201cEstrellita\u201d atender\u00e1 a ni\u00f1as y ni\u00f1os de 2 a 5 a\u00f1os con 11 meses, hijas e hijos de trabajadores del sector tur\u00edstico, en horario de 7:30 de la ma\u00f1ana a 3 de la tarde. Cumple con la Estrategia Nacional de Primera Infancia, en los niveles maternal 2, preescolar 1, 2 y 3, con servicios de trabajo social, educaci\u00f3n, psicolog\u00eda, nutrici\u00f3n y salud.<\/p>\n\n\n\n<p>La presidenta honoraria del Sistema DIF estatal, Ver\u00f3nica Lezama Espinosa subray\u00f3 que el proyecto es un esfuerzo conjunto de los tres \u00f3rdenes de gobierno, enfocado en garantizar espacios educativos de calidad y calidez para la ni\u00f1ez y adolescencia quintanarroense.<\/p>\n\n\n\n<p>Durante el recorrido por las instalaciones del CAI, la presidenta del DIF Quintana Roo explic\u00f3 que se aplica el modelo educativo inspirado en la metodolog\u00eda Reggio Emilia, que promueve el aprendizaje aut\u00f3nomo a trav\u00e9s de la exploraci\u00f3n y creatividad.<\/p>\n\n\n\n<p>\u201cSigamos construyendo un futuro mejor para nuestras infancias y trabajar con el coraz\u00f3n, por ello, mi compromiso es y ser\u00e1 el bienestar de los grupos prioritarios de la entidad, trabajado 24\/7 de norte a sur. \u00a1Siendo seres humanos ayudando a m\u00e1s seres humanos!\u201d, cit\u00f3.<\/p>\n\n\n\n<p>Previamente la presidenta municipal Ana Paty Peralta de la Pe\u00f1a dio la bienvenida a los presentes y destac\u00f3 que cuando se trabaja juntos por objetivos comunes, los resultados se multiplican.<\/p>\n\n\n\n<p>Asistieron tambi\u00e9n a este evento Abril Cristina Sabido Alc\u00e9rreca, directora general del DIF Quintana Roo y Marisol Sendo Rodr\u00edguez, presidenta del DIF en Benito Ju\u00e1rez.<\/p>\n","protected":false},"excerpt":{"rendered":"<p>La gobernadora Mara Lezama Espinosa y la presidenta honoraria del DIF Quintana Roo, Ver\u00f3nica Lezama Espinosa, encabezaron la<\/p>\n","protected":false},"author":1,"featured_media":18356,"comment_status":"closed","ping_status":"open","sticky":false,"template":"","format":"standard","meta":{"_monsterinsights_skip_tracking":false,"_monsterinsights_sitenote_active":false,"_monsterinsights_sitenote_note":"","_monsterinsights_sitenote_category":0,"footnotes":""},"categories":[11,24],"tags":[],"class_list":["post-18352","post","type-post","status-publish","format-standard","has-post-thumbnail","hentry","category-noticias","category-quintana-roo"],"yoast_head":"<!-- This site is optimized with the Yoast SEO plugin v18.3 - https:\/\/yoast.com\/wordpress\/plugins\/seo\/ -->\n<title>Impulsa Mara Lezama desarrollo integral de la ni\u00f1ez con reapertura de CAI \u201cEstrellita\u201d Prado Norte en Canc\u00fan - El Puuc Noticias<\/title>\n<meta name=\"robots\" content=\"index, follow, max-snippet:-1, max-image-preview:large, max-video-preview:-1\" \/>\n<link rel=\"canonical\" href=\"https:\/\/elpuucnoticias.com\/?p=18352\" \/>\n<meta property=\"og:locale\" content=\"es_ES\" \/>\n<meta property=\"og:type\" content=\"article\" \/>\n<meta property=\"og:title\" content=\"Impulsa Mara Lezama desarrollo integral de la ni\u00f1ez con reapertura de CAI \u201cEstrellita\u201d Prado Norte en Canc\u00fan - El Puuc Noticias\" \/>\n<meta property=\"og:description\" content=\"La gobernadora Mara Lezama Espinosa y la presidenta honoraria del DIF Quintana Roo, Ver\u00f3nica Lezama Espinosa, encabezaron la\" \/>\n<meta property=\"og:url\" content=\"https:\/\/elpuucnoticias.com\/?p=18352\" \/>\n<meta property=\"og:site_name\" content=\"El Puuc Noticias\" \/>\n<meta property=\"article:published_time\" content=\"2025-05-16T18:01:00+00:00\" \/>\n<meta property=\"og:image\" content=\"https:\/\/elpuucnoticias.com\/wp-content\/uploads\/2025\/05\/whatsapp-image-2025-05-16-at-11.43.41-am-2-scaled.jpeg\" \/>\n\t<meta property=\"og:image:width\" content=\"2560\" \/>\n\t<meta property=\"og:image:height\" content=\"1707\" \/>\n\t<meta property=\"og:image:type\" content=\"image\/jpeg\" \/>\n<meta name=\"twitter:card\" content=\"summary_large_image\" \/>\n<meta name=\"twitter:label1\" content=\"Escrito por\" \/>\n\t<meta name=\"twitter:data1\" content=\"elpuucnoticias\" \/>\n\t<meta name=\"twitter:label2\" content=\"Tiempo de lectura\" \/>\n\t<meta name=\"twitter:data2\" content=\"2 minutos\" \/>\n<script type=\"application\/ld+json\" class=\"yoast-schema-graph\">{\"@context\":\"https:\/\/schema.org\",\"@graph\":[{\"@type\":\"WebSite\",\"@id\":\"https:\/\/elpuucnoticias.com\/#website\",\"url\":\"https:\/\/elpuucnoticias.com\/\",\"name\":\"El Puuc Noticias\",\"description\":\"Noticias - Entretenimiento - Deportes\",\"potentialAction\":[{\"@type\":\"SearchAction\",\"target\":{\"@type\":\"EntryPoint\",\"urlTemplate\":\"https:\/\/elpuucnoticias.com\/?s={search_term_string}\"},\"query-input\":\"required name=search_term_string\"}],\"inLanguage\":\"es\"},{\"@type\":\"ImageObject\",\"@id\":\"https:\/\/elpuucnoticias.com\/?p=18352#primaryimage\",\"inLanguage\":\"es\",\"url\":\"https:\/\/elpuucnoticias.com\/wp-content\/uploads\/2025\/05\/whatsapp-image-2025-05-16-at-11.43.41-am-2-scaled.jpeg\",\"contentUrl\":\"https:\/\/elpuucnoticias.com\/wp-content\/uploads\/2025\/05\/whatsapp-image-2025-05-16-at-11.43.41-am-2-scaled.jpeg\",\"width\":2560,\"height\":1707},{\"@type\":\"WebPage\",\"@id\":\"https:\/\/elpuucnoticias.com\/?p=18352#webpage\",\"url\":\"https:\/\/elpuucnoticias.com\/?p=18352\",\"name\":\"Impulsa Mara Lezama desarrollo integral de la ni\u00f1ez con reapertura de CAI \u201cEstrellita\u201d Prado Norte en Canc\u00fan - El Puuc Noticias\",\"isPartOf\":{\"@id\":\"https:\/\/elpuucnoticias.com\/#website\"},\"primaryImageOfPage\":{\"@id\":\"https:\/\/elpuucnoticias.com\/?p=18352#primaryimage\"},\"datePublished\":\"2025-05-16T18:01:00+00:00\",\"dateModified\":\"2025-05-16T18:01:00+00:00\",\"author\":{\"@id\":\"https:\/\/elpuucnoticias.com\/#\/schema\/person\/d2ea09e4c97f0160b11cdfb1d856bd9e\"},\"breadcrumb\":{\"@id\":\"https:\/\/elpuucnoticias.com\/?p=18352#breadcrumb\"},\"inLanguage\":\"es\",\"potentialAction\":[{\"@type\":\"ReadAction\",\"target\":[\"https:\/\/elpuucnoticias.com\/?p=18352\"]}]},{\"@type\":\"BreadcrumbList\",\"@id\":\"https:\/\/elpuucnoticias.com\/?p=18352#breadcrumb\",\"itemListElement\":[{\"@type\":\"ListItem\",\"position\":1,\"name\":\"Portada\",\"item\":\"https:\/\/elpuucnoticias.com\/\"},{\"@type\":\"ListItem\",\"position\":2,\"name\":\"Impulsa Mara Lezama desarrollo integral de la ni\u00f1ez con reapertura de CAI \u201cEstrellita\u201d Prado Norte en Canc\u00fan\"}]},{\"@type\":\"Person\",\"@id\":\"https:\/\/elpuucnoticias.com\/#\/schema\/person\/d2ea09e4c97f0160b11cdfb1d856bd9e\",\"name\":\"elpuucnoticias\",\"image\":{\"@type\":\"ImageObject\",\"@id\":\"https:\/\/elpuucnoticias.com\/#personlogo\",\"inLanguage\":\"es\",\"url\":\"https:\/\/secure.gravatar.com\/avatar\/5290a43657c74ffa15701dbe5b846bd85cc71930d803c84e91046a7333de6ce2?s=96&d=mm&r=g\",\"contentUrl\":\"https:\/\/secure.gravatar.com\/avatar\/5290a43657c74ffa15701dbe5b846bd85cc71930d803c84e91046a7333de6ce2?s=96&d=mm&r=g\",\"caption\":\"elpuucnoticias\"},\"sameAs\":[\"https:\/\/elpuucnoticias.com\"],\"url\":\"https:\/\/elpuucnoticias.com\/?author=1\"}]}<\/script>\n<!-- \/ Yoast SEO plugin. -->","yoast_head_json":{"title":"Impulsa Mara Lezama desarrollo integral de la ni\u00f1ez con reapertura de CAI \u201cEstrellita\u201d Prado Norte en Canc\u00fan - El Puuc Noticias","robots":{"index":"index","follow":"follow","max-snippet":"max-snippet:-1","max-image-preview":"max-image-preview:large","max-video-preview":"max-video-preview:-1"},"canonical":"https:\/\/elpuucnoticias.com\/?p=18352","og_locale":"es_ES","og_type":"article","og_title":"Impulsa Mara Lezama desarrollo integral de la ni\u00f1ez con reapertura de CAI \u201cEstrellita\u201d Prado Norte en Canc\u00fan - El Puuc Noticias","og_description":"La gobernadora Mara Lezama Espinosa y la presidenta honoraria del DIF Quintana Roo, Ver\u00f3nica Lezama Espinosa, encabezaron la","og_url":"https:\/\/elpuucnoticias.com\/?p=18352","og_site_name":"El Puuc Noticias","article_published_time":"2025-05-16T18:01:00+00:00","og_image":[{"width":2560,"height":1707,"url":"https:\/\/elpuucnoticias.com\/wp-content\/uploads\/2025\/05\/whatsapp-image-2025-05-16-at-11.43.41-am-2-scaled.jpeg","type":"image\/jpeg"}],"twitter_card":"summary_large_image","twitter_misc":{"Escrito por":"elpuucnoticias","Tiempo de lectura":"2 minutos"},"schema":{"@context":"https:\/\/schema.org","@graph":[{"@type":"WebSite","@id":"https:\/\/elpuucnoticias.com\/#website","url":"https:\/\/elpuucnoticias.com\/","name":"El Puuc Noticias","description":"Noticias - Entretenimiento - Deportes","potentialAction":[{"@type":"SearchAction","target":{"@type":"EntryPoint","urlTemplate":"https:\/\/elpuucnoticias.com\/?s={search_term_string}"},"query-input":"required name=search_term_string"}],"inLanguage":"es"},{"@type":"ImageObject","@id":"https:\/\/elpuucnoticias.com\/?p=18352#primaryimage","inLanguage":"es","url":"https:\/\/elpuucnoticias.com\/wp-content\/uploads\/2025\/05\/whatsapp-image-2025-05-16-at-11.43.41-am-2-scaled.jpeg","contentUrl":"https:\/\/elpuucnoticias.com\/wp-content\/uploads\/2025\/05\/whatsapp-image-2025-05-16-at-11.43.41-am-2-scaled.jpeg","width":2560,"height":1707},{"@type":"WebPage","@id":"https:\/\/elpuucnoticias.com\/?p=18352#webpage","url":"https:\/\/elpuucnoticias.com\/?p=18352","name":"Impulsa Mara Lezama desarrollo integral de la ni\u00f1ez con reapertura de CAI \u201cEstrellita\u201d Prado Norte en Canc\u00fan - El Puuc Noticias","isPartOf":{"@id":"https:\/\/elpuucnoticias.com\/#website"},"primaryImageOfPage":{"@id":"https:\/\/elpuucnoticias.com\/?p=18352#primaryimage"},"datePublished":"2025-05-16T18:01:00+00:00","dateModified":"2025-05-16T18:01:00+00:00","author":{"@id":"https:\/\/elpuucnoticias.com\/#\/schema\/person\/d2ea09e4c97f0160b11cdfb1d856bd9e"},"breadcrumb":{"@id":"https:\/\/elpuucnoticias.com\/?p=18352#breadcrumb"},"inLanguage":"es","potentialAction":[{"@type":"ReadAction","target":["https:\/\/elpuucnoticias.com\/?p=18352"]}]},{"@type":"BreadcrumbList","@id":"https:\/\/elpuucnoticias.com\/?p=18352#breadcrumb","itemListElement":[{"@type":"ListItem","position":1,"name":"Portada","item":"https:\/\/elpuucnoticias.com\/"},{"@type":"ListItem","position":2,"name":"Impulsa Mara Lezama desarrollo integral de la ni\u00f1ez con reapertura de CAI \u201cEstrellita\u201d Prado Norte en Canc\u00fan"}]},{"@type":"Person","@id":"https:\/\/elpuucnoticias.com\/#\/schema\/person\/d2ea09e4c97f0160b11cdfb1d856bd9e","name":"elpuucnoticias","image":{"@type":"ImageObject","@id":"https:\/\/elpuucnoticias.com\/#personlogo","inLanguage":"es","url":"https:\/\/secure.gravatar.com\/avatar\/5290a43657c74ffa15701dbe5b846bd85cc71930d803c84e91046a7333de6ce2?s=96&d=mm&r=g","contentUrl":"https:\/\/secure.gravatar.com\/avatar\/5290a43657c74ffa15701dbe5b846bd85cc71930d803c84e91046a7333de6ce2?s=96&d=mm&r=g","caption":"elpuucnoticias"},"sameAs":["https:\/\/elpuucnoticias.com"],"url":"https:\/\/elpuucnoticias.com\/?author=1"}]}},"_links":{"self":[{"href":"https:\/\/elpuucnoticias.com\/index.php?rest_route=\/wp\/v2\/posts\/18352","targetHints":{"allow":["GET"]}}],"collection":[{"href":"https:\/\/elpuucnoticias.com\/index.php?rest_route=\/wp\/v2\/posts"}],"about":[{"href":"https:\/\/elpuucnoticias.com\/index.php?rest_route=\/wp\/v2\/types\/post"}],"author":[{"embeddable":true,"href":"https:\/\/elpuucnoticias.com\/index.php?rest_route=\/wp\/v2\/users\/1"}],"replies":[{"embeddable":true,"href":"https:\/\/elpuucnoticias.com\/index.php?rest_route=%2Fwp%2Fv2%2Fcomments&post=18352"}],"version-history":[{"count":1,"href":"https:\/\/elpuucnoticias.com\/index.php?rest_route=\/wp\/v2\/posts\/18352\/revisions"}],"predecessor-version":[{"id":18357,"href":"https:\/\/elpuucnoticias.com\/index.php?rest_route=\/wp\/v2\/posts\/18352\/revisions\/18357"}],"wp:featuredmedia":[{"embeddable":true,"href":"https:\/\/elpuucnoticias.com\/index.php?rest_route=\/wp\/v2\/media\/18356"}],"wp:attachment":[{"href":"https:\/\/elpuucnoticias.com\/index.php?rest_route=%2Fwp%2Fv2%2Fmedia&parent=18352"}],"wp:term":[{"taxonomy":"category","embeddable":true,"href":"https:\/\/elpuucnoticias.com\/index.php?rest_route=%2Fwp%2Fv2%2Fcategories&post=18352"},{"taxonomy":"post_tag","embeddable":true,"href":"https:\/\/elpuucnoticias.com\/index.php?rest_route=%2Fwp%2Fv2%2Ftags&post=18352"}],"curies":[{"name":"wp","href":"https:\/\/api.w.org\/{rel}","templated":true}]}}