{"id":18477,"date":"2025-05-22T11:50:49","date_gmt":"2025-05-22T17:50:49","guid":{"rendered":"https:\/\/elpuucnoticias.com\/?p=18477"},"modified":"2025-05-22T11:50:49","modified_gmt":"2025-05-22T17:50:49","slug":"tras-las-rejas-e-imputado-por-violentar-a-su-ex-pareja","status":"publish","type":"post","link":"https:\/\/elpuucnoticias.com\/?p=18477","title":{"rendered":"Tras las rejas e imputado por violentar a su ex pareja"},"content":{"rendered":"\n<p>La Fiscal\u00eda General del Estado (FGE) formul\u00f3 la imputaci\u00f3n a M.P.R. por el delito de violencia familiar tras los hechos ocurridos la semana pasada en un predio del fraccionamiento Villas Quetzal, de esta ciudad, por lo que permanecer\u00e1 bajo prisi\u00f3n preventiva como medida cautelar.<\/p>\n\n\n\n<p>En la audiencia celebrada en el Centro de Justicia Oral de M\u00e9rida, los fiscales de litigaci\u00f3n imputaron el delito y argumentaron la vinculaci\u00f3n a proceso, pero el encausado se acogi\u00f3 a la duplicidad del t\u00e9rmino constitucional para resolver su situaci\u00f3n jur\u00eddica, por lo que el Juez Primero de Control otorg\u00f3 un receso y en fecha pr\u00f3xima definir\u00e1 la condici\u00f3n legal del encausado.<\/p>\n\n\n\n<p>De los hechos, reunidos en la causa penal 287\/2025, se logr\u00f3 establecer que el pasado 13 de mayo el encausado se encontraba recogiendo sus pertenencia en el predio que habitaba con la v\u00edctima, esto tras decidir terminar la relaci\u00f3n con la denunciante.<\/p>\n\n\n\n<p>La indagatoria arroj\u00f3 que el imputado ejerci\u00f3 actos abusivos contra la mujer con el fin de agredirla f\u00edsica, psicol\u00f3gica y emocionalmente, adem\u00e1s de da\u00f1ar su patrimonio al tirar al piso la laptop de la v\u00edctima, para despu\u00e9s retirarse del lugar, pero fue detenido momentos despu\u00e9s en el auto la afectada.<\/p>\n\n\n\n<p>Por \u00faltimo, esta representaci\u00f3n social expuso los argumentos para sustentar la solicitud de la prisi\u00f3n preventiva justificada como medida cautelar, la cual fue concedida por el Juez de Control por todo el tiempo que dure el proceso.<\/p>\n","protected":false},"excerpt":{"rendered":"<p>La Fiscal\u00eda General del Estado (FGE) formul\u00f3 la imputaci\u00f3n a M.P.R. por el delito de violencia familiar tras<\/p>\n","protected":false},"author":1,"featured_media":9255,"comment_status":"closed","ping_status":"open","sticky":false,"template":"","format":"standard","meta":{"_monsterinsights_skip_tracking":false,"_monsterinsights_sitenote_active":false,"_monsterinsights_sitenote_note":"","_monsterinsights_sitenote_category":0,"footnotes":""},"categories":[11,3],"tags":[],"class_list":["post-18477","post","type-post","status-publish","format-standard","has-post-thumbnail","hentry","category-noticias","category-policiacas"],"yoast_head":"<!-- This site is optimized with the Yoast SEO plugin v18.3 - https:\/\/yoast.com\/wordpress\/plugins\/seo\/ -->\n<title>Tras las rejas e imputado por violentar a su ex pareja - El Puuc Noticias<\/title>\n<meta name=\"robots\" content=\"index, follow, max-snippet:-1, max-image-preview:large, max-video-preview:-1\" \/>\n<link rel=\"canonical\" href=\"https:\/\/elpuucnoticias.com\/?p=18477\" \/>\n<meta property=\"og:locale\" content=\"es_ES\" \/>\n<meta property=\"og:type\" content=\"article\" \/>\n<meta property=\"og:title\" content=\"Tras las rejas e imputado por violentar a su ex pareja - El Puuc Noticias\" \/>\n<meta property=\"og:description\" content=\"La Fiscal\u00eda General del Estado (FGE) formul\u00f3 la imputaci\u00f3n a M.P.R. por el delito de violencia familiar tras\" \/>\n<meta property=\"og:url\" content=\"https:\/\/elpuucnoticias.com\/?p=18477\" \/>\n<meta property=\"og:site_name\" content=\"El Puuc Noticias\" \/>\n<meta property=\"article:published_time\" content=\"2025-05-22T17:50:49+00:00\" \/>\n<meta property=\"og:image\" content=\"https:\/\/elpuucnoticias.com\/wp-content\/uploads\/2023\/09\/fiscalia-2.jpg\" \/>\n\t<meta property=\"og:image:width\" content=\"1467\" \/>\n\t<meta property=\"og:image:height\" content=\"978\" \/>\n\t<meta property=\"og:image:type\" content=\"image\/jpeg\" \/>\n<meta name=\"twitter:card\" content=\"summary_large_image\" \/>\n<meta name=\"twitter:label1\" content=\"Escrito por\" \/>\n\t<meta name=\"twitter:data1\" content=\"elpuucnoticias\" \/>\n\t<meta name=\"twitter:label2\" content=\"Tiempo de lectura\" \/>\n\t<meta name=\"twitter:data2\" content=\"1 minuto\" \/>\n<script type=\"application\/ld+json\" class=\"yoast-schema-graph\">{\"@context\":\"https:\/\/schema.org\",\"@graph\":[{\"@type\":\"WebSite\",\"@id\":\"https:\/\/elpuucnoticias.com\/#website\",\"url\":\"https:\/\/elpuucnoticias.com\/\",\"name\":\"El Puuc Noticias\",\"description\":\"Noticias - Entretenimiento - Deportes\",\"potentialAction\":[{\"@type\":\"SearchAction\",\"target\":{\"@type\":\"EntryPoint\",\"urlTemplate\":\"https:\/\/elpuucnoticias.com\/?s={search_term_string}\"},\"query-input\":\"required name=search_term_string\"}],\"inLanguage\":\"es\"},{\"@type\":\"ImageObject\",\"@id\":\"https:\/\/elpuucnoticias.com\/?p=18477#primaryimage\",\"inLanguage\":\"es\",\"url\":\"https:\/\/elpuucnoticias.com\/wp-content\/uploads\/2023\/09\/fiscalia-2.jpg\",\"contentUrl\":\"https:\/\/elpuucnoticias.com\/wp-content\/uploads\/2023\/09\/fiscalia-2.jpg\",\"width\":1467,\"height\":978},{\"@type\":\"WebPage\",\"@id\":\"https:\/\/elpuucnoticias.com\/?p=18477#webpage\",\"url\":\"https:\/\/elpuucnoticias.com\/?p=18477\",\"name\":\"Tras las rejas e imputado por violentar a su ex pareja - El Puuc Noticias\",\"isPartOf\":{\"@id\":\"https:\/\/elpuucnoticias.com\/#website\"},\"primaryImageOfPage\":{\"@id\":\"https:\/\/elpuucnoticias.com\/?p=18477#primaryimage\"},\"datePublished\":\"2025-05-22T17:50:49+00:00\",\"dateModified\":\"2025-05-22T17:50:49+00:00\",\"author\":{\"@id\":\"https:\/\/elpuucnoticias.com\/#\/schema\/person\/d2ea09e4c97f0160b11cdfb1d856bd9e\"},\"breadcrumb\":{\"@id\":\"https:\/\/elpuucnoticias.com\/?p=18477#breadcrumb\"},\"inLanguage\":\"es\",\"potentialAction\":[{\"@type\":\"ReadAction\",\"target\":[\"https:\/\/elpuucnoticias.com\/?p=18477\"]}]},{\"@type\":\"BreadcrumbList\",\"@id\":\"https:\/\/elpuucnoticias.com\/?p=18477#breadcrumb\",\"itemListElement\":[{\"@type\":\"ListItem\",\"position\":1,\"name\":\"Portada\",\"item\":\"https:\/\/elpuucnoticias.com\/\"},{\"@type\":\"ListItem\",\"position\":2,\"name\":\"Tras las rejas e imputado por violentar a su ex pareja\"}]},{\"@type\":\"Person\",\"@id\":\"https:\/\/elpuucnoticias.com\/#\/schema\/person\/d2ea09e4c97f0160b11cdfb1d856bd9e\",\"name\":\"elpuucnoticias\",\"image\":{\"@type\":\"ImageObject\",\"@id\":\"https:\/\/elpuucnoticias.com\/#personlogo\",\"inLanguage\":\"es\",\"url\":\"https:\/\/secure.gravatar.com\/avatar\/5290a43657c74ffa15701dbe5b846bd85cc71930d803c84e91046a7333de6ce2?s=96&d=mm&r=g\",\"contentUrl\":\"https:\/\/secure.gravatar.com\/avatar\/5290a43657c74ffa15701dbe5b846bd85cc71930d803c84e91046a7333de6ce2?s=96&d=mm&r=g\",\"caption\":\"elpuucnoticias\"},\"sameAs\":[\"https:\/\/elpuucnoticias.com\"],\"url\":\"https:\/\/elpuucnoticias.com\/?author=1\"}]}<\/script>\n<!-- \/ Yoast SEO plugin. -->","yoast_head_json":{"title":"Tras las rejas e imputado por violentar a su ex pareja - El Puuc Noticias","robots":{"index":"index","follow":"follow","max-snippet":"max-snippet:-1","max-image-preview":"max-image-preview:large","max-video-preview":"max-video-preview:-1"},"canonical":"https:\/\/elpuucnoticias.com\/?p=18477","og_locale":"es_ES","og_type":"article","og_title":"Tras las rejas e imputado por violentar a su ex pareja - El Puuc Noticias","og_description":"La Fiscal\u00eda General del Estado (FGE) formul\u00f3 la imputaci\u00f3n a M.P.R. por el delito de violencia familiar tras","og_url":"https:\/\/elpuucnoticias.com\/?p=18477","og_site_name":"El Puuc Noticias","article_published_time":"2025-05-22T17:50:49+00:00","og_image":[{"width":1467,"height":978,"url":"https:\/\/elpuucnoticias.com\/wp-content\/uploads\/2023\/09\/fiscalia-2.jpg","type":"image\/jpeg"}],"twitter_card":"summary_large_image","twitter_misc":{"Escrito por":"elpuucnoticias","Tiempo de lectura":"1 minuto"},"schema":{"@context":"https:\/\/schema.org","@graph":[{"@type":"WebSite","@id":"https:\/\/elpuucnoticias.com\/#website","url":"https:\/\/elpuucnoticias.com\/","name":"El Puuc Noticias","description":"Noticias - Entretenimiento - Deportes","potentialAction":[{"@type":"SearchAction","target":{"@type":"EntryPoint","urlTemplate":"https:\/\/elpuucnoticias.com\/?s={search_term_string}"},"query-input":"required name=search_term_string"}],"inLanguage":"es"},{"@type":"ImageObject","@id":"https:\/\/elpuucnoticias.com\/?p=18477#primaryimage","inLanguage":"es","url":"https:\/\/elpuucnoticias.com\/wp-content\/uploads\/2023\/09\/fiscalia-2.jpg","contentUrl":"https:\/\/elpuucnoticias.com\/wp-content\/uploads\/2023\/09\/fiscalia-2.jpg","width":1467,"height":978},{"@type":"WebPage","@id":"https:\/\/elpuucnoticias.com\/?p=18477#webpage","url":"https:\/\/elpuucnoticias.com\/?p=18477","name":"Tras las rejas e imputado por violentar a su ex pareja - El Puuc Noticias","isPartOf":{"@id":"https:\/\/elpuucnoticias.com\/#website"},"primaryImageOfPage":{"@id":"https:\/\/elpuucnoticias.com\/?p=18477#primaryimage"},"datePublished":"2025-05-22T17:50:49+00:00","dateModified":"2025-05-22T17:50:49+00:00","author":{"@id":"https:\/\/elpuucnoticias.com\/#\/schema\/person\/d2ea09e4c97f0160b11cdfb1d856bd9e"},"breadcrumb":{"@id":"https:\/\/elpuucnoticias.com\/?p=18477#breadcrumb"},"inLanguage":"es","potentialAction":[{"@type":"ReadAction","target":["https:\/\/elpuucnoticias.com\/?p=18477"]}]},{"@type":"BreadcrumbList","@id":"https:\/\/elpuucnoticias.com\/?p=18477#breadcrumb","itemListElement":[{"@type":"ListItem","position":1,"name":"Portada","item":"https:\/\/elpuucnoticias.com\/"},{"@type":"ListItem","position":2,"name":"Tras las rejas e imputado por violentar a su ex pareja"}]},{"@type":"Person","@id":"https:\/\/elpuucnoticias.com\/#\/schema\/person\/d2ea09e4c97f0160b11cdfb1d856bd9e","name":"elpuucnoticias","image":{"@type":"ImageObject","@id":"https:\/\/elpuucnoticias.com\/#personlogo","inLanguage":"es","url":"https:\/\/secure.gravatar.com\/avatar\/5290a43657c74ffa15701dbe5b846bd85cc71930d803c84e91046a7333de6ce2?s=96&d=mm&r=g","contentUrl":"https:\/\/secure.gravatar.com\/avatar\/5290a43657c74ffa15701dbe5b846bd85cc71930d803c84e91046a7333de6ce2?s=96&d=mm&r=g","caption":"elpuucnoticias"},"sameAs":["https:\/\/elpuucnoticias.com"],"url":"https:\/\/elpuucnoticias.com\/?author=1"}]}},"_links":{"self":[{"href":"https:\/\/elpuucnoticias.com\/index.php?rest_route=\/wp\/v2\/posts\/18477","targetHints":{"allow":["GET"]}}],"collection":[{"href":"https:\/\/elpuucnoticias.com\/index.php?rest_route=\/wp\/v2\/posts"}],"about":[{"href":"https:\/\/elpuucnoticias.com\/index.php?rest_route=\/wp\/v2\/types\/post"}],"author":[{"embeddable":true,"href":"https:\/\/elpuucnoticias.com\/index.php?rest_route=\/wp\/v2\/users\/1"}],"replies":[{"embeddable":true,"href":"https:\/\/elpuucnoticias.com\/index.php?rest_route=%2Fwp%2Fv2%2Fcomments&post=18477"}],"version-history":[{"count":1,"href":"https:\/\/elpuucnoticias.com\/index.php?rest_route=\/wp\/v2\/posts\/18477\/revisions"}],"predecessor-version":[{"id":18478,"href":"https:\/\/elpuucnoticias.com\/index.php?rest_route=\/wp\/v2\/posts\/18477\/revisions\/18478"}],"wp:featuredmedia":[{"embeddable":true,"href":"https:\/\/elpuucnoticias.com\/index.php?rest_route=\/wp\/v2\/media\/9255"}],"wp:attachment":[{"href":"https:\/\/elpuucnoticias.com\/index.php?rest_route=%2Fwp%2Fv2%2Fmedia&parent=18477"}],"wp:term":[{"taxonomy":"category","embeddable":true,"href":"https:\/\/elpuucnoticias.com\/index.php?rest_route=%2Fwp%2Fv2%2Fcategories&post=18477"},{"taxonomy":"post_tag","embeddable":true,"href":"https:\/\/elpuucnoticias.com\/index.php?rest_route=%2Fwp%2Fv2%2Ftags&post=18477"}],"curies":[{"name":"wp","href":"https:\/\/api.w.org\/{rel}","templated":true}]}}