{"id":18479,"date":"2025-05-22T12:34:37","date_gmt":"2025-05-22T18:34:37","guid":{"rendered":"https:\/\/elpuucnoticias.com\/?p=18479"},"modified":"2025-05-22T12:34:37","modified_gmt":"2025-05-22T18:34:37","slug":"inaugura-mara-lezama-nueva-secundaria-general-jose-maria-barrera-del-fraccionamiento-sacbe-en-cancun","status":"publish","type":"post","link":"https:\/\/elpuucnoticias.com\/?p=18479","title":{"rendered":"Inaugura Mara Lezama nueva Secundaria General \u201cJos\u00e9 Mar\u00eda Barrera\u201d del fraccionamiento Sacb\u00e9 en Canc\u00fan"},"content":{"rendered":"\n<p>Para que nadie se quede atr\u00e1s ni nadie se quede fuera, y ninguna ni\u00f1a o ni\u00f1o tenga que recorrer grandes distancias para estudiar, la gobernadora Mara Lezama Espinosa inaugur\u00f3 la nueva Secundaria General \u201cJos\u00e9 Mar\u00eda Barrera\u201d, en el fraccionamiento Privada Sacb\u00e9, en Canc\u00fan.<\/p>\n\n\n\n<p>Antes padres y madres de familia, maestras y maestros, personal administrativo, as\u00ed como autoridades, la gobernadora Mara Lezama expres\u00f3 su satisfacci\u00f3n por la inauguraci\u00f3n de este espacio en donde la ni\u00f1ez tendr\u00e1 la oportunidad de estudiar, aprender, extender sus alas y dedicarse a lo que les gusta, con base en sus talentos.<\/p>\n\n\n\n<figure class=\"wp-block-gallery has-nested-images columns-default is-cropped wp-block-gallery-1 is-layout-flex wp-block-gallery-is-layout-flex\">\n<figure class=\"wp-block-image size-large is-style-default\"><img loading=\"lazy\" decoding=\"async\" width=\"1024\" height=\"576\" data-id=\"18485\" src=\"https:\/\/elpuucnoticias.com\/wp-content\/uploads\/2025\/05\/whatsapp-image-2025-05-22-at-12.27.26-pm-5-1024x576.jpeg\" alt=\"\" class=\"wp-image-18485\" srcset=\"https:\/\/elpuucnoticias.com\/wp-content\/uploads\/2025\/05\/whatsapp-image-2025-05-22-at-12.27.26-pm-5-1024x576.jpeg 1024w, https:\/\/elpuucnoticias.com\/wp-content\/uploads\/2025\/05\/whatsapp-image-2025-05-22-at-12.27.26-pm-5-300x169.jpeg 300w, https:\/\/elpuucnoticias.com\/wp-content\/uploads\/2025\/05\/whatsapp-image-2025-05-22-at-12.27.26-pm-5-768x432.jpeg 768w, https:\/\/elpuucnoticias.com\/wp-content\/uploads\/2025\/05\/whatsapp-image-2025-05-22-at-12.27.26-pm-5-1536x864.jpeg 1536w, https:\/\/elpuucnoticias.com\/wp-content\/uploads\/2025\/05\/whatsapp-image-2025-05-22-at-12.27.26-pm-5-2048x1152.jpeg 2048w, https:\/\/elpuucnoticias.com\/wp-content\/uploads\/2025\/05\/whatsapp-image-2025-05-22-at-12.27.26-pm-5-320x180.jpeg 320w\" sizes=\"auto, (max-width: 1024px) 100vw, 1024px\" \/><\/figure>\n\n\n\n<figure class=\"wp-block-image size-large is-style-default\"><img loading=\"lazy\" decoding=\"async\" width=\"1024\" height=\"683\" data-id=\"18484\" src=\"https:\/\/elpuucnoticias.com\/wp-content\/uploads\/2025\/05\/whatsapp-image-2025-05-22-at-12.27.27-pm-2-1024x683.jpeg\" alt=\"\" class=\"wp-image-18484\" srcset=\"https:\/\/elpuucnoticias.com\/wp-content\/uploads\/2025\/05\/whatsapp-image-2025-05-22-at-12.27.27-pm-2-1024x683.jpeg 1024w, https:\/\/elpuucnoticias.com\/wp-content\/uploads\/2025\/05\/whatsapp-image-2025-05-22-at-12.27.27-pm-2-300x200.jpeg 300w, https:\/\/elpuucnoticias.com\/wp-content\/uploads\/2025\/05\/whatsapp-image-2025-05-22-at-12.27.27-pm-2-768x512.jpeg 768w, https:\/\/elpuucnoticias.com\/wp-content\/uploads\/2025\/05\/whatsapp-image-2025-05-22-at-12.27.27-pm-2-1536x1024.jpeg 1536w, https:\/\/elpuucnoticias.com\/wp-content\/uploads\/2025\/05\/whatsapp-image-2025-05-22-at-12.27.27-pm-2-2048x1365.jpeg 2048w, https:\/\/elpuucnoticias.com\/wp-content\/uploads\/2025\/05\/whatsapp-image-2025-05-22-at-12.27.27-pm-2-600x400.jpeg 600w, https:\/\/elpuucnoticias.com\/wp-content\/uploads\/2025\/05\/whatsapp-image-2025-05-22-at-12.27.27-pm-2-320x213.jpeg 320w\" sizes=\"auto, (max-width: 1024px) 100vw, 1024px\" \/><\/figure>\n\n\n\n<figure class=\"wp-block-image size-large is-style-default\"><img loading=\"lazy\" decoding=\"async\" width=\"1024\" height=\"683\" data-id=\"18483\" src=\"https:\/\/elpuucnoticias.com\/wp-content\/uploads\/2025\/05\/whatsapp-image-2025-05-22-at-12.27.27-pm-1024x683.jpeg\" alt=\"\" class=\"wp-image-18483\" srcset=\"https:\/\/elpuucnoticias.com\/wp-content\/uploads\/2025\/05\/whatsapp-image-2025-05-22-at-12.27.27-pm-1024x683.jpeg 1024w, https:\/\/elpuucnoticias.com\/wp-content\/uploads\/2025\/05\/whatsapp-image-2025-05-22-at-12.27.27-pm-300x200.jpeg 300w, https:\/\/elpuucnoticias.com\/wp-content\/uploads\/2025\/05\/whatsapp-image-2025-05-22-at-12.27.27-pm-768x512.jpeg 768w, https:\/\/elpuucnoticias.com\/wp-content\/uploads\/2025\/05\/whatsapp-image-2025-05-22-at-12.27.27-pm-1536x1024.jpeg 1536w, https:\/\/elpuucnoticias.com\/wp-content\/uploads\/2025\/05\/whatsapp-image-2025-05-22-at-12.27.27-pm-2048x1365.jpeg 2048w, https:\/\/elpuucnoticias.com\/wp-content\/uploads\/2025\/05\/whatsapp-image-2025-05-22-at-12.27.27-pm-600x400.jpeg 600w, https:\/\/elpuucnoticias.com\/wp-content\/uploads\/2025\/05\/whatsapp-image-2025-05-22-at-12.27.27-pm-320x213.jpeg 320w\" sizes=\"auto, (max-width: 1024px) 100vw, 1024px\" \/><\/figure>\n<\/figure>\n\n\n\n<p>Afirm\u00f3 que este gobierno humanista con coraz\u00f3n feminista trabaja con pasi\u00f3n, pone a las personas en el centro de sus acciones y combate la corrupci\u00f3n, por lo que el dinero alcanza para m\u00e1s. \u201cEsta es una nueva forma de gobernar, en donde el dinero del pueblo regresa al pueblo; en donde haremos lo que nos hicieron los gobiernos anteriores; haciendo las cosas bien y a la primera\u201d, dijo.<\/p>\n\n\n\n<p>Por otra parte, acompa\u00f1ada de la presidenta honoraria del DIF Quintana Roo, Ver\u00f3nica Lezama Espinosa, a las chavas y los chavos les pidi\u00f3 alejarse totalmente de las conductas autodestructivas, de las drogas, del alcohol, de la ludopat\u00eda, la pornograf\u00eda, de lo que les cause tristeza o dolor. Les pidi\u00f3 que hablen, que no se queden callados o calladas, porque este gobierno s\u00ed les cree.<\/p>\n\n\n\n<p>Esta obra representa el nuevo modelo de infraestructura educativa que impulsa la Cuarta Transformaci\u00f3n, donde cada escuela es un espacio para el bienestar, la inclusi\u00f3n y la justicia social; cumpliendo el compromiso para que cada escuela nueva cuente con su domo.<\/p>\n\n\n\n<p>La obra fue ejecutada por la Secretar\u00eda de Obras P\u00fablicas (SEOP) para ampliar la cobertura educativa en las zonas de crecimiento urbano, reducir el rezago y asegurar que las y los j\u00f3venes puedan estudiar cerca de su hogar, en condiciones \u00f3ptimas, con base en el Nuevo Acuerdo por el Bienestar y Desarrollo de Quintana Roo.<\/p>\n\n\n\n<p>El nuevo plantel es una escuela integral, ya que cuenta con instalaciones modernas y funcionales que incluyen \u00e1rea administrativa, aulas did\u00e1cticas, laboratorio multidisciplinario, taller de c\u00f3mputo, cancha de usos m\u00faltiples, domo deportivo comunitario, subestaci\u00f3n el\u00e9ctrica, sistema fotovoltaico con 106 paneles, andadores, plaza c\u00edvica, estacionamiento, red el\u00e9ctrica de media tensi\u00f3n, equipamiento completo y barda perimetral.<\/p>\n\n\n\n<p>Adem\u00e1s, cumple con criterios de protecci\u00f3n civil, lo que permite su uso como refugio anticicl\u00f3nico en caso de emergencia.<\/p>\n\n\n\n<figure class=\"wp-block-gallery has-nested-images columns-default is-cropped wp-block-gallery-2 is-layout-flex wp-block-gallery-is-layout-flex\">\n<figure class=\"wp-block-image size-large is-style-default\"><img loading=\"lazy\" decoding=\"async\" width=\"1024\" height=\"683\" data-id=\"18480\" src=\"https:\/\/elpuucnoticias.com\/wp-content\/uploads\/2025\/05\/whatsapp-image-2025-05-22-at-12.27.26-pm-1-1024x683.jpeg\" alt=\"\" class=\"wp-image-18480\" srcset=\"https:\/\/elpuucnoticias.com\/wp-content\/uploads\/2025\/05\/whatsapp-image-2025-05-22-at-12.27.26-pm-1-1024x683.jpeg 1024w, https:\/\/elpuucnoticias.com\/wp-content\/uploads\/2025\/05\/whatsapp-image-2025-05-22-at-12.27.26-pm-1-300x200.jpeg 300w, https:\/\/elpuucnoticias.com\/wp-content\/uploads\/2025\/05\/whatsapp-image-2025-05-22-at-12.27.26-pm-1-768x512.jpeg 768w, https:\/\/elpuucnoticias.com\/wp-content\/uploads\/2025\/05\/whatsapp-image-2025-05-22-at-12.27.26-pm-1-1536x1024.jpeg 1536w, https:\/\/elpuucnoticias.com\/wp-content\/uploads\/2025\/05\/whatsapp-image-2025-05-22-at-12.27.26-pm-1-2048x1365.jpeg 2048w, https:\/\/elpuucnoticias.com\/wp-content\/uploads\/2025\/05\/whatsapp-image-2025-05-22-at-12.27.26-pm-1-600x400.jpeg 600w, https:\/\/elpuucnoticias.com\/wp-content\/uploads\/2025\/05\/whatsapp-image-2025-05-22-at-12.27.26-pm-1-320x213.jpeg 320w\" sizes=\"auto, (max-width: 1024px) 100vw, 1024px\" \/><\/figure>\n\n\n\n<figure class=\"wp-block-image size-large is-style-default\"><img loading=\"lazy\" decoding=\"async\" width=\"1024\" height=\"576\" data-id=\"18482\" src=\"https:\/\/elpuucnoticias.com\/wp-content\/uploads\/2025\/05\/whatsapp-image-2025-05-22-at-12.27.26-pm-1024x576.jpeg\" alt=\"\" class=\"wp-image-18482\" srcset=\"https:\/\/elpuucnoticias.com\/wp-content\/uploads\/2025\/05\/whatsapp-image-2025-05-22-at-12.27.26-pm-1024x576.jpeg 1024w, https:\/\/elpuucnoticias.com\/wp-content\/uploads\/2025\/05\/whatsapp-image-2025-05-22-at-12.27.26-pm-300x169.jpeg 300w, https:\/\/elpuucnoticias.com\/wp-content\/uploads\/2025\/05\/whatsapp-image-2025-05-22-at-12.27.26-pm-768x432.jpeg 768w, https:\/\/elpuucnoticias.com\/wp-content\/uploads\/2025\/05\/whatsapp-image-2025-05-22-at-12.27.26-pm-1536x864.jpeg 1536w, https:\/\/elpuucnoticias.com\/wp-content\/uploads\/2025\/05\/whatsapp-image-2025-05-22-at-12.27.26-pm-2048x1152.jpeg 2048w, https:\/\/elpuucnoticias.com\/wp-content\/uploads\/2025\/05\/whatsapp-image-2025-05-22-at-12.27.26-pm-320x180.jpeg 320w\" sizes=\"auto, (max-width: 1024px) 100vw, 1024px\" \/><\/figure>\n\n\n\n<figure class=\"wp-block-image size-large is-style-default\"><img loading=\"lazy\" decoding=\"async\" width=\"1024\" height=\"683\" data-id=\"18481\" src=\"https:\/\/elpuucnoticias.com\/wp-content\/uploads\/2025\/05\/whatsapp-image-2025-05-22-at-12.27.25-pm-1024x683.jpeg\" alt=\"\" class=\"wp-image-18481\" srcset=\"https:\/\/elpuucnoticias.com\/wp-content\/uploads\/2025\/05\/whatsapp-image-2025-05-22-at-12.27.25-pm-1024x683.jpeg 1024w, https:\/\/elpuucnoticias.com\/wp-content\/uploads\/2025\/05\/whatsapp-image-2025-05-22-at-12.27.25-pm-300x200.jpeg 300w, https:\/\/elpuucnoticias.com\/wp-content\/uploads\/2025\/05\/whatsapp-image-2025-05-22-at-12.27.25-pm-768x512.jpeg 768w, https:\/\/elpuucnoticias.com\/wp-content\/uploads\/2025\/05\/whatsapp-image-2025-05-22-at-12.27.25-pm-1536x1024.jpeg 1536w, https:\/\/elpuucnoticias.com\/wp-content\/uploads\/2025\/05\/whatsapp-image-2025-05-22-at-12.27.25-pm-2048x1365.jpeg 2048w, https:\/\/elpuucnoticias.com\/wp-content\/uploads\/2025\/05\/whatsapp-image-2025-05-22-at-12.27.25-pm-600x400.jpeg 600w, https:\/\/elpuucnoticias.com\/wp-content\/uploads\/2025\/05\/whatsapp-image-2025-05-22-at-12.27.25-pm-320x213.jpeg 320w\" sizes=\"auto, (max-width: 1024px) 100vw, 1024px\" \/><\/figure>\n<\/figure>\n\n\n\n<p>Durante la inauguraci\u00f3n, la Gobernadora firm\u00f3 el Nuevo Acuerdo por el Bienestar, fortaleciendo as\u00ed la participaci\u00f3n ciudadana y la rendici\u00f3n de cuentas, con la participaci\u00f3n de Elda Xix Eu\u00e1n, secretaria de Educaci\u00f3n y Rafael Lara D\u00edaz, secretario de Obras P\u00fablicas.<\/p>\n\n\n\n<p>La obra recibi\u00f3 el distintivo \u201cInversi\u00f3n Educativa Verificada \u2013 Infraestructura Transparente\u201d, otorgado por el IDAIPQROO, como reconocimiento a la apertura y claridad con la que se ejercieron los recursos p\u00fablicos.<\/p>\n\n\n\n<p>Cabe mencionar que, esta nueva secundaria responde a una demanda hist\u00f3rica de las familias de la zona y reafirma el compromiso de este gobierno con un modelo educativo humanista, que prioriza el bienestar de las personas, la equidad y el acceso efectivo a sus derechos.<\/p>\n\n\n\n<p>Estuvieron en el pres\u00eddium Ana Paty Peralta de la Pe\u00f1a, presidenta municipal de Benito Ju\u00e1rez quien les dio la bienvenida; Danna Alexa Monroy Cruz, alumna de primero de Secundaria; Diego Alexander Torres Santiago, alumno de primer grado, y Elda Xix Eu\u00e1n, secretaria de Educaci\u00f3n en Quintana Roo.<\/p>\n","protected":false},"excerpt":{"rendered":"<p>Para que nadie se quede atr\u00e1s ni nadie se quede fuera, y ninguna ni\u00f1a o ni\u00f1o tenga que<\/p>\n","protected":false},"author":1,"featured_media":18486,"comment_status":"closed","ping_status":"open","sticky":false,"template":"","format":"standard","meta":{"_monsterinsights_skip_tracking":false,"_monsterinsights_sitenote_active":false,"_monsterinsights_sitenote_note":"","_monsterinsights_sitenote_category":0,"footnotes":""},"categories":[11,24],"tags":[],"class_list":["post-18479","post","type-post","status-publish","format-standard","has-post-thumbnail","hentry","category-noticias","category-quintana-roo"],"yoast_head":"<!-- This site is optimized with the Yoast SEO plugin v18.3 - https:\/\/yoast.com\/wordpress\/plugins\/seo\/ -->\n<title>Inaugura Mara Lezama nueva Secundaria General \u201cJos\u00e9 Mar\u00eda Barrera\u201d del fraccionamiento Sacb\u00e9 en Canc\u00fan - El Puuc Noticias<\/title>\n<meta name=\"robots\" content=\"index, follow, max-snippet:-1, max-image-preview:large, max-video-preview:-1\" \/>\n<link rel=\"canonical\" href=\"https:\/\/elpuucnoticias.com\/?p=18479\" \/>\n<meta property=\"og:locale\" content=\"es_ES\" \/>\n<meta property=\"og:type\" content=\"article\" \/>\n<meta property=\"og:title\" content=\"Inaugura Mara Lezama nueva Secundaria General \u201cJos\u00e9 Mar\u00eda Barrera\u201d del fraccionamiento Sacb\u00e9 en Canc\u00fan - El Puuc Noticias\" \/>\n<meta property=\"og:description\" content=\"Para que nadie se quede atr\u00e1s ni nadie se quede fuera, y ninguna ni\u00f1a o ni\u00f1o tenga que\" \/>\n<meta property=\"og:url\" content=\"https:\/\/elpuucnoticias.com\/?p=18479\" \/>\n<meta property=\"og:site_name\" content=\"El Puuc Noticias\" \/>\n<meta property=\"article:published_time\" content=\"2025-05-22T18:34:37+00:00\" \/>\n<meta property=\"og:image\" content=\"https:\/\/elpuucnoticias.com\/wp-content\/uploads\/2025\/05\/whatsapp-image-2025-05-22-at-12.27.26-pm-3-scaled.jpeg\" \/>\n\t<meta property=\"og:image:width\" content=\"2560\" \/>\n\t<meta property=\"og:image:height\" content=\"1707\" \/>\n\t<meta property=\"og:image:type\" content=\"image\/jpeg\" \/>\n<meta name=\"twitter:card\" content=\"summary_large_image\" \/>\n<meta name=\"twitter:label1\" content=\"Escrito por\" \/>\n\t<meta name=\"twitter:data1\" content=\"elpuucnoticias\" \/>\n\t<meta name=\"twitter:label2\" content=\"Tiempo de lectura\" \/>\n\t<meta name=\"twitter:data2\" content=\"3 minutos\" \/>\n<script type=\"application\/ld+json\" class=\"yoast-schema-graph\">{\"@context\":\"https:\/\/schema.org\",\"@graph\":[{\"@type\":\"WebSite\",\"@id\":\"https:\/\/elpuucnoticias.com\/#website\",\"url\":\"https:\/\/elpuucnoticias.com\/\",\"name\":\"El Puuc Noticias\",\"description\":\"Noticias - Entretenimiento - Deportes\",\"potentialAction\":[{\"@type\":\"SearchAction\",\"target\":{\"@type\":\"EntryPoint\",\"urlTemplate\":\"https:\/\/elpuucnoticias.com\/?s={search_term_string}\"},\"query-input\":\"required name=search_term_string\"}],\"inLanguage\":\"es\"},{\"@type\":\"ImageObject\",\"@id\":\"https:\/\/elpuucnoticias.com\/?p=18479#primaryimage\",\"inLanguage\":\"es\",\"url\":\"https:\/\/elpuucnoticias.com\/wp-content\/uploads\/2025\/05\/whatsapp-image-2025-05-22-at-12.27.26-pm-3-scaled.jpeg\",\"contentUrl\":\"https:\/\/elpuucnoticias.com\/wp-content\/uploads\/2025\/05\/whatsapp-image-2025-05-22-at-12.27.26-pm-3-scaled.jpeg\",\"width\":2560,\"height\":1707},{\"@type\":\"WebPage\",\"@id\":\"https:\/\/elpuucnoticias.com\/?p=18479#webpage\",\"url\":\"https:\/\/elpuucnoticias.com\/?p=18479\",\"name\":\"Inaugura Mara Lezama nueva Secundaria General \u201cJos\u00e9 Mar\u00eda Barrera\u201d del fraccionamiento Sacb\u00e9 en Canc\u00fan - El Puuc Noticias\",\"isPartOf\":{\"@id\":\"https:\/\/elpuucnoticias.com\/#website\"},\"primaryImageOfPage\":{\"@id\":\"https:\/\/elpuucnoticias.com\/?p=18479#primaryimage\"},\"datePublished\":\"2025-05-22T18:34:37+00:00\",\"dateModified\":\"2025-05-22T18:34:37+00:00\",\"author\":{\"@id\":\"https:\/\/elpuucnoticias.com\/#\/schema\/person\/d2ea09e4c97f0160b11cdfb1d856bd9e\"},\"breadcrumb\":{\"@id\":\"https:\/\/elpuucnoticias.com\/?p=18479#breadcrumb\"},\"inLanguage\":\"es\",\"potentialAction\":[{\"@type\":\"ReadAction\",\"target\":[\"https:\/\/elpuucnoticias.com\/?p=18479\"]}]},{\"@type\":\"BreadcrumbList\",\"@id\":\"https:\/\/elpuucnoticias.com\/?p=18479#breadcrumb\",\"itemListElement\":[{\"@type\":\"ListItem\",\"position\":1,\"name\":\"Portada\",\"item\":\"https:\/\/elpuucnoticias.com\/\"},{\"@type\":\"ListItem\",\"position\":2,\"name\":\"Inaugura Mara Lezama nueva Secundaria General \u201cJos\u00e9 Mar\u00eda Barrera\u201d del fraccionamiento Sacb\u00e9 en Canc\u00fan\"}]},{\"@type\":\"Person\",\"@id\":\"https:\/\/elpuucnoticias.com\/#\/schema\/person\/d2ea09e4c97f0160b11cdfb1d856bd9e\",\"name\":\"elpuucnoticias\",\"image\":{\"@type\":\"ImageObject\",\"@id\":\"https:\/\/elpuucnoticias.com\/#personlogo\",\"inLanguage\":\"es\",\"url\":\"https:\/\/secure.gravatar.com\/avatar\/5290a43657c74ffa15701dbe5b846bd85cc71930d803c84e91046a7333de6ce2?s=96&d=mm&r=g\",\"contentUrl\":\"https:\/\/secure.gravatar.com\/avatar\/5290a43657c74ffa15701dbe5b846bd85cc71930d803c84e91046a7333de6ce2?s=96&d=mm&r=g\",\"caption\":\"elpuucnoticias\"},\"sameAs\":[\"https:\/\/elpuucnoticias.com\"],\"url\":\"https:\/\/elpuucnoticias.com\/?author=1\"}]}<\/script>\n<!-- \/ Yoast SEO plugin. -->","yoast_head_json":{"title":"Inaugura Mara Lezama nueva Secundaria General \u201cJos\u00e9 Mar\u00eda Barrera\u201d del fraccionamiento Sacb\u00e9 en Canc\u00fan - El Puuc Noticias","robots":{"index":"index","follow":"follow","max-snippet":"max-snippet:-1","max-image-preview":"max-image-preview:large","max-video-preview":"max-video-preview:-1"},"canonical":"https:\/\/elpuucnoticias.com\/?p=18479","og_locale":"es_ES","og_type":"article","og_title":"Inaugura Mara Lezama nueva Secundaria General \u201cJos\u00e9 Mar\u00eda Barrera\u201d del fraccionamiento Sacb\u00e9 en Canc\u00fan - El Puuc Noticias","og_description":"Para que nadie se quede atr\u00e1s ni nadie se quede fuera, y ninguna ni\u00f1a o ni\u00f1o tenga que","og_url":"https:\/\/elpuucnoticias.com\/?p=18479","og_site_name":"El Puuc Noticias","article_published_time":"2025-05-22T18:34:37+00:00","og_image":[{"width":2560,"height":1707,"url":"https:\/\/elpuucnoticias.com\/wp-content\/uploads\/2025\/05\/whatsapp-image-2025-05-22-at-12.27.26-pm-3-scaled.jpeg","type":"image\/jpeg"}],"twitter_card":"summary_large_image","twitter_misc":{"Escrito por":"elpuucnoticias","Tiempo de lectura":"3 minutos"},"schema":{"@context":"https:\/\/schema.org","@graph":[{"@type":"WebSite","@id":"https:\/\/elpuucnoticias.com\/#website","url":"https:\/\/elpuucnoticias.com\/","name":"El Puuc Noticias","description":"Noticias - Entretenimiento - Deportes","potentialAction":[{"@type":"SearchAction","target":{"@type":"EntryPoint","urlTemplate":"https:\/\/elpuucnoticias.com\/?s={search_term_string}"},"query-input":"required name=search_term_string"}],"inLanguage":"es"},{"@type":"ImageObject","@id":"https:\/\/elpuucnoticias.com\/?p=18479#primaryimage","inLanguage":"es","url":"https:\/\/elpuucnoticias.com\/wp-content\/uploads\/2025\/05\/whatsapp-image-2025-05-22-at-12.27.26-pm-3-scaled.jpeg","contentUrl":"https:\/\/elpuucnoticias.com\/wp-content\/uploads\/2025\/05\/whatsapp-image-2025-05-22-at-12.27.26-pm-3-scaled.jpeg","width":2560,"height":1707},{"@type":"WebPage","@id":"https:\/\/elpuucnoticias.com\/?p=18479#webpage","url":"https:\/\/elpuucnoticias.com\/?p=18479","name":"Inaugura Mara Lezama nueva Secundaria General \u201cJos\u00e9 Mar\u00eda Barrera\u201d del fraccionamiento Sacb\u00e9 en Canc\u00fan - El Puuc Noticias","isPartOf":{"@id":"https:\/\/elpuucnoticias.com\/#website"},"primaryImageOfPage":{"@id":"https:\/\/elpuucnoticias.com\/?p=18479#primaryimage"},"datePublished":"2025-05-22T18:34:37+00:00","dateModified":"2025-05-22T18:34:37+00:00","author":{"@id":"https:\/\/elpuucnoticias.com\/#\/schema\/person\/d2ea09e4c97f0160b11cdfb1d856bd9e"},"breadcrumb":{"@id":"https:\/\/elpuucnoticias.com\/?p=18479#breadcrumb"},"inLanguage":"es","potentialAction":[{"@type":"ReadAction","target":["https:\/\/elpuucnoticias.com\/?p=18479"]}]},{"@type":"BreadcrumbList","@id":"https:\/\/elpuucnoticias.com\/?p=18479#breadcrumb","itemListElement":[{"@type":"ListItem","position":1,"name":"Portada","item":"https:\/\/elpuucnoticias.com\/"},{"@type":"ListItem","position":2,"name":"Inaugura Mara Lezama nueva Secundaria General \u201cJos\u00e9 Mar\u00eda Barrera\u201d del fraccionamiento Sacb\u00e9 en Canc\u00fan"}]},{"@type":"Person","@id":"https:\/\/elpuucnoticias.com\/#\/schema\/person\/d2ea09e4c97f0160b11cdfb1d856bd9e","name":"elpuucnoticias","image":{"@type":"ImageObject","@id":"https:\/\/elpuucnoticias.com\/#personlogo","inLanguage":"es","url":"https:\/\/secure.gravatar.com\/avatar\/5290a43657c74ffa15701dbe5b846bd85cc71930d803c84e91046a7333de6ce2?s=96&d=mm&r=g","contentUrl":"https:\/\/secure.gravatar.com\/avatar\/5290a43657c74ffa15701dbe5b846bd85cc71930d803c84e91046a7333de6ce2?s=96&d=mm&r=g","caption":"elpuucnoticias"},"sameAs":["https:\/\/elpuucnoticias.com"],"url":"https:\/\/elpuucnoticias.com\/?author=1"}]}},"_links":{"self":[{"href":"https:\/\/elpuucnoticias.com\/index.php?rest_route=\/wp\/v2\/posts\/18479","targetHints":{"allow":["GET"]}}],"collection":[{"href":"https:\/\/elpuucnoticias.com\/index.php?rest_route=\/wp\/v2\/posts"}],"about":[{"href":"https:\/\/elpuucnoticias.com\/index.php?rest_route=\/wp\/v2\/types\/post"}],"author":[{"embeddable":true,"href":"https:\/\/elpuucnoticias.com\/index.php?rest_route=\/wp\/v2\/users\/1"}],"replies":[{"embeddable":true,"href":"https:\/\/elpuucnoticias.com\/index.php?rest_route=%2Fwp%2Fv2%2Fcomments&post=18479"}],"version-history":[{"count":1,"href":"https:\/\/elpuucnoticias.com\/index.php?rest_route=\/wp\/v2\/posts\/18479\/revisions"}],"predecessor-version":[{"id":18487,"href":"https:\/\/elpuucnoticias.com\/index.php?rest_route=\/wp\/v2\/posts\/18479\/revisions\/18487"}],"wp:featuredmedia":[{"embeddable":true,"href":"https:\/\/elpuucnoticias.com\/index.php?rest_route=\/wp\/v2\/media\/18486"}],"wp:attachment":[{"href":"https:\/\/elpuucnoticias.com\/index.php?rest_route=%2Fwp%2Fv2%2Fmedia&parent=18479"}],"wp:term":[{"taxonomy":"category","embeddable":true,"href":"https:\/\/elpuucnoticias.com\/index.php?rest_route=%2Fwp%2Fv2%2Fcategories&post=18479"},{"taxonomy":"post_tag","embeddable":true,"href":"https:\/\/elpuucnoticias.com\/index.php?rest_route=%2Fwp%2Fv2%2Ftags&post=18479"}],"curies":[{"name":"wp","href":"https:\/\/api.w.org\/{rel}","templated":true}]}}