{"id":18497,"date":"2025-05-22T13:15:33","date_gmt":"2025-05-22T19:15:33","guid":{"rendered":"https:\/\/elpuucnoticias.com\/?p=18497"},"modified":"2025-05-22T13:15:33","modified_gmt":"2025-05-22T19:15:33","slug":"por-gestiones-de-mara-lezama-ante-la-presidenta-claudia-sheinbaum-chetumal-sera-polo-de-desarrollo-economico-del-bienestar","status":"publish","type":"post","link":"https:\/\/elpuucnoticias.com\/?p=18497","title":{"rendered":"Por gestiones de Mara Lezama ante la presidenta Claudia Sheinbaum, Chetumal ser\u00e1 Polo de Desarrollo Econ\u00f3mico del Bienestar"},"content":{"rendered":"\n<p>\u201c\u00a1Hoy es un d\u00eda hist\u00f3rico para Chetumal!\u201d expres\u00f3 la gobernadora Mara Lezama Espinosa al destacar el anuncio hecho por la Presidenta Claudia Sheinbaum y el secretario de Econom\u00eda, Marcelo Ebrard, en el que la capital del estado fue seleccionada para formar parte del primer paquete de \u201cPolos de Desarrollo Econ\u00f3mico del Bienestar\u201d.<\/p>\n\n\n\n<p>Esto representa el inicio de una nueva etapa de crecimiento, inversi\u00f3n y prosperidad compartida para el sur de Quintana Roo. \u201cEl \u201cPolo Industrial Chetumal UNO\u201d, como se ha denominado, estara\u0301 ubicado en el Parque Industrial y fue elegido entre ma\u0301s de cien propuestas de todo el pai\u0301s\u201d, dio a conocer.<\/p>\n\n\n\n<figure class=\"wp-block-gallery has-nested-images columns-default is-cropped wp-block-gallery-1 is-layout-flex wp-block-gallery-is-layout-flex\">\n<figure class=\"wp-block-image size-large is-style-default\"><img loading=\"lazy\" decoding=\"async\" width=\"1024\" height=\"683\" data-id=\"18499\" src=\"https:\/\/elpuucnoticias.com\/wp-content\/uploads\/2025\/05\/whatsapp-image-2025-05-22-at-12.27.31-pm-1024x683.jpeg\" alt=\"\" class=\"wp-image-18499\" srcset=\"https:\/\/elpuucnoticias.com\/wp-content\/uploads\/2025\/05\/whatsapp-image-2025-05-22-at-12.27.31-pm-1024x683.jpeg 1024w, https:\/\/elpuucnoticias.com\/wp-content\/uploads\/2025\/05\/whatsapp-image-2025-05-22-at-12.27.31-pm-300x200.jpeg 300w, https:\/\/elpuucnoticias.com\/wp-content\/uploads\/2025\/05\/whatsapp-image-2025-05-22-at-12.27.31-pm-768x512.jpeg 768w, https:\/\/elpuucnoticias.com\/wp-content\/uploads\/2025\/05\/whatsapp-image-2025-05-22-at-12.27.31-pm-1536x1024.jpeg 1536w, https:\/\/elpuucnoticias.com\/wp-content\/uploads\/2025\/05\/whatsapp-image-2025-05-22-at-12.27.31-pm-2048x1365.jpeg 2048w, https:\/\/elpuucnoticias.com\/wp-content\/uploads\/2025\/05\/whatsapp-image-2025-05-22-at-12.27.31-pm-600x400.jpeg 600w, https:\/\/elpuucnoticias.com\/wp-content\/uploads\/2025\/05\/whatsapp-image-2025-05-22-at-12.27.31-pm-320x213.jpeg 320w\" sizes=\"auto, (max-width: 1024px) 100vw, 1024px\" \/><\/figure>\n\n\n\n<figure class=\"wp-block-image size-large is-style-default\"><img loading=\"lazy\" decoding=\"async\" width=\"1024\" height=\"576\" data-id=\"18498\" src=\"https:\/\/elpuucnoticias.com\/wp-content\/uploads\/2025\/05\/whatsapp-image-2025-05-22-at-12.27.30-pm-2-1024x576.jpeg\" alt=\"\" class=\"wp-image-18498\" srcset=\"https:\/\/elpuucnoticias.com\/wp-content\/uploads\/2025\/05\/whatsapp-image-2025-05-22-at-12.27.30-pm-2-1024x576.jpeg 1024w, https:\/\/elpuucnoticias.com\/wp-content\/uploads\/2025\/05\/whatsapp-image-2025-05-22-at-12.27.30-pm-2-300x169.jpeg 300w, https:\/\/elpuucnoticias.com\/wp-content\/uploads\/2025\/05\/whatsapp-image-2025-05-22-at-12.27.30-pm-2-768x432.jpeg 768w, https:\/\/elpuucnoticias.com\/wp-content\/uploads\/2025\/05\/whatsapp-image-2025-05-22-at-12.27.30-pm-2-1536x864.jpeg 1536w, https:\/\/elpuucnoticias.com\/wp-content\/uploads\/2025\/05\/whatsapp-image-2025-05-22-at-12.27.30-pm-2-320x180.jpeg 320w, https:\/\/elpuucnoticias.com\/wp-content\/uploads\/2025\/05\/whatsapp-image-2025-05-22-at-12.27.30-pm-2.jpeg 1920w\" sizes=\"auto, (max-width: 1024px) 100vw, 1024px\" \/><\/figure>\n<\/figure>\n\n\n\n<p>Explic\u00f3 que es resultado de la gesti\u00f3n hecha ante la Presidenta de la Republica, por su viabilidad estrat\u00e9gica y el firme compromiso que este gobierno diferente ha demostrado para devolverle el brillo a la capital, con desarrollo sostenible y sustentable.<\/p>\n\n\n\n<div class=\"wp-block-group is-nowrap is-layout-flex wp-container-core-group-is-layout-6c531013 wp-block-group-is-layout-flex\">\n<p>Mara Lezama agreg\u00f3 que, con ello, se emitir\u00e1 un decreto presidencial que ofrecer\u00e1 incentivos fiscales, ISR e IVA, para las empresas que decidan instalarse en este polo. Esto significa, explic\u00f3, una gran oportunidad real para generar nuevos empleos dignos, fortalecer nuestras cadenas productivas y dinamizar la econom\u00eda en el sur del estado.<\/p>\n<\/div>\n\n\n\n<p>\u201cTrabajaremos de manera coordinada con la Federacio\u0301n para establecer las bases con transparencia y con oportunidades para todas y todos. De la mano de nuestra Primera Mujer Presidenta, Claudia Sheinbaum, seguimos escribiendo otra de las p\u00e1ginas m\u00e1s bellas para Chetumal y para Quintana Roo\u201d, puntualiz\u00f3 la Gobernadora.<\/p>\n","protected":false},"excerpt":{"rendered":"<p>\u201c\u00a1Hoy es un d\u00eda hist\u00f3rico para Chetumal!\u201d expres\u00f3 la gobernadora Mara Lezama Espinosa al destacar el anuncio hecho<\/p>\n","protected":false},"author":1,"featured_media":18501,"comment_status":"closed","ping_status":"open","sticky":false,"template":"","format":"standard","meta":{"_monsterinsights_skip_tracking":false,"_monsterinsights_sitenote_active":false,"_monsterinsights_sitenote_note":"","_monsterinsights_sitenote_category":0,"footnotes":""},"categories":[11,24],"tags":[],"class_list":["post-18497","post","type-post","status-publish","format-standard","has-post-thumbnail","hentry","category-noticias","category-quintana-roo"],"yoast_head":"<!-- This site is optimized with the Yoast SEO plugin v18.3 - https:\/\/yoast.com\/wordpress\/plugins\/seo\/ -->\n<title>Por gestiones de Mara Lezama ante la presidenta Claudia Sheinbaum, Chetumal ser\u00e1 Polo de Desarrollo Econ\u00f3mico del Bienestar - El Puuc Noticias<\/title>\n<meta name=\"robots\" content=\"index, follow, max-snippet:-1, max-image-preview:large, max-video-preview:-1\" \/>\n<link rel=\"canonical\" href=\"https:\/\/elpuucnoticias.com\/?p=18497\" \/>\n<meta property=\"og:locale\" content=\"es_ES\" \/>\n<meta property=\"og:type\" content=\"article\" \/>\n<meta property=\"og:title\" content=\"Por gestiones de Mara Lezama ante la presidenta Claudia Sheinbaum, Chetumal ser\u00e1 Polo de Desarrollo Econ\u00f3mico del Bienestar - El Puuc Noticias\" \/>\n<meta property=\"og:description\" content=\"\u201c\u00a1Hoy es un d\u00eda hist\u00f3rico para Chetumal!\u201d expres\u00f3 la gobernadora Mara Lezama Espinosa al destacar el anuncio hecho\" \/>\n<meta property=\"og:url\" content=\"https:\/\/elpuucnoticias.com\/?p=18497\" \/>\n<meta property=\"og:site_name\" content=\"El Puuc Noticias\" \/>\n<meta property=\"article:published_time\" content=\"2025-05-22T19:15:33+00:00\" \/>\n<meta property=\"og:image\" content=\"https:\/\/elpuucnoticias.com\/wp-content\/uploads\/2025\/05\/whatsapp-image-2025-05-22-at-12.27.30-pm-3-1-scaled.jpeg\" \/>\n\t<meta property=\"og:image:width\" content=\"2560\" \/>\n\t<meta property=\"og:image:height\" content=\"1706\" \/>\n\t<meta property=\"og:image:type\" content=\"image\/jpeg\" \/>\n<meta name=\"twitter:card\" content=\"summary_large_image\" \/>\n<meta name=\"twitter:label1\" content=\"Escrito por\" \/>\n\t<meta name=\"twitter:data1\" content=\"elpuucnoticias\" \/>\n\t<meta name=\"twitter:label2\" content=\"Tiempo de lectura\" \/>\n\t<meta name=\"twitter:data2\" content=\"1 minuto\" \/>\n<script type=\"application\/ld+json\" class=\"yoast-schema-graph\">{\"@context\":\"https:\/\/schema.org\",\"@graph\":[{\"@type\":\"WebSite\",\"@id\":\"https:\/\/elpuucnoticias.com\/#website\",\"url\":\"https:\/\/elpuucnoticias.com\/\",\"name\":\"El Puuc Noticias\",\"description\":\"Noticias - Entretenimiento - Deportes\",\"potentialAction\":[{\"@type\":\"SearchAction\",\"target\":{\"@type\":\"EntryPoint\",\"urlTemplate\":\"https:\/\/elpuucnoticias.com\/?s={search_term_string}\"},\"query-input\":\"required name=search_term_string\"}],\"inLanguage\":\"es\"},{\"@type\":\"ImageObject\",\"@id\":\"https:\/\/elpuucnoticias.com\/?p=18497#primaryimage\",\"inLanguage\":\"es\",\"url\":\"https:\/\/elpuucnoticias.com\/wp-content\/uploads\/2025\/05\/whatsapp-image-2025-05-22-at-12.27.30-pm-3-1-scaled.jpeg\",\"contentUrl\":\"https:\/\/elpuucnoticias.com\/wp-content\/uploads\/2025\/05\/whatsapp-image-2025-05-22-at-12.27.30-pm-3-1-scaled.jpeg\",\"width\":2560,\"height\":1706},{\"@type\":\"WebPage\",\"@id\":\"https:\/\/elpuucnoticias.com\/?p=18497#webpage\",\"url\":\"https:\/\/elpuucnoticias.com\/?p=18497\",\"name\":\"Por gestiones de Mara Lezama ante la presidenta Claudia Sheinbaum, Chetumal ser\u00e1 Polo de Desarrollo Econ\u00f3mico del Bienestar - El Puuc Noticias\",\"isPartOf\":{\"@id\":\"https:\/\/elpuucnoticias.com\/#website\"},\"primaryImageOfPage\":{\"@id\":\"https:\/\/elpuucnoticias.com\/?p=18497#primaryimage\"},\"datePublished\":\"2025-05-22T19:15:33+00:00\",\"dateModified\":\"2025-05-22T19:15:33+00:00\",\"author\":{\"@id\":\"https:\/\/elpuucnoticias.com\/#\/schema\/person\/d2ea09e4c97f0160b11cdfb1d856bd9e\"},\"breadcrumb\":{\"@id\":\"https:\/\/elpuucnoticias.com\/?p=18497#breadcrumb\"},\"inLanguage\":\"es\",\"potentialAction\":[{\"@type\":\"ReadAction\",\"target\":[\"https:\/\/elpuucnoticias.com\/?p=18497\"]}]},{\"@type\":\"BreadcrumbList\",\"@id\":\"https:\/\/elpuucnoticias.com\/?p=18497#breadcrumb\",\"itemListElement\":[{\"@type\":\"ListItem\",\"position\":1,\"name\":\"Portada\",\"item\":\"https:\/\/elpuucnoticias.com\/\"},{\"@type\":\"ListItem\",\"position\":2,\"name\":\"Por gestiones de Mara Lezama ante la presidenta Claudia Sheinbaum, Chetumal ser\u00e1 Polo de Desarrollo Econ\u00f3mico del Bienestar\"}]},{\"@type\":\"Person\",\"@id\":\"https:\/\/elpuucnoticias.com\/#\/schema\/person\/d2ea09e4c97f0160b11cdfb1d856bd9e\",\"name\":\"elpuucnoticias\",\"image\":{\"@type\":\"ImageObject\",\"@id\":\"https:\/\/elpuucnoticias.com\/#personlogo\",\"inLanguage\":\"es\",\"url\":\"https:\/\/secure.gravatar.com\/avatar\/5290a43657c74ffa15701dbe5b846bd85cc71930d803c84e91046a7333de6ce2?s=96&d=mm&r=g\",\"contentUrl\":\"https:\/\/secure.gravatar.com\/avatar\/5290a43657c74ffa15701dbe5b846bd85cc71930d803c84e91046a7333de6ce2?s=96&d=mm&r=g\",\"caption\":\"elpuucnoticias\"},\"sameAs\":[\"https:\/\/elpuucnoticias.com\"],\"url\":\"https:\/\/elpuucnoticias.com\/?author=1\"}]}<\/script>\n<!-- \/ Yoast SEO plugin. -->","yoast_head_json":{"title":"Por gestiones de Mara Lezama ante la presidenta Claudia Sheinbaum, Chetumal ser\u00e1 Polo de Desarrollo Econ\u00f3mico del Bienestar - El Puuc Noticias","robots":{"index":"index","follow":"follow","max-snippet":"max-snippet:-1","max-image-preview":"max-image-preview:large","max-video-preview":"max-video-preview:-1"},"canonical":"https:\/\/elpuucnoticias.com\/?p=18497","og_locale":"es_ES","og_type":"article","og_title":"Por gestiones de Mara Lezama ante la presidenta Claudia Sheinbaum, Chetumal ser\u00e1 Polo de Desarrollo Econ\u00f3mico del Bienestar - El Puuc Noticias","og_description":"\u201c\u00a1Hoy es un d\u00eda hist\u00f3rico para Chetumal!\u201d expres\u00f3 la gobernadora Mara Lezama Espinosa al destacar el anuncio hecho","og_url":"https:\/\/elpuucnoticias.com\/?p=18497","og_site_name":"El Puuc Noticias","article_published_time":"2025-05-22T19:15:33+00:00","og_image":[{"width":2560,"height":1706,"url":"https:\/\/elpuucnoticias.com\/wp-content\/uploads\/2025\/05\/whatsapp-image-2025-05-22-at-12.27.30-pm-3-1-scaled.jpeg","type":"image\/jpeg"}],"twitter_card":"summary_large_image","twitter_misc":{"Escrito por":"elpuucnoticias","Tiempo de lectura":"1 minuto"},"schema":{"@context":"https:\/\/schema.org","@graph":[{"@type":"WebSite","@id":"https:\/\/elpuucnoticias.com\/#website","url":"https:\/\/elpuucnoticias.com\/","name":"El Puuc Noticias","description":"Noticias - Entretenimiento - Deportes","potentialAction":[{"@type":"SearchAction","target":{"@type":"EntryPoint","urlTemplate":"https:\/\/elpuucnoticias.com\/?s={search_term_string}"},"query-input":"required name=search_term_string"}],"inLanguage":"es"},{"@type":"ImageObject","@id":"https:\/\/elpuucnoticias.com\/?p=18497#primaryimage","inLanguage":"es","url":"https:\/\/elpuucnoticias.com\/wp-content\/uploads\/2025\/05\/whatsapp-image-2025-05-22-at-12.27.30-pm-3-1-scaled.jpeg","contentUrl":"https:\/\/elpuucnoticias.com\/wp-content\/uploads\/2025\/05\/whatsapp-image-2025-05-22-at-12.27.30-pm-3-1-scaled.jpeg","width":2560,"height":1706},{"@type":"WebPage","@id":"https:\/\/elpuucnoticias.com\/?p=18497#webpage","url":"https:\/\/elpuucnoticias.com\/?p=18497","name":"Por gestiones de Mara Lezama ante la presidenta Claudia Sheinbaum, Chetumal ser\u00e1 Polo de Desarrollo Econ\u00f3mico del Bienestar - El Puuc Noticias","isPartOf":{"@id":"https:\/\/elpuucnoticias.com\/#website"},"primaryImageOfPage":{"@id":"https:\/\/elpuucnoticias.com\/?p=18497#primaryimage"},"datePublished":"2025-05-22T19:15:33+00:00","dateModified":"2025-05-22T19:15:33+00:00","author":{"@id":"https:\/\/elpuucnoticias.com\/#\/schema\/person\/d2ea09e4c97f0160b11cdfb1d856bd9e"},"breadcrumb":{"@id":"https:\/\/elpuucnoticias.com\/?p=18497#breadcrumb"},"inLanguage":"es","potentialAction":[{"@type":"ReadAction","target":["https:\/\/elpuucnoticias.com\/?p=18497"]}]},{"@type":"BreadcrumbList","@id":"https:\/\/elpuucnoticias.com\/?p=18497#breadcrumb","itemListElement":[{"@type":"ListItem","position":1,"name":"Portada","item":"https:\/\/elpuucnoticias.com\/"},{"@type":"ListItem","position":2,"name":"Por gestiones de Mara Lezama ante la presidenta Claudia Sheinbaum, Chetumal ser\u00e1 Polo de Desarrollo Econ\u00f3mico del Bienestar"}]},{"@type":"Person","@id":"https:\/\/elpuucnoticias.com\/#\/schema\/person\/d2ea09e4c97f0160b11cdfb1d856bd9e","name":"elpuucnoticias","image":{"@type":"ImageObject","@id":"https:\/\/elpuucnoticias.com\/#personlogo","inLanguage":"es","url":"https:\/\/secure.gravatar.com\/avatar\/5290a43657c74ffa15701dbe5b846bd85cc71930d803c84e91046a7333de6ce2?s=96&d=mm&r=g","contentUrl":"https:\/\/secure.gravatar.com\/avatar\/5290a43657c74ffa15701dbe5b846bd85cc71930d803c84e91046a7333de6ce2?s=96&d=mm&r=g","caption":"elpuucnoticias"},"sameAs":["https:\/\/elpuucnoticias.com"],"url":"https:\/\/elpuucnoticias.com\/?author=1"}]}},"_links":{"self":[{"href":"https:\/\/elpuucnoticias.com\/index.php?rest_route=\/wp\/v2\/posts\/18497","targetHints":{"allow":["GET"]}}],"collection":[{"href":"https:\/\/elpuucnoticias.com\/index.php?rest_route=\/wp\/v2\/posts"}],"about":[{"href":"https:\/\/elpuucnoticias.com\/index.php?rest_route=\/wp\/v2\/types\/post"}],"author":[{"embeddable":true,"href":"https:\/\/elpuucnoticias.com\/index.php?rest_route=\/wp\/v2\/users\/1"}],"replies":[{"embeddable":true,"href":"https:\/\/elpuucnoticias.com\/index.php?rest_route=%2Fwp%2Fv2%2Fcomments&post=18497"}],"version-history":[{"count":1,"href":"https:\/\/elpuucnoticias.com\/index.php?rest_route=\/wp\/v2\/posts\/18497\/revisions"}],"predecessor-version":[{"id":18502,"href":"https:\/\/elpuucnoticias.com\/index.php?rest_route=\/wp\/v2\/posts\/18497\/revisions\/18502"}],"wp:featuredmedia":[{"embeddable":true,"href":"https:\/\/elpuucnoticias.com\/index.php?rest_route=\/wp\/v2\/media\/18501"}],"wp:attachment":[{"href":"https:\/\/elpuucnoticias.com\/index.php?rest_route=%2Fwp%2Fv2%2Fmedia&parent=18497"}],"wp:term":[{"taxonomy":"category","embeddable":true,"href":"https:\/\/elpuucnoticias.com\/index.php?rest_route=%2Fwp%2Fv2%2Fcategories&post=18497"},{"taxonomy":"post_tag","embeddable":true,"href":"https:\/\/elpuucnoticias.com\/index.php?rest_route=%2Fwp%2Fv2%2Ftags&post=18497"}],"curies":[{"name":"wp","href":"https:\/\/api.w.org\/{rel}","templated":true}]}}