{"id":18720,"date":"2025-05-30T12:26:52","date_gmt":"2025-05-30T18:26:52","guid":{"rendered":"https:\/\/elpuucnoticias.com\/?p=18720"},"modified":"2025-05-30T12:26:52","modified_gmt":"2025-05-30T18:26:52","slug":"realiza-sede-caravana-de-formalizacion-y-progreso-sat-en-tulum","status":"publish","type":"post","link":"https:\/\/elpuucnoticias.com\/?p=18720","title":{"rendered":"Realiza SEDE \u201cCaravana de Formalizaci\u00f3n y Progreso SAT\u201d en Tulum"},"content":{"rendered":"\n<p>La Secretar\u00eda de Desarrollo Econ\u00f3mico (SEDE) que encabeza Paul Carrillo de C\u00e1ceres, en colaboraci\u00f3n con el Ayuntamiento de Tulum, realizaron la \u201cCaravana de Formalizaci\u00f3n y Progreso SAT\u201d, que permiti\u00f3 acercar los servicios fiscales y administrativos esenciales a la poblaci\u00f3n, as\u00ed como la promoci\u00f3n de la equidad tributaria en el municipio de Tulum.<\/p>\n\n\n\n<p>Esta iniciativa forma parte del Nuevo Acuerdo por el Bienestar y Desarrollo de Quintana Roo, impulsado por la gobernadora Mara Lezama Espinosa, el cual establece reducir las brechas de desigualdad, generando un crecimiento con prosperidad compartida, con beneficios para todas y todos.<\/p>\n\n\n\n<figure class=\"wp-block-gallery has-nested-images columns-default is-cropped wp-block-gallery-1 is-layout-flex wp-block-gallery-is-layout-flex\">\n<figure class=\"wp-block-image size-large is-style-default\"><img loading=\"lazy\" decoding=\"async\" width=\"1024\" height=\"682\" data-id=\"18721\" src=\"https:\/\/elpuucnoticias.com\/wp-content\/uploads\/2025\/05\/whatsapp-image-2025-05-30-at-11.14.29-am-1024x682.jpeg\" alt=\"\" class=\"wp-image-18721\" srcset=\"https:\/\/elpuucnoticias.com\/wp-content\/uploads\/2025\/05\/whatsapp-image-2025-05-30-at-11.14.29-am-1024x682.jpeg 1024w, https:\/\/elpuucnoticias.com\/wp-content\/uploads\/2025\/05\/whatsapp-image-2025-05-30-at-11.14.29-am-300x200.jpeg 300w, https:\/\/elpuucnoticias.com\/wp-content\/uploads\/2025\/05\/whatsapp-image-2025-05-30-at-11.14.29-am-768x512.jpeg 768w, https:\/\/elpuucnoticias.com\/wp-content\/uploads\/2025\/05\/whatsapp-image-2025-05-30-at-11.14.29-am-600x400.jpeg 600w, https:\/\/elpuucnoticias.com\/wp-content\/uploads\/2025\/05\/whatsapp-image-2025-05-30-at-11.14.29-am-320x213.jpeg 320w, https:\/\/elpuucnoticias.com\/wp-content\/uploads\/2025\/05\/whatsapp-image-2025-05-30-at-11.14.29-am.jpeg 1280w\" sizes=\"auto, (max-width: 1024px) 100vw, 1024px\" \/><\/figure>\n\n\n\n<figure class=\"wp-block-image size-large is-style-default\"><img loading=\"lazy\" decoding=\"async\" width=\"1024\" height=\"682\" data-id=\"18723\" src=\"https:\/\/elpuucnoticias.com\/wp-content\/uploads\/2025\/05\/whatsapp-image-2025-05-30-at-11.14.28-am-2-1024x682.jpeg\" alt=\"\" class=\"wp-image-18723\" srcset=\"https:\/\/elpuucnoticias.com\/wp-content\/uploads\/2025\/05\/whatsapp-image-2025-05-30-at-11.14.28-am-2-1024x682.jpeg 1024w, https:\/\/elpuucnoticias.com\/wp-content\/uploads\/2025\/05\/whatsapp-image-2025-05-30-at-11.14.28-am-2-300x200.jpeg 300w, https:\/\/elpuucnoticias.com\/wp-content\/uploads\/2025\/05\/whatsapp-image-2025-05-30-at-11.14.28-am-2-768x512.jpeg 768w, https:\/\/elpuucnoticias.com\/wp-content\/uploads\/2025\/05\/whatsapp-image-2025-05-30-at-11.14.28-am-2-1536x1023.jpeg 1536w, https:\/\/elpuucnoticias.com\/wp-content\/uploads\/2025\/05\/whatsapp-image-2025-05-30-at-11.14.28-am-2-600x400.jpeg 600w, https:\/\/elpuucnoticias.com\/wp-content\/uploads\/2025\/05\/whatsapp-image-2025-05-30-at-11.14.28-am-2-320x213.jpeg 320w, https:\/\/elpuucnoticias.com\/wp-content\/uploads\/2025\/05\/whatsapp-image-2025-05-30-at-11.14.28-am-2.jpeg 1600w\" sizes=\"auto, (max-width: 1024px) 100vw, 1024px\" \/><\/figure>\n\n\n\n<figure class=\"wp-block-image size-large is-style-default\"><img loading=\"lazy\" decoding=\"async\" width=\"1024\" height=\"682\" data-id=\"18722\" src=\"https:\/\/elpuucnoticias.com\/wp-content\/uploads\/2025\/05\/whatsapp-image-2025-05-30-at-11.14.29-am-1-1024x682.jpeg\" alt=\"\" class=\"wp-image-18722\" srcset=\"https:\/\/elpuucnoticias.com\/wp-content\/uploads\/2025\/05\/whatsapp-image-2025-05-30-at-11.14.29-am-1-1024x682.jpeg 1024w, https:\/\/elpuucnoticias.com\/wp-content\/uploads\/2025\/05\/whatsapp-image-2025-05-30-at-11.14.29-am-1-300x200.jpeg 300w, https:\/\/elpuucnoticias.com\/wp-content\/uploads\/2025\/05\/whatsapp-image-2025-05-30-at-11.14.29-am-1-768x512.jpeg 768w, https:\/\/elpuucnoticias.com\/wp-content\/uploads\/2025\/05\/whatsapp-image-2025-05-30-at-11.14.29-am-1-600x400.jpeg 600w, https:\/\/elpuucnoticias.com\/wp-content\/uploads\/2025\/05\/whatsapp-image-2025-05-30-at-11.14.29-am-1-320x213.jpeg 320w, https:\/\/elpuucnoticias.com\/wp-content\/uploads\/2025\/05\/whatsapp-image-2025-05-30-at-11.14.29-am-1.jpeg 1280w\" sizes=\"auto, (max-width: 1024px) 100vw, 1024px\" \/><\/figure>\n<\/figure>\n\n\n\n<p>La \u201cCaravana de Formalizaci\u00f3n y Progreso SAT\u201d inici\u00f3 las 9:00 horas y se llevar\u00e1 a cabo hasta las 17:00 horas, los d\u00edas 29 y 30 de mayo. Durante esta jornada, 178 personas fueron atendidas de manera personalizada, facilitando diversos tr\u00e1mites relacionados con su formalizaci\u00f3n fiscal. Esta iniciativa forma parte de una serie de actividades que se realizan en todo el estado, donde se han logrado importantes avances, beneficiando a m\u00e1s de 500 personas que hoy acceden a servicios como la generaci\u00f3n de RFC, firma electr\u00f3nica y diversos tr\u00e1mites fiscales.<\/p>\n\n\n\n<p>En mayo de 2025, se llev\u00f3 a cabo una jornada en el municipio de Tulum, donde se brindaron 178 atenciones a ciudadanas y ciudadanos, quienes ahora podr\u00e1n realizar m\u00e1s de 250 tr\u00e1mites fiscales y administrativos, como la generaci\u00f3n del RFC, la firma electr\u00f3nica y otros servicios relacionados.<\/p>\n\n\n\n<p>El titular de la SEDE, Paul Carrillo de C\u00e1ceres, destac\u00f3 la importancia de estas acciones para acercar los servicios p\u00fablicos a las y los quintanarroenses, garantizando el acceso a los beneficios fiscales de forma \u00e1gil, sencilla y sin barreras, fortaleciendo as\u00ed la inclusi\u00f3n y el desarrollo econ\u00f3mico en el estado.<\/p>\n\n\n\n<p>El evento cont\u00f3 con la participaci\u00f3n de la diputada de la XVIII Legislatura del Congreso del Estado, Mar\u00eda Jos\u00e9 Osorio Rosas; Euterpe Alicia Guti\u00e9rrez Valasis. Diputada de la LXV legislatura, Melit\u00f3n Gonz\u00e1lez P\u00e9rez, Director General de Desarrollo Econ\u00f3mico Municipal, y Fany Adriana Gallegos S\u00e1nchez, Directora General del Bienestar del H. Ayuntamiento de Tulum.<\/p>\n","protected":false},"excerpt":{"rendered":"<p>La Secretar\u00eda de Desarrollo Econ\u00f3mico (SEDE) que encabeza Paul Carrillo de C\u00e1ceres, en colaboraci\u00f3n con el Ayuntamiento de<\/p>\n","protected":false},"author":1,"featured_media":18724,"comment_status":"closed","ping_status":"open","sticky":false,"template":"","format":"standard","meta":{"_monsterinsights_skip_tracking":false,"_monsterinsights_sitenote_active":false,"_monsterinsights_sitenote_note":"","_monsterinsights_sitenote_category":0,"footnotes":""},"categories":[11,24],"tags":[],"class_list":["post-18720","post","type-post","status-publish","format-standard","has-post-thumbnail","hentry","category-noticias","category-quintana-roo"],"yoast_head":"<!-- This site is optimized with the Yoast SEO plugin v18.3 - https:\/\/yoast.com\/wordpress\/plugins\/seo\/ -->\n<title>Realiza SEDE \u201cCaravana de Formalizaci\u00f3n y Progreso SAT\u201d en Tulum - El Puuc Noticias<\/title>\n<meta name=\"robots\" content=\"index, follow, max-snippet:-1, max-image-preview:large, max-video-preview:-1\" \/>\n<link rel=\"canonical\" href=\"https:\/\/elpuucnoticias.com\/?p=18720\" \/>\n<meta property=\"og:locale\" content=\"es_ES\" \/>\n<meta property=\"og:type\" content=\"article\" \/>\n<meta property=\"og:title\" content=\"Realiza SEDE \u201cCaravana de Formalizaci\u00f3n y Progreso SAT\u201d en Tulum - El Puuc Noticias\" \/>\n<meta property=\"og:description\" content=\"La Secretar\u00eda de Desarrollo Econ\u00f3mico (SEDE) que encabeza Paul Carrillo de C\u00e1ceres, en colaboraci\u00f3n con el Ayuntamiento de\" \/>\n<meta property=\"og:url\" content=\"https:\/\/elpuucnoticias.com\/?p=18720\" \/>\n<meta property=\"og:site_name\" content=\"El Puuc Noticias\" \/>\n<meta property=\"article:published_time\" content=\"2025-05-30T18:26:52+00:00\" \/>\n<meta property=\"og:image\" content=\"https:\/\/elpuucnoticias.com\/wp-content\/uploads\/2025\/05\/whatsapp-image-2025-05-30-at-11.14.28-am-1.jpeg\" \/>\n\t<meta property=\"og:image:width\" content=\"1280\" \/>\n\t<meta property=\"og:image:height\" content=\"853\" \/>\n\t<meta property=\"og:image:type\" content=\"image\/jpeg\" \/>\n<meta name=\"twitter:card\" content=\"summary_large_image\" \/>\n<meta name=\"twitter:label1\" content=\"Escrito por\" \/>\n\t<meta name=\"twitter:data1\" content=\"elpuucnoticias\" \/>\n\t<meta name=\"twitter:label2\" content=\"Tiempo de lectura\" \/>\n\t<meta name=\"twitter:data2\" content=\"2 minutos\" \/>\n<script type=\"application\/ld+json\" class=\"yoast-schema-graph\">{\"@context\":\"https:\/\/schema.org\",\"@graph\":[{\"@type\":\"WebSite\",\"@id\":\"https:\/\/elpuucnoticias.com\/#website\",\"url\":\"https:\/\/elpuucnoticias.com\/\",\"name\":\"El Puuc Noticias\",\"description\":\"Noticias - Entretenimiento - Deportes\",\"potentialAction\":[{\"@type\":\"SearchAction\",\"target\":{\"@type\":\"EntryPoint\",\"urlTemplate\":\"https:\/\/elpuucnoticias.com\/?s={search_term_string}\"},\"query-input\":\"required name=search_term_string\"}],\"inLanguage\":\"es\"},{\"@type\":\"ImageObject\",\"@id\":\"https:\/\/elpuucnoticias.com\/?p=18720#primaryimage\",\"inLanguage\":\"es\",\"url\":\"https:\/\/elpuucnoticias.com\/wp-content\/uploads\/2025\/05\/whatsapp-image-2025-05-30-at-11.14.28-am-1.jpeg\",\"contentUrl\":\"https:\/\/elpuucnoticias.com\/wp-content\/uploads\/2025\/05\/whatsapp-image-2025-05-30-at-11.14.28-am-1.jpeg\",\"width\":1280,\"height\":853},{\"@type\":\"WebPage\",\"@id\":\"https:\/\/elpuucnoticias.com\/?p=18720#webpage\",\"url\":\"https:\/\/elpuucnoticias.com\/?p=18720\",\"name\":\"Realiza SEDE \u201cCaravana de Formalizaci\u00f3n y Progreso SAT\u201d en Tulum - El Puuc Noticias\",\"isPartOf\":{\"@id\":\"https:\/\/elpuucnoticias.com\/#website\"},\"primaryImageOfPage\":{\"@id\":\"https:\/\/elpuucnoticias.com\/?p=18720#primaryimage\"},\"datePublished\":\"2025-05-30T18:26:52+00:00\",\"dateModified\":\"2025-05-30T18:26:52+00:00\",\"author\":{\"@id\":\"https:\/\/elpuucnoticias.com\/#\/schema\/person\/d2ea09e4c97f0160b11cdfb1d856bd9e\"},\"breadcrumb\":{\"@id\":\"https:\/\/elpuucnoticias.com\/?p=18720#breadcrumb\"},\"inLanguage\":\"es\",\"potentialAction\":[{\"@type\":\"ReadAction\",\"target\":[\"https:\/\/elpuucnoticias.com\/?p=18720\"]}]},{\"@type\":\"BreadcrumbList\",\"@id\":\"https:\/\/elpuucnoticias.com\/?p=18720#breadcrumb\",\"itemListElement\":[{\"@type\":\"ListItem\",\"position\":1,\"name\":\"Portada\",\"item\":\"https:\/\/elpuucnoticias.com\/\"},{\"@type\":\"ListItem\",\"position\":2,\"name\":\"Realiza SEDE \u201cCaravana de Formalizaci\u00f3n y Progreso SAT\u201d en Tulum\"}]},{\"@type\":\"Person\",\"@id\":\"https:\/\/elpuucnoticias.com\/#\/schema\/person\/d2ea09e4c97f0160b11cdfb1d856bd9e\",\"name\":\"elpuucnoticias\",\"image\":{\"@type\":\"ImageObject\",\"@id\":\"https:\/\/elpuucnoticias.com\/#personlogo\",\"inLanguage\":\"es\",\"url\":\"https:\/\/secure.gravatar.com\/avatar\/5290a43657c74ffa15701dbe5b846bd85cc71930d803c84e91046a7333de6ce2?s=96&d=mm&r=g\",\"contentUrl\":\"https:\/\/secure.gravatar.com\/avatar\/5290a43657c74ffa15701dbe5b846bd85cc71930d803c84e91046a7333de6ce2?s=96&d=mm&r=g\",\"caption\":\"elpuucnoticias\"},\"sameAs\":[\"https:\/\/elpuucnoticias.com\"],\"url\":\"https:\/\/elpuucnoticias.com\/?author=1\"}]}<\/script>\n<!-- \/ Yoast SEO plugin. -->","yoast_head_json":{"title":"Realiza SEDE \u201cCaravana de Formalizaci\u00f3n y Progreso SAT\u201d en Tulum - El Puuc Noticias","robots":{"index":"index","follow":"follow","max-snippet":"max-snippet:-1","max-image-preview":"max-image-preview:large","max-video-preview":"max-video-preview:-1"},"canonical":"https:\/\/elpuucnoticias.com\/?p=18720","og_locale":"es_ES","og_type":"article","og_title":"Realiza SEDE \u201cCaravana de Formalizaci\u00f3n y Progreso SAT\u201d en Tulum - El Puuc Noticias","og_description":"La Secretar\u00eda de Desarrollo Econ\u00f3mico (SEDE) que encabeza Paul Carrillo de C\u00e1ceres, en colaboraci\u00f3n con el Ayuntamiento de","og_url":"https:\/\/elpuucnoticias.com\/?p=18720","og_site_name":"El Puuc Noticias","article_published_time":"2025-05-30T18:26:52+00:00","og_image":[{"width":1280,"height":853,"url":"https:\/\/elpuucnoticias.com\/wp-content\/uploads\/2025\/05\/whatsapp-image-2025-05-30-at-11.14.28-am-1.jpeg","type":"image\/jpeg"}],"twitter_card":"summary_large_image","twitter_misc":{"Escrito por":"elpuucnoticias","Tiempo de lectura":"2 minutos"},"schema":{"@context":"https:\/\/schema.org","@graph":[{"@type":"WebSite","@id":"https:\/\/elpuucnoticias.com\/#website","url":"https:\/\/elpuucnoticias.com\/","name":"El Puuc Noticias","description":"Noticias - Entretenimiento - Deportes","potentialAction":[{"@type":"SearchAction","target":{"@type":"EntryPoint","urlTemplate":"https:\/\/elpuucnoticias.com\/?s={search_term_string}"},"query-input":"required name=search_term_string"}],"inLanguage":"es"},{"@type":"ImageObject","@id":"https:\/\/elpuucnoticias.com\/?p=18720#primaryimage","inLanguage":"es","url":"https:\/\/elpuucnoticias.com\/wp-content\/uploads\/2025\/05\/whatsapp-image-2025-05-30-at-11.14.28-am-1.jpeg","contentUrl":"https:\/\/elpuucnoticias.com\/wp-content\/uploads\/2025\/05\/whatsapp-image-2025-05-30-at-11.14.28-am-1.jpeg","width":1280,"height":853},{"@type":"WebPage","@id":"https:\/\/elpuucnoticias.com\/?p=18720#webpage","url":"https:\/\/elpuucnoticias.com\/?p=18720","name":"Realiza SEDE \u201cCaravana de Formalizaci\u00f3n y Progreso SAT\u201d en Tulum - El Puuc Noticias","isPartOf":{"@id":"https:\/\/elpuucnoticias.com\/#website"},"primaryImageOfPage":{"@id":"https:\/\/elpuucnoticias.com\/?p=18720#primaryimage"},"datePublished":"2025-05-30T18:26:52+00:00","dateModified":"2025-05-30T18:26:52+00:00","author":{"@id":"https:\/\/elpuucnoticias.com\/#\/schema\/person\/d2ea09e4c97f0160b11cdfb1d856bd9e"},"breadcrumb":{"@id":"https:\/\/elpuucnoticias.com\/?p=18720#breadcrumb"},"inLanguage":"es","potentialAction":[{"@type":"ReadAction","target":["https:\/\/elpuucnoticias.com\/?p=18720"]}]},{"@type":"BreadcrumbList","@id":"https:\/\/elpuucnoticias.com\/?p=18720#breadcrumb","itemListElement":[{"@type":"ListItem","position":1,"name":"Portada","item":"https:\/\/elpuucnoticias.com\/"},{"@type":"ListItem","position":2,"name":"Realiza SEDE \u201cCaravana de Formalizaci\u00f3n y Progreso SAT\u201d en Tulum"}]},{"@type":"Person","@id":"https:\/\/elpuucnoticias.com\/#\/schema\/person\/d2ea09e4c97f0160b11cdfb1d856bd9e","name":"elpuucnoticias","image":{"@type":"ImageObject","@id":"https:\/\/elpuucnoticias.com\/#personlogo","inLanguage":"es","url":"https:\/\/secure.gravatar.com\/avatar\/5290a43657c74ffa15701dbe5b846bd85cc71930d803c84e91046a7333de6ce2?s=96&d=mm&r=g","contentUrl":"https:\/\/secure.gravatar.com\/avatar\/5290a43657c74ffa15701dbe5b846bd85cc71930d803c84e91046a7333de6ce2?s=96&d=mm&r=g","caption":"elpuucnoticias"},"sameAs":["https:\/\/elpuucnoticias.com"],"url":"https:\/\/elpuucnoticias.com\/?author=1"}]}},"_links":{"self":[{"href":"https:\/\/elpuucnoticias.com\/index.php?rest_route=\/wp\/v2\/posts\/18720","targetHints":{"allow":["GET"]}}],"collection":[{"href":"https:\/\/elpuucnoticias.com\/index.php?rest_route=\/wp\/v2\/posts"}],"about":[{"href":"https:\/\/elpuucnoticias.com\/index.php?rest_route=\/wp\/v2\/types\/post"}],"author":[{"embeddable":true,"href":"https:\/\/elpuucnoticias.com\/index.php?rest_route=\/wp\/v2\/users\/1"}],"replies":[{"embeddable":true,"href":"https:\/\/elpuucnoticias.com\/index.php?rest_route=%2Fwp%2Fv2%2Fcomments&post=18720"}],"version-history":[{"count":1,"href":"https:\/\/elpuucnoticias.com\/index.php?rest_route=\/wp\/v2\/posts\/18720\/revisions"}],"predecessor-version":[{"id":18725,"href":"https:\/\/elpuucnoticias.com\/index.php?rest_route=\/wp\/v2\/posts\/18720\/revisions\/18725"}],"wp:featuredmedia":[{"embeddable":true,"href":"https:\/\/elpuucnoticias.com\/index.php?rest_route=\/wp\/v2\/media\/18724"}],"wp:attachment":[{"href":"https:\/\/elpuucnoticias.com\/index.php?rest_route=%2Fwp%2Fv2%2Fmedia&parent=18720"}],"wp:term":[{"taxonomy":"category","embeddable":true,"href":"https:\/\/elpuucnoticias.com\/index.php?rest_route=%2Fwp%2Fv2%2Fcategories&post=18720"},{"taxonomy":"post_tag","embeddable":true,"href":"https:\/\/elpuucnoticias.com\/index.php?rest_route=%2Fwp%2Fv2%2Ftags&post=18720"}],"curies":[{"name":"wp","href":"https:\/\/api.w.org\/{rel}","templated":true}]}}