{"id":18984,"date":"2025-06-04T13:38:21","date_gmt":"2025-06-04T19:38:21","guid":{"rendered":"https:\/\/elpuucnoticias.com\/?p=18984"},"modified":"2025-06-04T13:38:22","modified_gmt":"2025-06-04T19:38:22","slug":"realiza-sema-feria-ambiental-ecoaprende-en-chetumal","status":"publish","type":"post","link":"https:\/\/elpuucnoticias.com\/?p=18984","title":{"rendered":"Realiza SEMA Feria Ambiental EcoAprende en Chetumal"},"content":{"rendered":"\n<p>En el marco de la Semana del Medio Ambiente y del D\u00eda Mundial del Medio Ambiente que se conmemora cada 5 de junio, el secretario de Ecolog\u00eda y Medio Ambiente de Quintana Roo, \u00d3scar R\u00e9bora Aguilera, encabez\u00f3 la Feria Ambiental EcoAprende: Conectando con la Naturaleza, con la presencia de 300 asistentes en la Explanada de la Bandera de la capital del estado.<\/p>\n\n\n\n<p>Organizada por la Secretar\u00eda de Ecolog\u00eda y Medio Ambiente (SEMA), la Feria Ambiental EcoAprende: Conectando con la Naturaleza, se enmarca en el Nuevo Acuerdo por el Bienestar y Desarrollo de Quintana Roo que impulsa la gobernadora Mara Lezama Espinosa, con el objetivo de lograr una transformaci\u00f3n profunda hacia un modelo m\u00e1s justo, inclusivo y sostenible.<\/p>\n\n\n\n<p>El titular de la SEMA, detall\u00f3 que en la Feria participaron m\u00e1s de 20 stands de dependencias del sector ambiental, institutos de investigaci\u00f3n, centros educativos y organizaciones civiles, con el objetivo de impulsar la capacidad de las ni\u00f1as y ni\u00f1os para analizar, reflexionar y proponer soluciones a los problemas ambientales, mediante su participaci\u00f3n en actividades de protecci\u00f3n del medio ambiente.<\/p>\n\n\n\n<figure class=\"wp-block-gallery has-nested-images columns-default is-cropped wp-block-gallery-1 is-layout-flex wp-block-gallery-is-layout-flex\">\n<figure class=\"wp-block-image size-large is-style-default\"><img loading=\"lazy\" decoding=\"async\" width=\"768\" height=\"1024\" data-id=\"18985\" src=\"https:\/\/elpuucnoticias.com\/wp-content\/uploads\/2025\/06\/whatsapp-image-2025-06-04-at-1.07.35-pm-3-768x1024.jpeg\" alt=\"\" class=\"wp-image-18985\" srcset=\"https:\/\/elpuucnoticias.com\/wp-content\/uploads\/2025\/06\/whatsapp-image-2025-06-04-at-1.07.35-pm-3-768x1024.jpeg 768w, https:\/\/elpuucnoticias.com\/wp-content\/uploads\/2025\/06\/whatsapp-image-2025-06-04-at-1.07.35-pm-3-225x300.jpeg 225w, https:\/\/elpuucnoticias.com\/wp-content\/uploads\/2025\/06\/whatsapp-image-2025-06-04-at-1.07.35-pm-3-1152x1536.jpeg 1152w, https:\/\/elpuucnoticias.com\/wp-content\/uploads\/2025\/06\/whatsapp-image-2025-06-04-at-1.07.35-pm-3-240x320.jpeg 240w, https:\/\/elpuucnoticias.com\/wp-content\/uploads\/2025\/06\/whatsapp-image-2025-06-04-at-1.07.35-pm-3.jpeg 1200w\" sizes=\"auto, (max-width: 768px) 100vw, 768px\" \/><\/figure>\n\n\n\n<figure class=\"wp-block-image size-large is-style-default\"><img loading=\"lazy\" decoding=\"async\" width=\"768\" height=\"1024\" data-id=\"18987\" src=\"https:\/\/elpuucnoticias.com\/wp-content\/uploads\/2025\/06\/whatsapp-image-2025-06-04-at-1.07.35-pm-2-768x1024.jpeg\" alt=\"\" class=\"wp-image-18987\" srcset=\"https:\/\/elpuucnoticias.com\/wp-content\/uploads\/2025\/06\/whatsapp-image-2025-06-04-at-1.07.35-pm-2-768x1024.jpeg 768w, https:\/\/elpuucnoticias.com\/wp-content\/uploads\/2025\/06\/whatsapp-image-2025-06-04-at-1.07.35-pm-2-225x300.jpeg 225w, https:\/\/elpuucnoticias.com\/wp-content\/uploads\/2025\/06\/whatsapp-image-2025-06-04-at-1.07.35-pm-2-1152x1536.jpeg 1152w, https:\/\/elpuucnoticias.com\/wp-content\/uploads\/2025\/06\/whatsapp-image-2025-06-04-at-1.07.35-pm-2-240x320.jpeg 240w, https:\/\/elpuucnoticias.com\/wp-content\/uploads\/2025\/06\/whatsapp-image-2025-06-04-at-1.07.35-pm-2.jpeg 1200w\" sizes=\"auto, (max-width: 768px) 100vw, 768px\" \/><\/figure>\n\n\n\n<figure class=\"wp-block-image size-large is-style-default\"><img loading=\"lazy\" decoding=\"async\" width=\"1024\" height=\"768\" data-id=\"18986\" src=\"https:\/\/elpuucnoticias.com\/wp-content\/uploads\/2025\/06\/whatsapp-image-2025-06-04-at-1.07.35-pm-1-1024x768.jpeg\" alt=\"\" class=\"wp-image-18986\" srcset=\"https:\/\/elpuucnoticias.com\/wp-content\/uploads\/2025\/06\/whatsapp-image-2025-06-04-at-1.07.35-pm-1-1024x768.jpeg 1024w, https:\/\/elpuucnoticias.com\/wp-content\/uploads\/2025\/06\/whatsapp-image-2025-06-04-at-1.07.35-pm-1-300x225.jpeg 300w, https:\/\/elpuucnoticias.com\/wp-content\/uploads\/2025\/06\/whatsapp-image-2025-06-04-at-1.07.35-pm-1-768x576.jpeg 768w, https:\/\/elpuucnoticias.com\/wp-content\/uploads\/2025\/06\/whatsapp-image-2025-06-04-at-1.07.35-pm-1-1536x1152.jpeg 1536w, https:\/\/elpuucnoticias.com\/wp-content\/uploads\/2025\/06\/whatsapp-image-2025-06-04-at-1.07.35-pm-1-800x600.jpeg 800w, https:\/\/elpuucnoticias.com\/wp-content\/uploads\/2025\/06\/whatsapp-image-2025-06-04-at-1.07.35-pm-1-320x240.jpeg 320w, https:\/\/elpuucnoticias.com\/wp-content\/uploads\/2025\/06\/whatsapp-image-2025-06-04-at-1.07.35-pm-1.jpeg 1600w\" sizes=\"auto, (max-width: 1024px) 100vw, 1024px\" \/><\/figure>\n<\/figure>\n\n\n\n<p>\u201cDesde el Gobierno del Estado, estamos comprometidos en llevar la educaci\u00f3n ambiental a las ni\u00f1as y ni\u00f1os, para que no s\u00f3lo aprendan sobre el medio ambiente, sino que tambi\u00e9n se conviertan en agentes activos del cambio que nuestro planeta necesita. Estamos convencidos que es una herramienta fundamental para formar ciudadanos responsables que promuevan el uso sostenible de los recursos naturales, la conservaci\u00f3n de nuestros ecosistemas y la adopci\u00f3n de h\u00e1bitos sostenibles desde casa y desde la escuela\u201d, dijo.<\/p>\n\n\n\n<p>Al concluir el recorrido, el titular de la SEMA firm\u00f3 con diversas Asociaciones Civiles, un Nuevo Acuerdo por el Bienestar y Desarrollo de Quintana Roo para la Promoci\u00f3n de la Participaci\u00f3n Social, la Educaci\u00f3n y Cultura Ambiental para el Uso Sostenible de los Recursos Naturales, donde ambas partes se comprometen a contribuir al fortalecimiento de la conciencia ambiental de los ciudadanos y al cuidado del medio ambiente y los recursos naturales.<\/p>\n\n\n\n<p>En el evento participaron: la Comisi\u00f3n Nacional Forestal (CONAFOR); la Secretar\u00eda de Marina (SEMAR), el Instituto de Biodiversidad y \u00c1reas Naturales Protegidas (IBANQROO); la Procuradur\u00eda de Protecci\u00f3n al Ambiente (PPA); la Secretar\u00eda de Obras P\u00fablicas (SEOP); la Comisi\u00f3n de Agua Potable y Alcantarillado (CAPA); el Colegio de Bachilleres de Quintana Roo; el Zool\u00f3gico Payo Obispo; el municipio de Bacalar y Oth\u00f3n P. Blanco, el Tecnol\u00f3gico Nacional de M\u00e9xico campus Chetumal y Asociaciones Civiles, entre otros, que realizaron diversas actividades l\u00fadicas para los asistentes.<\/p>\n","protected":false},"excerpt":{"rendered":"<p>En el marco de la Semana del Medio Ambiente y del D\u00eda Mundial del Medio Ambiente que se<\/p>\n","protected":false},"author":1,"featured_media":18988,"comment_status":"closed","ping_status":"open","sticky":false,"template":"","format":"standard","meta":{"_monsterinsights_skip_tracking":false,"_monsterinsights_sitenote_active":false,"_monsterinsights_sitenote_note":"","_monsterinsights_sitenote_category":0,"footnotes":""},"categories":[11,24],"tags":[],"class_list":["post-18984","post","type-post","status-publish","format-standard","has-post-thumbnail","hentry","category-noticias","category-quintana-roo"],"yoast_head":"<!-- This site is optimized with the Yoast SEO plugin v18.3 - https:\/\/yoast.com\/wordpress\/plugins\/seo\/ -->\n<title>Realiza SEMA Feria Ambiental EcoAprende en Chetumal - El Puuc Noticias<\/title>\n<meta name=\"robots\" content=\"index, follow, max-snippet:-1, max-image-preview:large, max-video-preview:-1\" \/>\n<link rel=\"canonical\" href=\"https:\/\/elpuucnoticias.com\/?p=18984\" \/>\n<meta property=\"og:locale\" content=\"es_ES\" \/>\n<meta property=\"og:type\" content=\"article\" \/>\n<meta property=\"og:title\" content=\"Realiza SEMA Feria Ambiental EcoAprende en Chetumal - El Puuc Noticias\" \/>\n<meta property=\"og:description\" content=\"En el marco de la Semana del Medio Ambiente y del D\u00eda Mundial del Medio Ambiente que se\" \/>\n<meta property=\"og:url\" content=\"https:\/\/elpuucnoticias.com\/?p=18984\" \/>\n<meta property=\"og:site_name\" content=\"El Puuc Noticias\" \/>\n<meta property=\"article:published_time\" content=\"2025-06-04T19:38:21+00:00\" \/>\n<meta property=\"article:modified_time\" content=\"2025-06-04T19:38:22+00:00\" \/>\n<meta property=\"og:image\" content=\"https:\/\/elpuucnoticias.com\/wp-content\/uploads\/2025\/06\/whatsapp-image-2025-06-04-at-1.07.35-pm-4.jpeg\" \/>\n\t<meta property=\"og:image:width\" content=\"1200\" \/>\n\t<meta property=\"og:image:height\" content=\"1600\" \/>\n\t<meta property=\"og:image:type\" content=\"image\/jpeg\" \/>\n<meta name=\"twitter:card\" content=\"summary_large_image\" \/>\n<meta name=\"twitter:label1\" content=\"Escrito por\" \/>\n\t<meta name=\"twitter:data1\" content=\"elpuucnoticias\" \/>\n\t<meta name=\"twitter:label2\" content=\"Tiempo de lectura\" \/>\n\t<meta name=\"twitter:data2\" content=\"2 minutos\" \/>\n<script type=\"application\/ld+json\" class=\"yoast-schema-graph\">{\"@context\":\"https:\/\/schema.org\",\"@graph\":[{\"@type\":\"WebSite\",\"@id\":\"https:\/\/elpuucnoticias.com\/#website\",\"url\":\"https:\/\/elpuucnoticias.com\/\",\"name\":\"El Puuc Noticias\",\"description\":\"Noticias - Entretenimiento - Deportes\",\"potentialAction\":[{\"@type\":\"SearchAction\",\"target\":{\"@type\":\"EntryPoint\",\"urlTemplate\":\"https:\/\/elpuucnoticias.com\/?s={search_term_string}\"},\"query-input\":\"required name=search_term_string\"}],\"inLanguage\":\"es\"},{\"@type\":\"ImageObject\",\"@id\":\"https:\/\/elpuucnoticias.com\/?p=18984#primaryimage\",\"inLanguage\":\"es\",\"url\":\"https:\/\/elpuucnoticias.com\/wp-content\/uploads\/2025\/06\/whatsapp-image-2025-06-04-at-1.07.35-pm-4.jpeg\",\"contentUrl\":\"https:\/\/elpuucnoticias.com\/wp-content\/uploads\/2025\/06\/whatsapp-image-2025-06-04-at-1.07.35-pm-4.jpeg\",\"width\":1200,\"height\":1600},{\"@type\":\"WebPage\",\"@id\":\"https:\/\/elpuucnoticias.com\/?p=18984#webpage\",\"url\":\"https:\/\/elpuucnoticias.com\/?p=18984\",\"name\":\"Realiza SEMA Feria Ambiental EcoAprende en Chetumal - El Puuc Noticias\",\"isPartOf\":{\"@id\":\"https:\/\/elpuucnoticias.com\/#website\"},\"primaryImageOfPage\":{\"@id\":\"https:\/\/elpuucnoticias.com\/?p=18984#primaryimage\"},\"datePublished\":\"2025-06-04T19:38:21+00:00\",\"dateModified\":\"2025-06-04T19:38:22+00:00\",\"author\":{\"@id\":\"https:\/\/elpuucnoticias.com\/#\/schema\/person\/d2ea09e4c97f0160b11cdfb1d856bd9e\"},\"breadcrumb\":{\"@id\":\"https:\/\/elpuucnoticias.com\/?p=18984#breadcrumb\"},\"inLanguage\":\"es\",\"potentialAction\":[{\"@type\":\"ReadAction\",\"target\":[\"https:\/\/elpuucnoticias.com\/?p=18984\"]}]},{\"@type\":\"BreadcrumbList\",\"@id\":\"https:\/\/elpuucnoticias.com\/?p=18984#breadcrumb\",\"itemListElement\":[{\"@type\":\"ListItem\",\"position\":1,\"name\":\"Portada\",\"item\":\"https:\/\/elpuucnoticias.com\/\"},{\"@type\":\"ListItem\",\"position\":2,\"name\":\"Realiza SEMA Feria Ambiental EcoAprende en Chetumal\"}]},{\"@type\":\"Person\",\"@id\":\"https:\/\/elpuucnoticias.com\/#\/schema\/person\/d2ea09e4c97f0160b11cdfb1d856bd9e\",\"name\":\"elpuucnoticias\",\"image\":{\"@type\":\"ImageObject\",\"@id\":\"https:\/\/elpuucnoticias.com\/#personlogo\",\"inLanguage\":\"es\",\"url\":\"https:\/\/secure.gravatar.com\/avatar\/5290a43657c74ffa15701dbe5b846bd85cc71930d803c84e91046a7333de6ce2?s=96&d=mm&r=g\",\"contentUrl\":\"https:\/\/secure.gravatar.com\/avatar\/5290a43657c74ffa15701dbe5b846bd85cc71930d803c84e91046a7333de6ce2?s=96&d=mm&r=g\",\"caption\":\"elpuucnoticias\"},\"sameAs\":[\"https:\/\/elpuucnoticias.com\"],\"url\":\"https:\/\/elpuucnoticias.com\/?author=1\"}]}<\/script>\n<!-- \/ Yoast SEO plugin. -->","yoast_head_json":{"title":"Realiza SEMA Feria Ambiental EcoAprende en Chetumal - El Puuc Noticias","robots":{"index":"index","follow":"follow","max-snippet":"max-snippet:-1","max-image-preview":"max-image-preview:large","max-video-preview":"max-video-preview:-1"},"canonical":"https:\/\/elpuucnoticias.com\/?p=18984","og_locale":"es_ES","og_type":"article","og_title":"Realiza SEMA Feria Ambiental EcoAprende en Chetumal - El Puuc Noticias","og_description":"En el marco de la Semana del Medio Ambiente y del D\u00eda Mundial del Medio Ambiente que se","og_url":"https:\/\/elpuucnoticias.com\/?p=18984","og_site_name":"El Puuc Noticias","article_published_time":"2025-06-04T19:38:21+00:00","article_modified_time":"2025-06-04T19:38:22+00:00","og_image":[{"width":1200,"height":1600,"url":"https:\/\/elpuucnoticias.com\/wp-content\/uploads\/2025\/06\/whatsapp-image-2025-06-04-at-1.07.35-pm-4.jpeg","type":"image\/jpeg"}],"twitter_card":"summary_large_image","twitter_misc":{"Escrito por":"elpuucnoticias","Tiempo de lectura":"2 minutos"},"schema":{"@context":"https:\/\/schema.org","@graph":[{"@type":"WebSite","@id":"https:\/\/elpuucnoticias.com\/#website","url":"https:\/\/elpuucnoticias.com\/","name":"El Puuc Noticias","description":"Noticias - Entretenimiento - Deportes","potentialAction":[{"@type":"SearchAction","target":{"@type":"EntryPoint","urlTemplate":"https:\/\/elpuucnoticias.com\/?s={search_term_string}"},"query-input":"required name=search_term_string"}],"inLanguage":"es"},{"@type":"ImageObject","@id":"https:\/\/elpuucnoticias.com\/?p=18984#primaryimage","inLanguage":"es","url":"https:\/\/elpuucnoticias.com\/wp-content\/uploads\/2025\/06\/whatsapp-image-2025-06-04-at-1.07.35-pm-4.jpeg","contentUrl":"https:\/\/elpuucnoticias.com\/wp-content\/uploads\/2025\/06\/whatsapp-image-2025-06-04-at-1.07.35-pm-4.jpeg","width":1200,"height":1600},{"@type":"WebPage","@id":"https:\/\/elpuucnoticias.com\/?p=18984#webpage","url":"https:\/\/elpuucnoticias.com\/?p=18984","name":"Realiza SEMA Feria Ambiental EcoAprende en Chetumal - El Puuc Noticias","isPartOf":{"@id":"https:\/\/elpuucnoticias.com\/#website"},"primaryImageOfPage":{"@id":"https:\/\/elpuucnoticias.com\/?p=18984#primaryimage"},"datePublished":"2025-06-04T19:38:21+00:00","dateModified":"2025-06-04T19:38:22+00:00","author":{"@id":"https:\/\/elpuucnoticias.com\/#\/schema\/person\/d2ea09e4c97f0160b11cdfb1d856bd9e"},"breadcrumb":{"@id":"https:\/\/elpuucnoticias.com\/?p=18984#breadcrumb"},"inLanguage":"es","potentialAction":[{"@type":"ReadAction","target":["https:\/\/elpuucnoticias.com\/?p=18984"]}]},{"@type":"BreadcrumbList","@id":"https:\/\/elpuucnoticias.com\/?p=18984#breadcrumb","itemListElement":[{"@type":"ListItem","position":1,"name":"Portada","item":"https:\/\/elpuucnoticias.com\/"},{"@type":"ListItem","position":2,"name":"Realiza SEMA Feria Ambiental EcoAprende en Chetumal"}]},{"@type":"Person","@id":"https:\/\/elpuucnoticias.com\/#\/schema\/person\/d2ea09e4c97f0160b11cdfb1d856bd9e","name":"elpuucnoticias","image":{"@type":"ImageObject","@id":"https:\/\/elpuucnoticias.com\/#personlogo","inLanguage":"es","url":"https:\/\/secure.gravatar.com\/avatar\/5290a43657c74ffa15701dbe5b846bd85cc71930d803c84e91046a7333de6ce2?s=96&d=mm&r=g","contentUrl":"https:\/\/secure.gravatar.com\/avatar\/5290a43657c74ffa15701dbe5b846bd85cc71930d803c84e91046a7333de6ce2?s=96&d=mm&r=g","caption":"elpuucnoticias"},"sameAs":["https:\/\/elpuucnoticias.com"],"url":"https:\/\/elpuucnoticias.com\/?author=1"}]}},"_links":{"self":[{"href":"https:\/\/elpuucnoticias.com\/index.php?rest_route=\/wp\/v2\/posts\/18984","targetHints":{"allow":["GET"]}}],"collection":[{"href":"https:\/\/elpuucnoticias.com\/index.php?rest_route=\/wp\/v2\/posts"}],"about":[{"href":"https:\/\/elpuucnoticias.com\/index.php?rest_route=\/wp\/v2\/types\/post"}],"author":[{"embeddable":true,"href":"https:\/\/elpuucnoticias.com\/index.php?rest_route=\/wp\/v2\/users\/1"}],"replies":[{"embeddable":true,"href":"https:\/\/elpuucnoticias.com\/index.php?rest_route=%2Fwp%2Fv2%2Fcomments&post=18984"}],"version-history":[{"count":1,"href":"https:\/\/elpuucnoticias.com\/index.php?rest_route=\/wp\/v2\/posts\/18984\/revisions"}],"predecessor-version":[{"id":18989,"href":"https:\/\/elpuucnoticias.com\/index.php?rest_route=\/wp\/v2\/posts\/18984\/revisions\/18989"}],"wp:featuredmedia":[{"embeddable":true,"href":"https:\/\/elpuucnoticias.com\/index.php?rest_route=\/wp\/v2\/media\/18988"}],"wp:attachment":[{"href":"https:\/\/elpuucnoticias.com\/index.php?rest_route=%2Fwp%2Fv2%2Fmedia&parent=18984"}],"wp:term":[{"taxonomy":"category","embeddable":true,"href":"https:\/\/elpuucnoticias.com\/index.php?rest_route=%2Fwp%2Fv2%2Fcategories&post=18984"},{"taxonomy":"post_tag","embeddable":true,"href":"https:\/\/elpuucnoticias.com\/index.php?rest_route=%2Fwp%2Fv2%2Ftags&post=18984"}],"curies":[{"name":"wp","href":"https:\/\/api.w.org\/{rel}","templated":true}]}}