{"id":19095,"date":"2025-06-09T11:37:43","date_gmt":"2025-06-09T17:37:43","guid":{"rendered":"https:\/\/elpuucnoticias.com\/?p=19095"},"modified":"2025-06-09T11:37:43","modified_gmt":"2025-06-09T17:37:43","slug":"vinculado-a-proceso-por-lesionar-a-un-hombre-con-un-arma-blanca-ocurrido-en-la-localidad-de-ticimul-comisaria-de-uman","status":"publish","type":"post","link":"https:\/\/elpuucnoticias.com\/?p=19095","title":{"rendered":"Vinculado a proceso por lesionar a un hombre con un arma blanca ocurrido en la localidad de Ticimul comisar\u00eda de Um\u00e1n"},"content":{"rendered":"\n<p>Luego de valorar los datos de prueba reunidos por la Fiscal\u00eda General del Estado (FGE) en donde se le acusa de herir a un hombre con un arma blanca, A.Z.P. fue vinculado a proceso por el delito de lesiones calificadas cometido en la localidad de Ticimul, comisar\u00eda de Um\u00e1n.<\/p>\n\n\n\n<p>Los hechos que tuvieron lugar el pasado 21 de mayo cerca de un expendio de cervezas, se\u00f1alan que el imputado sac\u00f3 una navaja y comenz\u00f3 a acercarse a la v\u00edctima mientras lo amenazaba, hasta que finalmente le infringi\u00f3 una herida en el abdomen y posteriormente huy\u00f3 del lugar.<\/p>\n\n\n\n<p>Por ello, tras ser imputado durante la audiencia inicial, esta representaci\u00f3n social argument\u00f3 la vinculaci\u00f3n a proceso presentando los documentos de prueba contenidos en la causa penal 50\/2025, los cuales resultaron suficientes para que la Juez de Control del Cuarto Distrito resolviera la situaci\u00f3n legal del acusado.<\/p>\n\n\n\n<p>Finalmente, se otorg\u00f3 un mes para continuar con la indagatoria y se ratific\u00f3 la permanencia de las medidas cautelares impuestas durante todo el tiempo que dure el proceso, las cuales incluyen la vigilancia del Centro Estatal de Medidas Cautelares, la prohibici\u00f3n de salir del Estado y la firma peri\u00f3dica ante la Fiscal\u00eda de Um\u00e1n, as\u00ed como la prohibici\u00f3n de comunicarse con el agraviado y de acercarse a su domicilio.<\/p>\n","protected":false},"excerpt":{"rendered":"<p>Luego de valorar los datos de prueba reunidos por la Fiscal\u00eda General del Estado (FGE) en donde se<\/p>\n","protected":false},"author":1,"featured_media":9277,"comment_status":"closed","ping_status":"open","sticky":false,"template":"","format":"standard","meta":{"_monsterinsights_skip_tracking":false,"_monsterinsights_sitenote_active":false,"_monsterinsights_sitenote_note":"","_monsterinsights_sitenote_category":0,"footnotes":""},"categories":[11,3],"tags":[],"class_list":["post-19095","post","type-post","status-publish","format-standard","has-post-thumbnail","hentry","category-noticias","category-policiacas"],"yoast_head":"<!-- This site is optimized with the Yoast SEO plugin v18.3 - https:\/\/yoast.com\/wordpress\/plugins\/seo\/ -->\n<title>Vinculado a proceso por lesionar a un hombre con un arma blanca ocurrido en la localidad de Ticimul comisar\u00eda de Um\u00e1n - El Puuc Noticias<\/title>\n<meta name=\"robots\" content=\"index, follow, max-snippet:-1, max-image-preview:large, max-video-preview:-1\" \/>\n<link rel=\"canonical\" href=\"https:\/\/elpuucnoticias.com\/?p=19095\" \/>\n<meta property=\"og:locale\" content=\"es_ES\" \/>\n<meta property=\"og:type\" content=\"article\" \/>\n<meta property=\"og:title\" content=\"Vinculado a proceso por lesionar a un hombre con un arma blanca ocurrido en la localidad de Ticimul comisar\u00eda de Um\u00e1n - El Puuc Noticias\" \/>\n<meta property=\"og:description\" content=\"Luego de valorar los datos de prueba reunidos por la Fiscal\u00eda General del Estado (FGE) en donde se\" \/>\n<meta property=\"og:url\" content=\"https:\/\/elpuucnoticias.com\/?p=19095\" \/>\n<meta property=\"og:site_name\" content=\"El Puuc Noticias\" \/>\n<meta property=\"article:published_time\" content=\"2025-06-09T17:37:43+00:00\" \/>\n<meta property=\"og:image\" content=\"https:\/\/elpuucnoticias.com\/wp-content\/uploads\/2023\/09\/fiscalia-dedos-2.jpg\" \/>\n\t<meta property=\"og:image:width\" content=\"1280\" \/>\n\t<meta property=\"og:image:height\" content=\"891\" \/>\n\t<meta property=\"og:image:type\" content=\"image\/jpeg\" \/>\n<meta name=\"twitter:card\" content=\"summary_large_image\" \/>\n<meta name=\"twitter:label1\" content=\"Escrito por\" \/>\n\t<meta name=\"twitter:data1\" content=\"elpuucnoticias\" \/>\n\t<meta name=\"twitter:label2\" content=\"Tiempo de lectura\" \/>\n\t<meta name=\"twitter:data2\" content=\"1 minuto\" \/>\n<script type=\"application\/ld+json\" class=\"yoast-schema-graph\">{\"@context\":\"https:\/\/schema.org\",\"@graph\":[{\"@type\":\"WebSite\",\"@id\":\"https:\/\/elpuucnoticias.com\/#website\",\"url\":\"https:\/\/elpuucnoticias.com\/\",\"name\":\"El Puuc Noticias\",\"description\":\"Noticias - Entretenimiento - Deportes\",\"potentialAction\":[{\"@type\":\"SearchAction\",\"target\":{\"@type\":\"EntryPoint\",\"urlTemplate\":\"https:\/\/elpuucnoticias.com\/?s={search_term_string}\"},\"query-input\":\"required name=search_term_string\"}],\"inLanguage\":\"es\"},{\"@type\":\"ImageObject\",\"@id\":\"https:\/\/elpuucnoticias.com\/?p=19095#primaryimage\",\"inLanguage\":\"es\",\"url\":\"https:\/\/elpuucnoticias.com\/wp-content\/uploads\/2023\/09\/fiscalia-dedos-2.jpg\",\"contentUrl\":\"https:\/\/elpuucnoticias.com\/wp-content\/uploads\/2023\/09\/fiscalia-dedos-2.jpg\",\"width\":1280,\"height\":891},{\"@type\":\"WebPage\",\"@id\":\"https:\/\/elpuucnoticias.com\/?p=19095#webpage\",\"url\":\"https:\/\/elpuucnoticias.com\/?p=19095\",\"name\":\"Vinculado a proceso por lesionar a un hombre con un arma blanca ocurrido en la localidad de Ticimul comisar\u00eda de Um\u00e1n - El Puuc Noticias\",\"isPartOf\":{\"@id\":\"https:\/\/elpuucnoticias.com\/#website\"},\"primaryImageOfPage\":{\"@id\":\"https:\/\/elpuucnoticias.com\/?p=19095#primaryimage\"},\"datePublished\":\"2025-06-09T17:37:43+00:00\",\"dateModified\":\"2025-06-09T17:37:43+00:00\",\"author\":{\"@id\":\"https:\/\/elpuucnoticias.com\/#\/schema\/person\/d2ea09e4c97f0160b11cdfb1d856bd9e\"},\"breadcrumb\":{\"@id\":\"https:\/\/elpuucnoticias.com\/?p=19095#breadcrumb\"},\"inLanguage\":\"es\",\"potentialAction\":[{\"@type\":\"ReadAction\",\"target\":[\"https:\/\/elpuucnoticias.com\/?p=19095\"]}]},{\"@type\":\"BreadcrumbList\",\"@id\":\"https:\/\/elpuucnoticias.com\/?p=19095#breadcrumb\",\"itemListElement\":[{\"@type\":\"ListItem\",\"position\":1,\"name\":\"Portada\",\"item\":\"https:\/\/elpuucnoticias.com\/\"},{\"@type\":\"ListItem\",\"position\":2,\"name\":\"Vinculado a proceso por lesionar a un hombre con un arma blanca ocurrido en la localidad de Ticimul comisar\u00eda de Um\u00e1n\"}]},{\"@type\":\"Person\",\"@id\":\"https:\/\/elpuucnoticias.com\/#\/schema\/person\/d2ea09e4c97f0160b11cdfb1d856bd9e\",\"name\":\"elpuucnoticias\",\"image\":{\"@type\":\"ImageObject\",\"@id\":\"https:\/\/elpuucnoticias.com\/#personlogo\",\"inLanguage\":\"es\",\"url\":\"https:\/\/secure.gravatar.com\/avatar\/5290a43657c74ffa15701dbe5b846bd85cc71930d803c84e91046a7333de6ce2?s=96&d=mm&r=g\",\"contentUrl\":\"https:\/\/secure.gravatar.com\/avatar\/5290a43657c74ffa15701dbe5b846bd85cc71930d803c84e91046a7333de6ce2?s=96&d=mm&r=g\",\"caption\":\"elpuucnoticias\"},\"sameAs\":[\"https:\/\/elpuucnoticias.com\"],\"url\":\"https:\/\/elpuucnoticias.com\/?author=1\"}]}<\/script>\n<!-- \/ Yoast SEO plugin. -->","yoast_head_json":{"title":"Vinculado a proceso por lesionar a un hombre con un arma blanca ocurrido en la localidad de Ticimul comisar\u00eda de Um\u00e1n - El Puuc Noticias","robots":{"index":"index","follow":"follow","max-snippet":"max-snippet:-1","max-image-preview":"max-image-preview:large","max-video-preview":"max-video-preview:-1"},"canonical":"https:\/\/elpuucnoticias.com\/?p=19095","og_locale":"es_ES","og_type":"article","og_title":"Vinculado a proceso por lesionar a un hombre con un arma blanca ocurrido en la localidad de Ticimul comisar\u00eda de Um\u00e1n - El Puuc Noticias","og_description":"Luego de valorar los datos de prueba reunidos por la Fiscal\u00eda General del Estado (FGE) en donde se","og_url":"https:\/\/elpuucnoticias.com\/?p=19095","og_site_name":"El Puuc Noticias","article_published_time":"2025-06-09T17:37:43+00:00","og_image":[{"width":1280,"height":891,"url":"https:\/\/elpuucnoticias.com\/wp-content\/uploads\/2023\/09\/fiscalia-dedos-2.jpg","type":"image\/jpeg"}],"twitter_card":"summary_large_image","twitter_misc":{"Escrito por":"elpuucnoticias","Tiempo de lectura":"1 minuto"},"schema":{"@context":"https:\/\/schema.org","@graph":[{"@type":"WebSite","@id":"https:\/\/elpuucnoticias.com\/#website","url":"https:\/\/elpuucnoticias.com\/","name":"El Puuc Noticias","description":"Noticias - Entretenimiento - Deportes","potentialAction":[{"@type":"SearchAction","target":{"@type":"EntryPoint","urlTemplate":"https:\/\/elpuucnoticias.com\/?s={search_term_string}"},"query-input":"required name=search_term_string"}],"inLanguage":"es"},{"@type":"ImageObject","@id":"https:\/\/elpuucnoticias.com\/?p=19095#primaryimage","inLanguage":"es","url":"https:\/\/elpuucnoticias.com\/wp-content\/uploads\/2023\/09\/fiscalia-dedos-2.jpg","contentUrl":"https:\/\/elpuucnoticias.com\/wp-content\/uploads\/2023\/09\/fiscalia-dedos-2.jpg","width":1280,"height":891},{"@type":"WebPage","@id":"https:\/\/elpuucnoticias.com\/?p=19095#webpage","url":"https:\/\/elpuucnoticias.com\/?p=19095","name":"Vinculado a proceso por lesionar a un hombre con un arma blanca ocurrido en la localidad de Ticimul comisar\u00eda de Um\u00e1n - El Puuc Noticias","isPartOf":{"@id":"https:\/\/elpuucnoticias.com\/#website"},"primaryImageOfPage":{"@id":"https:\/\/elpuucnoticias.com\/?p=19095#primaryimage"},"datePublished":"2025-06-09T17:37:43+00:00","dateModified":"2025-06-09T17:37:43+00:00","author":{"@id":"https:\/\/elpuucnoticias.com\/#\/schema\/person\/d2ea09e4c97f0160b11cdfb1d856bd9e"},"breadcrumb":{"@id":"https:\/\/elpuucnoticias.com\/?p=19095#breadcrumb"},"inLanguage":"es","potentialAction":[{"@type":"ReadAction","target":["https:\/\/elpuucnoticias.com\/?p=19095"]}]},{"@type":"BreadcrumbList","@id":"https:\/\/elpuucnoticias.com\/?p=19095#breadcrumb","itemListElement":[{"@type":"ListItem","position":1,"name":"Portada","item":"https:\/\/elpuucnoticias.com\/"},{"@type":"ListItem","position":2,"name":"Vinculado a proceso por lesionar a un hombre con un arma blanca ocurrido en la localidad de Ticimul comisar\u00eda de Um\u00e1n"}]},{"@type":"Person","@id":"https:\/\/elpuucnoticias.com\/#\/schema\/person\/d2ea09e4c97f0160b11cdfb1d856bd9e","name":"elpuucnoticias","image":{"@type":"ImageObject","@id":"https:\/\/elpuucnoticias.com\/#personlogo","inLanguage":"es","url":"https:\/\/secure.gravatar.com\/avatar\/5290a43657c74ffa15701dbe5b846bd85cc71930d803c84e91046a7333de6ce2?s=96&d=mm&r=g","contentUrl":"https:\/\/secure.gravatar.com\/avatar\/5290a43657c74ffa15701dbe5b846bd85cc71930d803c84e91046a7333de6ce2?s=96&d=mm&r=g","caption":"elpuucnoticias"},"sameAs":["https:\/\/elpuucnoticias.com"],"url":"https:\/\/elpuucnoticias.com\/?author=1"}]}},"_links":{"self":[{"href":"https:\/\/elpuucnoticias.com\/index.php?rest_route=\/wp\/v2\/posts\/19095","targetHints":{"allow":["GET"]}}],"collection":[{"href":"https:\/\/elpuucnoticias.com\/index.php?rest_route=\/wp\/v2\/posts"}],"about":[{"href":"https:\/\/elpuucnoticias.com\/index.php?rest_route=\/wp\/v2\/types\/post"}],"author":[{"embeddable":true,"href":"https:\/\/elpuucnoticias.com\/index.php?rest_route=\/wp\/v2\/users\/1"}],"replies":[{"embeddable":true,"href":"https:\/\/elpuucnoticias.com\/index.php?rest_route=%2Fwp%2Fv2%2Fcomments&post=19095"}],"version-history":[{"count":1,"href":"https:\/\/elpuucnoticias.com\/index.php?rest_route=\/wp\/v2\/posts\/19095\/revisions"}],"predecessor-version":[{"id":19096,"href":"https:\/\/elpuucnoticias.com\/index.php?rest_route=\/wp\/v2\/posts\/19095\/revisions\/19096"}],"wp:featuredmedia":[{"embeddable":true,"href":"https:\/\/elpuucnoticias.com\/index.php?rest_route=\/wp\/v2\/media\/9277"}],"wp:attachment":[{"href":"https:\/\/elpuucnoticias.com\/index.php?rest_route=%2Fwp%2Fv2%2Fmedia&parent=19095"}],"wp:term":[{"taxonomy":"category","embeddable":true,"href":"https:\/\/elpuucnoticias.com\/index.php?rest_route=%2Fwp%2Fv2%2Fcategories&post=19095"},{"taxonomy":"post_tag","embeddable":true,"href":"https:\/\/elpuucnoticias.com\/index.php?rest_route=%2Fwp%2Fv2%2Ftags&post=19095"}],"curies":[{"name":"wp","href":"https:\/\/api.w.org\/{rel}","templated":true}]}}