{"id":19108,"date":"2025-06-10T12:02:33","date_gmt":"2025-06-10T18:02:33","guid":{"rendered":"https:\/\/elpuucnoticias.com\/?p=19108"},"modified":"2025-06-10T12:02:33","modified_gmt":"2025-06-10T18:02:33","slug":"con-la-participacion-de-mil-500-voluntarios-se-recolectaron-275-kilos-de-residuos-en-puerto-morelos","status":"publish","type":"post","link":"https:\/\/elpuucnoticias.com\/?p=19108","title":{"rendered":"Con la participaci\u00f3n de mil 500 voluntarios, se recolectaron 275 kilos de residuos en Puerto Morelos"},"content":{"rendered":"\n<p>En el marco de la Semana del Medio Ambiente y del D\u00eda Mundial del Medio Ambiente, se llev\u00f3 a cabo una mega jornada de limpieza en la playa de Punta Brava, Puerto Morelos donde, con la participaci\u00f3n de mil 500 voluntarios, se recolectaron 275 kilos de pl\u00e1sticos, declar\u00f3 el secretario de Ecolog\u00eda y Medio Ambiente de Quintana Roo, \u00d3scar R\u00e9bora Aguilera.<\/p>\n\n\n\n<p>En seguimiento al Nuevo Acuerdo por el Bienestar y Desarrollo de Quintana Roo que promueve la gobernadora Mara Lezama Espinosa y con el objetivo de implementar soluciones para poner fin a la contaminaci\u00f3n.<\/p>\n\n\n\n<figure class=\"wp-block-gallery has-nested-images columns-default is-cropped wp-block-gallery-1 is-layout-flex wp-block-gallery-is-layout-flex\">\n<figure class=\"wp-block-image size-large is-style-default\"><img loading=\"lazy\" decoding=\"async\" width=\"576\" height=\"1024\" data-id=\"19110\" src=\"https:\/\/elpuucnoticias.com\/wp-content\/uploads\/2025\/06\/whatsapp-image-2025-06-10-at-10.45.21-am-576x1024.jpeg\" alt=\"\" class=\"wp-image-19110\" srcset=\"https:\/\/elpuucnoticias.com\/wp-content\/uploads\/2025\/06\/whatsapp-image-2025-06-10-at-10.45.21-am-576x1024.jpeg 576w, https:\/\/elpuucnoticias.com\/wp-content\/uploads\/2025\/06\/whatsapp-image-2025-06-10-at-10.45.21-am-169x300.jpeg 169w, https:\/\/elpuucnoticias.com\/wp-content\/uploads\/2025\/06\/whatsapp-image-2025-06-10-at-10.45.21-am-768x1365.jpeg 768w, https:\/\/elpuucnoticias.com\/wp-content\/uploads\/2025\/06\/whatsapp-image-2025-06-10-at-10.45.21-am-864x1536.jpeg 864w, https:\/\/elpuucnoticias.com\/wp-content\/uploads\/2025\/06\/whatsapp-image-2025-06-10-at-10.45.21-am-180x320.jpeg 180w, https:\/\/elpuucnoticias.com\/wp-content\/uploads\/2025\/06\/whatsapp-image-2025-06-10-at-10.45.21-am.jpeg 900w\" sizes=\"auto, (max-width: 576px) 100vw, 576px\" \/><\/figure>\n\n\n\n<figure class=\"wp-block-image size-large is-style-default\"><img loading=\"lazy\" decoding=\"async\" width=\"576\" height=\"1024\" data-id=\"19109\" src=\"https:\/\/elpuucnoticias.com\/wp-content\/uploads\/2025\/06\/whatsapp-image-2025-06-10-at-10.45.18-am-576x1024.jpeg\" alt=\"\" class=\"wp-image-19109\" srcset=\"https:\/\/elpuucnoticias.com\/wp-content\/uploads\/2025\/06\/whatsapp-image-2025-06-10-at-10.45.18-am-576x1024.jpeg 576w, https:\/\/elpuucnoticias.com\/wp-content\/uploads\/2025\/06\/whatsapp-image-2025-06-10-at-10.45.18-am-169x300.jpeg 169w, https:\/\/elpuucnoticias.com\/wp-content\/uploads\/2025\/06\/whatsapp-image-2025-06-10-at-10.45.18-am-768x1365.jpeg 768w, https:\/\/elpuucnoticias.com\/wp-content\/uploads\/2025\/06\/whatsapp-image-2025-06-10-at-10.45.18-am-864x1536.jpeg 864w, https:\/\/elpuucnoticias.com\/wp-content\/uploads\/2025\/06\/whatsapp-image-2025-06-10-at-10.45.18-am-180x320.jpeg 180w, https:\/\/elpuucnoticias.com\/wp-content\/uploads\/2025\/06\/whatsapp-image-2025-06-10-at-10.45.18-am.jpeg 900w\" sizes=\"auto, (max-width: 576px) 100vw, 576px\" \/><\/figure>\n\n\n\n<figure class=\"wp-block-image size-large is-style-default\"><img loading=\"lazy\" decoding=\"async\" width=\"576\" height=\"1024\" data-id=\"19111\" src=\"https:\/\/elpuucnoticias.com\/wp-content\/uploads\/2025\/06\/whatsapp-image-2025-06-10-at-10.45.21-am-1-576x1024.jpeg\" alt=\"\" class=\"wp-image-19111\" srcset=\"https:\/\/elpuucnoticias.com\/wp-content\/uploads\/2025\/06\/whatsapp-image-2025-06-10-at-10.45.21-am-1-576x1024.jpeg 576w, https:\/\/elpuucnoticias.com\/wp-content\/uploads\/2025\/06\/whatsapp-image-2025-06-10-at-10.45.21-am-1-169x300.jpeg 169w, https:\/\/elpuucnoticias.com\/wp-content\/uploads\/2025\/06\/whatsapp-image-2025-06-10-at-10.45.21-am-1-768x1365.jpeg 768w, https:\/\/elpuucnoticias.com\/wp-content\/uploads\/2025\/06\/whatsapp-image-2025-06-10-at-10.45.21-am-1-864x1536.jpeg 864w, https:\/\/elpuucnoticias.com\/wp-content\/uploads\/2025\/06\/whatsapp-image-2025-06-10-at-10.45.21-am-1-180x320.jpeg 180w, https:\/\/elpuucnoticias.com\/wp-content\/uploads\/2025\/06\/whatsapp-image-2025-06-10-at-10.45.21-am-1.jpeg 900w\" sizes=\"auto, (max-width: 576px) 100vw, 576px\" \/><\/figure>\n<\/figure>\n\n\n\n<p>Con la colaboraci\u00f3n de voluntarios de los tres niveles de gobierno, empresarios, estudiantes, sociedad civil y asociaciones civiles, se lograron recolectar 275 kilos de residuos: 11 kilogramos de PET, 16 de PEAD, uno de empaques flexibles, 15 de vidrio, 4 de hojalata, 2 de aluminio, 219 de residuos inorg\u00e1nicos no reciclables y 7 de org\u00e1nicos.<\/p>\n\n\n\n<p>Durante la jornada encabezada por la gobernadora Mara Lezama Espinosa y la titular de la Procuradur\u00eda Federal de Protecci\u00f3n al Ambiente (PROFEPA), Mariana Boy Tamborrell, el secretario de Ecolog\u00eda y Medio Ambiente, \u00d3scar R\u00e9bora Aguilera dijo que este esfuerzo no parte de cero, ya que en Quintana Roo se han implementado acciones concretas para la reducci\u00f3n de residuos pl\u00e1sticos de un solo uso, as\u00ed como protocolos de recolecci\u00f3n y disposici\u00f3n del sargazo.<\/p>\n\n\n\n<p>Finalmente agradeci\u00f3 la participaci\u00f3n de los voluntarios y la suma de esfuerzos para revertir y prevenir la contaminaci\u00f3n en las playas y costas del Estado, \u201csabemos que ning\u00fan Estado puede solo, necesitamos una coordinaci\u00f3n nacional real, con metas claras, financiamiento suficiente, monitoreo p\u00fablico y corresponsabilidad ciudadana; es fundamental la participaci\u00f3n de todas y todos, gobierno, sociedad civil, sector privado y comunidades\u201d, concluy\u00f3 \u00d3scar R\u00e9bora.<\/p>\n\n\n\n<p><\/p>\n","protected":false},"excerpt":{"rendered":"<p>En el marco de la Semana del Medio Ambiente y del D\u00eda Mundial del Medio Ambiente, se llev\u00f3<\/p>\n","protected":false},"author":1,"featured_media":19112,"comment_status":"closed","ping_status":"open","sticky":false,"template":"","format":"standard","meta":{"_monsterinsights_skip_tracking":false,"_monsterinsights_sitenote_active":false,"_monsterinsights_sitenote_note":"","_monsterinsights_sitenote_category":0,"footnotes":""},"categories":[11,24],"tags":[],"class_list":["post-19108","post","type-post","status-publish","format-standard","has-post-thumbnail","hentry","category-noticias","category-quintana-roo"],"yoast_head":"<!-- This site is optimized with the Yoast SEO plugin v18.3 - https:\/\/yoast.com\/wordpress\/plugins\/seo\/ -->\n<title>Con la participaci\u00f3n de mil 500 voluntarios, se recolectaron 275 kilos de residuos en Puerto Morelos - El Puuc Noticias<\/title>\n<meta name=\"robots\" content=\"index, follow, max-snippet:-1, max-image-preview:large, max-video-preview:-1\" \/>\n<link rel=\"canonical\" href=\"https:\/\/elpuucnoticias.com\/?p=19108\" \/>\n<meta property=\"og:locale\" content=\"es_ES\" \/>\n<meta property=\"og:type\" content=\"article\" \/>\n<meta property=\"og:title\" content=\"Con la participaci\u00f3n de mil 500 voluntarios, se recolectaron 275 kilos de residuos en Puerto Morelos - El Puuc Noticias\" \/>\n<meta property=\"og:description\" content=\"En el marco de la Semana del Medio Ambiente y del D\u00eda Mundial del Medio Ambiente, se llev\u00f3\" \/>\n<meta property=\"og:url\" content=\"https:\/\/elpuucnoticias.com\/?p=19108\" \/>\n<meta property=\"og:site_name\" content=\"El Puuc Noticias\" \/>\n<meta property=\"article:published_time\" content=\"2025-06-10T18:02:33+00:00\" \/>\n<meta property=\"og:image\" content=\"https:\/\/elpuucnoticias.com\/wp-content\/uploads\/2025\/06\/whatsapp-image-2025-06-10-at-10.45.19-am.jpeg\" \/>\n\t<meta property=\"og:image:width\" content=\"1600\" \/>\n\t<meta property=\"og:image:height\" content=\"833\" \/>\n\t<meta property=\"og:image:type\" content=\"image\/jpeg\" \/>\n<meta name=\"twitter:card\" content=\"summary_large_image\" \/>\n<meta name=\"twitter:label1\" content=\"Escrito por\" \/>\n\t<meta name=\"twitter:data1\" content=\"elpuucnoticias\" \/>\n\t<meta name=\"twitter:label2\" content=\"Tiempo de lectura\" \/>\n\t<meta name=\"twitter:data2\" content=\"1 minuto\" \/>\n<script type=\"application\/ld+json\" class=\"yoast-schema-graph\">{\"@context\":\"https:\/\/schema.org\",\"@graph\":[{\"@type\":\"WebSite\",\"@id\":\"https:\/\/elpuucnoticias.com\/#website\",\"url\":\"https:\/\/elpuucnoticias.com\/\",\"name\":\"El Puuc Noticias\",\"description\":\"Noticias - Entretenimiento - Deportes\",\"potentialAction\":[{\"@type\":\"SearchAction\",\"target\":{\"@type\":\"EntryPoint\",\"urlTemplate\":\"https:\/\/elpuucnoticias.com\/?s={search_term_string}\"},\"query-input\":\"required name=search_term_string\"}],\"inLanguage\":\"es\"},{\"@type\":\"ImageObject\",\"@id\":\"https:\/\/elpuucnoticias.com\/?p=19108#primaryimage\",\"inLanguage\":\"es\",\"url\":\"https:\/\/elpuucnoticias.com\/wp-content\/uploads\/2025\/06\/whatsapp-image-2025-06-10-at-10.45.19-am.jpeg\",\"contentUrl\":\"https:\/\/elpuucnoticias.com\/wp-content\/uploads\/2025\/06\/whatsapp-image-2025-06-10-at-10.45.19-am.jpeg\",\"width\":1600,\"height\":833},{\"@type\":\"WebPage\",\"@id\":\"https:\/\/elpuucnoticias.com\/?p=19108#webpage\",\"url\":\"https:\/\/elpuucnoticias.com\/?p=19108\",\"name\":\"Con la participaci\u00f3n de mil 500 voluntarios, se recolectaron 275 kilos de residuos en Puerto Morelos - El Puuc Noticias\",\"isPartOf\":{\"@id\":\"https:\/\/elpuucnoticias.com\/#website\"},\"primaryImageOfPage\":{\"@id\":\"https:\/\/elpuucnoticias.com\/?p=19108#primaryimage\"},\"datePublished\":\"2025-06-10T18:02:33+00:00\",\"dateModified\":\"2025-06-10T18:02:33+00:00\",\"author\":{\"@id\":\"https:\/\/elpuucnoticias.com\/#\/schema\/person\/d2ea09e4c97f0160b11cdfb1d856bd9e\"},\"breadcrumb\":{\"@id\":\"https:\/\/elpuucnoticias.com\/?p=19108#breadcrumb\"},\"inLanguage\":\"es\",\"potentialAction\":[{\"@type\":\"ReadAction\",\"target\":[\"https:\/\/elpuucnoticias.com\/?p=19108\"]}]},{\"@type\":\"BreadcrumbList\",\"@id\":\"https:\/\/elpuucnoticias.com\/?p=19108#breadcrumb\",\"itemListElement\":[{\"@type\":\"ListItem\",\"position\":1,\"name\":\"Portada\",\"item\":\"https:\/\/elpuucnoticias.com\/\"},{\"@type\":\"ListItem\",\"position\":2,\"name\":\"Con la participaci\u00f3n de mil 500 voluntarios, se recolectaron 275 kilos de residuos en Puerto Morelos\"}]},{\"@type\":\"Person\",\"@id\":\"https:\/\/elpuucnoticias.com\/#\/schema\/person\/d2ea09e4c97f0160b11cdfb1d856bd9e\",\"name\":\"elpuucnoticias\",\"image\":{\"@type\":\"ImageObject\",\"@id\":\"https:\/\/elpuucnoticias.com\/#personlogo\",\"inLanguage\":\"es\",\"url\":\"https:\/\/secure.gravatar.com\/avatar\/5290a43657c74ffa15701dbe5b846bd85cc71930d803c84e91046a7333de6ce2?s=96&d=mm&r=g\",\"contentUrl\":\"https:\/\/secure.gravatar.com\/avatar\/5290a43657c74ffa15701dbe5b846bd85cc71930d803c84e91046a7333de6ce2?s=96&d=mm&r=g\",\"caption\":\"elpuucnoticias\"},\"sameAs\":[\"https:\/\/elpuucnoticias.com\"],\"url\":\"https:\/\/elpuucnoticias.com\/?author=1\"}]}<\/script>\n<!-- \/ Yoast SEO plugin. -->","yoast_head_json":{"title":"Con la participaci\u00f3n de mil 500 voluntarios, se recolectaron 275 kilos de residuos en Puerto Morelos - El Puuc Noticias","robots":{"index":"index","follow":"follow","max-snippet":"max-snippet:-1","max-image-preview":"max-image-preview:large","max-video-preview":"max-video-preview:-1"},"canonical":"https:\/\/elpuucnoticias.com\/?p=19108","og_locale":"es_ES","og_type":"article","og_title":"Con la participaci\u00f3n de mil 500 voluntarios, se recolectaron 275 kilos de residuos en Puerto Morelos - El Puuc Noticias","og_description":"En el marco de la Semana del Medio Ambiente y del D\u00eda Mundial del Medio Ambiente, se llev\u00f3","og_url":"https:\/\/elpuucnoticias.com\/?p=19108","og_site_name":"El Puuc Noticias","article_published_time":"2025-06-10T18:02:33+00:00","og_image":[{"width":1600,"height":833,"url":"https:\/\/elpuucnoticias.com\/wp-content\/uploads\/2025\/06\/whatsapp-image-2025-06-10-at-10.45.19-am.jpeg","type":"image\/jpeg"}],"twitter_card":"summary_large_image","twitter_misc":{"Escrito por":"elpuucnoticias","Tiempo de lectura":"1 minuto"},"schema":{"@context":"https:\/\/schema.org","@graph":[{"@type":"WebSite","@id":"https:\/\/elpuucnoticias.com\/#website","url":"https:\/\/elpuucnoticias.com\/","name":"El Puuc Noticias","description":"Noticias - Entretenimiento - Deportes","potentialAction":[{"@type":"SearchAction","target":{"@type":"EntryPoint","urlTemplate":"https:\/\/elpuucnoticias.com\/?s={search_term_string}"},"query-input":"required name=search_term_string"}],"inLanguage":"es"},{"@type":"ImageObject","@id":"https:\/\/elpuucnoticias.com\/?p=19108#primaryimage","inLanguage":"es","url":"https:\/\/elpuucnoticias.com\/wp-content\/uploads\/2025\/06\/whatsapp-image-2025-06-10-at-10.45.19-am.jpeg","contentUrl":"https:\/\/elpuucnoticias.com\/wp-content\/uploads\/2025\/06\/whatsapp-image-2025-06-10-at-10.45.19-am.jpeg","width":1600,"height":833},{"@type":"WebPage","@id":"https:\/\/elpuucnoticias.com\/?p=19108#webpage","url":"https:\/\/elpuucnoticias.com\/?p=19108","name":"Con la participaci\u00f3n de mil 500 voluntarios, se recolectaron 275 kilos de residuos en Puerto Morelos - El Puuc Noticias","isPartOf":{"@id":"https:\/\/elpuucnoticias.com\/#website"},"primaryImageOfPage":{"@id":"https:\/\/elpuucnoticias.com\/?p=19108#primaryimage"},"datePublished":"2025-06-10T18:02:33+00:00","dateModified":"2025-06-10T18:02:33+00:00","author":{"@id":"https:\/\/elpuucnoticias.com\/#\/schema\/person\/d2ea09e4c97f0160b11cdfb1d856bd9e"},"breadcrumb":{"@id":"https:\/\/elpuucnoticias.com\/?p=19108#breadcrumb"},"inLanguage":"es","potentialAction":[{"@type":"ReadAction","target":["https:\/\/elpuucnoticias.com\/?p=19108"]}]},{"@type":"BreadcrumbList","@id":"https:\/\/elpuucnoticias.com\/?p=19108#breadcrumb","itemListElement":[{"@type":"ListItem","position":1,"name":"Portada","item":"https:\/\/elpuucnoticias.com\/"},{"@type":"ListItem","position":2,"name":"Con la participaci\u00f3n de mil 500 voluntarios, se recolectaron 275 kilos de residuos en Puerto Morelos"}]},{"@type":"Person","@id":"https:\/\/elpuucnoticias.com\/#\/schema\/person\/d2ea09e4c97f0160b11cdfb1d856bd9e","name":"elpuucnoticias","image":{"@type":"ImageObject","@id":"https:\/\/elpuucnoticias.com\/#personlogo","inLanguage":"es","url":"https:\/\/secure.gravatar.com\/avatar\/5290a43657c74ffa15701dbe5b846bd85cc71930d803c84e91046a7333de6ce2?s=96&d=mm&r=g","contentUrl":"https:\/\/secure.gravatar.com\/avatar\/5290a43657c74ffa15701dbe5b846bd85cc71930d803c84e91046a7333de6ce2?s=96&d=mm&r=g","caption":"elpuucnoticias"},"sameAs":["https:\/\/elpuucnoticias.com"],"url":"https:\/\/elpuucnoticias.com\/?author=1"}]}},"_links":{"self":[{"href":"https:\/\/elpuucnoticias.com\/index.php?rest_route=\/wp\/v2\/posts\/19108","targetHints":{"allow":["GET"]}}],"collection":[{"href":"https:\/\/elpuucnoticias.com\/index.php?rest_route=\/wp\/v2\/posts"}],"about":[{"href":"https:\/\/elpuucnoticias.com\/index.php?rest_route=\/wp\/v2\/types\/post"}],"author":[{"embeddable":true,"href":"https:\/\/elpuucnoticias.com\/index.php?rest_route=\/wp\/v2\/users\/1"}],"replies":[{"embeddable":true,"href":"https:\/\/elpuucnoticias.com\/index.php?rest_route=%2Fwp%2Fv2%2Fcomments&post=19108"}],"version-history":[{"count":1,"href":"https:\/\/elpuucnoticias.com\/index.php?rest_route=\/wp\/v2\/posts\/19108\/revisions"}],"predecessor-version":[{"id":19113,"href":"https:\/\/elpuucnoticias.com\/index.php?rest_route=\/wp\/v2\/posts\/19108\/revisions\/19113"}],"wp:featuredmedia":[{"embeddable":true,"href":"https:\/\/elpuucnoticias.com\/index.php?rest_route=\/wp\/v2\/media\/19112"}],"wp:attachment":[{"href":"https:\/\/elpuucnoticias.com\/index.php?rest_route=%2Fwp%2Fv2%2Fmedia&parent=19108"}],"wp:term":[{"taxonomy":"category","embeddable":true,"href":"https:\/\/elpuucnoticias.com\/index.php?rest_route=%2Fwp%2Fv2%2Fcategories&post=19108"},{"taxonomy":"post_tag","embeddable":true,"href":"https:\/\/elpuucnoticias.com\/index.php?rest_route=%2Fwp%2Fv2%2Ftags&post=19108"}],"curies":[{"name":"wp","href":"https:\/\/api.w.org\/{rel}","templated":true}]}}