{"id":19132,"date":"2025-06-10T12:22:42","date_gmt":"2025-06-10T18:22:42","guid":{"rendered":"https:\/\/elpuucnoticias.com\/?p=19132"},"modified":"2025-06-10T12:22:43","modified_gmt":"2025-06-10T18:22:43","slug":"rinde-la-fpmc-homenaje-a-sus-hombres-y-mujeres-del-mar-con-la-exposicion-historias-de-marinos","status":"publish","type":"post","link":"https:\/\/elpuucnoticias.com\/?p=19132","title":{"rendered":"Rinde la FPMC homenaje a sus hombres y mujeres del mar con la exposici\u00f3n \u201cHistorias de Marinos\u201d"},"content":{"rendered":"\n<p>En el marco del D\u00eda de la Marina, la Fundaci\u00f3n de Parques y Museos de Cozumel (FPMC) inaugur\u00f3 en el Museo de la isla la exposici\u00f3n \u201cHistorias de Marinos de Cozumel\u201d, una muestra que rinde tributo a quienes han dedicado su vida a la navegaci\u00f3n, al resguardo de nuestras costas y al intercambio comercial que dio origen y vida al puerto de esta isla.<\/p>\n\n\n\n<p>A trav\u00e9s de fotograf\u00edas, objetos n\u00e1uticos, mapas, narraciones hist\u00f3ricas y r\u00e9plicas a escala de embarcaciones, la exposici\u00f3n revive la memoria colectiva de capitanes, pescadores, buzos, mec\u00e1nicos navales y guardianes del faro, figuras fundamentales en la identidad mar\u00edtima de Cozumel.<\/p>\n\n\n\n<p>Durante la ceremonia inaugural, la directora general de la FPMC, Juanita Alonso Marrufo, dio la bienvenida a las y los asistentes, y resalt\u00f3 la estrecha relaci\u00f3n de los cozumele\u00f1os con el mar, recordando c\u00f3mo generaciones anteriores se dedicaban al comercio de copra y chicle, as\u00ed como al turismo, el buceo y la pesca, actividades que siguen dando sustento y sentido a la vida isle\u00f1a. En el marco de esta celebraci\u00f3n, se entregaron reconocimientos a los capitanes Jos\u00e9 Guadalupe \u00c1lvarez Sandoval y a Alnilam \u00c1lvarez Estrada, as\u00ed como al cronista vitalicio de la Isla, Veudi Vivas Valdez, por su valiosa aportaci\u00f3n para el montaje de la exposici\u00f3n.<\/p>\n\n\n\n<figure class=\"wp-block-gallery has-nested-images columns-default is-cropped wp-block-gallery-1 is-layout-flex wp-block-gallery-is-layout-flex\">\n<figure class=\"wp-block-image size-large is-style-default\"><img loading=\"lazy\" decoding=\"async\" width=\"1024\" height=\"683\" data-id=\"19135\" src=\"https:\/\/elpuucnoticias.com\/wp-content\/uploads\/2025\/06\/whatsapp-image-2025-06-10-at-10.45.39-am-1-1024x683.jpeg\" alt=\"\" class=\"wp-image-19135\" srcset=\"https:\/\/elpuucnoticias.com\/wp-content\/uploads\/2025\/06\/whatsapp-image-2025-06-10-at-10.45.39-am-1-1024x683.jpeg 1024w, https:\/\/elpuucnoticias.com\/wp-content\/uploads\/2025\/06\/whatsapp-image-2025-06-10-at-10.45.39-am-1-300x200.jpeg 300w, https:\/\/elpuucnoticias.com\/wp-content\/uploads\/2025\/06\/whatsapp-image-2025-06-10-at-10.45.39-am-1-768x512.jpeg 768w, https:\/\/elpuucnoticias.com\/wp-content\/uploads\/2025\/06\/whatsapp-image-2025-06-10-at-10.45.39-am-1-1536x1024.jpeg 1536w, https:\/\/elpuucnoticias.com\/wp-content\/uploads\/2025\/06\/whatsapp-image-2025-06-10-at-10.45.39-am-1-600x400.jpeg 600w, https:\/\/elpuucnoticias.com\/wp-content\/uploads\/2025\/06\/whatsapp-image-2025-06-10-at-10.45.39-am-1-320x213.jpeg 320w, https:\/\/elpuucnoticias.com\/wp-content\/uploads\/2025\/06\/whatsapp-image-2025-06-10-at-10.45.39-am-1.jpeg 1600w\" sizes=\"auto, (max-width: 1024px) 100vw, 1024px\" \/><\/figure>\n\n\n\n<figure class=\"wp-block-image size-large is-style-default\"><img loading=\"lazy\" decoding=\"async\" width=\"1024\" height=\"682\" data-id=\"19133\" src=\"https:\/\/elpuucnoticias.com\/wp-content\/uploads\/2025\/06\/whatsapp-image-2025-06-10-at-10.45.39-am-1024x682.jpeg\" alt=\"\" class=\"wp-image-19133\" srcset=\"https:\/\/elpuucnoticias.com\/wp-content\/uploads\/2025\/06\/whatsapp-image-2025-06-10-at-10.45.39-am-1024x682.jpeg 1024w, https:\/\/elpuucnoticias.com\/wp-content\/uploads\/2025\/06\/whatsapp-image-2025-06-10-at-10.45.39-am-300x200.jpeg 300w, https:\/\/elpuucnoticias.com\/wp-content\/uploads\/2025\/06\/whatsapp-image-2025-06-10-at-10.45.39-am-768x511.jpeg 768w, https:\/\/elpuucnoticias.com\/wp-content\/uploads\/2025\/06\/whatsapp-image-2025-06-10-at-10.45.39-am-1536x1022.jpeg 1536w, https:\/\/elpuucnoticias.com\/wp-content\/uploads\/2025\/06\/whatsapp-image-2025-06-10-at-10.45.39-am-600x400.jpeg 600w, https:\/\/elpuucnoticias.com\/wp-content\/uploads\/2025\/06\/whatsapp-image-2025-06-10-at-10.45.39-am-320x213.jpeg 320w, https:\/\/elpuucnoticias.com\/wp-content\/uploads\/2025\/06\/whatsapp-image-2025-06-10-at-10.45.39-am.jpeg 1600w\" sizes=\"auto, (max-width: 1024px) 100vw, 1024px\" \/><\/figure>\n\n\n\n<figure class=\"wp-block-image size-large is-style-default\"><img loading=\"lazy\" decoding=\"async\" width=\"1024\" height=\"678\" data-id=\"19136\" src=\"https:\/\/elpuucnoticias.com\/wp-content\/uploads\/2025\/06\/whatsapp-image-2025-06-10-at-10.45.26-am-1-1024x678.jpeg\" alt=\"\" class=\"wp-image-19136\" srcset=\"https:\/\/elpuucnoticias.com\/wp-content\/uploads\/2025\/06\/whatsapp-image-2025-06-10-at-10.45.26-am-1-1024x678.jpeg 1024w, https:\/\/elpuucnoticias.com\/wp-content\/uploads\/2025\/06\/whatsapp-image-2025-06-10-at-10.45.26-am-1-300x200.jpeg 300w, https:\/\/elpuucnoticias.com\/wp-content\/uploads\/2025\/06\/whatsapp-image-2025-06-10-at-10.45.26-am-1-768x508.jpeg 768w, https:\/\/elpuucnoticias.com\/wp-content\/uploads\/2025\/06\/whatsapp-image-2025-06-10-at-10.45.26-am-1-1536x1017.jpeg 1536w, https:\/\/elpuucnoticias.com\/wp-content\/uploads\/2025\/06\/whatsapp-image-2025-06-10-at-10.45.26-am-1-320x212.jpeg 320w, https:\/\/elpuucnoticias.com\/wp-content\/uploads\/2025\/06\/whatsapp-image-2025-06-10-at-10.45.26-am-1.jpeg 1600w\" sizes=\"auto, (max-width: 1024px) 100vw, 1024px\" \/><\/figure>\n<\/figure>\n\n\n\n<p>Como parte del Nuevo Acuerdo por el Bienestar y Desarrollo de Quintana Roo, que impulsa la gobernadora Mara Lezama Espinosa, se reconoci\u00f3 el invaluable apoyo de la Secretar\u00eda de Marina &#8211; Armada de M\u00e9xico, instituci\u00f3n que ha demostrado una constante disposici\u00f3n para brindar ayuda humanitaria en la atenci\u00f3n y prevenci\u00f3n de contingencias provocadas por huracanes y otras inclemencias clim\u00e1ticas que han afectado a la regi\u00f3n.<\/p>\n\n\n\n<p>A la velada asistieron distinguidas autoridades civiles y militares como el Contralmirante Cuerpo General Piloto Aviador Diplomado Estado Mayor, Jos\u00e9 Alberto Rodr\u00edguez Cuevas, comandante de la D\u00e9cimoquinta Zona Naval en Cozumel; el Capit\u00e1n de Nav\u00edo Cuerpo General Diplomado Estado Mayor, V\u00edctor Manuel Lozano Jerezano, capit\u00e1n de Puerto de Cozumel; el General de Grupo Piloto Aviador Estado Mayor, Jes\u00fas Bautista Alatorre, comandante de la Base A\u00e9rea Militar No. 4; el General Brigadier Estado Mayor, Armando Toscano Y\u00e1\u00f1ez, comandante de la Guarnici\u00f3n Militar de Cozumel y el Capit\u00e1n de Nav\u00edo Cuerpo General Diplomado Estado Mayor, Pedro Mata Cervantes.<\/p>\n\n\n\n<p>Tambi\u00e9n estuvieron presentes Ana Campos L\u00f3pez y Franco Gonz\u00e1lez Alcerreca, consejeros de la FPMC; la Lic. Isela Carrillo Cupul, directora del Museo de la Isla y la Reina de la Marina 2025, \u00c1ngela Mariana Badillo Rodr\u00edguez, quien representa con orgullo a la juventud vinculada al mar.<\/p>\n\n\n\n<p>El evento cultural se enriqueci\u00f3 con la presentaci\u00f3n art\u00edstica del grupo \u201cBellezas Latinas\u201d, del Taller de Bailes Latinos de la maestra Guadalupe Pant\u00ed, as\u00ed como con la interpretaci\u00f3n musical del tr\u00edo \u201cRomance\u201d, bajo la direcci\u00f3n de la maestra Argelia Chac\u00f3n.<\/p>\n\n\n\n<p>Con esta exposici\u00f3n, Cozumel honra su pasado, reconoce a sus protagonistas del presente y fortalece su identidad como isla forjada por las olas, el viento y el trabajo incansable de sus marinos.<\/p>\n","protected":false},"excerpt":{"rendered":"<p>En el marco del D\u00eda de la Marina, la Fundaci\u00f3n de Parques y Museos de Cozumel (FPMC) inaugur\u00f3<\/p>\n","protected":false},"author":1,"featured_media":19134,"comment_status":"closed","ping_status":"open","sticky":false,"template":"","format":"standard","meta":{"_monsterinsights_skip_tracking":false,"_monsterinsights_sitenote_active":false,"_monsterinsights_sitenote_note":"","_monsterinsights_sitenote_category":0,"footnotes":""},"categories":[11,24],"tags":[],"class_list":["post-19132","post","type-post","status-publish","format-standard","has-post-thumbnail","hentry","category-noticias","category-quintana-roo"],"yoast_head":"<!-- This site is optimized with the Yoast SEO plugin v18.3 - https:\/\/yoast.com\/wordpress\/plugins\/seo\/ -->\n<title>Rinde la FPMC homenaje a sus hombres y mujeres del mar con la exposici\u00f3n \u201cHistorias de Marinos\u201d - El Puuc Noticias<\/title>\n<meta name=\"robots\" content=\"index, follow, max-snippet:-1, max-image-preview:large, max-video-preview:-1\" \/>\n<link rel=\"canonical\" href=\"https:\/\/elpuucnoticias.com\/?p=19132\" \/>\n<meta property=\"og:locale\" content=\"es_ES\" \/>\n<meta property=\"og:type\" content=\"article\" \/>\n<meta property=\"og:title\" content=\"Rinde la FPMC homenaje a sus hombres y mujeres del mar con la exposici\u00f3n \u201cHistorias de Marinos\u201d - El Puuc Noticias\" \/>\n<meta property=\"og:description\" content=\"En el marco del D\u00eda de la Marina, la Fundaci\u00f3n de Parques y Museos de Cozumel (FPMC) inaugur\u00f3\" \/>\n<meta property=\"og:url\" content=\"https:\/\/elpuucnoticias.com\/?p=19132\" \/>\n<meta property=\"og:site_name\" content=\"El Puuc Noticias\" \/>\n<meta property=\"article:published_time\" content=\"2025-06-10T18:22:42+00:00\" \/>\n<meta property=\"article:modified_time\" content=\"2025-06-10T18:22:43+00:00\" \/>\n<meta property=\"og:image\" content=\"https:\/\/elpuucnoticias.com\/wp-content\/uploads\/2025\/06\/whatsapp-image-2025-06-10-at-10.45.26-am.jpeg\" \/>\n\t<meta property=\"og:image:width\" content=\"1600\" \/>\n\t<meta property=\"og:image:height\" content=\"1066\" \/>\n\t<meta property=\"og:image:type\" content=\"image\/jpeg\" \/>\n<meta name=\"twitter:card\" content=\"summary_large_image\" \/>\n<meta name=\"twitter:label1\" content=\"Escrito por\" \/>\n\t<meta name=\"twitter:data1\" content=\"elpuucnoticias\" \/>\n\t<meta name=\"twitter:label2\" content=\"Tiempo de lectura\" \/>\n\t<meta name=\"twitter:data2\" content=\"3 minutos\" \/>\n<script type=\"application\/ld+json\" class=\"yoast-schema-graph\">{\"@context\":\"https:\/\/schema.org\",\"@graph\":[{\"@type\":\"WebSite\",\"@id\":\"https:\/\/elpuucnoticias.com\/#website\",\"url\":\"https:\/\/elpuucnoticias.com\/\",\"name\":\"El Puuc Noticias\",\"description\":\"Noticias - Entretenimiento - Deportes\",\"potentialAction\":[{\"@type\":\"SearchAction\",\"target\":{\"@type\":\"EntryPoint\",\"urlTemplate\":\"https:\/\/elpuucnoticias.com\/?s={search_term_string}\"},\"query-input\":\"required name=search_term_string\"}],\"inLanguage\":\"es\"},{\"@type\":\"ImageObject\",\"@id\":\"https:\/\/elpuucnoticias.com\/?p=19132#primaryimage\",\"inLanguage\":\"es\",\"url\":\"https:\/\/elpuucnoticias.com\/wp-content\/uploads\/2025\/06\/whatsapp-image-2025-06-10-at-10.45.26-am.jpeg\",\"contentUrl\":\"https:\/\/elpuucnoticias.com\/wp-content\/uploads\/2025\/06\/whatsapp-image-2025-06-10-at-10.45.26-am.jpeg\",\"width\":1600,\"height\":1066},{\"@type\":\"WebPage\",\"@id\":\"https:\/\/elpuucnoticias.com\/?p=19132#webpage\",\"url\":\"https:\/\/elpuucnoticias.com\/?p=19132\",\"name\":\"Rinde la FPMC homenaje a sus hombres y mujeres del mar con la exposici\u00f3n \u201cHistorias de Marinos\u201d - El Puuc Noticias\",\"isPartOf\":{\"@id\":\"https:\/\/elpuucnoticias.com\/#website\"},\"primaryImageOfPage\":{\"@id\":\"https:\/\/elpuucnoticias.com\/?p=19132#primaryimage\"},\"datePublished\":\"2025-06-10T18:22:42+00:00\",\"dateModified\":\"2025-06-10T18:22:43+00:00\",\"author\":{\"@id\":\"https:\/\/elpuucnoticias.com\/#\/schema\/person\/d2ea09e4c97f0160b11cdfb1d856bd9e\"},\"breadcrumb\":{\"@id\":\"https:\/\/elpuucnoticias.com\/?p=19132#breadcrumb\"},\"inLanguage\":\"es\",\"potentialAction\":[{\"@type\":\"ReadAction\",\"target\":[\"https:\/\/elpuucnoticias.com\/?p=19132\"]}]},{\"@type\":\"BreadcrumbList\",\"@id\":\"https:\/\/elpuucnoticias.com\/?p=19132#breadcrumb\",\"itemListElement\":[{\"@type\":\"ListItem\",\"position\":1,\"name\":\"Portada\",\"item\":\"https:\/\/elpuucnoticias.com\/\"},{\"@type\":\"ListItem\",\"position\":2,\"name\":\"Rinde la FPMC homenaje a sus hombres y mujeres del mar con la exposici\u00f3n \u201cHistorias de Marinos\u201d\"}]},{\"@type\":\"Person\",\"@id\":\"https:\/\/elpuucnoticias.com\/#\/schema\/person\/d2ea09e4c97f0160b11cdfb1d856bd9e\",\"name\":\"elpuucnoticias\",\"image\":{\"@type\":\"ImageObject\",\"@id\":\"https:\/\/elpuucnoticias.com\/#personlogo\",\"inLanguage\":\"es\",\"url\":\"https:\/\/secure.gravatar.com\/avatar\/5290a43657c74ffa15701dbe5b846bd85cc71930d803c84e91046a7333de6ce2?s=96&d=mm&r=g\",\"contentUrl\":\"https:\/\/secure.gravatar.com\/avatar\/5290a43657c74ffa15701dbe5b846bd85cc71930d803c84e91046a7333de6ce2?s=96&d=mm&r=g\",\"caption\":\"elpuucnoticias\"},\"sameAs\":[\"https:\/\/elpuucnoticias.com\"],\"url\":\"https:\/\/elpuucnoticias.com\/?author=1\"}]}<\/script>\n<!-- \/ Yoast SEO plugin. -->","yoast_head_json":{"title":"Rinde la FPMC homenaje a sus hombres y mujeres del mar con la exposici\u00f3n \u201cHistorias de Marinos\u201d - El Puuc Noticias","robots":{"index":"index","follow":"follow","max-snippet":"max-snippet:-1","max-image-preview":"max-image-preview:large","max-video-preview":"max-video-preview:-1"},"canonical":"https:\/\/elpuucnoticias.com\/?p=19132","og_locale":"es_ES","og_type":"article","og_title":"Rinde la FPMC homenaje a sus hombres y mujeres del mar con la exposici\u00f3n \u201cHistorias de Marinos\u201d - El Puuc Noticias","og_description":"En el marco del D\u00eda de la Marina, la Fundaci\u00f3n de Parques y Museos de Cozumel (FPMC) inaugur\u00f3","og_url":"https:\/\/elpuucnoticias.com\/?p=19132","og_site_name":"El Puuc Noticias","article_published_time":"2025-06-10T18:22:42+00:00","article_modified_time":"2025-06-10T18:22:43+00:00","og_image":[{"width":1600,"height":1066,"url":"https:\/\/elpuucnoticias.com\/wp-content\/uploads\/2025\/06\/whatsapp-image-2025-06-10-at-10.45.26-am.jpeg","type":"image\/jpeg"}],"twitter_card":"summary_large_image","twitter_misc":{"Escrito por":"elpuucnoticias","Tiempo de lectura":"3 minutos"},"schema":{"@context":"https:\/\/schema.org","@graph":[{"@type":"WebSite","@id":"https:\/\/elpuucnoticias.com\/#website","url":"https:\/\/elpuucnoticias.com\/","name":"El Puuc Noticias","description":"Noticias - Entretenimiento - Deportes","potentialAction":[{"@type":"SearchAction","target":{"@type":"EntryPoint","urlTemplate":"https:\/\/elpuucnoticias.com\/?s={search_term_string}"},"query-input":"required name=search_term_string"}],"inLanguage":"es"},{"@type":"ImageObject","@id":"https:\/\/elpuucnoticias.com\/?p=19132#primaryimage","inLanguage":"es","url":"https:\/\/elpuucnoticias.com\/wp-content\/uploads\/2025\/06\/whatsapp-image-2025-06-10-at-10.45.26-am.jpeg","contentUrl":"https:\/\/elpuucnoticias.com\/wp-content\/uploads\/2025\/06\/whatsapp-image-2025-06-10-at-10.45.26-am.jpeg","width":1600,"height":1066},{"@type":"WebPage","@id":"https:\/\/elpuucnoticias.com\/?p=19132#webpage","url":"https:\/\/elpuucnoticias.com\/?p=19132","name":"Rinde la FPMC homenaje a sus hombres y mujeres del mar con la exposici\u00f3n \u201cHistorias de Marinos\u201d - El Puuc Noticias","isPartOf":{"@id":"https:\/\/elpuucnoticias.com\/#website"},"primaryImageOfPage":{"@id":"https:\/\/elpuucnoticias.com\/?p=19132#primaryimage"},"datePublished":"2025-06-10T18:22:42+00:00","dateModified":"2025-06-10T18:22:43+00:00","author":{"@id":"https:\/\/elpuucnoticias.com\/#\/schema\/person\/d2ea09e4c97f0160b11cdfb1d856bd9e"},"breadcrumb":{"@id":"https:\/\/elpuucnoticias.com\/?p=19132#breadcrumb"},"inLanguage":"es","potentialAction":[{"@type":"ReadAction","target":["https:\/\/elpuucnoticias.com\/?p=19132"]}]},{"@type":"BreadcrumbList","@id":"https:\/\/elpuucnoticias.com\/?p=19132#breadcrumb","itemListElement":[{"@type":"ListItem","position":1,"name":"Portada","item":"https:\/\/elpuucnoticias.com\/"},{"@type":"ListItem","position":2,"name":"Rinde la FPMC homenaje a sus hombres y mujeres del mar con la exposici\u00f3n \u201cHistorias de Marinos\u201d"}]},{"@type":"Person","@id":"https:\/\/elpuucnoticias.com\/#\/schema\/person\/d2ea09e4c97f0160b11cdfb1d856bd9e","name":"elpuucnoticias","image":{"@type":"ImageObject","@id":"https:\/\/elpuucnoticias.com\/#personlogo","inLanguage":"es","url":"https:\/\/secure.gravatar.com\/avatar\/5290a43657c74ffa15701dbe5b846bd85cc71930d803c84e91046a7333de6ce2?s=96&d=mm&r=g","contentUrl":"https:\/\/secure.gravatar.com\/avatar\/5290a43657c74ffa15701dbe5b846bd85cc71930d803c84e91046a7333de6ce2?s=96&d=mm&r=g","caption":"elpuucnoticias"},"sameAs":["https:\/\/elpuucnoticias.com"],"url":"https:\/\/elpuucnoticias.com\/?author=1"}]}},"_links":{"self":[{"href":"https:\/\/elpuucnoticias.com\/index.php?rest_route=\/wp\/v2\/posts\/19132","targetHints":{"allow":["GET"]}}],"collection":[{"href":"https:\/\/elpuucnoticias.com\/index.php?rest_route=\/wp\/v2\/posts"}],"about":[{"href":"https:\/\/elpuucnoticias.com\/index.php?rest_route=\/wp\/v2\/types\/post"}],"author":[{"embeddable":true,"href":"https:\/\/elpuucnoticias.com\/index.php?rest_route=\/wp\/v2\/users\/1"}],"replies":[{"embeddable":true,"href":"https:\/\/elpuucnoticias.com\/index.php?rest_route=%2Fwp%2Fv2%2Fcomments&post=19132"}],"version-history":[{"count":1,"href":"https:\/\/elpuucnoticias.com\/index.php?rest_route=\/wp\/v2\/posts\/19132\/revisions"}],"predecessor-version":[{"id":19137,"href":"https:\/\/elpuucnoticias.com\/index.php?rest_route=\/wp\/v2\/posts\/19132\/revisions\/19137"}],"wp:featuredmedia":[{"embeddable":true,"href":"https:\/\/elpuucnoticias.com\/index.php?rest_route=\/wp\/v2\/media\/19134"}],"wp:attachment":[{"href":"https:\/\/elpuucnoticias.com\/index.php?rest_route=%2Fwp%2Fv2%2Fmedia&parent=19132"}],"wp:term":[{"taxonomy":"category","embeddable":true,"href":"https:\/\/elpuucnoticias.com\/index.php?rest_route=%2Fwp%2Fv2%2Fcategories&post=19132"},{"taxonomy":"post_tag","embeddable":true,"href":"https:\/\/elpuucnoticias.com\/index.php?rest_route=%2Fwp%2Fv2%2Ftags&post=19132"}],"curies":[{"name":"wp","href":"https:\/\/api.w.org\/{rel}","templated":true}]}}