{"id":19209,"date":"2025-06-11T12:16:26","date_gmt":"2025-06-11T18:16:26","guid":{"rendered":"https:\/\/elpuucnoticias.com\/?p=19209"},"modified":"2025-06-11T12:16:26","modified_gmt":"2025-06-11T18:16:26","slug":"vinculan-a-proceso-a-dos-sujetos-acusados-de-robo-ocurrido-en-la-colonia-san-francisco-de-tekax","status":"publish","type":"post","link":"https:\/\/elpuucnoticias.com\/?p=19209","title":{"rendered":"Vinculan a proceso a dos sujetos acusados de robo ocurrido en la colonia San Francisco de Tekax"},"content":{"rendered":"\n<p>Acusados de apoderarse de equipo de c\u00f3mputo y una escalera, O.M.M.Ch. y L.E.M.Ch. fueron imputados por la Fiscal\u00eda General del Estado (FGE) por el delito de robo calificado, denunciado tras los hechos ocurridos el fin de semana pasado en un predio de la colonia San Francisco de Tekax.<\/p>\n\n\n\n<p>Al comenzar la audiencia ante el Juez de Control del Tercer Distrito Judicial, los fiscales de litigaci\u00f3n formularon los cargos y argumentaron la vinculaci\u00f3n a proceso de los acusados, pero estos se acogieron a la duplicidad del t\u00e9rmino constitucional para definir su situaci\u00f3n jur\u00eddica, por lo que se cit\u00f3 a las partes para resolver el pr\u00f3ximo 13 de junio.<\/p>\n\n\n\n<p>Los hechos, reunidos en la causa penal 76\/2025, ocurrieron el pasado siete de junio, cuando los acusados fueron sorprendidos en el interior del predio donde funciona la C\u00e1mara Nacional de Comercio, Delegaci\u00f3n Tekax, por lo que se dieron a la fuga, pero fueron detenidos momentos despu\u00e9s tras ser se\u00f1alados por el testigo que los sorprendi\u00f3 en el interior del sitio.<\/p>\n\n\n\n<p>Finalmente, antes de finalizar la audiencia inicial, los fiscales de litigaci\u00f3n solicitaron la prisi\u00f3n preventiva justificada como medida cautelar, la cual fue concedida por el Juez de Control del Tercer Distrito, por lo que ambos imputados permanecer\u00e1n privados de su libertad hasta esclarecer su participaci\u00f3n en los hechos denunciados.<\/p>\n","protected":false},"excerpt":{"rendered":"<p>Acusados de apoderarse de equipo de c\u00f3mputo y una escalera, O.M.M.Ch. y L.E.M.Ch. fueron imputados por la Fiscal\u00eda<\/p>\n","protected":false},"author":1,"featured_media":14626,"comment_status":"closed","ping_status":"open","sticky":false,"template":"","format":"standard","meta":{"_monsterinsights_skip_tracking":false,"_monsterinsights_sitenote_active":false,"_monsterinsights_sitenote_note":"","_monsterinsights_sitenote_category":0,"footnotes":""},"categories":[11,3,4],"tags":[],"class_list":["post-19209","post","type-post","status-publish","format-standard","has-post-thumbnail","hentry","category-noticias","category-policiacas","category-tekax"],"yoast_head":"<!-- This site is optimized with the Yoast SEO plugin v18.3 - https:\/\/yoast.com\/wordpress\/plugins\/seo\/ -->\n<title>Vinculan a proceso a dos sujetos acusados de robo ocurrido en la colonia San Francisco de Tekax - El Puuc Noticias<\/title>\n<meta name=\"robots\" content=\"index, follow, max-snippet:-1, max-image-preview:large, max-video-preview:-1\" \/>\n<link rel=\"canonical\" href=\"https:\/\/elpuucnoticias.com\/?p=19209\" \/>\n<meta property=\"og:locale\" content=\"es_ES\" \/>\n<meta property=\"og:type\" content=\"article\" \/>\n<meta property=\"og:title\" content=\"Vinculan a proceso a dos sujetos acusados de robo ocurrido en la colonia San Francisco de Tekax - El Puuc Noticias\" \/>\n<meta property=\"og:description\" content=\"Acusados de apoderarse de equipo de c\u00f3mputo y una escalera, O.M.M.Ch. y L.E.M.Ch. fueron imputados por la Fiscal\u00eda\" \/>\n<meta property=\"og:url\" content=\"https:\/\/elpuucnoticias.com\/?p=19209\" \/>\n<meta property=\"og:site_name\" content=\"El Puuc Noticias\" \/>\n<meta property=\"article:published_time\" content=\"2025-06-11T18:16:26+00:00\" \/>\n<meta name=\"twitter:card\" content=\"summary_large_image\" \/>\n<meta name=\"twitter:label1\" content=\"Escrito por\" \/>\n\t<meta name=\"twitter:data1\" content=\"elpuucnoticias\" \/>\n\t<meta name=\"twitter:label2\" content=\"Tiempo de lectura\" \/>\n\t<meta name=\"twitter:data2\" content=\"1 minuto\" \/>\n<script type=\"application\/ld+json\" class=\"yoast-schema-graph\">{\"@context\":\"https:\/\/schema.org\",\"@graph\":[{\"@type\":\"WebSite\",\"@id\":\"https:\/\/elpuucnoticias.com\/#website\",\"url\":\"https:\/\/elpuucnoticias.com\/\",\"name\":\"El Puuc Noticias\",\"description\":\"Noticias - Entretenimiento - Deportes\",\"potentialAction\":[{\"@type\":\"SearchAction\",\"target\":{\"@type\":\"EntryPoint\",\"urlTemplate\":\"https:\/\/elpuucnoticias.com\/?s={search_term_string}\"},\"query-input\":\"required name=search_term_string\"}],\"inLanguage\":\"es\"},{\"@type\":\"ImageObject\",\"@id\":\"https:\/\/elpuucnoticias.com\/?p=19209#primaryimage\",\"inLanguage\":\"es\",\"url\":\"https:\/\/elpuucnoticias.com\/wp-content\/uploads\/2024\/07\/policiacas-puuc-1.jpg\",\"contentUrl\":\"https:\/\/elpuucnoticias.com\/wp-content\/uploads\/2024\/07\/policiacas-puuc-1.jpg\",\"width\":1600,\"height\":983},{\"@type\":\"WebPage\",\"@id\":\"https:\/\/elpuucnoticias.com\/?p=19209#webpage\",\"url\":\"https:\/\/elpuucnoticias.com\/?p=19209\",\"name\":\"Vinculan a proceso a dos sujetos acusados de robo ocurrido en la colonia San Francisco de Tekax - El Puuc Noticias\",\"isPartOf\":{\"@id\":\"https:\/\/elpuucnoticias.com\/#website\"},\"primaryImageOfPage\":{\"@id\":\"https:\/\/elpuucnoticias.com\/?p=19209#primaryimage\"},\"datePublished\":\"2025-06-11T18:16:26+00:00\",\"dateModified\":\"2025-06-11T18:16:26+00:00\",\"author\":{\"@id\":\"https:\/\/elpuucnoticias.com\/#\/schema\/person\/d2ea09e4c97f0160b11cdfb1d856bd9e\"},\"breadcrumb\":{\"@id\":\"https:\/\/elpuucnoticias.com\/?p=19209#breadcrumb\"},\"inLanguage\":\"es\",\"potentialAction\":[{\"@type\":\"ReadAction\",\"target\":[\"https:\/\/elpuucnoticias.com\/?p=19209\"]}]},{\"@type\":\"BreadcrumbList\",\"@id\":\"https:\/\/elpuucnoticias.com\/?p=19209#breadcrumb\",\"itemListElement\":[{\"@type\":\"ListItem\",\"position\":1,\"name\":\"Portada\",\"item\":\"https:\/\/elpuucnoticias.com\/\"},{\"@type\":\"ListItem\",\"position\":2,\"name\":\"Vinculan a proceso a dos sujetos acusados de robo ocurrido en la colonia San Francisco de Tekax\"}]},{\"@type\":\"Person\",\"@id\":\"https:\/\/elpuucnoticias.com\/#\/schema\/person\/d2ea09e4c97f0160b11cdfb1d856bd9e\",\"name\":\"elpuucnoticias\",\"image\":{\"@type\":\"ImageObject\",\"@id\":\"https:\/\/elpuucnoticias.com\/#personlogo\",\"inLanguage\":\"es\",\"url\":\"https:\/\/secure.gravatar.com\/avatar\/5290a43657c74ffa15701dbe5b846bd85cc71930d803c84e91046a7333de6ce2?s=96&d=mm&r=g\",\"contentUrl\":\"https:\/\/secure.gravatar.com\/avatar\/5290a43657c74ffa15701dbe5b846bd85cc71930d803c84e91046a7333de6ce2?s=96&d=mm&r=g\",\"caption\":\"elpuucnoticias\"},\"sameAs\":[\"https:\/\/elpuucnoticias.com\"],\"url\":\"https:\/\/elpuucnoticias.com\/?author=1\"}]}<\/script>\n<!-- \/ Yoast SEO plugin. -->","yoast_head_json":{"title":"Vinculan a proceso a dos sujetos acusados de robo ocurrido en la colonia San Francisco de Tekax - El Puuc Noticias","robots":{"index":"index","follow":"follow","max-snippet":"max-snippet:-1","max-image-preview":"max-image-preview:large","max-video-preview":"max-video-preview:-1"},"canonical":"https:\/\/elpuucnoticias.com\/?p=19209","og_locale":"es_ES","og_type":"article","og_title":"Vinculan a proceso a dos sujetos acusados de robo ocurrido en la colonia San Francisco de Tekax - El Puuc Noticias","og_description":"Acusados de apoderarse de equipo de c\u00f3mputo y una escalera, O.M.M.Ch. y L.E.M.Ch. fueron imputados por la Fiscal\u00eda","og_url":"https:\/\/elpuucnoticias.com\/?p=19209","og_site_name":"El Puuc Noticias","article_published_time":"2025-06-11T18:16:26+00:00","twitter_card":"summary_large_image","twitter_misc":{"Escrito por":"elpuucnoticias","Tiempo de lectura":"1 minuto"},"schema":{"@context":"https:\/\/schema.org","@graph":[{"@type":"WebSite","@id":"https:\/\/elpuucnoticias.com\/#website","url":"https:\/\/elpuucnoticias.com\/","name":"El Puuc Noticias","description":"Noticias - Entretenimiento - Deportes","potentialAction":[{"@type":"SearchAction","target":{"@type":"EntryPoint","urlTemplate":"https:\/\/elpuucnoticias.com\/?s={search_term_string}"},"query-input":"required name=search_term_string"}],"inLanguage":"es"},{"@type":"ImageObject","@id":"https:\/\/elpuucnoticias.com\/?p=19209#primaryimage","inLanguage":"es","url":"https:\/\/elpuucnoticias.com\/wp-content\/uploads\/2024\/07\/policiacas-puuc-1.jpg","contentUrl":"https:\/\/elpuucnoticias.com\/wp-content\/uploads\/2024\/07\/policiacas-puuc-1.jpg","width":1600,"height":983},{"@type":"WebPage","@id":"https:\/\/elpuucnoticias.com\/?p=19209#webpage","url":"https:\/\/elpuucnoticias.com\/?p=19209","name":"Vinculan a proceso a dos sujetos acusados de robo ocurrido en la colonia San Francisco de Tekax - El Puuc Noticias","isPartOf":{"@id":"https:\/\/elpuucnoticias.com\/#website"},"primaryImageOfPage":{"@id":"https:\/\/elpuucnoticias.com\/?p=19209#primaryimage"},"datePublished":"2025-06-11T18:16:26+00:00","dateModified":"2025-06-11T18:16:26+00:00","author":{"@id":"https:\/\/elpuucnoticias.com\/#\/schema\/person\/d2ea09e4c97f0160b11cdfb1d856bd9e"},"breadcrumb":{"@id":"https:\/\/elpuucnoticias.com\/?p=19209#breadcrumb"},"inLanguage":"es","potentialAction":[{"@type":"ReadAction","target":["https:\/\/elpuucnoticias.com\/?p=19209"]}]},{"@type":"BreadcrumbList","@id":"https:\/\/elpuucnoticias.com\/?p=19209#breadcrumb","itemListElement":[{"@type":"ListItem","position":1,"name":"Portada","item":"https:\/\/elpuucnoticias.com\/"},{"@type":"ListItem","position":2,"name":"Vinculan a proceso a dos sujetos acusados de robo ocurrido en la colonia San Francisco de Tekax"}]},{"@type":"Person","@id":"https:\/\/elpuucnoticias.com\/#\/schema\/person\/d2ea09e4c97f0160b11cdfb1d856bd9e","name":"elpuucnoticias","image":{"@type":"ImageObject","@id":"https:\/\/elpuucnoticias.com\/#personlogo","inLanguage":"es","url":"https:\/\/secure.gravatar.com\/avatar\/5290a43657c74ffa15701dbe5b846bd85cc71930d803c84e91046a7333de6ce2?s=96&d=mm&r=g","contentUrl":"https:\/\/secure.gravatar.com\/avatar\/5290a43657c74ffa15701dbe5b846bd85cc71930d803c84e91046a7333de6ce2?s=96&d=mm&r=g","caption":"elpuucnoticias"},"sameAs":["https:\/\/elpuucnoticias.com"],"url":"https:\/\/elpuucnoticias.com\/?author=1"}]}},"_links":{"self":[{"href":"https:\/\/elpuucnoticias.com\/index.php?rest_route=\/wp\/v2\/posts\/19209","targetHints":{"allow":["GET"]}}],"collection":[{"href":"https:\/\/elpuucnoticias.com\/index.php?rest_route=\/wp\/v2\/posts"}],"about":[{"href":"https:\/\/elpuucnoticias.com\/index.php?rest_route=\/wp\/v2\/types\/post"}],"author":[{"embeddable":true,"href":"https:\/\/elpuucnoticias.com\/index.php?rest_route=\/wp\/v2\/users\/1"}],"replies":[{"embeddable":true,"href":"https:\/\/elpuucnoticias.com\/index.php?rest_route=%2Fwp%2Fv2%2Fcomments&post=19209"}],"version-history":[{"count":1,"href":"https:\/\/elpuucnoticias.com\/index.php?rest_route=\/wp\/v2\/posts\/19209\/revisions"}],"predecessor-version":[{"id":19210,"href":"https:\/\/elpuucnoticias.com\/index.php?rest_route=\/wp\/v2\/posts\/19209\/revisions\/19210"}],"wp:featuredmedia":[{"embeddable":true,"href":"https:\/\/elpuucnoticias.com\/index.php?rest_route=\/wp\/v2\/media\/14626"}],"wp:attachment":[{"href":"https:\/\/elpuucnoticias.com\/index.php?rest_route=%2Fwp%2Fv2%2Fmedia&parent=19209"}],"wp:term":[{"taxonomy":"category","embeddable":true,"href":"https:\/\/elpuucnoticias.com\/index.php?rest_route=%2Fwp%2Fv2%2Fcategories&post=19209"},{"taxonomy":"post_tag","embeddable":true,"href":"https:\/\/elpuucnoticias.com\/index.php?rest_route=%2Fwp%2Fv2%2Ftags&post=19209"}],"curies":[{"name":"wp","href":"https:\/\/api.w.org\/{rel}","templated":true}]}}