{"id":19233,"date":"2025-06-11T12:49:49","date_gmt":"2025-06-11T18:49:49","guid":{"rendered":"https:\/\/elpuucnoticias.com\/?p=19233"},"modified":"2025-06-11T12:49:52","modified_gmt":"2025-06-11T18:49:52","slug":"debuta-quintana-roo-en-luchas-asociadas-durante-la-olimpiada-nacional-conade-2025-sumando-dos-preseas","status":"publish","type":"post","link":"https:\/\/elpuucnoticias.com\/?p=19233","title":{"rendered":"Debuta Quintana Roo en Luchas Asociadas durante la Olimpiada Nacional CONADE 2025 sumando dos preseas"},"content":{"rendered":"\n<p>La Selecci\u00f3n de Quintana Roo en la disciplina de Luchas Asociadas tuvo un debut muy productivo en la Olimpiada Nacional CONADE 2025 en Tlaxcala, donde concret\u00f3 dos preseas, una de plata y una de bronce, y con ello aport\u00f3 para que la entidad llegue a las primeras 110 preseas en el medallero general de la justa nacional.<\/p>\n\n\n\n<figure class=\"wp-block-gallery has-nested-images columns-default is-cropped wp-block-gallery-1 is-layout-flex wp-block-gallery-is-layout-flex\">\n<figure class=\"wp-block-image size-large is-style-default\"><img loading=\"lazy\" decoding=\"async\" width=\"1024\" height=\"741\" data-id=\"19240\" src=\"https:\/\/elpuucnoticias.com\/wp-content\/uploads\/2025\/06\/whatsapp-image-2025-06-11-at-12.34.28-pm-1-1024x741.jpeg\" alt=\"\" class=\"wp-image-19240\" srcset=\"https:\/\/elpuucnoticias.com\/wp-content\/uploads\/2025\/06\/whatsapp-image-2025-06-11-at-12.34.28-pm-1-1024x741.jpeg 1024w, https:\/\/elpuucnoticias.com\/wp-content\/uploads\/2025\/06\/whatsapp-image-2025-06-11-at-12.34.28-pm-1-300x217.jpeg 300w, https:\/\/elpuucnoticias.com\/wp-content\/uploads\/2025\/06\/whatsapp-image-2025-06-11-at-12.34.28-pm-1-768x556.jpeg 768w, https:\/\/elpuucnoticias.com\/wp-content\/uploads\/2025\/06\/whatsapp-image-2025-06-11-at-12.34.28-pm-1-1536x1112.jpeg 1536w, https:\/\/elpuucnoticias.com\/wp-content\/uploads\/2025\/06\/whatsapp-image-2025-06-11-at-12.34.28-pm-1-2048x1483.jpeg 2048w, https:\/\/elpuucnoticias.com\/wp-content\/uploads\/2025\/06\/whatsapp-image-2025-06-11-at-12.34.28-pm-1-320x232.jpeg 320w\" sizes=\"auto, (max-width: 1024px) 100vw, 1024px\" \/><\/figure>\n\n\n\n<figure class=\"wp-block-image size-large is-style-default\"><img loading=\"lazy\" decoding=\"async\" width=\"682\" height=\"1024\" data-id=\"19239\" src=\"https:\/\/elpuucnoticias.com\/wp-content\/uploads\/2025\/06\/whatsapp-image-2025-06-11-at-12.34.28-pm-2-1-682x1024.jpeg\" alt=\"\" class=\"wp-image-19239\" srcset=\"https:\/\/elpuucnoticias.com\/wp-content\/uploads\/2025\/06\/whatsapp-image-2025-06-11-at-12.34.28-pm-2-1-682x1024.jpeg 682w, https:\/\/elpuucnoticias.com\/wp-content\/uploads\/2025\/06\/whatsapp-image-2025-06-11-at-12.34.28-pm-2-1-200x300.jpeg 200w, https:\/\/elpuucnoticias.com\/wp-content\/uploads\/2025\/06\/whatsapp-image-2025-06-11-at-12.34.28-pm-2-1-768x1153.jpeg 768w, https:\/\/elpuucnoticias.com\/wp-content\/uploads\/2025\/06\/whatsapp-image-2025-06-11-at-12.34.28-pm-2-1-1023x1536.jpeg 1023w, https:\/\/elpuucnoticias.com\/wp-content\/uploads\/2025\/06\/whatsapp-image-2025-06-11-at-12.34.28-pm-2-1-213x320.jpeg 213w, https:\/\/elpuucnoticias.com\/wp-content\/uploads\/2025\/06\/whatsapp-image-2025-06-11-at-12.34.28-pm-2-1.jpeg 1066w\" sizes=\"auto, (max-width: 682px) 100vw, 682px\" \/><\/figure>\n<\/figure>\n\n\n\n<p>Las y los atletas de la entidad son la prioridad, y por eso desde la Comisi\u00f3n del Deporte de Quintana Roo (CODEQ), presidida por Jacobo Arzate Hop, se trabaja #ANivelDeCancha para dotarlos de las herramientas necesarias para su crecimiento deportivo. As\u00ed lo estipula el Nuevo Acuerdo por el Bienestar y Desarrollo, que impulsa la gobernadora Mara Lezama Espinosa.<\/p>\n\n\n\n<p>En esta actividad, que se realiza en el Centro de Convenciones de Tlaxcala, iniciaron las competencias de la categor\u00eda grecorromana.<\/p>\n\n\n\n<p>Los representantes de Quintana Roo salieron al tatami con gran determinaci\u00f3n y llevaron a los gladiadores a obtener valiosas medallas de plata y bronce, sumando m\u00e1s metales al medallero del estado.<\/p>\n\n\n\n<figure class=\"wp-block-gallery has-nested-images columns-default is-cropped wp-block-gallery-2 is-layout-flex wp-block-gallery-is-layout-flex\">\n<figure class=\"wp-block-image size-large is-style-default\"><img loading=\"lazy\" decoding=\"async\" width=\"1024\" height=\"682\" data-id=\"19234\" src=\"https:\/\/elpuucnoticias.com\/wp-content\/uploads\/2025\/06\/whatsapp-image-2025-06-11-at-12.34.28-pm-3-1024x682.jpeg\" alt=\"\" class=\"wp-image-19234\" srcset=\"https:\/\/elpuucnoticias.com\/wp-content\/uploads\/2025\/06\/whatsapp-image-2025-06-11-at-12.34.28-pm-3-1024x682.jpeg 1024w, https:\/\/elpuucnoticias.com\/wp-content\/uploads\/2025\/06\/whatsapp-image-2025-06-11-at-12.34.28-pm-3-300x200.jpeg 300w, https:\/\/elpuucnoticias.com\/wp-content\/uploads\/2025\/06\/whatsapp-image-2025-06-11-at-12.34.28-pm-3-768x512.jpeg 768w, https:\/\/elpuucnoticias.com\/wp-content\/uploads\/2025\/06\/whatsapp-image-2025-06-11-at-12.34.28-pm-3-1536x1023.jpeg 1536w, https:\/\/elpuucnoticias.com\/wp-content\/uploads\/2025\/06\/whatsapp-image-2025-06-11-at-12.34.28-pm-3-600x400.jpeg 600w, https:\/\/elpuucnoticias.com\/wp-content\/uploads\/2025\/06\/whatsapp-image-2025-06-11-at-12.34.28-pm-3-320x213.jpeg 320w, https:\/\/elpuucnoticias.com\/wp-content\/uploads\/2025\/06\/whatsapp-image-2025-06-11-at-12.34.28-pm-3.jpeg 1600w\" sizes=\"auto, (max-width: 1024px) 100vw, 1024px\" \/><\/figure>\n\n\n\n<figure class=\"wp-block-image size-large is-style-default\"><img loading=\"lazy\" decoding=\"async\" width=\"1024\" height=\"849\" data-id=\"19235\" src=\"https:\/\/elpuucnoticias.com\/wp-content\/uploads\/2025\/06\/whatsapp-image-2025-06-11-at-12.34.29-pm-1024x849.jpeg\" alt=\"\" class=\"wp-image-19235\" srcset=\"https:\/\/elpuucnoticias.com\/wp-content\/uploads\/2025\/06\/whatsapp-image-2025-06-11-at-12.34.29-pm-1024x849.jpeg 1024w, https:\/\/elpuucnoticias.com\/wp-content\/uploads\/2025\/06\/whatsapp-image-2025-06-11-at-12.34.29-pm-300x249.jpeg 300w, https:\/\/elpuucnoticias.com\/wp-content\/uploads\/2025\/06\/whatsapp-image-2025-06-11-at-12.34.29-pm-768x637.jpeg 768w, https:\/\/elpuucnoticias.com\/wp-content\/uploads\/2025\/06\/whatsapp-image-2025-06-11-at-12.34.29-pm-1536x1274.jpeg 1536w, https:\/\/elpuucnoticias.com\/wp-content\/uploads\/2025\/06\/whatsapp-image-2025-06-11-at-12.34.29-pm-320x265.jpeg 320w, https:\/\/elpuucnoticias.com\/wp-content\/uploads\/2025\/06\/whatsapp-image-2025-06-11-at-12.34.29-pm.jpeg 1600w\" sizes=\"auto, (max-width: 1024px) 100vw, 1024px\" \/><\/figure>\n<\/figure>\n\n\n\n<p>El primero en subir al podio fue Dami\u00e1n Adri\u00e1n Granados Oliva, quien protagoniz\u00f3 una destacada actuaci\u00f3n en la categor\u00eda Infantil 52 kilogramos. Con tres victorias consecutivas, lleg\u00f3 a la gran final, donde dej\u00f3 todo en el tatami para colgarse la medalla de plata.<\/p>\n\n\n\n<p>Por su parte, Leandro Emanuel Arg\u00fcelles Morales obtuvo la medalla de bronce en la categor\u00eda Juvenil 82 kilogramos. Su excelente desempe\u00f1o se vio limitado por una lesi\u00f3n que le impidi\u00f3 continuar en la competencia, pero su esfuerzo le bast\u00f3 para asegurar un lugar entre los mejores.<\/p>\n","protected":false},"excerpt":{"rendered":"<p>La Selecci\u00f3n de Quintana Roo en la disciplina de Luchas Asociadas tuvo un debut muy productivo en la<\/p>\n","protected":false},"author":1,"featured_media":19238,"comment_status":"closed","ping_status":"open","sticky":false,"template":"","format":"standard","meta":{"_monsterinsights_skip_tracking":false,"_monsterinsights_sitenote_active":false,"_monsterinsights_sitenote_note":"","_monsterinsights_sitenote_category":0,"footnotes":""},"categories":[11,24],"tags":[],"class_list":["post-19233","post","type-post","status-publish","format-standard","has-post-thumbnail","hentry","category-noticias","category-quintana-roo"],"yoast_head":"<!-- This site is optimized with the Yoast SEO plugin v18.3 - https:\/\/yoast.com\/wordpress\/plugins\/seo\/ -->\n<title>Debuta Quintana Roo en Luchas Asociadas durante la Olimpiada Nacional CONADE 2025 sumando dos preseas - El Puuc Noticias<\/title>\n<meta name=\"robots\" content=\"index, follow, max-snippet:-1, max-image-preview:large, max-video-preview:-1\" \/>\n<link rel=\"canonical\" href=\"https:\/\/elpuucnoticias.com\/?p=19233\" \/>\n<meta property=\"og:locale\" content=\"es_ES\" \/>\n<meta property=\"og:type\" content=\"article\" \/>\n<meta property=\"og:title\" content=\"Debuta Quintana Roo en Luchas Asociadas durante la Olimpiada Nacional CONADE 2025 sumando dos preseas - El Puuc Noticias\" \/>\n<meta property=\"og:description\" content=\"La Selecci\u00f3n de Quintana Roo en la disciplina de Luchas Asociadas tuvo un debut muy productivo en la\" \/>\n<meta property=\"og:url\" content=\"https:\/\/elpuucnoticias.com\/?p=19233\" \/>\n<meta property=\"og:site_name\" content=\"El Puuc Noticias\" \/>\n<meta property=\"article:published_time\" content=\"2025-06-11T18:49:49+00:00\" \/>\n<meta property=\"article:modified_time\" content=\"2025-06-11T18:49:52+00:00\" \/>\n<meta property=\"og:image\" content=\"https:\/\/elpuucnoticias.com\/wp-content\/uploads\/2025\/06\/whatsapp-image-2025-06-11-at-12.34.28-pm-4.jpeg\" \/>\n\t<meta property=\"og:image:width\" content=\"1600\" \/>\n\t<meta property=\"og:image:height\" content=\"1066\" \/>\n\t<meta property=\"og:image:type\" content=\"image\/jpeg\" \/>\n<meta name=\"twitter:card\" content=\"summary_large_image\" \/>\n<meta name=\"twitter:label1\" content=\"Escrito por\" \/>\n\t<meta name=\"twitter:data1\" content=\"elpuucnoticias\" \/>\n\t<meta name=\"twitter:label2\" content=\"Tiempo de lectura\" \/>\n\t<meta name=\"twitter:data2\" content=\"1 minuto\" \/>\n<script type=\"application\/ld+json\" class=\"yoast-schema-graph\">{\"@context\":\"https:\/\/schema.org\",\"@graph\":[{\"@type\":\"WebSite\",\"@id\":\"https:\/\/elpuucnoticias.com\/#website\",\"url\":\"https:\/\/elpuucnoticias.com\/\",\"name\":\"El Puuc Noticias\",\"description\":\"Noticias - Entretenimiento - Deportes\",\"potentialAction\":[{\"@type\":\"SearchAction\",\"target\":{\"@type\":\"EntryPoint\",\"urlTemplate\":\"https:\/\/elpuucnoticias.com\/?s={search_term_string}\"},\"query-input\":\"required name=search_term_string\"}],\"inLanguage\":\"es\"},{\"@type\":\"ImageObject\",\"@id\":\"https:\/\/elpuucnoticias.com\/?p=19233#primaryimage\",\"inLanguage\":\"es\",\"url\":\"https:\/\/elpuucnoticias.com\/wp-content\/uploads\/2025\/06\/whatsapp-image-2025-06-11-at-12.34.28-pm-4.jpeg\",\"contentUrl\":\"https:\/\/elpuucnoticias.com\/wp-content\/uploads\/2025\/06\/whatsapp-image-2025-06-11-at-12.34.28-pm-4.jpeg\",\"width\":1600,\"height\":1066},{\"@type\":\"WebPage\",\"@id\":\"https:\/\/elpuucnoticias.com\/?p=19233#webpage\",\"url\":\"https:\/\/elpuucnoticias.com\/?p=19233\",\"name\":\"Debuta Quintana Roo en Luchas Asociadas durante la Olimpiada Nacional CONADE 2025 sumando dos preseas - El Puuc Noticias\",\"isPartOf\":{\"@id\":\"https:\/\/elpuucnoticias.com\/#website\"},\"primaryImageOfPage\":{\"@id\":\"https:\/\/elpuucnoticias.com\/?p=19233#primaryimage\"},\"datePublished\":\"2025-06-11T18:49:49+00:00\",\"dateModified\":\"2025-06-11T18:49:52+00:00\",\"author\":{\"@id\":\"https:\/\/elpuucnoticias.com\/#\/schema\/person\/d2ea09e4c97f0160b11cdfb1d856bd9e\"},\"breadcrumb\":{\"@id\":\"https:\/\/elpuucnoticias.com\/?p=19233#breadcrumb\"},\"inLanguage\":\"es\",\"potentialAction\":[{\"@type\":\"ReadAction\",\"target\":[\"https:\/\/elpuucnoticias.com\/?p=19233\"]}]},{\"@type\":\"BreadcrumbList\",\"@id\":\"https:\/\/elpuucnoticias.com\/?p=19233#breadcrumb\",\"itemListElement\":[{\"@type\":\"ListItem\",\"position\":1,\"name\":\"Portada\",\"item\":\"https:\/\/elpuucnoticias.com\/\"},{\"@type\":\"ListItem\",\"position\":2,\"name\":\"Debuta Quintana Roo en Luchas Asociadas durante la Olimpiada Nacional CONADE 2025 sumando dos preseas\"}]},{\"@type\":\"Person\",\"@id\":\"https:\/\/elpuucnoticias.com\/#\/schema\/person\/d2ea09e4c97f0160b11cdfb1d856bd9e\",\"name\":\"elpuucnoticias\",\"image\":{\"@type\":\"ImageObject\",\"@id\":\"https:\/\/elpuucnoticias.com\/#personlogo\",\"inLanguage\":\"es\",\"url\":\"https:\/\/secure.gravatar.com\/avatar\/5290a43657c74ffa15701dbe5b846bd85cc71930d803c84e91046a7333de6ce2?s=96&d=mm&r=g\",\"contentUrl\":\"https:\/\/secure.gravatar.com\/avatar\/5290a43657c74ffa15701dbe5b846bd85cc71930d803c84e91046a7333de6ce2?s=96&d=mm&r=g\",\"caption\":\"elpuucnoticias\"},\"sameAs\":[\"https:\/\/elpuucnoticias.com\"],\"url\":\"https:\/\/elpuucnoticias.com\/?author=1\"}]}<\/script>\n<!-- \/ Yoast SEO plugin. -->","yoast_head_json":{"title":"Debuta Quintana Roo en Luchas Asociadas durante la Olimpiada Nacional CONADE 2025 sumando dos preseas - El Puuc Noticias","robots":{"index":"index","follow":"follow","max-snippet":"max-snippet:-1","max-image-preview":"max-image-preview:large","max-video-preview":"max-video-preview:-1"},"canonical":"https:\/\/elpuucnoticias.com\/?p=19233","og_locale":"es_ES","og_type":"article","og_title":"Debuta Quintana Roo en Luchas Asociadas durante la Olimpiada Nacional CONADE 2025 sumando dos preseas - El Puuc Noticias","og_description":"La Selecci\u00f3n de Quintana Roo en la disciplina de Luchas Asociadas tuvo un debut muy productivo en la","og_url":"https:\/\/elpuucnoticias.com\/?p=19233","og_site_name":"El Puuc Noticias","article_published_time":"2025-06-11T18:49:49+00:00","article_modified_time":"2025-06-11T18:49:52+00:00","og_image":[{"width":1600,"height":1066,"url":"https:\/\/elpuucnoticias.com\/wp-content\/uploads\/2025\/06\/whatsapp-image-2025-06-11-at-12.34.28-pm-4.jpeg","type":"image\/jpeg"}],"twitter_card":"summary_large_image","twitter_misc":{"Escrito por":"elpuucnoticias","Tiempo de lectura":"1 minuto"},"schema":{"@context":"https:\/\/schema.org","@graph":[{"@type":"WebSite","@id":"https:\/\/elpuucnoticias.com\/#website","url":"https:\/\/elpuucnoticias.com\/","name":"El Puuc Noticias","description":"Noticias - Entretenimiento - Deportes","potentialAction":[{"@type":"SearchAction","target":{"@type":"EntryPoint","urlTemplate":"https:\/\/elpuucnoticias.com\/?s={search_term_string}"},"query-input":"required name=search_term_string"}],"inLanguage":"es"},{"@type":"ImageObject","@id":"https:\/\/elpuucnoticias.com\/?p=19233#primaryimage","inLanguage":"es","url":"https:\/\/elpuucnoticias.com\/wp-content\/uploads\/2025\/06\/whatsapp-image-2025-06-11-at-12.34.28-pm-4.jpeg","contentUrl":"https:\/\/elpuucnoticias.com\/wp-content\/uploads\/2025\/06\/whatsapp-image-2025-06-11-at-12.34.28-pm-4.jpeg","width":1600,"height":1066},{"@type":"WebPage","@id":"https:\/\/elpuucnoticias.com\/?p=19233#webpage","url":"https:\/\/elpuucnoticias.com\/?p=19233","name":"Debuta Quintana Roo en Luchas Asociadas durante la Olimpiada Nacional CONADE 2025 sumando dos preseas - El Puuc Noticias","isPartOf":{"@id":"https:\/\/elpuucnoticias.com\/#website"},"primaryImageOfPage":{"@id":"https:\/\/elpuucnoticias.com\/?p=19233#primaryimage"},"datePublished":"2025-06-11T18:49:49+00:00","dateModified":"2025-06-11T18:49:52+00:00","author":{"@id":"https:\/\/elpuucnoticias.com\/#\/schema\/person\/d2ea09e4c97f0160b11cdfb1d856bd9e"},"breadcrumb":{"@id":"https:\/\/elpuucnoticias.com\/?p=19233#breadcrumb"},"inLanguage":"es","potentialAction":[{"@type":"ReadAction","target":["https:\/\/elpuucnoticias.com\/?p=19233"]}]},{"@type":"BreadcrumbList","@id":"https:\/\/elpuucnoticias.com\/?p=19233#breadcrumb","itemListElement":[{"@type":"ListItem","position":1,"name":"Portada","item":"https:\/\/elpuucnoticias.com\/"},{"@type":"ListItem","position":2,"name":"Debuta Quintana Roo en Luchas Asociadas durante la Olimpiada Nacional CONADE 2025 sumando dos preseas"}]},{"@type":"Person","@id":"https:\/\/elpuucnoticias.com\/#\/schema\/person\/d2ea09e4c97f0160b11cdfb1d856bd9e","name":"elpuucnoticias","image":{"@type":"ImageObject","@id":"https:\/\/elpuucnoticias.com\/#personlogo","inLanguage":"es","url":"https:\/\/secure.gravatar.com\/avatar\/5290a43657c74ffa15701dbe5b846bd85cc71930d803c84e91046a7333de6ce2?s=96&d=mm&r=g","contentUrl":"https:\/\/secure.gravatar.com\/avatar\/5290a43657c74ffa15701dbe5b846bd85cc71930d803c84e91046a7333de6ce2?s=96&d=mm&r=g","caption":"elpuucnoticias"},"sameAs":["https:\/\/elpuucnoticias.com"],"url":"https:\/\/elpuucnoticias.com\/?author=1"}]}},"_links":{"self":[{"href":"https:\/\/elpuucnoticias.com\/index.php?rest_route=\/wp\/v2\/posts\/19233","targetHints":{"allow":["GET"]}}],"collection":[{"href":"https:\/\/elpuucnoticias.com\/index.php?rest_route=\/wp\/v2\/posts"}],"about":[{"href":"https:\/\/elpuucnoticias.com\/index.php?rest_route=\/wp\/v2\/types\/post"}],"author":[{"embeddable":true,"href":"https:\/\/elpuucnoticias.com\/index.php?rest_route=\/wp\/v2\/users\/1"}],"replies":[{"embeddable":true,"href":"https:\/\/elpuucnoticias.com\/index.php?rest_route=%2Fwp%2Fv2%2Fcomments&post=19233"}],"version-history":[{"count":1,"href":"https:\/\/elpuucnoticias.com\/index.php?rest_route=\/wp\/v2\/posts\/19233\/revisions"}],"predecessor-version":[{"id":19241,"href":"https:\/\/elpuucnoticias.com\/index.php?rest_route=\/wp\/v2\/posts\/19233\/revisions\/19241"}],"wp:featuredmedia":[{"embeddable":true,"href":"https:\/\/elpuucnoticias.com\/index.php?rest_route=\/wp\/v2\/media\/19238"}],"wp:attachment":[{"href":"https:\/\/elpuucnoticias.com\/index.php?rest_route=%2Fwp%2Fv2%2Fmedia&parent=19233"}],"wp:term":[{"taxonomy":"category","embeddable":true,"href":"https:\/\/elpuucnoticias.com\/index.php?rest_route=%2Fwp%2Fv2%2Fcategories&post=19233"},{"taxonomy":"post_tag","embeddable":true,"href":"https:\/\/elpuucnoticias.com\/index.php?rest_route=%2Fwp%2Fv2%2Ftags&post=19233"}],"curies":[{"name":"wp","href":"https:\/\/api.w.org\/{rel}","templated":true}]}}