{"id":19252,"date":"2025-06-13T12:56:18","date_gmt":"2025-06-13T18:56:18","guid":{"rendered":"https:\/\/elpuucnoticias.com\/?p=19252"},"modified":"2025-06-13T12:56:18","modified_gmt":"2025-06-13T18:56:18","slug":"conmemora-la-fundacion-de-parques-y-museos-de-cozumel-el-dia-mundial-de-tejer-en-publico","status":"publish","type":"post","link":"https:\/\/elpuucnoticias.com\/?p=19252","title":{"rendered":"Conmemora la Fundaci\u00f3n de Parques y Museos de Cozumel el D\u00eda Mundial de Tejer en P\u00fablico"},"content":{"rendered":"\n<p>La Fundaci\u00f3n de Parques y Museos de Cozumel (FPMC) y el grupo \u201cEmpoderando al Artesano\u201d, a trav\u00e9s de su Direcci\u00f3n de Pedagog\u00eda y Asistencia Social (PAS), invitan a la comunidad a participar en una emotiva actividad conmemorativa por el D\u00eda Mundial de Tejer en P\u00fablico, que se llevar\u00e1 a cabo el s\u00e1bado 14 de junio, a las 10:00 horas, en el Museo de la Isla.<\/p>\n\n\n\n<p>Durante esta jornada se realizar\u00e1 un tejido solidario, donde las y los participantes crear\u00e1n a \u201cPaco, El Chig\u00fciro\u201d (o capibara), un personaje tejido a crochet dise\u00f1ado especialmente para acompa\u00f1ar a ni\u00f1as y ni\u00f1os con diagn\u00f3stico de c\u00e1ncer. Paco es mucho m\u00e1s que una figura hecha con hilo: es una herramienta terap\u00e9utica, una compa\u00f1\u00eda, un s\u00edmbolo de amor, esperanza y solidaridad para quienes atraviesan tratamientos oncol\u00f3gicos.<\/p>\n\n\n\n<figure class=\"wp-block-gallery has-nested-images columns-default is-cropped wp-block-gallery-1 is-layout-flex wp-block-gallery-is-layout-flex\">\n<figure class=\"wp-block-image size-large is-style-default\"><img loading=\"lazy\" decoding=\"async\" width=\"1024\" height=\"682\" data-id=\"19254\" src=\"https:\/\/elpuucnoticias.com\/wp-content\/uploads\/2025\/06\/whatsapp-image-2025-06-13-at-12.39.35-pm-1024x682.jpeg\" alt=\"\" class=\"wp-image-19254\" srcset=\"https:\/\/elpuucnoticias.com\/wp-content\/uploads\/2025\/06\/whatsapp-image-2025-06-13-at-12.39.35-pm-1024x682.jpeg 1024w, https:\/\/elpuucnoticias.com\/wp-content\/uploads\/2025\/06\/whatsapp-image-2025-06-13-at-12.39.35-pm-300x200.jpeg 300w, https:\/\/elpuucnoticias.com\/wp-content\/uploads\/2025\/06\/whatsapp-image-2025-06-13-at-12.39.35-pm-768x512.jpeg 768w, https:\/\/elpuucnoticias.com\/wp-content\/uploads\/2025\/06\/whatsapp-image-2025-06-13-at-12.39.35-pm-600x400.jpeg 600w, https:\/\/elpuucnoticias.com\/wp-content\/uploads\/2025\/06\/whatsapp-image-2025-06-13-at-12.39.35-pm-320x213.jpeg 320w, https:\/\/elpuucnoticias.com\/wp-content\/uploads\/2025\/06\/whatsapp-image-2025-06-13-at-12.39.35-pm.jpeg 1280w\" sizes=\"auto, (max-width: 1024px) 100vw, 1024px\" \/><\/figure>\n\n\n\n<figure class=\"wp-block-image size-large is-style-default\"><img loading=\"lazy\" decoding=\"async\" width=\"940\" height=\"788\" data-id=\"19253\" src=\"https:\/\/elpuucnoticias.com\/wp-content\/uploads\/2025\/06\/whatsapp-image-2025-06-13-at-12.39.34-pm.jpeg\" alt=\"\" class=\"wp-image-19253\" srcset=\"https:\/\/elpuucnoticias.com\/wp-content\/uploads\/2025\/06\/whatsapp-image-2025-06-13-at-12.39.34-pm.jpeg 940w, https:\/\/elpuucnoticias.com\/wp-content\/uploads\/2025\/06\/whatsapp-image-2025-06-13-at-12.39.34-pm-300x251.jpeg 300w, https:\/\/elpuucnoticias.com\/wp-content\/uploads\/2025\/06\/whatsapp-image-2025-06-13-at-12.39.34-pm-768x644.jpeg 768w, https:\/\/elpuucnoticias.com\/wp-content\/uploads\/2025\/06\/whatsapp-image-2025-06-13-at-12.39.34-pm-320x268.jpeg 320w\" sizes=\"auto, (max-width: 940px) 100vw, 940px\" \/><\/figure>\n<\/figure>\n\n\n\n<p>Esta iniciativa fue creada por Juan Diego Castillo Ram\u00edrez y se ha extendido por diversos pa\u00edses gracias al trabajo conjunto de voluntarios, organizaciones sociales y comunidades tejedoras. El personaje representa seis valores fundamentales para el proceso de sanaci\u00f3n emocional: Paco-mpartir, Paco-nocer, Paco-mprender, Paco-nsentir, Paco-ntrolar y Paco-nservar.<\/p>\n\n\n\n<p>Arminda Villanueva C\u00e1rdenas, impulsora del evento en Cozumel, explic\u00f3 que la FPMC se suma activamente a este movimiento, proporcionando espacio y personal para que la comunidad pueda participar en esta actividad solidaria. \u201cSolo necesitas traer tu gancho de crochet; nosotros te proporcionaremos el hilo y el patr\u00f3n para tejer a Paco\u201d, explic\u00f3.<\/p>\n\n\n\n<p>Por su parte, Juanita Alonso Marrufo, directora general de la FPMC, subray\u00f3 que el Nuevo Acuerdo por el Bienestar y Desarrollo de Quintana Roo, impulsado por la gobernadora Mara Lezama Espinosa, promueve el uso de espacios p\u00fablicos para la recreaci\u00f3n, el trabajo colectivo y la sana convivencia. \u201cTejer en comunidad es una forma de construir tejido social, de unir corazones y de sembrar esperanza donde m\u00e1s se necesita\u201d, afirm\u00f3.<\/p>\n\n\n\n<p>Para finalizar, la directora de PAS, Dianela Cervantes Chi, record\u00f3 que el 18 de junio es la fecha l\u00edmite para entregar los trabajos para participar en el \u201cXXVII Concurso de Bordados y Tejidos\u201d, que se premiar\u00e1 el 20 de junio, y agreg\u00f3 que la convocatoria est\u00e1 publicada en las redes sociales de la FPMC desde el mes pasado.<\/p>\n","protected":false},"excerpt":{"rendered":"<p>La Fundaci\u00f3n de Parques y Museos de Cozumel (FPMC) y el grupo \u201cEmpoderando al Artesano\u201d, a trav\u00e9s de<\/p>\n","protected":false},"author":1,"featured_media":19255,"comment_status":"closed","ping_status":"open","sticky":false,"template":"","format":"standard","meta":{"_monsterinsights_skip_tracking":false,"_monsterinsights_sitenote_active":false,"_monsterinsights_sitenote_note":"","_monsterinsights_sitenote_category":0,"footnotes":""},"categories":[11,24],"tags":[],"class_list":["post-19252","post","type-post","status-publish","format-standard","has-post-thumbnail","hentry","category-noticias","category-quintana-roo"],"yoast_head":"<!-- This site is optimized with the Yoast SEO plugin v18.3 - https:\/\/yoast.com\/wordpress\/plugins\/seo\/ -->\n<title>Conmemora la Fundaci\u00f3n de Parques y Museos de Cozumel el D\u00eda Mundial de Tejer en P\u00fablico - El Puuc Noticias<\/title>\n<meta name=\"robots\" content=\"index, follow, max-snippet:-1, max-image-preview:large, max-video-preview:-1\" \/>\n<link rel=\"canonical\" href=\"https:\/\/elpuucnoticias.com\/?p=19252\" \/>\n<meta property=\"og:locale\" content=\"es_ES\" \/>\n<meta property=\"og:type\" content=\"article\" \/>\n<meta property=\"og:title\" content=\"Conmemora la Fundaci\u00f3n de Parques y Museos de Cozumel el D\u00eda Mundial de Tejer en P\u00fablico - El Puuc Noticias\" \/>\n<meta property=\"og:description\" content=\"La Fundaci\u00f3n de Parques y Museos de Cozumel (FPMC) y el grupo \u201cEmpoderando al Artesano\u201d, a trav\u00e9s de\" \/>\n<meta property=\"og:url\" content=\"https:\/\/elpuucnoticias.com\/?p=19252\" \/>\n<meta property=\"og:site_name\" content=\"El Puuc Noticias\" \/>\n<meta property=\"article:published_time\" content=\"2025-06-13T18:56:18+00:00\" \/>\n<meta property=\"og:image\" content=\"https:\/\/elpuucnoticias.com\/wp-content\/uploads\/2025\/06\/whatsapp-image-2025-06-13-at-12.39.34-pm-1.jpeg\" \/>\n\t<meta property=\"og:image:width\" content=\"1422\" \/>\n\t<meta property=\"og:image:height\" content=\"640\" \/>\n\t<meta property=\"og:image:type\" content=\"image\/jpeg\" \/>\n<meta name=\"twitter:card\" content=\"summary_large_image\" \/>\n<meta name=\"twitter:label1\" content=\"Escrito por\" \/>\n\t<meta name=\"twitter:data1\" content=\"elpuucnoticias\" \/>\n\t<meta name=\"twitter:label2\" content=\"Tiempo de lectura\" \/>\n\t<meta name=\"twitter:data2\" content=\"2 minutos\" \/>\n<script type=\"application\/ld+json\" class=\"yoast-schema-graph\">{\"@context\":\"https:\/\/schema.org\",\"@graph\":[{\"@type\":\"WebSite\",\"@id\":\"https:\/\/elpuucnoticias.com\/#website\",\"url\":\"https:\/\/elpuucnoticias.com\/\",\"name\":\"El Puuc Noticias\",\"description\":\"Noticias - Entretenimiento - Deportes\",\"potentialAction\":[{\"@type\":\"SearchAction\",\"target\":{\"@type\":\"EntryPoint\",\"urlTemplate\":\"https:\/\/elpuucnoticias.com\/?s={search_term_string}\"},\"query-input\":\"required name=search_term_string\"}],\"inLanguage\":\"es\"},{\"@type\":\"ImageObject\",\"@id\":\"https:\/\/elpuucnoticias.com\/?p=19252#primaryimage\",\"inLanguage\":\"es\",\"url\":\"https:\/\/elpuucnoticias.com\/wp-content\/uploads\/2025\/06\/whatsapp-image-2025-06-13-at-12.39.34-pm-1.jpeg\",\"contentUrl\":\"https:\/\/elpuucnoticias.com\/wp-content\/uploads\/2025\/06\/whatsapp-image-2025-06-13-at-12.39.34-pm-1.jpeg\",\"width\":1422,\"height\":640},{\"@type\":\"WebPage\",\"@id\":\"https:\/\/elpuucnoticias.com\/?p=19252#webpage\",\"url\":\"https:\/\/elpuucnoticias.com\/?p=19252\",\"name\":\"Conmemora la Fundaci\u00f3n de Parques y Museos de Cozumel el D\u00eda Mundial de Tejer en P\u00fablico - El Puuc Noticias\",\"isPartOf\":{\"@id\":\"https:\/\/elpuucnoticias.com\/#website\"},\"primaryImageOfPage\":{\"@id\":\"https:\/\/elpuucnoticias.com\/?p=19252#primaryimage\"},\"datePublished\":\"2025-06-13T18:56:18+00:00\",\"dateModified\":\"2025-06-13T18:56:18+00:00\",\"author\":{\"@id\":\"https:\/\/elpuucnoticias.com\/#\/schema\/person\/d2ea09e4c97f0160b11cdfb1d856bd9e\"},\"breadcrumb\":{\"@id\":\"https:\/\/elpuucnoticias.com\/?p=19252#breadcrumb\"},\"inLanguage\":\"es\",\"potentialAction\":[{\"@type\":\"ReadAction\",\"target\":[\"https:\/\/elpuucnoticias.com\/?p=19252\"]}]},{\"@type\":\"BreadcrumbList\",\"@id\":\"https:\/\/elpuucnoticias.com\/?p=19252#breadcrumb\",\"itemListElement\":[{\"@type\":\"ListItem\",\"position\":1,\"name\":\"Portada\",\"item\":\"https:\/\/elpuucnoticias.com\/\"},{\"@type\":\"ListItem\",\"position\":2,\"name\":\"Conmemora la Fundaci\u00f3n de Parques y Museos de Cozumel el D\u00eda Mundial de Tejer en P\u00fablico\"}]},{\"@type\":\"Person\",\"@id\":\"https:\/\/elpuucnoticias.com\/#\/schema\/person\/d2ea09e4c97f0160b11cdfb1d856bd9e\",\"name\":\"elpuucnoticias\",\"image\":{\"@type\":\"ImageObject\",\"@id\":\"https:\/\/elpuucnoticias.com\/#personlogo\",\"inLanguage\":\"es\",\"url\":\"https:\/\/secure.gravatar.com\/avatar\/5290a43657c74ffa15701dbe5b846bd85cc71930d803c84e91046a7333de6ce2?s=96&d=mm&r=g\",\"contentUrl\":\"https:\/\/secure.gravatar.com\/avatar\/5290a43657c74ffa15701dbe5b846bd85cc71930d803c84e91046a7333de6ce2?s=96&d=mm&r=g\",\"caption\":\"elpuucnoticias\"},\"sameAs\":[\"https:\/\/elpuucnoticias.com\"],\"url\":\"https:\/\/elpuucnoticias.com\/?author=1\"}]}<\/script>\n<!-- \/ Yoast SEO plugin. -->","yoast_head_json":{"title":"Conmemora la Fundaci\u00f3n de Parques y Museos de Cozumel el D\u00eda Mundial de Tejer en P\u00fablico - El Puuc Noticias","robots":{"index":"index","follow":"follow","max-snippet":"max-snippet:-1","max-image-preview":"max-image-preview:large","max-video-preview":"max-video-preview:-1"},"canonical":"https:\/\/elpuucnoticias.com\/?p=19252","og_locale":"es_ES","og_type":"article","og_title":"Conmemora la Fundaci\u00f3n de Parques y Museos de Cozumel el D\u00eda Mundial de Tejer en P\u00fablico - El Puuc Noticias","og_description":"La Fundaci\u00f3n de Parques y Museos de Cozumel (FPMC) y el grupo \u201cEmpoderando al Artesano\u201d, a trav\u00e9s de","og_url":"https:\/\/elpuucnoticias.com\/?p=19252","og_site_name":"El Puuc Noticias","article_published_time":"2025-06-13T18:56:18+00:00","og_image":[{"width":1422,"height":640,"url":"https:\/\/elpuucnoticias.com\/wp-content\/uploads\/2025\/06\/whatsapp-image-2025-06-13-at-12.39.34-pm-1.jpeg","type":"image\/jpeg"}],"twitter_card":"summary_large_image","twitter_misc":{"Escrito por":"elpuucnoticias","Tiempo de lectura":"2 minutos"},"schema":{"@context":"https:\/\/schema.org","@graph":[{"@type":"WebSite","@id":"https:\/\/elpuucnoticias.com\/#website","url":"https:\/\/elpuucnoticias.com\/","name":"El Puuc Noticias","description":"Noticias - Entretenimiento - Deportes","potentialAction":[{"@type":"SearchAction","target":{"@type":"EntryPoint","urlTemplate":"https:\/\/elpuucnoticias.com\/?s={search_term_string}"},"query-input":"required name=search_term_string"}],"inLanguage":"es"},{"@type":"ImageObject","@id":"https:\/\/elpuucnoticias.com\/?p=19252#primaryimage","inLanguage":"es","url":"https:\/\/elpuucnoticias.com\/wp-content\/uploads\/2025\/06\/whatsapp-image-2025-06-13-at-12.39.34-pm-1.jpeg","contentUrl":"https:\/\/elpuucnoticias.com\/wp-content\/uploads\/2025\/06\/whatsapp-image-2025-06-13-at-12.39.34-pm-1.jpeg","width":1422,"height":640},{"@type":"WebPage","@id":"https:\/\/elpuucnoticias.com\/?p=19252#webpage","url":"https:\/\/elpuucnoticias.com\/?p=19252","name":"Conmemora la Fundaci\u00f3n de Parques y Museos de Cozumel el D\u00eda Mundial de Tejer en P\u00fablico - El Puuc Noticias","isPartOf":{"@id":"https:\/\/elpuucnoticias.com\/#website"},"primaryImageOfPage":{"@id":"https:\/\/elpuucnoticias.com\/?p=19252#primaryimage"},"datePublished":"2025-06-13T18:56:18+00:00","dateModified":"2025-06-13T18:56:18+00:00","author":{"@id":"https:\/\/elpuucnoticias.com\/#\/schema\/person\/d2ea09e4c97f0160b11cdfb1d856bd9e"},"breadcrumb":{"@id":"https:\/\/elpuucnoticias.com\/?p=19252#breadcrumb"},"inLanguage":"es","potentialAction":[{"@type":"ReadAction","target":["https:\/\/elpuucnoticias.com\/?p=19252"]}]},{"@type":"BreadcrumbList","@id":"https:\/\/elpuucnoticias.com\/?p=19252#breadcrumb","itemListElement":[{"@type":"ListItem","position":1,"name":"Portada","item":"https:\/\/elpuucnoticias.com\/"},{"@type":"ListItem","position":2,"name":"Conmemora la Fundaci\u00f3n de Parques y Museos de Cozumel el D\u00eda Mundial de Tejer en P\u00fablico"}]},{"@type":"Person","@id":"https:\/\/elpuucnoticias.com\/#\/schema\/person\/d2ea09e4c97f0160b11cdfb1d856bd9e","name":"elpuucnoticias","image":{"@type":"ImageObject","@id":"https:\/\/elpuucnoticias.com\/#personlogo","inLanguage":"es","url":"https:\/\/secure.gravatar.com\/avatar\/5290a43657c74ffa15701dbe5b846bd85cc71930d803c84e91046a7333de6ce2?s=96&d=mm&r=g","contentUrl":"https:\/\/secure.gravatar.com\/avatar\/5290a43657c74ffa15701dbe5b846bd85cc71930d803c84e91046a7333de6ce2?s=96&d=mm&r=g","caption":"elpuucnoticias"},"sameAs":["https:\/\/elpuucnoticias.com"],"url":"https:\/\/elpuucnoticias.com\/?author=1"}]}},"_links":{"self":[{"href":"https:\/\/elpuucnoticias.com\/index.php?rest_route=\/wp\/v2\/posts\/19252","targetHints":{"allow":["GET"]}}],"collection":[{"href":"https:\/\/elpuucnoticias.com\/index.php?rest_route=\/wp\/v2\/posts"}],"about":[{"href":"https:\/\/elpuucnoticias.com\/index.php?rest_route=\/wp\/v2\/types\/post"}],"author":[{"embeddable":true,"href":"https:\/\/elpuucnoticias.com\/index.php?rest_route=\/wp\/v2\/users\/1"}],"replies":[{"embeddable":true,"href":"https:\/\/elpuucnoticias.com\/index.php?rest_route=%2Fwp%2Fv2%2Fcomments&post=19252"}],"version-history":[{"count":1,"href":"https:\/\/elpuucnoticias.com\/index.php?rest_route=\/wp\/v2\/posts\/19252\/revisions"}],"predecessor-version":[{"id":19256,"href":"https:\/\/elpuucnoticias.com\/index.php?rest_route=\/wp\/v2\/posts\/19252\/revisions\/19256"}],"wp:featuredmedia":[{"embeddable":true,"href":"https:\/\/elpuucnoticias.com\/index.php?rest_route=\/wp\/v2\/media\/19255"}],"wp:attachment":[{"href":"https:\/\/elpuucnoticias.com\/index.php?rest_route=%2Fwp%2Fv2%2Fmedia&parent=19252"}],"wp:term":[{"taxonomy":"category","embeddable":true,"href":"https:\/\/elpuucnoticias.com\/index.php?rest_route=%2Fwp%2Fv2%2Fcategories&post=19252"},{"taxonomy":"post_tag","embeddable":true,"href":"https:\/\/elpuucnoticias.com\/index.php?rest_route=%2Fwp%2Fv2%2Ftags&post=19252"}],"curies":[{"name":"wp","href":"https:\/\/api.w.org\/{rel}","templated":true}]}}