{"id":19263,"date":"2025-06-13T13:04:40","date_gmt":"2025-06-13T19:04:40","guid":{"rendered":"https:\/\/elpuucnoticias.com\/?p=19263"},"modified":"2025-06-13T13:04:41","modified_gmt":"2025-06-13T19:04:41","slug":"transformando-vidas-cuidando-familias-vero-lezama-presenta-su-primer-informe-al-frente-del-dif-quintana-roo","status":"publish","type":"post","link":"https:\/\/elpuucnoticias.com\/?p=19263","title":{"rendered":"\u201cTransformando vidas, cuidando familias\u201d: Vero Lezama presenta su Primer Informe al frente del DIF Quintana Roo"},"content":{"rendered":"\n<p>Con un mensaje claro y lleno de sensibilidad social, Vero Lezama, presidenta honoraria del Sistema DIF Quintana Roo, present\u00f3 ante la gobernadora, Mara Lezama Espinosa, autoridades y p\u00fablico en general su Primer Informe de Actividades, donde comparti\u00f3 los logros y avances obtenidos durante este primer a\u00f1o de trabajo enfocado en lo m\u00e1s importante: las familias.<\/p>\n\n\n\n<p>En la capital del estado, Vero Lezama habl\u00f3 de c\u00f3mo, a trav\u00e9s del trabajo coordinado con los tres \u00f3rdenes de gobierno, voluntarias, voluntarios y la sociedad civil, se han transformado miles de vidas y se ha protegido a cientos de familias en todo el estado.<\/p>\n\n\n\n<p>\u201cNos comprometimos a servir a Quintana Roo con entrega y responsabilidad\u2026 pero sobre todo con mucho coraz\u00f3n para comenzar una de las etapas m\u00e1s honestas y humanistas en la historia en la asistencia social de nuestro estado\u201d dijo.<\/p>\n\n\n\n<figure class=\"wp-block-gallery has-nested-images columns-default is-cropped wp-block-gallery-1 is-layout-flex wp-block-gallery-is-layout-flex\">\n<figure class=\"wp-block-image size-large is-style-default\"><img loading=\"lazy\" decoding=\"async\" width=\"873\" height=\"1024\" data-id=\"19264\" src=\"https:\/\/elpuucnoticias.com\/wp-content\/uploads\/2025\/06\/whatsapp-image-2025-06-13-at-12.39.28-pm-1-873x1024.jpeg\" alt=\"\" class=\"wp-image-19264\" srcset=\"https:\/\/elpuucnoticias.com\/wp-content\/uploads\/2025\/06\/whatsapp-image-2025-06-13-at-12.39.28-pm-1-873x1024.jpeg 873w, https:\/\/elpuucnoticias.com\/wp-content\/uploads\/2025\/06\/whatsapp-image-2025-06-13-at-12.39.28-pm-1-256x300.jpeg 256w, https:\/\/elpuucnoticias.com\/wp-content\/uploads\/2025\/06\/whatsapp-image-2025-06-13-at-12.39.28-pm-1-768x900.jpeg 768w, https:\/\/elpuucnoticias.com\/wp-content\/uploads\/2025\/06\/whatsapp-image-2025-06-13-at-12.39.28-pm-1-1310x1536.jpeg 1310w, https:\/\/elpuucnoticias.com\/wp-content\/uploads\/2025\/06\/whatsapp-image-2025-06-13-at-12.39.28-pm-1-273x320.jpeg 273w, https:\/\/elpuucnoticias.com\/wp-content\/uploads\/2025\/06\/whatsapp-image-2025-06-13-at-12.39.28-pm-1.jpeg 1706w\" sizes=\"auto, (max-width: 873px) 100vw, 873px\" \/><\/figure>\n\n\n\n<figure class=\"wp-block-image size-large is-style-default\"><img loading=\"lazy\" decoding=\"async\" width=\"1024\" height=\"859\" data-id=\"19265\" src=\"https:\/\/elpuucnoticias.com\/wp-content\/uploads\/2025\/06\/whatsapp-image-2025-06-13-at-12.39.29-pm-1024x859.jpeg\" alt=\"\" class=\"wp-image-19265\" srcset=\"https:\/\/elpuucnoticias.com\/wp-content\/uploads\/2025\/06\/whatsapp-image-2025-06-13-at-12.39.29-pm-1024x859.jpeg 1024w, https:\/\/elpuucnoticias.com\/wp-content\/uploads\/2025\/06\/whatsapp-image-2025-06-13-at-12.39.29-pm-300x252.jpeg 300w, https:\/\/elpuucnoticias.com\/wp-content\/uploads\/2025\/06\/whatsapp-image-2025-06-13-at-12.39.29-pm-768x644.jpeg 768w, https:\/\/elpuucnoticias.com\/wp-content\/uploads\/2025\/06\/whatsapp-image-2025-06-13-at-12.39.29-pm-1536x1288.jpeg 1536w, https:\/\/elpuucnoticias.com\/wp-content\/uploads\/2025\/06\/whatsapp-image-2025-06-13-at-12.39.29-pm-2048x1717.jpeg 2048w, https:\/\/elpuucnoticias.com\/wp-content\/uploads\/2025\/06\/whatsapp-image-2025-06-13-at-12.39.29-pm-320x268.jpeg 320w\" sizes=\"auto, (max-width: 1024px) 100vw, 1024px\" \/><\/figure>\n\n\n\n<figure class=\"wp-block-image size-large is-style-default\"><img loading=\"lazy\" decoding=\"async\" width=\"1024\" height=\"683\" data-id=\"19266\" src=\"https:\/\/elpuucnoticias.com\/wp-content\/uploads\/2025\/06\/whatsapp-image-2025-06-13-at-12.39.28-pm-2-1024x683.jpeg\" alt=\"\" class=\"wp-image-19266\" srcset=\"https:\/\/elpuucnoticias.com\/wp-content\/uploads\/2025\/06\/whatsapp-image-2025-06-13-at-12.39.28-pm-2-1024x683.jpeg 1024w, https:\/\/elpuucnoticias.com\/wp-content\/uploads\/2025\/06\/whatsapp-image-2025-06-13-at-12.39.28-pm-2-300x200.jpeg 300w, https:\/\/elpuucnoticias.com\/wp-content\/uploads\/2025\/06\/whatsapp-image-2025-06-13-at-12.39.28-pm-2-768x512.jpeg 768w, https:\/\/elpuucnoticias.com\/wp-content\/uploads\/2025\/06\/whatsapp-image-2025-06-13-at-12.39.28-pm-2-1536x1024.jpeg 1536w, https:\/\/elpuucnoticias.com\/wp-content\/uploads\/2025\/06\/whatsapp-image-2025-06-13-at-12.39.28-pm-2-2048x1365.jpeg 2048w, https:\/\/elpuucnoticias.com\/wp-content\/uploads\/2025\/06\/whatsapp-image-2025-06-13-at-12.39.28-pm-2-600x400.jpeg 600w, https:\/\/elpuucnoticias.com\/wp-content\/uploads\/2025\/06\/whatsapp-image-2025-06-13-at-12.39.28-pm-2-320x213.jpeg 320w\" sizes=\"auto, (max-width: 1024px) 100vw, 1024px\" \/><\/figure>\n<\/figure>\n\n\n\n<p>Dentro de sus principales ejes, destac\u00f3 las obras con sentido humano.<\/p>\n\n\n\n<p>Se invirti\u00f3 en mejorar espacios donde se cuida a ni\u00f1as, ni\u00f1os, adolescentes, personas mayores y con discapacidad: se rehabilitaron casas de asistencia, se equiparon Centros de Rehabilitaci\u00f3n Integral Municipales (CRIM) y se fortalecieron los clubes para personas mayores, todo para asegurar atenci\u00f3n digna y de calidad.<\/p>\n\n\n\n<p>Adem\u00e1s, se fortalecieron los Centros Infantiles con programas educativos y de desarrollo integral. Se realizaron foros, consultas y ferias tem\u00e1ticas que dieron voz a ni\u00f1as, ni\u00f1os y adolescentes, escuchando sus necesidades y protegi\u00e9ndolos de riesgos psicosociales, siempre con un enfoque de derechos.<\/p>\n\n\n\n<p>Asimismo, Vero Lezama, destac\u00f3 la creaci\u00f3n del primer PILARES en Villas Otoch Para\u00edso, un espacio dise\u00f1ado para proteger y fortalecer a nuestra infancia y adolescencia, rescat\u00e1ndolos de entornos violentos y brind\u00e1ndoles un futuro lleno de oportunidades.<\/p>\n\n\n\n<p>Gracias al trabajo de la Procuradur\u00eda de Protecci\u00f3n, ni\u00f1as y ni\u00f1os en situaci\u00f3n vulnerable hoy tienen un nuevo hogar lleno de amor, y cientos de familias han recibido apoyo jur\u00eddico, psicol\u00f3gico y social.<\/p>\n\n\n\n<figure class=\"wp-block-image size-large is-style-default\"><img loading=\"lazy\" decoding=\"async\" width=\"1024\" height=\"683\" src=\"https:\/\/elpuucnoticias.com\/wp-content\/uploads\/2025\/06\/whatsapp-image-2025-06-13-at-12.39.28-pm-3-1-1024x683.jpeg\" alt=\"\" class=\"wp-image-19268\" srcset=\"https:\/\/elpuucnoticias.com\/wp-content\/uploads\/2025\/06\/whatsapp-image-2025-06-13-at-12.39.28-pm-3-1-1024x683.jpeg 1024w, https:\/\/elpuucnoticias.com\/wp-content\/uploads\/2025\/06\/whatsapp-image-2025-06-13-at-12.39.28-pm-3-1-300x200.jpeg 300w, https:\/\/elpuucnoticias.com\/wp-content\/uploads\/2025\/06\/whatsapp-image-2025-06-13-at-12.39.28-pm-3-1-768x512.jpeg 768w, https:\/\/elpuucnoticias.com\/wp-content\/uploads\/2025\/06\/whatsapp-image-2025-06-13-at-12.39.28-pm-3-1-1536x1024.jpeg 1536w, https:\/\/elpuucnoticias.com\/wp-content\/uploads\/2025\/06\/whatsapp-image-2025-06-13-at-12.39.28-pm-3-1-2048x1365.jpeg 2048w, https:\/\/elpuucnoticias.com\/wp-content\/uploads\/2025\/06\/whatsapp-image-2025-06-13-at-12.39.28-pm-3-1-600x400.jpeg 600w, https:\/\/elpuucnoticias.com\/wp-content\/uploads\/2025\/06\/whatsapp-image-2025-06-13-at-12.39.28-pm-3-1-320x213.jpeg 320w\" sizes=\"auto, (max-width: 1024px) 100vw, 1024px\" \/><\/figure>\n\n\n\n<p>En materia de discapacidad, se brindaron consultas, cirug\u00edas, pr\u00f3tesis, terapias y certificaciones, apostando por una inclusi\u00f3n real y respetuosa. Adem\u00e1s, personas mayores participaron en talleres, actividades culturales y recreativas que fortalecen su autoestima, autonom\u00eda y calidad de vida.<\/p>\n\n\n\n<div class=\"wp-block-group is-nowrap is-layout-flex wp-container-core-group-is-layout-6c531013 wp-block-group-is-layout-flex\">\n<p>Durante su discurso, la presidenta honoraria del DIF reconoci\u00f3 el trabajo humanista de la gobernadora Lezama, quien ha sido el ejemplo para las mujeres, al ser hist\u00f3ricamente la primer mujer, en gobernar el Estado, con esto asegur\u00f3 que con el programa \u201cMujer es Poder\u201d miles de mujeres jefas de familia resultaron beneficiadas con apoyos econ\u00f3micos, capacitaciones y campa\u00f1as de prevenci\u00f3n. Se firmaron acuerdos por su bienestar y se impulsaron acciones contra el c\u00e1ncer de mama y por el autocuidado.<\/p>\n<\/div>\n\n\n\n<p>Es importante mencionar que miles de personas en situaci\u00f3n vulnerable fueron atendidas con despensas, medicamentos, estudios, apoyos funcionales, funerarios y m\u00e1s en momentos de emergencia, como los causados por el hurac\u00e1n Beryl o las lluvias at\u00edpicas en la capital, el DIF estuvo presente, brindando ayuda oportuna, humana y cercana a quienes m\u00e1s lo necesitaban.<\/p>\n\n\n\n<p>Con el programa de desayunos escolares, ni\u00f1as y ni\u00f1os de toda la entidad reciben alimento caliente o fr\u00edo para que puedan aprender con energ\u00eda. Adem\u00e1s, se impulsaron los MercaDIFtos para apoyar a los grupos de desarrollo comunitario, quienes tambi\u00e9n se capacitaron para impulsar su econom\u00eda y desarrollo.<\/p>\n\n\n\n<p>\u201cEstoy convencida de que el \u00fanico poder que sirve, es el que sirve para servir a los dem\u00e1s\u201d, asegur\u00f3.<\/p>\n\n\n\n<p>Durante su mensaje, la presidenta honoraria del DIF, destac\u00f3 que por primera vez, y de manera hist\u00f3rica se logr\u00f3 llevar sonrisas a las ni\u00f1as y los ni\u00f1os de las comunidades m\u00e1s alejadas del Estado, con la celebraci\u00f3n del d\u00eda de Reyes y el d\u00eda del ni\u00f1o, logrando as\u00ed, 100 comunidades de manera simult\u00e1nea en cada celebraci\u00f3n m\u00e1s los eventos masivos en algunos municipios.<\/p>\n\n\n\n<p>\u201cTrabajamos todos los d\u00edas para que cada acci\u00f3n tenga sentido, para que cada esfuerzo llegue a quienes m\u00e1s lo necesitan. Porque transformar vidas y cuidar familias no es solo un eslogan: es nuestro compromiso con Quintana Roo\u201d, expres\u00f3 Vero Lezama.<\/p>\n\n\n\n<p>Con este informe, el Sistema DIF Quintana Roo reafirma su compromiso de seguir cambiando realidades, con justicia social y profundo amor por las familias.<\/p>\n","protected":false},"excerpt":{"rendered":"<p>Con un mensaje claro y lleno de sensibilidad social, Vero Lezama, presidenta honoraria del Sistema DIF Quintana Roo,<\/p>\n","protected":false},"author":1,"featured_media":19269,"comment_status":"closed","ping_status":"open","sticky":false,"template":"","format":"standard","meta":{"_monsterinsights_skip_tracking":false,"_monsterinsights_sitenote_active":false,"_monsterinsights_sitenote_note":"","_monsterinsights_sitenote_category":0,"footnotes":""},"categories":[11,24],"tags":[],"class_list":["post-19263","post","type-post","status-publish","format-standard","has-post-thumbnail","hentry","category-noticias","category-quintana-roo"],"yoast_head":"<!-- This site is optimized with the Yoast SEO plugin v18.3 - https:\/\/yoast.com\/wordpress\/plugins\/seo\/ -->\n<title>\u201cTransformando vidas, cuidando familias\u201d: Vero Lezama presenta su Primer Informe al frente del DIF Quintana Roo - El Puuc Noticias<\/title>\n<meta name=\"robots\" content=\"index, follow, max-snippet:-1, max-image-preview:large, max-video-preview:-1\" \/>\n<link rel=\"canonical\" href=\"https:\/\/elpuucnoticias.com\/?p=19263\" \/>\n<meta property=\"og:locale\" content=\"es_ES\" \/>\n<meta property=\"og:type\" content=\"article\" \/>\n<meta property=\"og:title\" content=\"\u201cTransformando vidas, cuidando familias\u201d: Vero Lezama presenta su Primer Informe al frente del DIF Quintana Roo - El Puuc Noticias\" \/>\n<meta property=\"og:description\" content=\"Con un mensaje claro y lleno de sensibilidad social, Vero Lezama, presidenta honoraria del Sistema DIF Quintana Roo,\" \/>\n<meta property=\"og:url\" content=\"https:\/\/elpuucnoticias.com\/?p=19263\" \/>\n<meta property=\"og:site_name\" content=\"El Puuc Noticias\" \/>\n<meta property=\"article:published_time\" content=\"2025-06-13T19:04:40+00:00\" \/>\n<meta property=\"article:modified_time\" content=\"2025-06-13T19:04:41+00:00\" \/>\n<meta property=\"og:image\" content=\"https:\/\/elpuucnoticias.com\/wp-content\/uploads\/2025\/06\/whatsapp-image-2025-06-13-at-12.39.28-pm-scaled.jpeg\" \/>\n\t<meta property=\"og:image:width\" content=\"2560\" \/>\n\t<meta property=\"og:image:height\" content=\"1707\" \/>\n\t<meta property=\"og:image:type\" content=\"image\/jpeg\" \/>\n<meta name=\"twitter:card\" content=\"summary_large_image\" \/>\n<meta name=\"twitter:label1\" content=\"Escrito por\" \/>\n\t<meta name=\"twitter:data1\" content=\"elpuucnoticias\" \/>\n\t<meta name=\"twitter:label2\" content=\"Tiempo de lectura\" \/>\n\t<meta name=\"twitter:data2\" content=\"4 minutos\" \/>\n<script type=\"application\/ld+json\" class=\"yoast-schema-graph\">{\"@context\":\"https:\/\/schema.org\",\"@graph\":[{\"@type\":\"WebSite\",\"@id\":\"https:\/\/elpuucnoticias.com\/#website\",\"url\":\"https:\/\/elpuucnoticias.com\/\",\"name\":\"El Puuc Noticias\",\"description\":\"Noticias - Entretenimiento - Deportes\",\"potentialAction\":[{\"@type\":\"SearchAction\",\"target\":{\"@type\":\"EntryPoint\",\"urlTemplate\":\"https:\/\/elpuucnoticias.com\/?s={search_term_string}\"},\"query-input\":\"required name=search_term_string\"}],\"inLanguage\":\"es\"},{\"@type\":\"ImageObject\",\"@id\":\"https:\/\/elpuucnoticias.com\/?p=19263#primaryimage\",\"inLanguage\":\"es\",\"url\":\"https:\/\/elpuucnoticias.com\/wp-content\/uploads\/2025\/06\/whatsapp-image-2025-06-13-at-12.39.28-pm-scaled.jpeg\",\"contentUrl\":\"https:\/\/elpuucnoticias.com\/wp-content\/uploads\/2025\/06\/whatsapp-image-2025-06-13-at-12.39.28-pm-scaled.jpeg\",\"width\":2560,\"height\":1707},{\"@type\":\"WebPage\",\"@id\":\"https:\/\/elpuucnoticias.com\/?p=19263#webpage\",\"url\":\"https:\/\/elpuucnoticias.com\/?p=19263\",\"name\":\"\u201cTransformando vidas, cuidando familias\u201d: Vero Lezama presenta su Primer Informe al frente del DIF Quintana Roo - El Puuc Noticias\",\"isPartOf\":{\"@id\":\"https:\/\/elpuucnoticias.com\/#website\"},\"primaryImageOfPage\":{\"@id\":\"https:\/\/elpuucnoticias.com\/?p=19263#primaryimage\"},\"datePublished\":\"2025-06-13T19:04:40+00:00\",\"dateModified\":\"2025-06-13T19:04:41+00:00\",\"author\":{\"@id\":\"https:\/\/elpuucnoticias.com\/#\/schema\/person\/d2ea09e4c97f0160b11cdfb1d856bd9e\"},\"breadcrumb\":{\"@id\":\"https:\/\/elpuucnoticias.com\/?p=19263#breadcrumb\"},\"inLanguage\":\"es\",\"potentialAction\":[{\"@type\":\"ReadAction\",\"target\":[\"https:\/\/elpuucnoticias.com\/?p=19263\"]}]},{\"@type\":\"BreadcrumbList\",\"@id\":\"https:\/\/elpuucnoticias.com\/?p=19263#breadcrumb\",\"itemListElement\":[{\"@type\":\"ListItem\",\"position\":1,\"name\":\"Portada\",\"item\":\"https:\/\/elpuucnoticias.com\/\"},{\"@type\":\"ListItem\",\"position\":2,\"name\":\"\u201cTransformando vidas, cuidando familias\u201d: Vero Lezama presenta su Primer Informe al frente del DIF Quintana Roo\"}]},{\"@type\":\"Person\",\"@id\":\"https:\/\/elpuucnoticias.com\/#\/schema\/person\/d2ea09e4c97f0160b11cdfb1d856bd9e\",\"name\":\"elpuucnoticias\",\"image\":{\"@type\":\"ImageObject\",\"@id\":\"https:\/\/elpuucnoticias.com\/#personlogo\",\"inLanguage\":\"es\",\"url\":\"https:\/\/secure.gravatar.com\/avatar\/5290a43657c74ffa15701dbe5b846bd85cc71930d803c84e91046a7333de6ce2?s=96&d=mm&r=g\",\"contentUrl\":\"https:\/\/secure.gravatar.com\/avatar\/5290a43657c74ffa15701dbe5b846bd85cc71930d803c84e91046a7333de6ce2?s=96&d=mm&r=g\",\"caption\":\"elpuucnoticias\"},\"sameAs\":[\"https:\/\/elpuucnoticias.com\"],\"url\":\"https:\/\/elpuucnoticias.com\/?author=1\"}]}<\/script>\n<!-- \/ Yoast SEO plugin. -->","yoast_head_json":{"title":"\u201cTransformando vidas, cuidando familias\u201d: Vero Lezama presenta su Primer Informe al frente del DIF Quintana Roo - El Puuc Noticias","robots":{"index":"index","follow":"follow","max-snippet":"max-snippet:-1","max-image-preview":"max-image-preview:large","max-video-preview":"max-video-preview:-1"},"canonical":"https:\/\/elpuucnoticias.com\/?p=19263","og_locale":"es_ES","og_type":"article","og_title":"\u201cTransformando vidas, cuidando familias\u201d: Vero Lezama presenta su Primer Informe al frente del DIF Quintana Roo - El Puuc Noticias","og_description":"Con un mensaje claro y lleno de sensibilidad social, Vero Lezama, presidenta honoraria del Sistema DIF Quintana Roo,","og_url":"https:\/\/elpuucnoticias.com\/?p=19263","og_site_name":"El Puuc Noticias","article_published_time":"2025-06-13T19:04:40+00:00","article_modified_time":"2025-06-13T19:04:41+00:00","og_image":[{"width":2560,"height":1707,"url":"https:\/\/elpuucnoticias.com\/wp-content\/uploads\/2025\/06\/whatsapp-image-2025-06-13-at-12.39.28-pm-scaled.jpeg","type":"image\/jpeg"}],"twitter_card":"summary_large_image","twitter_misc":{"Escrito por":"elpuucnoticias","Tiempo de lectura":"4 minutos"},"schema":{"@context":"https:\/\/schema.org","@graph":[{"@type":"WebSite","@id":"https:\/\/elpuucnoticias.com\/#website","url":"https:\/\/elpuucnoticias.com\/","name":"El Puuc Noticias","description":"Noticias - Entretenimiento - Deportes","potentialAction":[{"@type":"SearchAction","target":{"@type":"EntryPoint","urlTemplate":"https:\/\/elpuucnoticias.com\/?s={search_term_string}"},"query-input":"required name=search_term_string"}],"inLanguage":"es"},{"@type":"ImageObject","@id":"https:\/\/elpuucnoticias.com\/?p=19263#primaryimage","inLanguage":"es","url":"https:\/\/elpuucnoticias.com\/wp-content\/uploads\/2025\/06\/whatsapp-image-2025-06-13-at-12.39.28-pm-scaled.jpeg","contentUrl":"https:\/\/elpuucnoticias.com\/wp-content\/uploads\/2025\/06\/whatsapp-image-2025-06-13-at-12.39.28-pm-scaled.jpeg","width":2560,"height":1707},{"@type":"WebPage","@id":"https:\/\/elpuucnoticias.com\/?p=19263#webpage","url":"https:\/\/elpuucnoticias.com\/?p=19263","name":"\u201cTransformando vidas, cuidando familias\u201d: Vero Lezama presenta su Primer Informe al frente del DIF Quintana Roo - El Puuc Noticias","isPartOf":{"@id":"https:\/\/elpuucnoticias.com\/#website"},"primaryImageOfPage":{"@id":"https:\/\/elpuucnoticias.com\/?p=19263#primaryimage"},"datePublished":"2025-06-13T19:04:40+00:00","dateModified":"2025-06-13T19:04:41+00:00","author":{"@id":"https:\/\/elpuucnoticias.com\/#\/schema\/person\/d2ea09e4c97f0160b11cdfb1d856bd9e"},"breadcrumb":{"@id":"https:\/\/elpuucnoticias.com\/?p=19263#breadcrumb"},"inLanguage":"es","potentialAction":[{"@type":"ReadAction","target":["https:\/\/elpuucnoticias.com\/?p=19263"]}]},{"@type":"BreadcrumbList","@id":"https:\/\/elpuucnoticias.com\/?p=19263#breadcrumb","itemListElement":[{"@type":"ListItem","position":1,"name":"Portada","item":"https:\/\/elpuucnoticias.com\/"},{"@type":"ListItem","position":2,"name":"\u201cTransformando vidas, cuidando familias\u201d: Vero Lezama presenta su Primer Informe al frente del DIF Quintana Roo"}]},{"@type":"Person","@id":"https:\/\/elpuucnoticias.com\/#\/schema\/person\/d2ea09e4c97f0160b11cdfb1d856bd9e","name":"elpuucnoticias","image":{"@type":"ImageObject","@id":"https:\/\/elpuucnoticias.com\/#personlogo","inLanguage":"es","url":"https:\/\/secure.gravatar.com\/avatar\/5290a43657c74ffa15701dbe5b846bd85cc71930d803c84e91046a7333de6ce2?s=96&d=mm&r=g","contentUrl":"https:\/\/secure.gravatar.com\/avatar\/5290a43657c74ffa15701dbe5b846bd85cc71930d803c84e91046a7333de6ce2?s=96&d=mm&r=g","caption":"elpuucnoticias"},"sameAs":["https:\/\/elpuucnoticias.com"],"url":"https:\/\/elpuucnoticias.com\/?author=1"}]}},"_links":{"self":[{"href":"https:\/\/elpuucnoticias.com\/index.php?rest_route=\/wp\/v2\/posts\/19263","targetHints":{"allow":["GET"]}}],"collection":[{"href":"https:\/\/elpuucnoticias.com\/index.php?rest_route=\/wp\/v2\/posts"}],"about":[{"href":"https:\/\/elpuucnoticias.com\/index.php?rest_route=\/wp\/v2\/types\/post"}],"author":[{"embeddable":true,"href":"https:\/\/elpuucnoticias.com\/index.php?rest_route=\/wp\/v2\/users\/1"}],"replies":[{"embeddable":true,"href":"https:\/\/elpuucnoticias.com\/index.php?rest_route=%2Fwp%2Fv2%2Fcomments&post=19263"}],"version-history":[{"count":1,"href":"https:\/\/elpuucnoticias.com\/index.php?rest_route=\/wp\/v2\/posts\/19263\/revisions"}],"predecessor-version":[{"id":19270,"href":"https:\/\/elpuucnoticias.com\/index.php?rest_route=\/wp\/v2\/posts\/19263\/revisions\/19270"}],"wp:featuredmedia":[{"embeddable":true,"href":"https:\/\/elpuucnoticias.com\/index.php?rest_route=\/wp\/v2\/media\/19269"}],"wp:attachment":[{"href":"https:\/\/elpuucnoticias.com\/index.php?rest_route=%2Fwp%2Fv2%2Fmedia&parent=19263"}],"wp:term":[{"taxonomy":"category","embeddable":true,"href":"https:\/\/elpuucnoticias.com\/index.php?rest_route=%2Fwp%2Fv2%2Fcategories&post=19263"},{"taxonomy":"post_tag","embeddable":true,"href":"https:\/\/elpuucnoticias.com\/index.php?rest_route=%2Fwp%2Fv2%2Ftags&post=19263"}],"curies":[{"name":"wp","href":"https:\/\/api.w.org\/{rel}","templated":true}]}}