{"id":1937,"date":"2022-06-01T17:08:32","date_gmt":"2022-06-01T23:08:32","guid":{"rendered":"https:\/\/elpuucnoticias.com\/?p=1937"},"modified":"2022-06-01T17:08:34","modified_gmt":"2022-06-01T23:08:34","slug":"en-quintana-roo-se-conmemoro-el-80-aniversario-de-la-marina-nacional","status":"publish","type":"post","link":"https:\/\/elpuucnoticias.com\/?p=1937","title":{"rendered":"En Quintana Roo se conmemor\u00f3 el 80 Aniversario de la Marina Nacional"},"content":{"rendered":"\n<p>Para conmemorar el D\u00eda de la Marina Nacional, el gobernador Carlos Joaqu\u00edn particip\u00f3 en el acto protocolario que se llev\u00f3 a cabo en la Quinta Regi\u00f3n Naval de Isla Mujeres, as\u00ed como en la ofrenda floral en el mar.<\/p>\n\n\n\n<p>El Almirante Cuerpo General Diplomado de Estado Mayor Javier Abarca Garc\u00eda, comandante de la Quinta Regi\u00f3n Naval, dio lectura al mensaje del Secretario de Marina, Almirante Jos\u00e9 Rafael Ojeda Dur\u00e1n, en ocasi\u00f3n de la conmemoraci\u00f3n y en el que destac\u00f3 que esta efem\u00e9ride recuerda el compromiso de salvaguardar los mares, los recursos naturales y el desarrollo de rutas comerciales.<\/p>\n\n\n\n<p>\u00abEstamos convencidos de que cada proyecto y acci\u00f3n debe estar respaldada por la transparencia. Asimismo, apoyamos para que las y los mexicanos participen y juntos tengamos una soberan\u00eda con un desarrollo econ\u00f3mico sustentable\u00bb, dijo el Almirante.<\/p>\n\n\n\n<p>Como parte de las actividades conmemorativas, el gobernador Carlos Joaqu\u00edn y el Almirante Javier Abarca Garc\u00eda lanzaron una ofrenda floral al mar Caribe durante una ceremonia en la que se dio lectura de la evocaci\u00f3n a los marinos ca\u00eddos y toque de silencio con pito marinero.<\/p>\n\n\n\n<p>Asistieron a esta conmemoraci\u00f3n Adolfo del Rosal Ricalde, magistrado presidente del Tribunal Superior de Justicia y del Consejo de la Judicatura del Estado; el diputado Edgar Humberto Gasca Arceo, presidente de la Comisi\u00f3n de Salud y asistencia social; el capit\u00e1n de Puerto de Isla Mujeres, Mario Mart\u00ednez Mart\u00ednez; Jes\u00fas Rojas Garc\u00eda, en representaci\u00f3n de la Coordinaci\u00f3n General de la Guardia Nacional en Quintana Roo y la presidenta municipal de Isla Mujeres, Atenea G\u00f3mez Ricalde.<\/p>\n\n\n\n<p>Asimismo, estuvieron presentes Alicia Ricalde Maga\u00f1a, directora de la Administraci\u00f3n Portuaria Integral de Quintana Roo; el vicealmirante Marcelino Tapia Minjares, capit\u00e1n de Puerto regional de Puerto Ju\u00e1rez; el general Pablo Anguiano Galindo, comandante de la Guarnici\u00f3n Militar de Canc\u00fan y Lourdes Latife Cardona Muza, presidenta municipal interina de Benito Ju\u00e1rez.<\/p>\n","protected":false},"excerpt":{"rendered":"<p>Para conmemorar el D\u00eda de la Marina Nacional, el gobernador Carlos Joaqu\u00edn particip\u00f3 en el acto protocolario que<\/p>\n","protected":false},"author":1,"featured_media":1938,"comment_status":"closed","ping_status":"open","sticky":false,"template":"","format":"standard","meta":{"_monsterinsights_skip_tracking":false,"_monsterinsights_sitenote_active":false,"_monsterinsights_sitenote_note":"","_monsterinsights_sitenote_category":0,"footnotes":""},"categories":[11],"tags":[],"class_list":["post-1937","post","type-post","status-publish","format-standard","has-post-thumbnail","hentry","category-noticias"],"yoast_head":"<!-- This site is optimized with the Yoast SEO plugin v18.3 - https:\/\/yoast.com\/wordpress\/plugins\/seo\/ -->\n<title>En Quintana Roo se conmemor\u00f3 el 80 Aniversario de la Marina Nacional - El Puuc Noticias<\/title>\n<meta name=\"robots\" content=\"index, follow, max-snippet:-1, max-image-preview:large, max-video-preview:-1\" \/>\n<link rel=\"canonical\" href=\"https:\/\/elpuucnoticias.com\/?p=1937\" \/>\n<meta property=\"og:locale\" content=\"es_ES\" \/>\n<meta property=\"og:type\" content=\"article\" \/>\n<meta property=\"og:title\" content=\"En Quintana Roo se conmemor\u00f3 el 80 Aniversario de la Marina Nacional - El Puuc Noticias\" \/>\n<meta property=\"og:description\" content=\"Para conmemorar el D\u00eda de la Marina Nacional, el gobernador Carlos Joaqu\u00edn particip\u00f3 en el acto protocolario que\" \/>\n<meta property=\"og:url\" content=\"https:\/\/elpuucnoticias.com\/?p=1937\" \/>\n<meta property=\"og:site_name\" content=\"El Puuc Noticias\" \/>\n<meta property=\"article:published_time\" content=\"2022-06-01T23:08:32+00:00\" \/>\n<meta property=\"article:modified_time\" content=\"2022-06-01T23:08:34+00:00\" \/>\n<meta property=\"og:image\" content=\"https:\/\/elpuucnoticias.com\/wp-content\/uploads\/2022\/06\/WhatsApp-Image-2022-06-01-at-2.26.32-PM.jpeg\" \/>\n\t<meta property=\"og:image:width\" content=\"1280\" \/>\n\t<meta property=\"og:image:height\" content=\"720\" \/>\n\t<meta property=\"og:image:type\" content=\"image\/jpeg\" \/>\n<meta name=\"twitter:card\" content=\"summary_large_image\" \/>\n<meta name=\"twitter:label1\" content=\"Escrito por\" \/>\n\t<meta name=\"twitter:data1\" content=\"elpuucnoticias\" \/>\n\t<meta name=\"twitter:label2\" content=\"Tiempo de lectura\" \/>\n\t<meta name=\"twitter:data2\" content=\"2 minutos\" \/>\n<script type=\"application\/ld+json\" class=\"yoast-schema-graph\">{\"@context\":\"https:\/\/schema.org\",\"@graph\":[{\"@type\":\"WebSite\",\"@id\":\"https:\/\/elpuucnoticias.com\/#website\",\"url\":\"https:\/\/elpuucnoticias.com\/\",\"name\":\"El Puuc Noticias\",\"description\":\"Noticias - Entretenimiento - Deportes\",\"potentialAction\":[{\"@type\":\"SearchAction\",\"target\":{\"@type\":\"EntryPoint\",\"urlTemplate\":\"https:\/\/elpuucnoticias.com\/?s={search_term_string}\"},\"query-input\":\"required name=search_term_string\"}],\"inLanguage\":\"es\"},{\"@type\":\"ImageObject\",\"@id\":\"https:\/\/elpuucnoticias.com\/?p=1937#primaryimage\",\"inLanguage\":\"es\",\"url\":\"https:\/\/elpuucnoticias.com\/wp-content\/uploads\/2022\/06\/WhatsApp-Image-2022-06-01-at-2.26.32-PM.jpeg\",\"contentUrl\":\"https:\/\/elpuucnoticias.com\/wp-content\/uploads\/2022\/06\/WhatsApp-Image-2022-06-01-at-2.26.32-PM.jpeg\",\"width\":1280,\"height\":720},{\"@type\":\"WebPage\",\"@id\":\"https:\/\/elpuucnoticias.com\/?p=1937#webpage\",\"url\":\"https:\/\/elpuucnoticias.com\/?p=1937\",\"name\":\"En Quintana Roo se conmemor\u00f3 el 80 Aniversario de la Marina Nacional - El Puuc Noticias\",\"isPartOf\":{\"@id\":\"https:\/\/elpuucnoticias.com\/#website\"},\"primaryImageOfPage\":{\"@id\":\"https:\/\/elpuucnoticias.com\/?p=1937#primaryimage\"},\"datePublished\":\"2022-06-01T23:08:32+00:00\",\"dateModified\":\"2022-06-01T23:08:34+00:00\",\"author\":{\"@id\":\"https:\/\/elpuucnoticias.com\/#\/schema\/person\/d2ea09e4c97f0160b11cdfb1d856bd9e\"},\"breadcrumb\":{\"@id\":\"https:\/\/elpuucnoticias.com\/?p=1937#breadcrumb\"},\"inLanguage\":\"es\",\"potentialAction\":[{\"@type\":\"ReadAction\",\"target\":[\"https:\/\/elpuucnoticias.com\/?p=1937\"]}]},{\"@type\":\"BreadcrumbList\",\"@id\":\"https:\/\/elpuucnoticias.com\/?p=1937#breadcrumb\",\"itemListElement\":[{\"@type\":\"ListItem\",\"position\":1,\"name\":\"Portada\",\"item\":\"https:\/\/elpuucnoticias.com\/\"},{\"@type\":\"ListItem\",\"position\":2,\"name\":\"En Quintana Roo se conmemor\u00f3 el 80 Aniversario de la Marina Nacional\"}]},{\"@type\":\"Person\",\"@id\":\"https:\/\/elpuucnoticias.com\/#\/schema\/person\/d2ea09e4c97f0160b11cdfb1d856bd9e\",\"name\":\"elpuucnoticias\",\"image\":{\"@type\":\"ImageObject\",\"@id\":\"https:\/\/elpuucnoticias.com\/#personlogo\",\"inLanguage\":\"es\",\"url\":\"https:\/\/secure.gravatar.com\/avatar\/5290a43657c74ffa15701dbe5b846bd85cc71930d803c84e91046a7333de6ce2?s=96&d=mm&r=g\",\"contentUrl\":\"https:\/\/secure.gravatar.com\/avatar\/5290a43657c74ffa15701dbe5b846bd85cc71930d803c84e91046a7333de6ce2?s=96&d=mm&r=g\",\"caption\":\"elpuucnoticias\"},\"sameAs\":[\"https:\/\/elpuucnoticias.com\"],\"url\":\"https:\/\/elpuucnoticias.com\/?author=1\"}]}<\/script>\n<!-- \/ Yoast SEO plugin. -->","yoast_head_json":{"title":"En Quintana Roo se conmemor\u00f3 el 80 Aniversario de la Marina Nacional - El Puuc Noticias","robots":{"index":"index","follow":"follow","max-snippet":"max-snippet:-1","max-image-preview":"max-image-preview:large","max-video-preview":"max-video-preview:-1"},"canonical":"https:\/\/elpuucnoticias.com\/?p=1937","og_locale":"es_ES","og_type":"article","og_title":"En Quintana Roo se conmemor\u00f3 el 80 Aniversario de la Marina Nacional - El Puuc Noticias","og_description":"Para conmemorar el D\u00eda de la Marina Nacional, el gobernador Carlos Joaqu\u00edn particip\u00f3 en el acto protocolario que","og_url":"https:\/\/elpuucnoticias.com\/?p=1937","og_site_name":"El Puuc Noticias","article_published_time":"2022-06-01T23:08:32+00:00","article_modified_time":"2022-06-01T23:08:34+00:00","og_image":[{"width":1280,"height":720,"url":"https:\/\/elpuucnoticias.com\/wp-content\/uploads\/2022\/06\/WhatsApp-Image-2022-06-01-at-2.26.32-PM.jpeg","type":"image\/jpeg"}],"twitter_card":"summary_large_image","twitter_misc":{"Escrito por":"elpuucnoticias","Tiempo de lectura":"2 minutos"},"schema":{"@context":"https:\/\/schema.org","@graph":[{"@type":"WebSite","@id":"https:\/\/elpuucnoticias.com\/#website","url":"https:\/\/elpuucnoticias.com\/","name":"El Puuc Noticias","description":"Noticias - Entretenimiento - Deportes","potentialAction":[{"@type":"SearchAction","target":{"@type":"EntryPoint","urlTemplate":"https:\/\/elpuucnoticias.com\/?s={search_term_string}"},"query-input":"required name=search_term_string"}],"inLanguage":"es"},{"@type":"ImageObject","@id":"https:\/\/elpuucnoticias.com\/?p=1937#primaryimage","inLanguage":"es","url":"https:\/\/elpuucnoticias.com\/wp-content\/uploads\/2022\/06\/WhatsApp-Image-2022-06-01-at-2.26.32-PM.jpeg","contentUrl":"https:\/\/elpuucnoticias.com\/wp-content\/uploads\/2022\/06\/WhatsApp-Image-2022-06-01-at-2.26.32-PM.jpeg","width":1280,"height":720},{"@type":"WebPage","@id":"https:\/\/elpuucnoticias.com\/?p=1937#webpage","url":"https:\/\/elpuucnoticias.com\/?p=1937","name":"En Quintana Roo se conmemor\u00f3 el 80 Aniversario de la Marina Nacional - El Puuc Noticias","isPartOf":{"@id":"https:\/\/elpuucnoticias.com\/#website"},"primaryImageOfPage":{"@id":"https:\/\/elpuucnoticias.com\/?p=1937#primaryimage"},"datePublished":"2022-06-01T23:08:32+00:00","dateModified":"2022-06-01T23:08:34+00:00","author":{"@id":"https:\/\/elpuucnoticias.com\/#\/schema\/person\/d2ea09e4c97f0160b11cdfb1d856bd9e"},"breadcrumb":{"@id":"https:\/\/elpuucnoticias.com\/?p=1937#breadcrumb"},"inLanguage":"es","potentialAction":[{"@type":"ReadAction","target":["https:\/\/elpuucnoticias.com\/?p=1937"]}]},{"@type":"BreadcrumbList","@id":"https:\/\/elpuucnoticias.com\/?p=1937#breadcrumb","itemListElement":[{"@type":"ListItem","position":1,"name":"Portada","item":"https:\/\/elpuucnoticias.com\/"},{"@type":"ListItem","position":2,"name":"En Quintana Roo se conmemor\u00f3 el 80 Aniversario de la Marina Nacional"}]},{"@type":"Person","@id":"https:\/\/elpuucnoticias.com\/#\/schema\/person\/d2ea09e4c97f0160b11cdfb1d856bd9e","name":"elpuucnoticias","image":{"@type":"ImageObject","@id":"https:\/\/elpuucnoticias.com\/#personlogo","inLanguage":"es","url":"https:\/\/secure.gravatar.com\/avatar\/5290a43657c74ffa15701dbe5b846bd85cc71930d803c84e91046a7333de6ce2?s=96&d=mm&r=g","contentUrl":"https:\/\/secure.gravatar.com\/avatar\/5290a43657c74ffa15701dbe5b846bd85cc71930d803c84e91046a7333de6ce2?s=96&d=mm&r=g","caption":"elpuucnoticias"},"sameAs":["https:\/\/elpuucnoticias.com"],"url":"https:\/\/elpuucnoticias.com\/?author=1"}]}},"_links":{"self":[{"href":"https:\/\/elpuucnoticias.com\/index.php?rest_route=\/wp\/v2\/posts\/1937","targetHints":{"allow":["GET"]}}],"collection":[{"href":"https:\/\/elpuucnoticias.com\/index.php?rest_route=\/wp\/v2\/posts"}],"about":[{"href":"https:\/\/elpuucnoticias.com\/index.php?rest_route=\/wp\/v2\/types\/post"}],"author":[{"embeddable":true,"href":"https:\/\/elpuucnoticias.com\/index.php?rest_route=\/wp\/v2\/users\/1"}],"replies":[{"embeddable":true,"href":"https:\/\/elpuucnoticias.com\/index.php?rest_route=%2Fwp%2Fv2%2Fcomments&post=1937"}],"version-history":[{"count":1,"href":"https:\/\/elpuucnoticias.com\/index.php?rest_route=\/wp\/v2\/posts\/1937\/revisions"}],"predecessor-version":[{"id":1939,"href":"https:\/\/elpuucnoticias.com\/index.php?rest_route=\/wp\/v2\/posts\/1937\/revisions\/1939"}],"wp:featuredmedia":[{"embeddable":true,"href":"https:\/\/elpuucnoticias.com\/index.php?rest_route=\/wp\/v2\/media\/1938"}],"wp:attachment":[{"href":"https:\/\/elpuucnoticias.com\/index.php?rest_route=%2Fwp%2Fv2%2Fmedia&parent=1937"}],"wp:term":[{"taxonomy":"category","embeddable":true,"href":"https:\/\/elpuucnoticias.com\/index.php?rest_route=%2Fwp%2Fv2%2Fcategories&post=1937"},{"taxonomy":"post_tag","embeddable":true,"href":"https:\/\/elpuucnoticias.com\/index.php?rest_route=%2Fwp%2Fv2%2Ftags&post=1937"}],"curies":[{"name":"wp","href":"https:\/\/api.w.org\/{rel}","templated":true}]}}