{"id":1952,"date":"2022-06-01T17:50:09","date_gmt":"2022-06-01T23:50:09","guid":{"rendered":"https:\/\/elpuucnoticias.com\/?p=1952"},"modified":"2022-06-01T17:50:11","modified_gmt":"2022-06-01T23:50:11","slug":"colocan-la-primera-piedra-para-la-construccion-de-la-nueva-escuela-fabian-sansores-en-la-colonia-chobenche-de-tekax","status":"publish","type":"post","link":"https:\/\/elpuucnoticias.com\/?p=1952","title":{"rendered":"Colocan la primera piedra para la construcci\u00f3n de la nueva escuela Fabi\u00e1n Sansores, en la colonia Chobench\u00e9 de Tekax"},"content":{"rendered":"\n<p>En evento encabezado por el alcalde, Diego \u00c1vila Romero, y el secretario de Educaci\u00f3n del Gobierno del Estado, Liborio Vidal Aguilar, se realiz\u00f3 la colocaci\u00f3n de la primera piedra de la escuela Fabi\u00e1n Sansores, que tendr\u00e1 nuevos edificios en la colonia Chobench\u00e9.<\/p>\n\n\n\n<figure class=\"wp-block-image size-large is-resized\"><img loading=\"lazy\" decoding=\"async\" src=\"https:\/\/elpuucnoticias.com\/wp-content\/uploads\/2022\/05\/bioclinics-1024x254.jpeg\" alt=\"\" class=\"wp-image-1910\" width=\"423\" height=\"105\" srcset=\"https:\/\/elpuucnoticias.com\/wp-content\/uploads\/2022\/05\/bioclinics-1024x254.jpeg 1024w, https:\/\/elpuucnoticias.com\/wp-content\/uploads\/2022\/05\/bioclinics-300x74.jpeg 300w, https:\/\/elpuucnoticias.com\/wp-content\/uploads\/2022\/05\/bioclinics-768x191.jpeg 768w, https:\/\/elpuucnoticias.com\/wp-content\/uploads\/2022\/05\/bioclinics.jpeg 1156w\" sizes=\"auto, (max-width: 423px) 100vw, 423px\" \/><\/figure>\n\n\n\n<p>En la actividad estuvo Juan Mart\u00edn Catz\u00edn Buenfil, director de la primaria; Jorge Manuel Ojeda Acosta, supervisor de la Zona Escolar 081; Sonia Esther Cuevas Lujano, jefa de Sector; Ariel Ram\u00edrez Ceballos, representante de los padres de familia, entre otros.<\/p>\n\n\n\n<figure class=\"wp-block-gallery has-nested-images columns-default is-cropped wp-block-gallery-1 is-layout-flex wp-block-gallery-is-layout-flex\">\n<figure class=\"wp-block-image size-large\"><img loading=\"lazy\" decoding=\"async\" width=\"1024\" height=\"683\" data-id=\"1954\" src=\"https:\/\/elpuucnoticias.com\/wp-content\/uploads\/2022\/06\/IMG_3646-1024x683.jpg\" alt=\"\" class=\"wp-image-1954\" srcset=\"https:\/\/elpuucnoticias.com\/wp-content\/uploads\/2022\/06\/IMG_3646-1024x683.jpg 1024w, https:\/\/elpuucnoticias.com\/wp-content\/uploads\/2022\/06\/IMG_3646-300x200.jpg 300w, https:\/\/elpuucnoticias.com\/wp-content\/uploads\/2022\/06\/IMG_3646-768x512.jpg 768w, https:\/\/elpuucnoticias.com\/wp-content\/uploads\/2022\/06\/IMG_3646-1536x1024.jpg 1536w, https:\/\/elpuucnoticias.com\/wp-content\/uploads\/2022\/06\/IMG_3646.jpg 1920w\" sizes=\"auto, (max-width: 1024px) 100vw, 1024px\" \/><\/figure>\n\n\n\n<figure class=\"wp-block-image size-large\"><img loading=\"lazy\" decoding=\"async\" width=\"1024\" height=\"683\" data-id=\"1955\" src=\"https:\/\/elpuucnoticias.com\/wp-content\/uploads\/2022\/06\/IMG_3658-1024x683.jpg\" alt=\"\" class=\"wp-image-1955\" srcset=\"https:\/\/elpuucnoticias.com\/wp-content\/uploads\/2022\/06\/IMG_3658-1024x683.jpg 1024w, https:\/\/elpuucnoticias.com\/wp-content\/uploads\/2022\/06\/IMG_3658-300x200.jpg 300w, https:\/\/elpuucnoticias.com\/wp-content\/uploads\/2022\/06\/IMG_3658-768x512.jpg 768w, https:\/\/elpuucnoticias.com\/wp-content\/uploads\/2022\/06\/IMG_3658-1536x1024.jpg 1536w, https:\/\/elpuucnoticias.com\/wp-content\/uploads\/2022\/06\/IMG_3658.jpg 1920w\" sizes=\"auto, (max-width: 1024px) 100vw, 1024px\" \/><\/figure>\n<\/figure>\n\n\n\n<p>Se inform\u00f3 que para la construcci\u00f3n se han destinado $8.749,333 para seis aulas did\u00e1cticas, oficinas administrativas, ba\u00f1os, plaza c\u00edvica, p\u00f3rtico de acceso y subestaci\u00f3n el\u00e9ctrica, para beneficio de 312 alumnos.<\/p>\n\n\n\n<p>En 2020 la primaria se vio afectada por la tormenta Cristobal y por ello se determin\u00f3 que sus instalaciones representaban un riesgo para los ni\u00f1os. Por ello la Casa de Jubilados y Pensionados, ha prestado sus instalaciones para que los ni\u00f1os tomen clases.<\/p>\n\n\n\n<figure class=\"wp-block-image size-large is-resized\"><img loading=\"lazy\" decoding=\"async\" src=\"https:\/\/elpuucnoticias.com\/wp-content\/uploads\/2022\/05\/felino-flayer-1024x583.jpg\" alt=\"\" class=\"wp-image-1402\" width=\"398\" height=\"226\" srcset=\"https:\/\/elpuucnoticias.com\/wp-content\/uploads\/2022\/05\/felino-flayer-1024x583.jpg 1024w, https:\/\/elpuucnoticias.com\/wp-content\/uploads\/2022\/05\/felino-flayer-300x171.jpg 300w, https:\/\/elpuucnoticias.com\/wp-content\/uploads\/2022\/05\/felino-flayer-768x437.jpg 768w, https:\/\/elpuucnoticias.com\/wp-content\/uploads\/2022\/05\/felino-flayer.jpg 1237w\" sizes=\"auto, (max-width: 398px) 100vw, 398px\" \/><\/figure>\n\n\n\n<p>\u00abCumplimos con la educaci\u00f3n, con el arranque de esta obra. Fueron meses de trabajo en conjunto con la Secretar\u00eda de Educaci\u00f3n y el gobierno del Estado para realizar la planeaci\u00f3n para el inicio de la construcci\u00f3n de la primera etapa de la obra, y hoy es una realidad\u00bb, indic\u00f3 Diego \u00c1vila.<\/p>\n\n\n\n<figure class=\"wp-block-image size-large\"><img loading=\"lazy\" decoding=\"async\" width=\"683\" height=\"1024\" src=\"https:\/\/elpuucnoticias.com\/wp-content\/uploads\/2022\/06\/IMG_3630-683x1024.jpg\" alt=\"\" class=\"wp-image-1956\" srcset=\"https:\/\/elpuucnoticias.com\/wp-content\/uploads\/2022\/06\/IMG_3630-683x1024.jpg 683w, https:\/\/elpuucnoticias.com\/wp-content\/uploads\/2022\/06\/IMG_3630-200x300.jpg 200w, https:\/\/elpuucnoticias.com\/wp-content\/uploads\/2022\/06\/IMG_3630-768x1152.jpg 768w, https:\/\/elpuucnoticias.com\/wp-content\/uploads\/2022\/06\/IMG_3630-1024x1536.jpg 1024w, https:\/\/elpuucnoticias.com\/wp-content\/uploads\/2022\/06\/IMG_3630.jpg 1280w\" sizes=\"auto, (max-width: 683px) 100vw, 683px\" \/><\/figure>\n\n\n\n<p>\u00abNuestras ni\u00f1as y ni\u00f1os tendr\u00e1n espacios seguros, accesibles y de calidad para poder estudiar. Agradezco a los padres por su paciencia y confianza, esto demuestra que el trabajo en equipo siempre da grandes resultados\u00bb, puntualiz\u00f3.\u2014 <em>El Puuc Noticias<\/em><\/p>\n","protected":false},"excerpt":{"rendered":"<p>En evento encabezado por el alcalde, Diego \u00c1vila Romero, y el secretario de Educaci\u00f3n del Gobierno del Estado,<\/p>\n","protected":false},"author":1,"featured_media":1953,"comment_status":"closed","ping_status":"open","sticky":false,"template":"","format":"standard","meta":{"_monsterinsights_skip_tracking":false,"_monsterinsights_sitenote_active":false,"_monsterinsights_sitenote_note":"","_monsterinsights_sitenote_category":0,"footnotes":""},"categories":[11,4],"tags":[],"class_list":["post-1952","post","type-post","status-publish","format-standard","has-post-thumbnail","hentry","category-noticias","category-tekax"],"yoast_head":"<!-- This site is optimized with the Yoast SEO plugin v18.3 - https:\/\/yoast.com\/wordpress\/plugins\/seo\/ -->\n<title>Colocan la primera piedra para la construcci\u00f3n de la nueva escuela Fabi\u00e1n Sansores, en la colonia Chobench\u00e9 de Tekax - El Puuc Noticias<\/title>\n<meta name=\"robots\" content=\"index, follow, max-snippet:-1, max-image-preview:large, max-video-preview:-1\" \/>\n<link rel=\"canonical\" href=\"https:\/\/elpuucnoticias.com\/?p=1952\" \/>\n<meta property=\"og:locale\" content=\"es_ES\" \/>\n<meta property=\"og:type\" content=\"article\" \/>\n<meta property=\"og:title\" content=\"Colocan la primera piedra para la construcci\u00f3n de la nueva escuela Fabi\u00e1n Sansores, en la colonia Chobench\u00e9 de Tekax - El Puuc Noticias\" \/>\n<meta property=\"og:description\" content=\"En evento encabezado por el alcalde, Diego \u00c1vila Romero, y el secretario de Educaci\u00f3n del Gobierno del Estado,\" \/>\n<meta property=\"og:url\" content=\"https:\/\/elpuucnoticias.com\/?p=1952\" \/>\n<meta property=\"og:site_name\" content=\"El Puuc Noticias\" \/>\n<meta property=\"article:published_time\" content=\"2022-06-01T23:50:09+00:00\" \/>\n<meta property=\"article:modified_time\" content=\"2022-06-01T23:50:11+00:00\" \/>\n<meta property=\"og:image\" content=\"https:\/\/elpuucnoticias.com\/wp-content\/uploads\/2022\/06\/IMG_3665.jpg\" \/>\n\t<meta property=\"og:image:width\" content=\"1920\" \/>\n\t<meta property=\"og:image:height\" content=\"1280\" \/>\n\t<meta property=\"og:image:type\" content=\"image\/jpeg\" \/>\n<meta name=\"twitter:card\" content=\"summary_large_image\" \/>\n<meta name=\"twitter:label1\" content=\"Escrito por\" \/>\n\t<meta name=\"twitter:data1\" content=\"elpuucnoticias\" \/>\n\t<meta name=\"twitter:label2\" content=\"Tiempo de lectura\" \/>\n\t<meta name=\"twitter:data2\" content=\"3 minutos\" \/>\n<script type=\"application\/ld+json\" class=\"yoast-schema-graph\">{\"@context\":\"https:\/\/schema.org\",\"@graph\":[{\"@type\":\"WebSite\",\"@id\":\"https:\/\/elpuucnoticias.com\/#website\",\"url\":\"https:\/\/elpuucnoticias.com\/\",\"name\":\"El Puuc Noticias\",\"description\":\"Noticias - Entretenimiento - Deportes\",\"potentialAction\":[{\"@type\":\"SearchAction\",\"target\":{\"@type\":\"EntryPoint\",\"urlTemplate\":\"https:\/\/elpuucnoticias.com\/?s={search_term_string}\"},\"query-input\":\"required name=search_term_string\"}],\"inLanguage\":\"es\"},{\"@type\":\"ImageObject\",\"@id\":\"https:\/\/elpuucnoticias.com\/?p=1952#primaryimage\",\"inLanguage\":\"es\",\"url\":\"https:\/\/elpuucnoticias.com\/wp-content\/uploads\/2022\/06\/IMG_3665.jpg\",\"contentUrl\":\"https:\/\/elpuucnoticias.com\/wp-content\/uploads\/2022\/06\/IMG_3665.jpg\",\"width\":1920,\"height\":1280},{\"@type\":\"WebPage\",\"@id\":\"https:\/\/elpuucnoticias.com\/?p=1952#webpage\",\"url\":\"https:\/\/elpuucnoticias.com\/?p=1952\",\"name\":\"Colocan la primera piedra para la construcci\u00f3n de la nueva escuela Fabi\u00e1n Sansores, en la colonia Chobench\u00e9 de Tekax - El Puuc Noticias\",\"isPartOf\":{\"@id\":\"https:\/\/elpuucnoticias.com\/#website\"},\"primaryImageOfPage\":{\"@id\":\"https:\/\/elpuucnoticias.com\/?p=1952#primaryimage\"},\"datePublished\":\"2022-06-01T23:50:09+00:00\",\"dateModified\":\"2022-06-01T23:50:11+00:00\",\"author\":{\"@id\":\"https:\/\/elpuucnoticias.com\/#\/schema\/person\/d2ea09e4c97f0160b11cdfb1d856bd9e\"},\"breadcrumb\":{\"@id\":\"https:\/\/elpuucnoticias.com\/?p=1952#breadcrumb\"},\"inLanguage\":\"es\",\"potentialAction\":[{\"@type\":\"ReadAction\",\"target\":[\"https:\/\/elpuucnoticias.com\/?p=1952\"]}]},{\"@type\":\"BreadcrumbList\",\"@id\":\"https:\/\/elpuucnoticias.com\/?p=1952#breadcrumb\",\"itemListElement\":[{\"@type\":\"ListItem\",\"position\":1,\"name\":\"Portada\",\"item\":\"https:\/\/elpuucnoticias.com\/\"},{\"@type\":\"ListItem\",\"position\":2,\"name\":\"Colocan la primera piedra para la construcci\u00f3n de la nueva escuela Fabi\u00e1n Sansores, en la colonia Chobench\u00e9 de Tekax\"}]},{\"@type\":\"Person\",\"@id\":\"https:\/\/elpuucnoticias.com\/#\/schema\/person\/d2ea09e4c97f0160b11cdfb1d856bd9e\",\"name\":\"elpuucnoticias\",\"image\":{\"@type\":\"ImageObject\",\"@id\":\"https:\/\/elpuucnoticias.com\/#personlogo\",\"inLanguage\":\"es\",\"url\":\"https:\/\/secure.gravatar.com\/avatar\/5290a43657c74ffa15701dbe5b846bd85cc71930d803c84e91046a7333de6ce2?s=96&d=mm&r=g\",\"contentUrl\":\"https:\/\/secure.gravatar.com\/avatar\/5290a43657c74ffa15701dbe5b846bd85cc71930d803c84e91046a7333de6ce2?s=96&d=mm&r=g\",\"caption\":\"elpuucnoticias\"},\"sameAs\":[\"https:\/\/elpuucnoticias.com\"],\"url\":\"https:\/\/elpuucnoticias.com\/?author=1\"}]}<\/script>\n<!-- \/ Yoast SEO plugin. -->","yoast_head_json":{"title":"Colocan la primera piedra para la construcci\u00f3n de la nueva escuela Fabi\u00e1n Sansores, en la colonia Chobench\u00e9 de Tekax - El Puuc Noticias","robots":{"index":"index","follow":"follow","max-snippet":"max-snippet:-1","max-image-preview":"max-image-preview:large","max-video-preview":"max-video-preview:-1"},"canonical":"https:\/\/elpuucnoticias.com\/?p=1952","og_locale":"es_ES","og_type":"article","og_title":"Colocan la primera piedra para la construcci\u00f3n de la nueva escuela Fabi\u00e1n Sansores, en la colonia Chobench\u00e9 de Tekax - El Puuc Noticias","og_description":"En evento encabezado por el alcalde, Diego \u00c1vila Romero, y el secretario de Educaci\u00f3n del Gobierno del Estado,","og_url":"https:\/\/elpuucnoticias.com\/?p=1952","og_site_name":"El Puuc Noticias","article_published_time":"2022-06-01T23:50:09+00:00","article_modified_time":"2022-06-01T23:50:11+00:00","og_image":[{"width":1920,"height":1280,"url":"https:\/\/elpuucnoticias.com\/wp-content\/uploads\/2022\/06\/IMG_3665.jpg","type":"image\/jpeg"}],"twitter_card":"summary_large_image","twitter_misc":{"Escrito por":"elpuucnoticias","Tiempo de lectura":"3 minutos"},"schema":{"@context":"https:\/\/schema.org","@graph":[{"@type":"WebSite","@id":"https:\/\/elpuucnoticias.com\/#website","url":"https:\/\/elpuucnoticias.com\/","name":"El Puuc Noticias","description":"Noticias - Entretenimiento - Deportes","potentialAction":[{"@type":"SearchAction","target":{"@type":"EntryPoint","urlTemplate":"https:\/\/elpuucnoticias.com\/?s={search_term_string}"},"query-input":"required name=search_term_string"}],"inLanguage":"es"},{"@type":"ImageObject","@id":"https:\/\/elpuucnoticias.com\/?p=1952#primaryimage","inLanguage":"es","url":"https:\/\/elpuucnoticias.com\/wp-content\/uploads\/2022\/06\/IMG_3665.jpg","contentUrl":"https:\/\/elpuucnoticias.com\/wp-content\/uploads\/2022\/06\/IMG_3665.jpg","width":1920,"height":1280},{"@type":"WebPage","@id":"https:\/\/elpuucnoticias.com\/?p=1952#webpage","url":"https:\/\/elpuucnoticias.com\/?p=1952","name":"Colocan la primera piedra para la construcci\u00f3n de la nueva escuela Fabi\u00e1n Sansores, en la colonia Chobench\u00e9 de Tekax - El Puuc Noticias","isPartOf":{"@id":"https:\/\/elpuucnoticias.com\/#website"},"primaryImageOfPage":{"@id":"https:\/\/elpuucnoticias.com\/?p=1952#primaryimage"},"datePublished":"2022-06-01T23:50:09+00:00","dateModified":"2022-06-01T23:50:11+00:00","author":{"@id":"https:\/\/elpuucnoticias.com\/#\/schema\/person\/d2ea09e4c97f0160b11cdfb1d856bd9e"},"breadcrumb":{"@id":"https:\/\/elpuucnoticias.com\/?p=1952#breadcrumb"},"inLanguage":"es","potentialAction":[{"@type":"ReadAction","target":["https:\/\/elpuucnoticias.com\/?p=1952"]}]},{"@type":"BreadcrumbList","@id":"https:\/\/elpuucnoticias.com\/?p=1952#breadcrumb","itemListElement":[{"@type":"ListItem","position":1,"name":"Portada","item":"https:\/\/elpuucnoticias.com\/"},{"@type":"ListItem","position":2,"name":"Colocan la primera piedra para la construcci\u00f3n de la nueva escuela Fabi\u00e1n Sansores, en la colonia Chobench\u00e9 de Tekax"}]},{"@type":"Person","@id":"https:\/\/elpuucnoticias.com\/#\/schema\/person\/d2ea09e4c97f0160b11cdfb1d856bd9e","name":"elpuucnoticias","image":{"@type":"ImageObject","@id":"https:\/\/elpuucnoticias.com\/#personlogo","inLanguage":"es","url":"https:\/\/secure.gravatar.com\/avatar\/5290a43657c74ffa15701dbe5b846bd85cc71930d803c84e91046a7333de6ce2?s=96&d=mm&r=g","contentUrl":"https:\/\/secure.gravatar.com\/avatar\/5290a43657c74ffa15701dbe5b846bd85cc71930d803c84e91046a7333de6ce2?s=96&d=mm&r=g","caption":"elpuucnoticias"},"sameAs":["https:\/\/elpuucnoticias.com"],"url":"https:\/\/elpuucnoticias.com\/?author=1"}]}},"_links":{"self":[{"href":"https:\/\/elpuucnoticias.com\/index.php?rest_route=\/wp\/v2\/posts\/1952","targetHints":{"allow":["GET"]}}],"collection":[{"href":"https:\/\/elpuucnoticias.com\/index.php?rest_route=\/wp\/v2\/posts"}],"about":[{"href":"https:\/\/elpuucnoticias.com\/index.php?rest_route=\/wp\/v2\/types\/post"}],"author":[{"embeddable":true,"href":"https:\/\/elpuucnoticias.com\/index.php?rest_route=\/wp\/v2\/users\/1"}],"replies":[{"embeddable":true,"href":"https:\/\/elpuucnoticias.com\/index.php?rest_route=%2Fwp%2Fv2%2Fcomments&post=1952"}],"version-history":[{"count":1,"href":"https:\/\/elpuucnoticias.com\/index.php?rest_route=\/wp\/v2\/posts\/1952\/revisions"}],"predecessor-version":[{"id":1957,"href":"https:\/\/elpuucnoticias.com\/index.php?rest_route=\/wp\/v2\/posts\/1952\/revisions\/1957"}],"wp:featuredmedia":[{"embeddable":true,"href":"https:\/\/elpuucnoticias.com\/index.php?rest_route=\/wp\/v2\/media\/1953"}],"wp:attachment":[{"href":"https:\/\/elpuucnoticias.com\/index.php?rest_route=%2Fwp%2Fv2%2Fmedia&parent=1952"}],"wp:term":[{"taxonomy":"category","embeddable":true,"href":"https:\/\/elpuucnoticias.com\/index.php?rest_route=%2Fwp%2Fv2%2Fcategories&post=1952"},{"taxonomy":"post_tag","embeddable":true,"href":"https:\/\/elpuucnoticias.com\/index.php?rest_route=%2Fwp%2Fv2%2Ftags&post=1952"}],"curies":[{"name":"wp","href":"https:\/\/api.w.org\/{rel}","templated":true}]}}