{"id":19705,"date":"2025-06-30T13:09:25","date_gmt":"2025-06-30T19:09:25","guid":{"rendered":"https:\/\/elpuucnoticias.com\/?p=19705"},"modified":"2025-06-30T13:09:26","modified_gmt":"2025-06-30T19:09:26","slug":"revisa-mara-lezama-con-el-titular-de-sader-julio-berdegue-sacristan-acciones-en-favor-del-campo-con-prioridad-en-el-sector-canero-quintanarroense","status":"publish","type":"post","link":"https:\/\/elpuucnoticias.com\/?p=19705","title":{"rendered":"Revisa Mara Lezama con el titular de SADER, Julio Berdegu\u00e9 Sacrist\u00e1n, acciones en favor del campo con prioridad en el sector ca\u00f1ero quintanarroense"},"content":{"rendered":"\n<p>La gobernadora Mara Lezama Espinosa y el secretario de Agricultura y Desarrollo Rural (SADER), Julio Berdegu\u00e9 Sacrist\u00e1n, encabezaron una reuni\u00f3n de trabajo en la que evaluaron los diversos programas para el desarrollo agropecuario de la entidad teniendo como eje central el bienestar de las y los productores.<\/p>\n\n\n\n<p>Mara Lezama destac\u00f3 que este gobierno humanista con coraz\u00f3n feminista trabaja, desde el primer d\u00eda de su administraci\u00f3n, con acciones que combaten el rezago y el abandono en que se encontraba el campo quintanarroense, a fin de reactivarlo y transformar la vida de los productores.<\/p>\n\n\n\n<figure class=\"wp-block-image is-style-default\"><a href=\"https:\/\/cgc.qroo.gob.mx\/cjg\/wp-content\/uploads\/2025\/06\/WhatsApp-Image-2025-06-28-at-10.32.24-scaled.jpeg\"><img decoding=\"async\" src=\"https:\/\/cgc.qroo.gob.mx\/cjg\/wp-content\/uploads\/2025\/06\/WhatsApp-Image-2025-06-28-at-10.32.24-585x390.jpeg\" alt=\"\" title=\"WhatsApp Image 2025-06-28 at 10.32.24\"\/><\/a><\/figure>\n\n\n\n<p>Entre los temas planteados por el gobierno de Quintana Roo y fortalecer los programas federales, se encuentran Cosechando Soberan\u00eda, los programas de semillas, gestiones para fortalecer la vigilancia en las casetas fitozoosanitarias, mejora gen\u00e9tica del ganado y laboratorios de sanidad vegetal.<\/p>\n\n\n\n<p>Durante la reuni\u00f3n, se atendieron planteamientos del sector ca\u00f1ero y se acord\u00f3 la instalaci\u00f3n de una mesa de trabajo federal con las instancias competentes para darles seguimiento.<\/p>\n\n\n\n<p>Para fortalecer el sector acu\u00edcola, se hicieron gestiones para la creaci\u00f3n de un laboratorio de alevines certificados, en tanto que, para el sector ap\u00edcola, el avance en la Denominaci\u00f3n de Origen (D.O.) para la miel, espec\u00edficamente para la miel producida por la especie Apis mellifera.<\/p>\n\n\n\n<figure class=\"wp-block-image is-style-default\"><a href=\"https:\/\/cgc.qroo.gob.mx\/cjg\/wp-content\/uploads\/2025\/06\/WhatsApp-Image-2025-06-28-at-10.32.24-2-scaled.jpeg\"><img decoding=\"async\" src=\"https:\/\/cgc.qroo.gob.mx\/cjg\/wp-content\/uploads\/2025\/06\/WhatsApp-Image-2025-06-28-at-10.32.24-2-585x390.jpeg\" alt=\"\" title=\"WhatsApp Image 2025-06-28 at 10.32.24 (2)\"\/><\/a><\/figure>\n\n\n\n<p>En esta reuni\u00f3n de trabajo, el secretario Berdegu\u00e9 Sacrist\u00e1n destac\u00f3 acciones a favor de los pescadores y pescadoras, de los productores y productoras agr\u00edcolas y ganaderas, as\u00ed como de los y las productoras ap\u00edcolas y de hortalizas.<\/p>\n\n\n\n<p>El titular de la SADER tiene programada una gira de trabajo por L\u00e1zaro C\u00e1rdenas, en Kantunilk\u00edn y Chiquil\u00e1.<\/p>\n\n\n\n<p>Estuvieron en la reuni\u00f3n, entre otros funcionarios, Enrique Morales Pardo, titular de la SADER en Quintana Roo; Jorge Aguilar Osorio, secretario de Desarrollo Agropecuario Rural y Pesca (SEDARPE), y Cristina Torres, secretaria de Gobierno.<\/p>\n","protected":false},"excerpt":{"rendered":"<p>La gobernadora Mara Lezama Espinosa y el secretario de Agricultura y Desarrollo Rural (SADER), Julio Berdegu\u00e9 Sacrist\u00e1n, encabezaron<\/p>\n","protected":false},"author":1,"featured_media":0,"comment_status":"closed","ping_status":"open","sticky":false,"template":"","format":"standard","meta":{"_monsterinsights_skip_tracking":false,"_monsterinsights_sitenote_active":false,"_monsterinsights_sitenote_note":"","_monsterinsights_sitenote_category":0,"footnotes":""},"categories":[11,24],"tags":[],"class_list":["post-19705","post","type-post","status-publish","format-standard","hentry","category-noticias","category-quintana-roo"],"yoast_head":"<!-- This site is optimized with the Yoast SEO plugin v18.3 - https:\/\/yoast.com\/wordpress\/plugins\/seo\/ -->\n<title>Revisa Mara Lezama con el titular de SADER, Julio Berdegu\u00e9 Sacrist\u00e1n, acciones en favor del campo con prioridad en el sector ca\u00f1ero quintanarroense - El Puuc Noticias<\/title>\n<meta name=\"robots\" content=\"index, follow, max-snippet:-1, max-image-preview:large, max-video-preview:-1\" \/>\n<link rel=\"canonical\" href=\"https:\/\/elpuucnoticias.com\/?p=19705\" \/>\n<meta property=\"og:locale\" content=\"es_ES\" \/>\n<meta property=\"og:type\" content=\"article\" \/>\n<meta property=\"og:title\" content=\"Revisa Mara Lezama con el titular de SADER, Julio Berdegu\u00e9 Sacrist\u00e1n, acciones en favor del campo con prioridad en el sector ca\u00f1ero quintanarroense - El Puuc Noticias\" \/>\n<meta property=\"og:description\" content=\"La gobernadora Mara Lezama Espinosa y el secretario de Agricultura y Desarrollo Rural (SADER), Julio Berdegu\u00e9 Sacrist\u00e1n, encabezaron\" \/>\n<meta property=\"og:url\" content=\"https:\/\/elpuucnoticias.com\/?p=19705\" \/>\n<meta property=\"og:site_name\" content=\"El Puuc Noticias\" \/>\n<meta property=\"article:published_time\" content=\"2025-06-30T19:09:25+00:00\" \/>\n<meta property=\"article:modified_time\" content=\"2025-06-30T19:09:26+00:00\" \/>\n<meta property=\"og:image\" content=\"https:\/\/cgc.qroo.gob.mx\/cjg\/wp-content\/uploads\/2025\/06\/WhatsApp-Image-2025-06-28-at-10.32.24-585x390.jpeg\" \/>\n<meta name=\"twitter:card\" content=\"summary_large_image\" \/>\n<meta name=\"twitter:label1\" content=\"Escrito por\" \/>\n\t<meta name=\"twitter:data1\" content=\"elpuucnoticias\" \/>\n\t<meta name=\"twitter:label2\" content=\"Tiempo de lectura\" \/>\n\t<meta name=\"twitter:data2\" content=\"2 minutos\" \/>\n<script type=\"application\/ld+json\" class=\"yoast-schema-graph\">{\"@context\":\"https:\/\/schema.org\",\"@graph\":[{\"@type\":\"WebSite\",\"@id\":\"https:\/\/elpuucnoticias.com\/#website\",\"url\":\"https:\/\/elpuucnoticias.com\/\",\"name\":\"El Puuc Noticias\",\"description\":\"Noticias - Entretenimiento - Deportes\",\"potentialAction\":[{\"@type\":\"SearchAction\",\"target\":{\"@type\":\"EntryPoint\",\"urlTemplate\":\"https:\/\/elpuucnoticias.com\/?s={search_term_string}\"},\"query-input\":\"required name=search_term_string\"}],\"inLanguage\":\"es\"},{\"@type\":\"ImageObject\",\"@id\":\"https:\/\/elpuucnoticias.com\/?p=19705#primaryimage\",\"inLanguage\":\"es\",\"url\":\"https:\/\/cgc.qroo.gob.mx\/cjg\/wp-content\/uploads\/2025\/06\/WhatsApp-Image-2025-06-28-at-10.32.24-585x390.jpeg\",\"contentUrl\":\"https:\/\/cgc.qroo.gob.mx\/cjg\/wp-content\/uploads\/2025\/06\/WhatsApp-Image-2025-06-28-at-10.32.24-585x390.jpeg\"},{\"@type\":\"WebPage\",\"@id\":\"https:\/\/elpuucnoticias.com\/?p=19705#webpage\",\"url\":\"https:\/\/elpuucnoticias.com\/?p=19705\",\"name\":\"Revisa Mara Lezama con el titular de SADER, Julio Berdegu\u00e9 Sacrist\u00e1n, acciones en favor del campo con prioridad en el sector ca\u00f1ero quintanarroense - El Puuc Noticias\",\"isPartOf\":{\"@id\":\"https:\/\/elpuucnoticias.com\/#website\"},\"primaryImageOfPage\":{\"@id\":\"https:\/\/elpuucnoticias.com\/?p=19705#primaryimage\"},\"datePublished\":\"2025-06-30T19:09:25+00:00\",\"dateModified\":\"2025-06-30T19:09:26+00:00\",\"author\":{\"@id\":\"https:\/\/elpuucnoticias.com\/#\/schema\/person\/d2ea09e4c97f0160b11cdfb1d856bd9e\"},\"breadcrumb\":{\"@id\":\"https:\/\/elpuucnoticias.com\/?p=19705#breadcrumb\"},\"inLanguage\":\"es\",\"potentialAction\":[{\"@type\":\"ReadAction\",\"target\":[\"https:\/\/elpuucnoticias.com\/?p=19705\"]}]},{\"@type\":\"BreadcrumbList\",\"@id\":\"https:\/\/elpuucnoticias.com\/?p=19705#breadcrumb\",\"itemListElement\":[{\"@type\":\"ListItem\",\"position\":1,\"name\":\"Portada\",\"item\":\"https:\/\/elpuucnoticias.com\/\"},{\"@type\":\"ListItem\",\"position\":2,\"name\":\"Revisa Mara Lezama con el titular de SADER, Julio Berdegu\u00e9 Sacrist\u00e1n, acciones en favor del campo con prioridad en el sector ca\u00f1ero quintanarroense\"}]},{\"@type\":\"Person\",\"@id\":\"https:\/\/elpuucnoticias.com\/#\/schema\/person\/d2ea09e4c97f0160b11cdfb1d856bd9e\",\"name\":\"elpuucnoticias\",\"image\":{\"@type\":\"ImageObject\",\"@id\":\"https:\/\/elpuucnoticias.com\/#personlogo\",\"inLanguage\":\"es\",\"url\":\"https:\/\/secure.gravatar.com\/avatar\/5290a43657c74ffa15701dbe5b846bd85cc71930d803c84e91046a7333de6ce2?s=96&d=mm&r=g\",\"contentUrl\":\"https:\/\/secure.gravatar.com\/avatar\/5290a43657c74ffa15701dbe5b846bd85cc71930d803c84e91046a7333de6ce2?s=96&d=mm&r=g\",\"caption\":\"elpuucnoticias\"},\"sameAs\":[\"https:\/\/elpuucnoticias.com\"],\"url\":\"https:\/\/elpuucnoticias.com\/?author=1\"}]}<\/script>\n<!-- \/ Yoast SEO plugin. -->","yoast_head_json":{"title":"Revisa Mara Lezama con el titular de SADER, Julio Berdegu\u00e9 Sacrist\u00e1n, acciones en favor del campo con prioridad en el sector ca\u00f1ero quintanarroense - El Puuc Noticias","robots":{"index":"index","follow":"follow","max-snippet":"max-snippet:-1","max-image-preview":"max-image-preview:large","max-video-preview":"max-video-preview:-1"},"canonical":"https:\/\/elpuucnoticias.com\/?p=19705","og_locale":"es_ES","og_type":"article","og_title":"Revisa Mara Lezama con el titular de SADER, Julio Berdegu\u00e9 Sacrist\u00e1n, acciones en favor del campo con prioridad en el sector ca\u00f1ero quintanarroense - El Puuc Noticias","og_description":"La gobernadora Mara Lezama Espinosa y el secretario de Agricultura y Desarrollo Rural (SADER), Julio Berdegu\u00e9 Sacrist\u00e1n, encabezaron","og_url":"https:\/\/elpuucnoticias.com\/?p=19705","og_site_name":"El Puuc Noticias","article_published_time":"2025-06-30T19:09:25+00:00","article_modified_time":"2025-06-30T19:09:26+00:00","og_image":[{"url":"https:\/\/cgc.qroo.gob.mx\/cjg\/wp-content\/uploads\/2025\/06\/WhatsApp-Image-2025-06-28-at-10.32.24-585x390.jpeg"}],"twitter_card":"summary_large_image","twitter_misc":{"Escrito por":"elpuucnoticias","Tiempo de lectura":"2 minutos"},"schema":{"@context":"https:\/\/schema.org","@graph":[{"@type":"WebSite","@id":"https:\/\/elpuucnoticias.com\/#website","url":"https:\/\/elpuucnoticias.com\/","name":"El Puuc Noticias","description":"Noticias - Entretenimiento - Deportes","potentialAction":[{"@type":"SearchAction","target":{"@type":"EntryPoint","urlTemplate":"https:\/\/elpuucnoticias.com\/?s={search_term_string}"},"query-input":"required name=search_term_string"}],"inLanguage":"es"},{"@type":"ImageObject","@id":"https:\/\/elpuucnoticias.com\/?p=19705#primaryimage","inLanguage":"es","url":"https:\/\/cgc.qroo.gob.mx\/cjg\/wp-content\/uploads\/2025\/06\/WhatsApp-Image-2025-06-28-at-10.32.24-585x390.jpeg","contentUrl":"https:\/\/cgc.qroo.gob.mx\/cjg\/wp-content\/uploads\/2025\/06\/WhatsApp-Image-2025-06-28-at-10.32.24-585x390.jpeg"},{"@type":"WebPage","@id":"https:\/\/elpuucnoticias.com\/?p=19705#webpage","url":"https:\/\/elpuucnoticias.com\/?p=19705","name":"Revisa Mara Lezama con el titular de SADER, Julio Berdegu\u00e9 Sacrist\u00e1n, acciones en favor del campo con prioridad en el sector ca\u00f1ero quintanarroense - El Puuc Noticias","isPartOf":{"@id":"https:\/\/elpuucnoticias.com\/#website"},"primaryImageOfPage":{"@id":"https:\/\/elpuucnoticias.com\/?p=19705#primaryimage"},"datePublished":"2025-06-30T19:09:25+00:00","dateModified":"2025-06-30T19:09:26+00:00","author":{"@id":"https:\/\/elpuucnoticias.com\/#\/schema\/person\/d2ea09e4c97f0160b11cdfb1d856bd9e"},"breadcrumb":{"@id":"https:\/\/elpuucnoticias.com\/?p=19705#breadcrumb"},"inLanguage":"es","potentialAction":[{"@type":"ReadAction","target":["https:\/\/elpuucnoticias.com\/?p=19705"]}]},{"@type":"BreadcrumbList","@id":"https:\/\/elpuucnoticias.com\/?p=19705#breadcrumb","itemListElement":[{"@type":"ListItem","position":1,"name":"Portada","item":"https:\/\/elpuucnoticias.com\/"},{"@type":"ListItem","position":2,"name":"Revisa Mara Lezama con el titular de SADER, Julio Berdegu\u00e9 Sacrist\u00e1n, acciones en favor del campo con prioridad en el sector ca\u00f1ero quintanarroense"}]},{"@type":"Person","@id":"https:\/\/elpuucnoticias.com\/#\/schema\/person\/d2ea09e4c97f0160b11cdfb1d856bd9e","name":"elpuucnoticias","image":{"@type":"ImageObject","@id":"https:\/\/elpuucnoticias.com\/#personlogo","inLanguage":"es","url":"https:\/\/secure.gravatar.com\/avatar\/5290a43657c74ffa15701dbe5b846bd85cc71930d803c84e91046a7333de6ce2?s=96&d=mm&r=g","contentUrl":"https:\/\/secure.gravatar.com\/avatar\/5290a43657c74ffa15701dbe5b846bd85cc71930d803c84e91046a7333de6ce2?s=96&d=mm&r=g","caption":"elpuucnoticias"},"sameAs":["https:\/\/elpuucnoticias.com"],"url":"https:\/\/elpuucnoticias.com\/?author=1"}]}},"_links":{"self":[{"href":"https:\/\/elpuucnoticias.com\/index.php?rest_route=\/wp\/v2\/posts\/19705","targetHints":{"allow":["GET"]}}],"collection":[{"href":"https:\/\/elpuucnoticias.com\/index.php?rest_route=\/wp\/v2\/posts"}],"about":[{"href":"https:\/\/elpuucnoticias.com\/index.php?rest_route=\/wp\/v2\/types\/post"}],"author":[{"embeddable":true,"href":"https:\/\/elpuucnoticias.com\/index.php?rest_route=\/wp\/v2\/users\/1"}],"replies":[{"embeddable":true,"href":"https:\/\/elpuucnoticias.com\/index.php?rest_route=%2Fwp%2Fv2%2Fcomments&post=19705"}],"version-history":[{"count":1,"href":"https:\/\/elpuucnoticias.com\/index.php?rest_route=\/wp\/v2\/posts\/19705\/revisions"}],"predecessor-version":[{"id":19706,"href":"https:\/\/elpuucnoticias.com\/index.php?rest_route=\/wp\/v2\/posts\/19705\/revisions\/19706"}],"wp:attachment":[{"href":"https:\/\/elpuucnoticias.com\/index.php?rest_route=%2Fwp%2Fv2%2Fmedia&parent=19705"}],"wp:term":[{"taxonomy":"category","embeddable":true,"href":"https:\/\/elpuucnoticias.com\/index.php?rest_route=%2Fwp%2Fv2%2Fcategories&post=19705"},{"taxonomy":"post_tag","embeddable":true,"href":"https:\/\/elpuucnoticias.com\/index.php?rest_route=%2Fwp%2Fv2%2Ftags&post=19705"}],"curies":[{"name":"wp","href":"https:\/\/api.w.org\/{rel}","templated":true}]}}