{"id":19715,"date":"2025-06-30T13:15:06","date_gmt":"2025-06-30T19:15:06","guid":{"rendered":"https:\/\/elpuucnoticias.com\/?p=19715"},"modified":"2025-06-30T13:15:06","modified_gmt":"2025-06-30T19:15:06","slug":"gobierno-del-estado-atiende-a-comunidades-afectadas-en-othon-p-blanco-y-bacalar","status":"publish","type":"post","link":"https:\/\/elpuucnoticias.com\/?p=19715","title":{"rendered":"Gobierno del Estado atiende a comunidades afectadas en Oth\u00f3n P. Blanco y Bacalar"},"content":{"rendered":"\n<p>La Coordinaci\u00f3n Estatal de Protecci\u00f3n Civil (COEPROC) informa que, derivado de las intensas lluvias registradas en las \u00faltimas 24 horas en los municipios de Oth\u00f3n P. Blanco y Bacalar, se han presentado diversas afectaciones en comunidades rurales.<\/p>\n\n\n\n<p>El Gobierno del Estado coordina con la Secretar\u00eda de la Defensa Nacional (SEDENA), la Guardia Nacional y la Secretar\u00eda de Seguridad Ciudadana (SSC), Protecci\u00f3n Civil Estatal y municipal, as\u00ed como Sistema DIF Quintana Roo y diversas dependencias estatales para brindar apoyo inmediato a las familias afectadas.<\/p>\n\n\n\n<figure class=\"wp-block-image is-style-default\"><a href=\"https:\/\/cgc.qroo.gob.mx\/cjg\/wp-content\/uploads\/2025\/06\/34202e80-8a9a-4b65-9f6a-7a64a2015791.jpeg\"><img decoding=\"async\" src=\"https:\/\/cgc.qroo.gob.mx\/cjg\/wp-content\/uploads\/2025\/06\/34202e80-8a9a-4b65-9f6a-7a64a2015791-585x403.jpeg\" alt=\"\" title=\"34202e80-8a9a-4b65-9f6a-7a64a2015791\"\/><\/a><\/figure>\n\n\n\n<p>Las precipitaciones fueron ocasionadas por el desplazamiento de la onda tropical n\u00famero 7, en interacci\u00f3n, con la \u201cDepresi\u00f3n Tropical Dos, lo que provoc\u00f3 del 26 al 28 de junio importantes acumulados de precipitaci\u00f3n.<\/p>\n\n\n\n<p>La localidad con mayor acumulado fue Puct\u00e9, con un total de 428.6 mm (acumulado de tres d\u00edas), seguida por Juan Sarabia con 286.5 mm y Sergio Butr\u00f3n Casas con 207 mm. Agua Blanca report\u00f3 167.8 mm, Nicol\u00e1s Bravo 151.1 mm, y el Observatorio de Chetumal 142.1 mm, seg\u00fan datos registrados por la Comisi\u00f3n Nacional del Agua (Conagua), por las estaciones convencionales.<\/p>\n\n\n\n<p>Gracias a la oportuna coordinaci\u00f3n entre la Secretar\u00eda de Salud de Quintana Roo, la Secretar\u00eda de Gobierno, la Secretar\u00eda de Seguridad Ciudadana y la Secretar\u00eda de Seguridad Ciudadana de Playa del Carmen y el IMSS-BIENESTAR, se realiz\u00f3 con \u00e9xito el traslado a\u00e9reo de una mujer de 31 a\u00f1os con 39 semanas de embarazo y antecedentes obst\u00e9tricos de riesgo.<\/p>\n\n\n\n<p>El operativo se llev\u00f3 a cabo desde la comunidad de Isidro Fabela, en el municipio de Oth\u00f3n P. Blanco, hasta la ciudad de Chetumal, con el objetivo de garantizar su ingreso a una unidad m\u00e9dica especializada antes de que iniciara el trabajo de parto.<\/p>\n\n\n\n<p>La paciente recibe atenci\u00f3n m\u00e9dica en el Hospital General de Chetumal, donde personal especializado da seguimiento a su estado de salud y al bienestar del beb\u00e9.<\/p>\n\n\n\n<p>Por otro lado se realiz\u00f3 el traslado a\u00e9reo de un ciudadano de 86 a\u00f1os desde el refugio temporal ubicado en la comunidad de \u00c1lvaro Obreg\u00f3n hasta el Hospital General de Chetumal. El paciente, quien presenta una condici\u00f3n de salud delicada y discapacidad motriz, fue acompa\u00f1ado por su familia y recibi\u00f3 atenci\u00f3n inmediata.<\/p>\n\n\n\n<figure class=\"wp-block-image is-style-default\"><a href=\"https:\/\/cgc.qroo.gob.mx\/cjg\/wp-content\/uploads\/2025\/06\/1fb1bad6-b1bb-4e1a-b817-c24639a43798.jpeg\"><img decoding=\"async\" src=\"https:\/\/cgc.qroo.gob.mx\/cjg\/wp-content\/uploads\/2025\/06\/1fb1bad6-b1bb-4e1a-b817-c24639a43798-585x390.jpeg\" alt=\"\" title=\"1fb1bad6-b1bb-4e1a-b817-c24639a43798\"\/><\/a><\/figure>\n\n\n\n<p>En el municipio de Oth\u00f3n P. Blanco se reportan afectaciones en las localidades de Pedro Joaqu\u00edn Coldwell, Puct\u00e9, \u00c1lvaro Obreg\u00f3n, Javier Rojo G\u00f3mez, Cacao, Sabidos, Cocoyol, \u00c1lvaro Obreg\u00f3n Viejo, Nachi Cocom y Gonz\u00e1lez Ortega.<\/p>\n\n\n\n<p>En la comunidad de Pedro Joaqu\u00edn Coldwell, cerca de 80 personas recibieron apoyo alimentario. En Javier Rojo G\u00f3mez se habilit\u00f3 la Escuela Secundaria No. 12 \u201cMois\u00e9s S\u00e1enz Garza\u201d como refugio temporal, brindando resguardo a cinco adultos y tres menores. Asimismo, en \u00c1lvaro Obreg\u00f3n Nuevo se activ\u00f3 la Escuela Secundaria T\u00e9cnica No. 12 \u201cRafael E. Melgar\u201d como refugio para una persona con malestares de salud, quien fue atendida de inmediato.<\/p>\n\n\n\n<figure class=\"wp-block-image is-style-default\"><a href=\"https:\/\/cgc.qroo.gob.mx\/cjg\/wp-content\/uploads\/2025\/06\/2d1a0c5d-7e05-4435-9641-a8fe592f1936.jpeg\"><img decoding=\"async\" src=\"https:\/\/cgc.qroo.gob.mx\/cjg\/wp-content\/uploads\/2025\/06\/2d1a0c5d-7e05-4435-9641-a8fe592f1936-585x374.jpeg\" alt=\"\" title=\"2d1a0c5d-7e05-4435-9641-a8fe592f1936\"\/><\/a><\/figure>\n\n\n\n<p>Personal de la COEPROC contin\u00faa en campo levantando censos de viviendas y familias afectadas, especialmente en las comunidades de Puct\u00e9 y Pedro Joaqu\u00edn Coldwell, en estrecha coordinaci\u00f3n con las autoridades militares y de seguridad.<\/p>\n\n\n\n<p>Se exhorta a la poblaci\u00f3n a evitar salir de sus hogares si no es necesario y a seguir en todo momento las recomendaciones emitidas por las autoridades a trav\u00e9s de los canales oficiales.<\/p>\n\n\n\n<p>El Gobierno del Estado, a trav\u00e9s de la COEPROC y en coordinaci\u00f3n con los tres \u00f3rdenes de gobierno, reitera su compromiso de salvaguardar la integridad de las familias quintanarroenses y continuar brindando atenci\u00f3n oportuna a las comunidades que as\u00ed lo requieran.<\/p>\n","protected":false},"excerpt":{"rendered":"<p>La Coordinaci\u00f3n Estatal de Protecci\u00f3n Civil (COEPROC) informa que, derivado de las intensas lluvias registradas en las \u00faltimas<\/p>\n","protected":false},"author":1,"featured_media":19716,"comment_status":"closed","ping_status":"open","sticky":false,"template":"","format":"standard","meta":{"_monsterinsights_skip_tracking":false,"_monsterinsights_sitenote_active":false,"_monsterinsights_sitenote_note":"","_monsterinsights_sitenote_category":0,"footnotes":""},"categories":[43,11,24],"tags":[],"class_list":["post-19715","post","type-post","status-publish","format-standard","has-post-thumbnail","hentry","category-clima","category-noticias","category-quintana-roo"],"yoast_head":"<!-- This site is optimized with the Yoast SEO plugin v18.3 - https:\/\/yoast.com\/wordpress\/plugins\/seo\/ -->\n<title>Gobierno del Estado atiende a comunidades afectadas en Oth\u00f3n P. Blanco y Bacalar - El Puuc Noticias<\/title>\n<meta name=\"robots\" content=\"index, follow, max-snippet:-1, max-image-preview:large, max-video-preview:-1\" \/>\n<link rel=\"canonical\" href=\"https:\/\/elpuucnoticias.com\/?p=19715\" \/>\n<meta property=\"og:locale\" content=\"es_ES\" \/>\n<meta property=\"og:type\" content=\"article\" \/>\n<meta property=\"og:title\" content=\"Gobierno del Estado atiende a comunidades afectadas en Oth\u00f3n P. Blanco y Bacalar - El Puuc Noticias\" \/>\n<meta property=\"og:description\" content=\"La Coordinaci\u00f3n Estatal de Protecci\u00f3n Civil (COEPROC) informa que, derivado de las intensas lluvias registradas en las \u00faltimas\" \/>\n<meta property=\"og:url\" content=\"https:\/\/elpuucnoticias.com\/?p=19715\" \/>\n<meta property=\"og:site_name\" content=\"El Puuc Noticias\" \/>\n<meta property=\"article:published_time\" content=\"2025-06-30T19:15:06+00:00\" \/>\n<meta property=\"og:image\" content=\"https:\/\/elpuucnoticias.com\/wp-content\/uploads\/2025\/06\/d01217af-a0e8-44bb-8c36-e9ab3d30aaf4.jpeg\" \/>\n\t<meta property=\"og:image:width\" content=\"1600\" \/>\n\t<meta property=\"og:image:height\" content=\"1066\" \/>\n\t<meta property=\"og:image:type\" content=\"image\/jpeg\" \/>\n<meta name=\"twitter:card\" content=\"summary_large_image\" \/>\n<meta name=\"twitter:label1\" content=\"Escrito por\" \/>\n\t<meta name=\"twitter:data1\" content=\"elpuucnoticias\" \/>\n\t<meta name=\"twitter:label2\" content=\"Tiempo de lectura\" \/>\n\t<meta name=\"twitter:data2\" content=\"3 minutos\" \/>\n<script type=\"application\/ld+json\" class=\"yoast-schema-graph\">{\"@context\":\"https:\/\/schema.org\",\"@graph\":[{\"@type\":\"WebSite\",\"@id\":\"https:\/\/elpuucnoticias.com\/#website\",\"url\":\"https:\/\/elpuucnoticias.com\/\",\"name\":\"El Puuc Noticias\",\"description\":\"Noticias - Entretenimiento - Deportes\",\"potentialAction\":[{\"@type\":\"SearchAction\",\"target\":{\"@type\":\"EntryPoint\",\"urlTemplate\":\"https:\/\/elpuucnoticias.com\/?s={search_term_string}\"},\"query-input\":\"required name=search_term_string\"}],\"inLanguage\":\"es\"},{\"@type\":\"ImageObject\",\"@id\":\"https:\/\/elpuucnoticias.com\/?p=19715#primaryimage\",\"inLanguage\":\"es\",\"url\":\"https:\/\/elpuucnoticias.com\/wp-content\/uploads\/2025\/06\/d01217af-a0e8-44bb-8c36-e9ab3d30aaf4.jpeg\",\"contentUrl\":\"https:\/\/elpuucnoticias.com\/wp-content\/uploads\/2025\/06\/d01217af-a0e8-44bb-8c36-e9ab3d30aaf4.jpeg\",\"width\":1600,\"height\":1066},{\"@type\":\"WebPage\",\"@id\":\"https:\/\/elpuucnoticias.com\/?p=19715#webpage\",\"url\":\"https:\/\/elpuucnoticias.com\/?p=19715\",\"name\":\"Gobierno del Estado atiende a comunidades afectadas en Oth\u00f3n P. Blanco y Bacalar - El Puuc Noticias\",\"isPartOf\":{\"@id\":\"https:\/\/elpuucnoticias.com\/#website\"},\"primaryImageOfPage\":{\"@id\":\"https:\/\/elpuucnoticias.com\/?p=19715#primaryimage\"},\"datePublished\":\"2025-06-30T19:15:06+00:00\",\"dateModified\":\"2025-06-30T19:15:06+00:00\",\"author\":{\"@id\":\"https:\/\/elpuucnoticias.com\/#\/schema\/person\/d2ea09e4c97f0160b11cdfb1d856bd9e\"},\"breadcrumb\":{\"@id\":\"https:\/\/elpuucnoticias.com\/?p=19715#breadcrumb\"},\"inLanguage\":\"es\",\"potentialAction\":[{\"@type\":\"ReadAction\",\"target\":[\"https:\/\/elpuucnoticias.com\/?p=19715\"]}]},{\"@type\":\"BreadcrumbList\",\"@id\":\"https:\/\/elpuucnoticias.com\/?p=19715#breadcrumb\",\"itemListElement\":[{\"@type\":\"ListItem\",\"position\":1,\"name\":\"Portada\",\"item\":\"https:\/\/elpuucnoticias.com\/\"},{\"@type\":\"ListItem\",\"position\":2,\"name\":\"Gobierno del Estado atiende a comunidades afectadas en Oth\u00f3n P. Blanco y Bacalar\"}]},{\"@type\":\"Person\",\"@id\":\"https:\/\/elpuucnoticias.com\/#\/schema\/person\/d2ea09e4c97f0160b11cdfb1d856bd9e\",\"name\":\"elpuucnoticias\",\"image\":{\"@type\":\"ImageObject\",\"@id\":\"https:\/\/elpuucnoticias.com\/#personlogo\",\"inLanguage\":\"es\",\"url\":\"https:\/\/secure.gravatar.com\/avatar\/5290a43657c74ffa15701dbe5b846bd85cc71930d803c84e91046a7333de6ce2?s=96&d=mm&r=g\",\"contentUrl\":\"https:\/\/secure.gravatar.com\/avatar\/5290a43657c74ffa15701dbe5b846bd85cc71930d803c84e91046a7333de6ce2?s=96&d=mm&r=g\",\"caption\":\"elpuucnoticias\"},\"sameAs\":[\"https:\/\/elpuucnoticias.com\"],\"url\":\"https:\/\/elpuucnoticias.com\/?author=1\"}]}<\/script>\n<!-- \/ Yoast SEO plugin. -->","yoast_head_json":{"title":"Gobierno del Estado atiende a comunidades afectadas en Oth\u00f3n P. Blanco y Bacalar - El Puuc Noticias","robots":{"index":"index","follow":"follow","max-snippet":"max-snippet:-1","max-image-preview":"max-image-preview:large","max-video-preview":"max-video-preview:-1"},"canonical":"https:\/\/elpuucnoticias.com\/?p=19715","og_locale":"es_ES","og_type":"article","og_title":"Gobierno del Estado atiende a comunidades afectadas en Oth\u00f3n P. Blanco y Bacalar - El Puuc Noticias","og_description":"La Coordinaci\u00f3n Estatal de Protecci\u00f3n Civil (COEPROC) informa que, derivado de las intensas lluvias registradas en las \u00faltimas","og_url":"https:\/\/elpuucnoticias.com\/?p=19715","og_site_name":"El Puuc Noticias","article_published_time":"2025-06-30T19:15:06+00:00","og_image":[{"width":1600,"height":1066,"url":"https:\/\/elpuucnoticias.com\/wp-content\/uploads\/2025\/06\/d01217af-a0e8-44bb-8c36-e9ab3d30aaf4.jpeg","type":"image\/jpeg"}],"twitter_card":"summary_large_image","twitter_misc":{"Escrito por":"elpuucnoticias","Tiempo de lectura":"3 minutos"},"schema":{"@context":"https:\/\/schema.org","@graph":[{"@type":"WebSite","@id":"https:\/\/elpuucnoticias.com\/#website","url":"https:\/\/elpuucnoticias.com\/","name":"El Puuc Noticias","description":"Noticias - Entretenimiento - Deportes","potentialAction":[{"@type":"SearchAction","target":{"@type":"EntryPoint","urlTemplate":"https:\/\/elpuucnoticias.com\/?s={search_term_string}"},"query-input":"required name=search_term_string"}],"inLanguage":"es"},{"@type":"ImageObject","@id":"https:\/\/elpuucnoticias.com\/?p=19715#primaryimage","inLanguage":"es","url":"https:\/\/elpuucnoticias.com\/wp-content\/uploads\/2025\/06\/d01217af-a0e8-44bb-8c36-e9ab3d30aaf4.jpeg","contentUrl":"https:\/\/elpuucnoticias.com\/wp-content\/uploads\/2025\/06\/d01217af-a0e8-44bb-8c36-e9ab3d30aaf4.jpeg","width":1600,"height":1066},{"@type":"WebPage","@id":"https:\/\/elpuucnoticias.com\/?p=19715#webpage","url":"https:\/\/elpuucnoticias.com\/?p=19715","name":"Gobierno del Estado atiende a comunidades afectadas en Oth\u00f3n P. Blanco y Bacalar - El Puuc Noticias","isPartOf":{"@id":"https:\/\/elpuucnoticias.com\/#website"},"primaryImageOfPage":{"@id":"https:\/\/elpuucnoticias.com\/?p=19715#primaryimage"},"datePublished":"2025-06-30T19:15:06+00:00","dateModified":"2025-06-30T19:15:06+00:00","author":{"@id":"https:\/\/elpuucnoticias.com\/#\/schema\/person\/d2ea09e4c97f0160b11cdfb1d856bd9e"},"breadcrumb":{"@id":"https:\/\/elpuucnoticias.com\/?p=19715#breadcrumb"},"inLanguage":"es","potentialAction":[{"@type":"ReadAction","target":["https:\/\/elpuucnoticias.com\/?p=19715"]}]},{"@type":"BreadcrumbList","@id":"https:\/\/elpuucnoticias.com\/?p=19715#breadcrumb","itemListElement":[{"@type":"ListItem","position":1,"name":"Portada","item":"https:\/\/elpuucnoticias.com\/"},{"@type":"ListItem","position":2,"name":"Gobierno del Estado atiende a comunidades afectadas en Oth\u00f3n P. Blanco y Bacalar"}]},{"@type":"Person","@id":"https:\/\/elpuucnoticias.com\/#\/schema\/person\/d2ea09e4c97f0160b11cdfb1d856bd9e","name":"elpuucnoticias","image":{"@type":"ImageObject","@id":"https:\/\/elpuucnoticias.com\/#personlogo","inLanguage":"es","url":"https:\/\/secure.gravatar.com\/avatar\/5290a43657c74ffa15701dbe5b846bd85cc71930d803c84e91046a7333de6ce2?s=96&d=mm&r=g","contentUrl":"https:\/\/secure.gravatar.com\/avatar\/5290a43657c74ffa15701dbe5b846bd85cc71930d803c84e91046a7333de6ce2?s=96&d=mm&r=g","caption":"elpuucnoticias"},"sameAs":["https:\/\/elpuucnoticias.com"],"url":"https:\/\/elpuucnoticias.com\/?author=1"}]}},"_links":{"self":[{"href":"https:\/\/elpuucnoticias.com\/index.php?rest_route=\/wp\/v2\/posts\/19715","targetHints":{"allow":["GET"]}}],"collection":[{"href":"https:\/\/elpuucnoticias.com\/index.php?rest_route=\/wp\/v2\/posts"}],"about":[{"href":"https:\/\/elpuucnoticias.com\/index.php?rest_route=\/wp\/v2\/types\/post"}],"author":[{"embeddable":true,"href":"https:\/\/elpuucnoticias.com\/index.php?rest_route=\/wp\/v2\/users\/1"}],"replies":[{"embeddable":true,"href":"https:\/\/elpuucnoticias.com\/index.php?rest_route=%2Fwp%2Fv2%2Fcomments&post=19715"}],"version-history":[{"count":1,"href":"https:\/\/elpuucnoticias.com\/index.php?rest_route=\/wp\/v2\/posts\/19715\/revisions"}],"predecessor-version":[{"id":19717,"href":"https:\/\/elpuucnoticias.com\/index.php?rest_route=\/wp\/v2\/posts\/19715\/revisions\/19717"}],"wp:featuredmedia":[{"embeddable":true,"href":"https:\/\/elpuucnoticias.com\/index.php?rest_route=\/wp\/v2\/media\/19716"}],"wp:attachment":[{"href":"https:\/\/elpuucnoticias.com\/index.php?rest_route=%2Fwp%2Fv2%2Fmedia&parent=19715"}],"wp:term":[{"taxonomy":"category","embeddable":true,"href":"https:\/\/elpuucnoticias.com\/index.php?rest_route=%2Fwp%2Fv2%2Fcategories&post=19715"},{"taxonomy":"post_tag","embeddable":true,"href":"https:\/\/elpuucnoticias.com\/index.php?rest_route=%2Fwp%2Fv2%2Ftags&post=19715"}],"curies":[{"name":"wp","href":"https:\/\/api.w.org\/{rel}","templated":true}]}}