{"id":19721,"date":"2025-06-30T13:18:19","date_gmt":"2025-06-30T19:18:19","guid":{"rendered":"https:\/\/elpuucnoticias.com\/?p=19721"},"modified":"2025-06-30T13:18:20","modified_gmt":"2025-06-30T19:18:20","slug":"confirma-mara-lezama-saldo-blanco-en-chetumal-en-acciones-coordinadas-por-onda-tropical","status":"publish","type":"post","link":"https:\/\/elpuucnoticias.com\/?p=19721","title":{"rendered":"Confirma Mara Lezama saldo blanco en Chetumal en acciones coordinadas por onda tropical"},"content":{"rendered":"\n<p>Durante la Sesi\u00f3n Extraordinaria del Consejo Estatal de Protecci\u00f3n Civil dirigida por la gobernadora Mara Lezama Espinoza, en donde se dio a conocer que ya se est\u00e1 brindando el apoyo a las comunidades rurales de los municipios de Oth\u00f3n P. Blanco y Bacalar que resultaron afectadas por las intensas lluvias registradas los d\u00edas 26, 27 y 28 por la onda tropical n\u00famero 6.<\/p>\n\n\n\n<p>La Gobernadora dio a conocer que la Coordinaci\u00f3n Estatal de Protecci\u00f3n Civil junto con la Secretar\u00eda de Marina (SEMAR) y la Secretar\u00eda de la Defensa Nacional (SEDENA) recorrieron y dieron el apoyo a las comunidades afectadas, las cuales fueron Pedro Joaqu\u00ednColdwell, Puct\u00e9, \u00c1lvaro Obreg\u00f3n, Javier Rojo G\u00f3mez, Cacao, Sabidos, Cocoyol, \u00c1lvaro Obreg\u00f3n Viejo, NachiCocom y Gonz\u00e1lez Ortega, esto en el municipio de Oth\u00f3n P. Blanco y en las comunidades de San Rom\u00e1n y Huatusco en el municipio de Bacalar.<\/p>\n\n\n\n<figure class=\"wp-block-image is-style-default\"><a href=\"https:\/\/cgc.qroo.gob.mx\/cjg\/wp-content\/uploads\/2025\/06\/WhatsApp-Image-2025-06-29-at-23.12.18-scaled.jpeg\"><img decoding=\"async\" src=\"https:\/\/cgc.qroo.gob.mx\/cjg\/wp-content\/uploads\/2025\/06\/WhatsApp-Image-2025-06-29-at-23.12.18-585x193.jpeg\" alt=\"\" title=\"WhatsApp Image 2025-06-29 at 23.12.18\"\/><\/a><\/figure>\n\n\n\n<p>Asimismo, se detect\u00f3 que las comunidades de la Ribera del R\u00edo Hondo con atenci\u00f3n prioritaria fueron \u00c1lvaro Obreg\u00f3n, Javier Rojo G\u00f3mez, Puct\u00e9 y Gonz\u00e1lez Ortega.<\/p>\n\n\n\n<p>De acuerdo con datos de las autoridades, el acumulado de lluvias en cuatro d\u00edas del 26 al 29 de junio fueron las siguientes: Puct\u00e9 (428.6 mm), Juan Sarabia (286.5 mm), Sergio Butr\u00f3n C (207 mm), Agua Blanca (171.3 mm) Nicol\u00e1s Bravo (156.4 mm), Alvaro Obreg\u00f3n (374.5 mm) mm), Hospital Morelos (177.3), el Observatorio de Chetumal (169.2 mm) y en Bacalar en INIFAP (236 mm) de acuerdo con CONAGUA.<\/p>\n\n\n\n<p>Se llevaron a cabo acciones de limpieza en algunas vialidades obstruidas y se les dio ayuda a familias quedaron atrapadas en medio de las lluvias por lo que se les traslad\u00f3 a un lugar donde estuvieran seguros.<\/p>\n\n\n\n<p>Se abri\u00f3 tambi\u00e9n un refugio en Javier Rojo G\u00f3mez y uno en \u00c1lvaro Obreg\u00f3n que resguardaron en total de 9 personas y se les entreg\u00f3 colchonetas, s\u00e1banas, alimentos y art\u00edculos de primera necesidad. Afortunadamente, el agua descendi\u00f3 y hoy domingo pudieron regresar a sus hogares no sin antes brindarles alimentos y tomar sus solicitudes ya que en algunas viviendas tuvieron p\u00e9rdidas materiales y pidieron el apoyo para que se les de colchones, despensas y art\u00edculos b\u00e1sicos.<\/p>\n\n\n\n<p>Tambi\u00e9n se cont\u00f3 con la pronta respuesta de la Secretar\u00eda de Seguridad Ciudadana y la Secretar\u00eda de Seguridad Ciudadana de Playa del Carmen y el IMSS-BIENESTAR para la atenci\u00f3n y traslado v\u00eda a\u00e9rea de una mujer embarazada de la comunidad de Huatusco y un hombre de la tercera edad de la comunidad de \u00c1lvaro Obreg\u00f3n, quien presentaba un cuadro de gastroenteritis, el cual, con apoyo de la Secretar\u00eda de Salud se le traslad\u00f3 de manera inmediata al Hospital General de Chetumal.<\/p>\n\n\n\n<p>En coordinaci\u00f3n con la Secretar\u00eda de la Defensa Nacional (SEDENA) se instal\u00f3 una cocina comunitaria en la localidad de Puct\u00e9 donde se proporcion\u00f3 un aproximado de 248 servicios de alimento entre desayunos y almuerzos a las personas que requer\u00edan el apoyo. Con un horario de 09:00 a 10:00 para el desayuno y un horario de 15:00 a 16:00 para el almuerzo.<\/p>\n\n\n\n<p>La gobernadora de Quintana Roo dio a conocer que en coordinaci\u00f3n con los tres \u00f3rdenes de gobierno se levant\u00f3 un censo para conocer cu\u00e1ntas familias y viviendas fueron afectadas, para continuar llevando despensas y toda la ayuda que las personas de las comunidades necesitan.<\/p>\n\n\n\n<figure class=\"wp-block-image is-style-default\"><a href=\"https:\/\/cgc.qroo.gob.mx\/cjg\/wp-content\/uploads\/2025\/06\/WhatsApp-Image-2025-06-29-at-23.12.17-scaled.jpeg\"><img decoding=\"async\" src=\"https:\/\/cgc.qroo.gob.mx\/cjg\/wp-content\/uploads\/2025\/06\/WhatsApp-Image-2025-06-29-at-23.12.17-585x390.jpeg\" alt=\"\" title=\"WhatsApp Image 2025-06-29 at 23.12.17\"\/><\/a><\/figure>\n\n\n\n<p>Adem\u00e1s, dijo que no dejar\u00e1 de velar por el bienestar y seguridad de las localidades de la Ribera del R\u00edo Hondo, y que en caso de requerir que las familias evac\u00faen sus domicilios, los refugios estar\u00e1n listos para usarse. Precis\u00f3 que no se escatimar\u00e1 ning\u00fan esfuerzo preventivo para la protecci\u00f3n y salvaguarda de las y los quintanarroenses.<\/p>\n\n\n\n<p>Destac\u00f3 que todos los equipos de emergencia est\u00e1n preparados para afrontar y responder antes, durante y despu\u00e9s de cualquier da\u00f1o que el Estado pudiera sufrir por un fen\u00f3meno hidrometeorol\u00f3gico.<\/p>\n\n\n\n<p>Por su parte y en cumplimiento de la encomienda de la gobernadora Mara Lezama, la Coordinaci\u00f3n Estatal de Protecci\u00f3n Civil continuar\u00e1 trabajando de la mano con la Secretar\u00eda de la Defensa Nacional (SEDENA), Guardia Nacional (GN) y Seguridad Ciudadana (SSC), para hacer la entrega de colchonetas, colchas, despensas, as\u00ed como realizando acciones de limpiezas en caminos y viviendas de las localidades.<\/p>\n\n\n\n<p>De la misma forma, el director de la COEPROC, Guillermo N\u00fa\u00f1ez Leal, inform\u00f3 todas las acciones que se llevaron a cabo durante y despu\u00e9s de la contingencia y ratific\u00f3 su compromiso de continuar trabajando de la mano con los tres niveles de gobierno para garantizar la seguridad de las familias que han sufrido da\u00f1os en sus hogares, tambi\u00e9n aprovech\u00f3 para hacer un llamado a la poblaci\u00f3n y exhortarles a mantenerse bien informados por los medios oficiales para estar prevenidos ante cualquier contingencia y as\u00ed evitar poner en riesgo el patrimonio y la salud de las familias quintanarroenses.<\/p>\n\n\n\n<p>En atenci\u00f3n a la poblaci\u00f3n estuvieron trabajando en estrecha sincron\u00eda con la Secretar\u00eda de la Defensa Nacional (SEDENA), Secretar\u00eda de Marina (SEMAR), Guardia Nacional (GN), Comisi\u00f3n Nacional del Agua en Quintana Roo (CONAGUA), Secretar\u00eda de Seguridad Ciudadana (SSC), Secretar\u00eda de Obras P\u00fablicas (SEOP), Secretar\u00eda de Salud (SESA) y la Coordinaci\u00f3n Estatal de Protecci\u00f3n Civil (COEPROC), DIF Quintana Roo y los Ayuntamientos de Oth\u00f3n P. Blanco y Bacalar.<\/p>\n\n\n\n<p>En esta Sesi\u00f3n Extraordinaria estuvieron presentes los representantes de los tres \u00f3rdenes de gobierno y de las diferentes dependencias, as\u00ed como de los cuerpos de emergencias quienes expresaron su entera disposici\u00f3n para llevar el apoyo a cada rinc\u00f3n de las comunidades afectadas.<\/p>\n","protected":false},"excerpt":{"rendered":"<p>Durante la Sesi\u00f3n Extraordinaria del Consejo Estatal de Protecci\u00f3n Civil dirigida por la gobernadora Mara Lezama Espinoza, en<\/p>\n","protected":false},"author":1,"featured_media":19722,"comment_status":"closed","ping_status":"open","sticky":false,"template":"","format":"standard","meta":{"_monsterinsights_skip_tracking":false,"_monsterinsights_sitenote_active":false,"_monsterinsights_sitenote_note":"","_monsterinsights_sitenote_category":0,"footnotes":""},"categories":[43,11,24],"tags":[],"class_list":["post-19721","post","type-post","status-publish","format-standard","has-post-thumbnail","hentry","category-clima","category-noticias","category-quintana-roo"],"yoast_head":"<!-- This site is optimized with the Yoast SEO plugin v18.3 - https:\/\/yoast.com\/wordpress\/plugins\/seo\/ -->\n<title>Confirma Mara Lezama saldo blanco en Chetumal en acciones coordinadas por onda tropical - El Puuc Noticias<\/title>\n<meta name=\"robots\" content=\"index, follow, max-snippet:-1, max-image-preview:large, max-video-preview:-1\" \/>\n<link rel=\"canonical\" href=\"https:\/\/elpuucnoticias.com\/?p=19721\" \/>\n<meta property=\"og:locale\" content=\"es_ES\" \/>\n<meta property=\"og:type\" content=\"article\" \/>\n<meta property=\"og:title\" content=\"Confirma Mara Lezama saldo blanco en Chetumal en acciones coordinadas por onda tropical - El Puuc Noticias\" \/>\n<meta property=\"og:description\" content=\"Durante la Sesi\u00f3n Extraordinaria del Consejo Estatal de Protecci\u00f3n Civil dirigida por la gobernadora Mara Lezama Espinoza, en\" \/>\n<meta property=\"og:url\" content=\"https:\/\/elpuucnoticias.com\/?p=19721\" \/>\n<meta property=\"og:site_name\" content=\"El Puuc Noticias\" \/>\n<meta property=\"article:published_time\" content=\"2025-06-30T19:18:19+00:00\" \/>\n<meta property=\"article:modified_time\" content=\"2025-06-30T19:18:20+00:00\" \/>\n<meta property=\"og:image\" content=\"https:\/\/elpuucnoticias.com\/wp-content\/uploads\/2025\/06\/whatsapp-image-2025-06-29-at-23.12.20-scaled-1.jpeg\" \/>\n\t<meta property=\"og:image:width\" content=\"2560\" \/>\n\t<meta property=\"og:image:height\" content=\"1707\" \/>\n\t<meta property=\"og:image:type\" content=\"image\/jpeg\" \/>\n<meta name=\"twitter:card\" content=\"summary_large_image\" \/>\n<meta name=\"twitter:label1\" content=\"Escrito por\" \/>\n\t<meta name=\"twitter:data1\" content=\"elpuucnoticias\" \/>\n\t<meta name=\"twitter:label2\" content=\"Tiempo de lectura\" \/>\n\t<meta name=\"twitter:data2\" content=\"5 minutos\" \/>\n<script type=\"application\/ld+json\" class=\"yoast-schema-graph\">{\"@context\":\"https:\/\/schema.org\",\"@graph\":[{\"@type\":\"WebSite\",\"@id\":\"https:\/\/elpuucnoticias.com\/#website\",\"url\":\"https:\/\/elpuucnoticias.com\/\",\"name\":\"El Puuc Noticias\",\"description\":\"Noticias - Entretenimiento - Deportes\",\"potentialAction\":[{\"@type\":\"SearchAction\",\"target\":{\"@type\":\"EntryPoint\",\"urlTemplate\":\"https:\/\/elpuucnoticias.com\/?s={search_term_string}\"},\"query-input\":\"required name=search_term_string\"}],\"inLanguage\":\"es\"},{\"@type\":\"ImageObject\",\"@id\":\"https:\/\/elpuucnoticias.com\/?p=19721#primaryimage\",\"inLanguage\":\"es\",\"url\":\"https:\/\/elpuucnoticias.com\/wp-content\/uploads\/2025\/06\/whatsapp-image-2025-06-29-at-23.12.20-scaled-1.jpeg\",\"contentUrl\":\"https:\/\/elpuucnoticias.com\/wp-content\/uploads\/2025\/06\/whatsapp-image-2025-06-29-at-23.12.20-scaled-1.jpeg\",\"width\":2560,\"height\":1707},{\"@type\":\"WebPage\",\"@id\":\"https:\/\/elpuucnoticias.com\/?p=19721#webpage\",\"url\":\"https:\/\/elpuucnoticias.com\/?p=19721\",\"name\":\"Confirma Mara Lezama saldo blanco en Chetumal en acciones coordinadas por onda tropical - El Puuc Noticias\",\"isPartOf\":{\"@id\":\"https:\/\/elpuucnoticias.com\/#website\"},\"primaryImageOfPage\":{\"@id\":\"https:\/\/elpuucnoticias.com\/?p=19721#primaryimage\"},\"datePublished\":\"2025-06-30T19:18:19+00:00\",\"dateModified\":\"2025-06-30T19:18:20+00:00\",\"author\":{\"@id\":\"https:\/\/elpuucnoticias.com\/#\/schema\/person\/d2ea09e4c97f0160b11cdfb1d856bd9e\"},\"breadcrumb\":{\"@id\":\"https:\/\/elpuucnoticias.com\/?p=19721#breadcrumb\"},\"inLanguage\":\"es\",\"potentialAction\":[{\"@type\":\"ReadAction\",\"target\":[\"https:\/\/elpuucnoticias.com\/?p=19721\"]}]},{\"@type\":\"BreadcrumbList\",\"@id\":\"https:\/\/elpuucnoticias.com\/?p=19721#breadcrumb\",\"itemListElement\":[{\"@type\":\"ListItem\",\"position\":1,\"name\":\"Portada\",\"item\":\"https:\/\/elpuucnoticias.com\/\"},{\"@type\":\"ListItem\",\"position\":2,\"name\":\"Confirma Mara Lezama saldo blanco en Chetumal en acciones coordinadas por onda tropical\"}]},{\"@type\":\"Person\",\"@id\":\"https:\/\/elpuucnoticias.com\/#\/schema\/person\/d2ea09e4c97f0160b11cdfb1d856bd9e\",\"name\":\"elpuucnoticias\",\"image\":{\"@type\":\"ImageObject\",\"@id\":\"https:\/\/elpuucnoticias.com\/#personlogo\",\"inLanguage\":\"es\",\"url\":\"https:\/\/secure.gravatar.com\/avatar\/5290a43657c74ffa15701dbe5b846bd85cc71930d803c84e91046a7333de6ce2?s=96&d=mm&r=g\",\"contentUrl\":\"https:\/\/secure.gravatar.com\/avatar\/5290a43657c74ffa15701dbe5b846bd85cc71930d803c84e91046a7333de6ce2?s=96&d=mm&r=g\",\"caption\":\"elpuucnoticias\"},\"sameAs\":[\"https:\/\/elpuucnoticias.com\"],\"url\":\"https:\/\/elpuucnoticias.com\/?author=1\"}]}<\/script>\n<!-- \/ Yoast SEO plugin. -->","yoast_head_json":{"title":"Confirma Mara Lezama saldo blanco en Chetumal en acciones coordinadas por onda tropical - El Puuc Noticias","robots":{"index":"index","follow":"follow","max-snippet":"max-snippet:-1","max-image-preview":"max-image-preview:large","max-video-preview":"max-video-preview:-1"},"canonical":"https:\/\/elpuucnoticias.com\/?p=19721","og_locale":"es_ES","og_type":"article","og_title":"Confirma Mara Lezama saldo blanco en Chetumal en acciones coordinadas por onda tropical - El Puuc Noticias","og_description":"Durante la Sesi\u00f3n Extraordinaria del Consejo Estatal de Protecci\u00f3n Civil dirigida por la gobernadora Mara Lezama Espinoza, en","og_url":"https:\/\/elpuucnoticias.com\/?p=19721","og_site_name":"El Puuc Noticias","article_published_time":"2025-06-30T19:18:19+00:00","article_modified_time":"2025-06-30T19:18:20+00:00","og_image":[{"width":2560,"height":1707,"url":"https:\/\/elpuucnoticias.com\/wp-content\/uploads\/2025\/06\/whatsapp-image-2025-06-29-at-23.12.20-scaled-1.jpeg","type":"image\/jpeg"}],"twitter_card":"summary_large_image","twitter_misc":{"Escrito por":"elpuucnoticias","Tiempo de lectura":"5 minutos"},"schema":{"@context":"https:\/\/schema.org","@graph":[{"@type":"WebSite","@id":"https:\/\/elpuucnoticias.com\/#website","url":"https:\/\/elpuucnoticias.com\/","name":"El Puuc Noticias","description":"Noticias - Entretenimiento - Deportes","potentialAction":[{"@type":"SearchAction","target":{"@type":"EntryPoint","urlTemplate":"https:\/\/elpuucnoticias.com\/?s={search_term_string}"},"query-input":"required name=search_term_string"}],"inLanguage":"es"},{"@type":"ImageObject","@id":"https:\/\/elpuucnoticias.com\/?p=19721#primaryimage","inLanguage":"es","url":"https:\/\/elpuucnoticias.com\/wp-content\/uploads\/2025\/06\/whatsapp-image-2025-06-29-at-23.12.20-scaled-1.jpeg","contentUrl":"https:\/\/elpuucnoticias.com\/wp-content\/uploads\/2025\/06\/whatsapp-image-2025-06-29-at-23.12.20-scaled-1.jpeg","width":2560,"height":1707},{"@type":"WebPage","@id":"https:\/\/elpuucnoticias.com\/?p=19721#webpage","url":"https:\/\/elpuucnoticias.com\/?p=19721","name":"Confirma Mara Lezama saldo blanco en Chetumal en acciones coordinadas por onda tropical - El Puuc Noticias","isPartOf":{"@id":"https:\/\/elpuucnoticias.com\/#website"},"primaryImageOfPage":{"@id":"https:\/\/elpuucnoticias.com\/?p=19721#primaryimage"},"datePublished":"2025-06-30T19:18:19+00:00","dateModified":"2025-06-30T19:18:20+00:00","author":{"@id":"https:\/\/elpuucnoticias.com\/#\/schema\/person\/d2ea09e4c97f0160b11cdfb1d856bd9e"},"breadcrumb":{"@id":"https:\/\/elpuucnoticias.com\/?p=19721#breadcrumb"},"inLanguage":"es","potentialAction":[{"@type":"ReadAction","target":["https:\/\/elpuucnoticias.com\/?p=19721"]}]},{"@type":"BreadcrumbList","@id":"https:\/\/elpuucnoticias.com\/?p=19721#breadcrumb","itemListElement":[{"@type":"ListItem","position":1,"name":"Portada","item":"https:\/\/elpuucnoticias.com\/"},{"@type":"ListItem","position":2,"name":"Confirma Mara Lezama saldo blanco en Chetumal en acciones coordinadas por onda tropical"}]},{"@type":"Person","@id":"https:\/\/elpuucnoticias.com\/#\/schema\/person\/d2ea09e4c97f0160b11cdfb1d856bd9e","name":"elpuucnoticias","image":{"@type":"ImageObject","@id":"https:\/\/elpuucnoticias.com\/#personlogo","inLanguage":"es","url":"https:\/\/secure.gravatar.com\/avatar\/5290a43657c74ffa15701dbe5b846bd85cc71930d803c84e91046a7333de6ce2?s=96&d=mm&r=g","contentUrl":"https:\/\/secure.gravatar.com\/avatar\/5290a43657c74ffa15701dbe5b846bd85cc71930d803c84e91046a7333de6ce2?s=96&d=mm&r=g","caption":"elpuucnoticias"},"sameAs":["https:\/\/elpuucnoticias.com"],"url":"https:\/\/elpuucnoticias.com\/?author=1"}]}},"_links":{"self":[{"href":"https:\/\/elpuucnoticias.com\/index.php?rest_route=\/wp\/v2\/posts\/19721","targetHints":{"allow":["GET"]}}],"collection":[{"href":"https:\/\/elpuucnoticias.com\/index.php?rest_route=\/wp\/v2\/posts"}],"about":[{"href":"https:\/\/elpuucnoticias.com\/index.php?rest_route=\/wp\/v2\/types\/post"}],"author":[{"embeddable":true,"href":"https:\/\/elpuucnoticias.com\/index.php?rest_route=\/wp\/v2\/users\/1"}],"replies":[{"embeddable":true,"href":"https:\/\/elpuucnoticias.com\/index.php?rest_route=%2Fwp%2Fv2%2Fcomments&post=19721"}],"version-history":[{"count":1,"href":"https:\/\/elpuucnoticias.com\/index.php?rest_route=\/wp\/v2\/posts\/19721\/revisions"}],"predecessor-version":[{"id":19723,"href":"https:\/\/elpuucnoticias.com\/index.php?rest_route=\/wp\/v2\/posts\/19721\/revisions\/19723"}],"wp:featuredmedia":[{"embeddable":true,"href":"https:\/\/elpuucnoticias.com\/index.php?rest_route=\/wp\/v2\/media\/19722"}],"wp:attachment":[{"href":"https:\/\/elpuucnoticias.com\/index.php?rest_route=%2Fwp%2Fv2%2Fmedia&parent=19721"}],"wp:term":[{"taxonomy":"category","embeddable":true,"href":"https:\/\/elpuucnoticias.com\/index.php?rest_route=%2Fwp%2Fv2%2Fcategories&post=19721"},{"taxonomy":"post_tag","embeddable":true,"href":"https:\/\/elpuucnoticias.com\/index.php?rest_route=%2Fwp%2Fv2%2Ftags&post=19721"}],"curies":[{"name":"wp","href":"https:\/\/api.w.org\/{rel}","templated":true}]}}