{"id":19728,"date":"2025-07-03T18:01:23","date_gmt":"2025-07-04T00:01:23","guid":{"rendered":"https:\/\/elpuucnoticias.com\/?p=19728"},"modified":"2025-07-03T18:01:23","modified_gmt":"2025-07-04T00:01:23","slug":"la-intervencion-educativa-como-herramienta-para-difundir-los-derechos-de-la-ninez-en-yucatan","status":"publish","type":"post","link":"https:\/\/elpuucnoticias.com\/?p=19728","title":{"rendered":"La Intervenci\u00f3n Educativa como herramienta para difundir los derechos de la ni\u00f1ez en Yucat\u00e1n"},"content":{"rendered":"\n<p><strong>Eknak\u00e1n, reflejo de una sociedad que demanda programas de intervenci\u00f3n educativa para desaprender violencia<\/strong><\/p>\n\n\n\n<p><em>Por Nadia Tecuapetla<\/em><\/p>\n\n\n\n<p>La preocupaci\u00f3n hacia la ni\u00f1ez, en comunidades alejadas de programas desarrollo integral, pero con avidez de atenci\u00f3n, a causa de la vulnerabilidad que les rodea, fue el motor que impuls\u00f3 a Alondra Guadalupe Medina Ocuc y Margarita&nbsp; Pech, con el acompa\u00f1amiento de la pedagoga maya Bertha Pech Polanco a realizarse el proyecto \u201cPromoci\u00f3n de los derechos de las ni\u00f1as y los ni\u00f1os con enfoque de convivencia intercultural\u201d en la Escuela Primaria Multigrado \u201cRicardo Molina Sol\u00eds\u201d, como parte del programa de Pr\u00e1cticas Profesionales de la Licenciatura en Intervenci\u00f3n Educativa, impartida por la Universidad Pedag\u00f3gica Nacional de M\u00e9rida, cuya trascendencia social est\u00e1 guiada por la necesidad de garantizar un desarrollo integral de los menores, libres de violencia.<\/p>\n\n\n\n<figure class=\"wp-block-gallery has-nested-images columns-default is-cropped wp-block-gallery-1 is-layout-flex wp-block-gallery-is-layout-flex\">\n<figure class=\"wp-block-image size-large is-style-default\"><img loading=\"lazy\" decoding=\"async\" width=\"1024\" height=\"676\" data-id=\"19803\" src=\"https:\/\/elpuucnoticias.com\/wp-content\/uploads\/2025\/07\/img_9342-1024x676.jpg\" alt=\"\" class=\"wp-image-19803\" srcset=\"https:\/\/elpuucnoticias.com\/wp-content\/uploads\/2025\/07\/img_9342-1024x676.jpg 1024w, https:\/\/elpuucnoticias.com\/wp-content\/uploads\/2025\/07\/img_9342-300x198.jpg 300w, https:\/\/elpuucnoticias.com\/wp-content\/uploads\/2025\/07\/img_9342-768x507.jpg 768w, https:\/\/elpuucnoticias.com\/wp-content\/uploads\/2025\/07\/img_9342-1536x1014.jpg 1536w, https:\/\/elpuucnoticias.com\/wp-content\/uploads\/2025\/07\/img_9342-2048x1352.jpg 2048w, https:\/\/elpuucnoticias.com\/wp-content\/uploads\/2025\/07\/img_9342-320x211.jpg 320w\" sizes=\"auto, (max-width: 1024px) 100vw, 1024px\" \/><\/figure>\n\n\n\n<figure class=\"wp-block-image size-large is-style-default\"><img loading=\"lazy\" decoding=\"async\" width=\"1024\" height=\"679\" data-id=\"19802\" src=\"https:\/\/elpuucnoticias.com\/wp-content\/uploads\/2025\/07\/img_9334-1024x679.jpg\" alt=\"\" class=\"wp-image-19802\" srcset=\"https:\/\/elpuucnoticias.com\/wp-content\/uploads\/2025\/07\/img_9334-1024x679.jpg 1024w, https:\/\/elpuucnoticias.com\/wp-content\/uploads\/2025\/07\/img_9334-300x200.jpg 300w, https:\/\/elpuucnoticias.com\/wp-content\/uploads\/2025\/07\/img_9334-768x510.jpg 768w, https:\/\/elpuucnoticias.com\/wp-content\/uploads\/2025\/07\/img_9334-1536x1019.jpg 1536w, https:\/\/elpuucnoticias.com\/wp-content\/uploads\/2025\/07\/img_9334-2048x1359.jpg 2048w, https:\/\/elpuucnoticias.com\/wp-content\/uploads\/2025\/07\/img_9334-320x212.jpg 320w\" sizes=\"auto, (max-width: 1024px) 100vw, 1024px\" \/><\/figure>\n<\/figure>\n\n\n\n<p>El proyecto de investigaci\u00f3n, corresponde a la l\u00ednea de interculturalidad, en el \u00e1mbito <em>Procuraci\u00f3n de Derechos Humanos y de la Naturaleza<\/em>, con duraci\u00f3n de un a\u00f1o y medio. Tanto Alondra, originaria de M\u00e9rida, como Margarita, nacida en la localidad de Cuzam\u00e1 (a unos 50 kil\u00f3metros de M\u00e9rida), son primas, y su familiaridad con la comunidad Eknak\u00e1n, Cuzam\u00e1, les hizo darse cuenta de normalizaci\u00f3n de distintas formas de violencia en el lugar, como un reflejo de Yucat\u00e1n, y que muchas veces recae en los ni\u00f1os. Siendo \u00e9stos \u00faltimos, tratados&nbsp;con frecuencia por los adultos con indiferencia, y dejando de lado, su capacidad de ser lastimados.&nbsp; Fue entonces que surgi\u00f3 la idea de hacer accesibles los derechos infantiles y que \u00e9stos contin\u00faen haci\u00e9ndose efectivos, al crecer.<\/p>\n\n\n\n<p>Para Alondra Medina, la experiencia de estar en la comunidad, le permiti\u00f3 \u201cpoder abrir su mente\u201d y reflexionar sobre las diversas necesidades que existen en localidades como \u00e9stas, tras comparar una vida m\u00e1s sencilla, en su lugar de origen. El poco acceso a la luz, internet, y lo que considera, como una de las principales causantes de la incidencia en el alcoholismo y drogadicci\u00f3n de los j\u00f3venes y adultos, como la falta de actividades extracurriculares; llevaron a Alondra a desarrollar una visi\u00f3n menos \u201cego\u00edsta\u201d y a desarrollar un amor hacia&nbsp; las ni\u00f1as y ni\u00f1os que no hab\u00eda experimentado antes, as\u00ed como darse cuenta de una peculiaridad en torno a sus identidades de los menores, como \u201cla pureza y bondad\u201d, que merecen ser cuidadas.&nbsp;&nbsp;<\/p>\n\n\n\n<p>Mientras que, para Margarita Pech, haber sido parte del proyecto le brind\u00f3 una gran experiencia profesional. A partir de cuentos colectivos y reflexiones, y del reconocimiento de 10 derechos de los ni\u00f1os, como: el derecho a la identidad, a la alimentaci\u00f3n, a tener una familia, adem\u00e1s de un entorno digno, as\u00ed como el derecho al juego, a la no discriminaci\u00f3n y al cuidado del entorno, pudo constatar, cambios de comportamientos, as\u00ed como ver una mayor seguridad de los alumnos y sus compa\u00f1eros.<\/p>\n\n\n\n<figure class=\"wp-block-image size-large is-style-default\"><img loading=\"lazy\" decoding=\"async\" width=\"1024\" height=\"650\" src=\"https:\/\/elpuucnoticias.com\/wp-content\/uploads\/2025\/07\/img_9427-1024x650.jpg\" alt=\"\" class=\"wp-image-19804\" srcset=\"https:\/\/elpuucnoticias.com\/wp-content\/uploads\/2025\/07\/img_9427-1024x650.jpg 1024w, https:\/\/elpuucnoticias.com\/wp-content\/uploads\/2025\/07\/img_9427-300x191.jpg 300w, https:\/\/elpuucnoticias.com\/wp-content\/uploads\/2025\/07\/img_9427-768x488.jpg 768w, https:\/\/elpuucnoticias.com\/wp-content\/uploads\/2025\/07\/img_9427-1536x976.jpg 1536w, https:\/\/elpuucnoticias.com\/wp-content\/uploads\/2025\/07\/img_9427-2048x1301.jpg 2048w, https:\/\/elpuucnoticias.com\/wp-content\/uploads\/2025\/07\/img_9427-150x95.jpg 150w, https:\/\/elpuucnoticias.com\/wp-content\/uploads\/2025\/07\/img_9427-320x203.jpg 320w\" sizes=\"auto, (max-width: 1024px) 100vw, 1024px\" \/><\/figure>\n\n\n\n<p>Por su parte, la maestra Bertha Pech, docente de la ya antes mencionada universidad, coment\u00f3 que muchas de las violencias que se viven en la familia, se ven reflejadas en el espacio escolar y la convivencia con los compa\u00f1eros. \u201cCuando ellas me hablaron de violencia en la localidad, quise acompa\u00f1arlas en su proyecto, tratando de darle enfoques m\u00e1s espec\u00edficos; decidimos abordar los derechos de las ni\u00f1as y ni\u00f1os, con la intenci\u00f3n de que se conozcan y buscando garantizar un desarrollo emocional, f\u00edsico, psicol\u00f3gico, mental, cultural y que impacte en los social\u201d. Asimismo, como integrante del Comit\u00e9 para la protecci\u00f3n y Respeto de los Derechos Humanos de los Pueblos y las Comunidades Ind\u00edgenas de la Comisi\u00f3n de Derechos Humanos del Estado de Yucat\u00e1n (CODHEY), la pedagoga facilit\u00f3 el acercamiento&nbsp; de la comunidad educativa y el programa de Derechos de Ni\u00f1os, Ni\u00f1as y Adolescentes de la CODHEY,&nbsp; mediante el cual se llev\u00f3 a cabo&nbsp; el teatro gui\u00f1ol \u201cNuestro amigo Juan\u201d, y pl\u00e1ticas para padres y madres familia, sobre los derechos y responsabilidades de las infancias. Con la finalidad de fortalecer la cultura de paz y no no violencia en la escuela. En la jornada tambi\u00e9n participaron los ni\u00f1os y ni\u00f1as del&nbsp;preescolar ind\u00edgena \u201cRicardo Palmer\u00edn\u201d.<\/p>\n\n\n\n<p>La pl\u00e1tica a cargo de la psicopedagoga, Ivonne Becerra Cohuo&nbsp;existe en Yucat\u00e1n, desde hace m\u00e1s de 15 a\u00f1os, para educaci\u00f3n inicial y b\u00e1sica y est\u00e1 dirigida a madres y padres, para abordar los temas de derechos y responsabilidades, en que se \u00e9stos puedan darse cuenta si est\u00e1n incurriendo en alguna falta hacia su la respuesta y de la buena participaci\u00f3n de los padres y madres de familia. Becerra comenta tambi\u00e9n, que este tipo de intervenciones son muy necesarias en el estado, aunque le gustar\u00eda poder abarcar cada rinc\u00f3n de \u00e9ste.<\/p>\n\n\n\n<p>La maestra Pech Polanco, como integrante del Comit\u00e9 de Derechos Humanos de los Pueblos&nbsp;Ind\u00edgenas, coment\u00f3 que respald\u00f3 la implementaci\u00f3n de este proyecto pues unos de los objetivos de dicho Comit\u00e9 es contribuir a crear un entorno donde se reconozcan y respeten plenamente los derechos de los pueblos y comunidades mayas. Por \u00faltimo, la activista, resalt\u00f3 la importancia y necesidad de atenci\u00f3n de las comunidades al interior de Yucat\u00e1n, ante los pocos espacios dedicados al esparcimiento cultural, talleres para padres, los servicios de atenci\u00f3n psicol\u00f3gica y de violencias, que permitan desaprender pr\u00e1cticas de padres e hijos. Lo anterior tomando en cuenta la incidencia de suicidios en Yucat\u00e1n, que ocupa una de los tres primeros lugares a nivel nacional y donde la mayor tasa de mortalidad la ocupan los j\u00f3venes, qui\u00e9nes muchas veces experimentan entornos violentos y sensaciones de soledad.&nbsp;<\/p>\n","protected":false},"excerpt":{"rendered":"<p>Eknak\u00e1n, reflejo de una sociedad que demanda programas de intervenci\u00f3n educativa para desaprender violencia Por Nadia Tecuapetla La<\/p>\n","protected":false},"author":1,"featured_media":19801,"comment_status":"closed","ping_status":"open","sticky":false,"template":"","format":"standard","meta":{"_monsterinsights_skip_tracking":false,"_monsterinsights_sitenote_active":false,"_monsterinsights_sitenote_note":"","_monsterinsights_sitenote_category":0,"footnotes":""},"categories":[16,11],"tags":[],"class_list":["post-19728","post","type-post","status-publish","format-standard","has-post-thumbnail","hentry","category-exclusiva","category-noticias"],"yoast_head":"<!-- This site is optimized with the Yoast SEO plugin v18.3 - https:\/\/yoast.com\/wordpress\/plugins\/seo\/ -->\n<title>La Intervenci\u00f3n Educativa como herramienta para difundir los derechos de la ni\u00f1ez en Yucat\u00e1n - El Puuc Noticias<\/title>\n<meta name=\"robots\" content=\"index, follow, max-snippet:-1, max-image-preview:large, max-video-preview:-1\" \/>\n<link rel=\"canonical\" href=\"https:\/\/elpuucnoticias.com\/?p=19728\" \/>\n<meta property=\"og:locale\" content=\"es_ES\" \/>\n<meta property=\"og:type\" content=\"article\" \/>\n<meta property=\"og:title\" content=\"La Intervenci\u00f3n Educativa como herramienta para difundir los derechos de la ni\u00f1ez en Yucat\u00e1n - El Puuc Noticias\" \/>\n<meta property=\"og:description\" content=\"Eknak\u00e1n, reflejo de una sociedad que demanda programas de intervenci\u00f3n educativa para desaprender violencia Por Nadia Tecuapetla La\" \/>\n<meta property=\"og:url\" content=\"https:\/\/elpuucnoticias.com\/?p=19728\" \/>\n<meta property=\"og:site_name\" content=\"El Puuc Noticias\" \/>\n<meta property=\"article:published_time\" content=\"2025-07-04T00:01:23+00:00\" \/>\n<meta property=\"og:image\" content=\"https:\/\/elpuucnoticias.com\/wp-content\/uploads\/2025\/07\/img_9342-1024x676.jpg\" \/>\n<meta name=\"twitter:card\" content=\"summary_large_image\" \/>\n<meta name=\"twitter:label1\" content=\"Escrito por\" \/>\n\t<meta name=\"twitter:data1\" content=\"elpuucnoticias\" \/>\n\t<meta name=\"twitter:label2\" content=\"Tiempo de lectura\" \/>\n\t<meta name=\"twitter:data2\" content=\"5 minutos\" \/>\n<script type=\"application\/ld+json\" class=\"yoast-schema-graph\">{\"@context\":\"https:\/\/schema.org\",\"@graph\":[{\"@type\":\"WebSite\",\"@id\":\"https:\/\/elpuucnoticias.com\/#website\",\"url\":\"https:\/\/elpuucnoticias.com\/\",\"name\":\"El Puuc Noticias\",\"description\":\"Noticias - Entretenimiento - Deportes\",\"potentialAction\":[{\"@type\":\"SearchAction\",\"target\":{\"@type\":\"EntryPoint\",\"urlTemplate\":\"https:\/\/elpuucnoticias.com\/?s={search_term_string}\"},\"query-input\":\"required name=search_term_string\"}],\"inLanguage\":\"es\"},{\"@type\":\"ImageObject\",\"@id\":\"https:\/\/elpuucnoticias.com\/?p=19728#primaryimage\",\"inLanguage\":\"es\",\"url\":\"https:\/\/elpuucnoticias.com\/wp-content\/uploads\/2025\/07\/foto-de-bertha-pech.jpg\",\"contentUrl\":\"https:\/\/elpuucnoticias.com\/wp-content\/uploads\/2025\/07\/foto-de-bertha-pech.jpg\",\"width\":1600,\"height\":1066},{\"@type\":\"WebPage\",\"@id\":\"https:\/\/elpuucnoticias.com\/?p=19728#webpage\",\"url\":\"https:\/\/elpuucnoticias.com\/?p=19728\",\"name\":\"La Intervenci\u00f3n Educativa como herramienta para difundir los derechos de la ni\u00f1ez en Yucat\u00e1n - El Puuc Noticias\",\"isPartOf\":{\"@id\":\"https:\/\/elpuucnoticias.com\/#website\"},\"primaryImageOfPage\":{\"@id\":\"https:\/\/elpuucnoticias.com\/?p=19728#primaryimage\"},\"datePublished\":\"2025-07-04T00:01:23+00:00\",\"dateModified\":\"2025-07-04T00:01:23+00:00\",\"author\":{\"@id\":\"https:\/\/elpuucnoticias.com\/#\/schema\/person\/d2ea09e4c97f0160b11cdfb1d856bd9e\"},\"breadcrumb\":{\"@id\":\"https:\/\/elpuucnoticias.com\/?p=19728#breadcrumb\"},\"inLanguage\":\"es\",\"potentialAction\":[{\"@type\":\"ReadAction\",\"target\":[\"https:\/\/elpuucnoticias.com\/?p=19728\"]}]},{\"@type\":\"BreadcrumbList\",\"@id\":\"https:\/\/elpuucnoticias.com\/?p=19728#breadcrumb\",\"itemListElement\":[{\"@type\":\"ListItem\",\"position\":1,\"name\":\"Portada\",\"item\":\"https:\/\/elpuucnoticias.com\/\"},{\"@type\":\"ListItem\",\"position\":2,\"name\":\"La Intervenci\u00f3n Educativa como herramienta para difundir los derechos de la ni\u00f1ez en Yucat\u00e1n\"}]},{\"@type\":\"Person\",\"@id\":\"https:\/\/elpuucnoticias.com\/#\/schema\/person\/d2ea09e4c97f0160b11cdfb1d856bd9e\",\"name\":\"elpuucnoticias\",\"image\":{\"@type\":\"ImageObject\",\"@id\":\"https:\/\/elpuucnoticias.com\/#personlogo\",\"inLanguage\":\"es\",\"url\":\"https:\/\/secure.gravatar.com\/avatar\/5290a43657c74ffa15701dbe5b846bd85cc71930d803c84e91046a7333de6ce2?s=96&d=mm&r=g\",\"contentUrl\":\"https:\/\/secure.gravatar.com\/avatar\/5290a43657c74ffa15701dbe5b846bd85cc71930d803c84e91046a7333de6ce2?s=96&d=mm&r=g\",\"caption\":\"elpuucnoticias\"},\"sameAs\":[\"https:\/\/elpuucnoticias.com\"],\"url\":\"https:\/\/elpuucnoticias.com\/?author=1\"}]}<\/script>\n<!-- \/ Yoast SEO plugin. -->","yoast_head_json":{"title":"La Intervenci\u00f3n Educativa como herramienta para difundir los derechos de la ni\u00f1ez en Yucat\u00e1n - El Puuc Noticias","robots":{"index":"index","follow":"follow","max-snippet":"max-snippet:-1","max-image-preview":"max-image-preview:large","max-video-preview":"max-video-preview:-1"},"canonical":"https:\/\/elpuucnoticias.com\/?p=19728","og_locale":"es_ES","og_type":"article","og_title":"La Intervenci\u00f3n Educativa como herramienta para difundir los derechos de la ni\u00f1ez en Yucat\u00e1n - El Puuc Noticias","og_description":"Eknak\u00e1n, reflejo de una sociedad que demanda programas de intervenci\u00f3n educativa para desaprender violencia Por Nadia Tecuapetla La","og_url":"https:\/\/elpuucnoticias.com\/?p=19728","og_site_name":"El Puuc Noticias","article_published_time":"2025-07-04T00:01:23+00:00","og_image":[{"url":"https:\/\/elpuucnoticias.com\/wp-content\/uploads\/2025\/07\/img_9342-1024x676.jpg"}],"twitter_card":"summary_large_image","twitter_misc":{"Escrito por":"elpuucnoticias","Tiempo de lectura":"5 minutos"},"schema":{"@context":"https:\/\/schema.org","@graph":[{"@type":"WebSite","@id":"https:\/\/elpuucnoticias.com\/#website","url":"https:\/\/elpuucnoticias.com\/","name":"El Puuc Noticias","description":"Noticias - Entretenimiento - Deportes","potentialAction":[{"@type":"SearchAction","target":{"@type":"EntryPoint","urlTemplate":"https:\/\/elpuucnoticias.com\/?s={search_term_string}"},"query-input":"required name=search_term_string"}],"inLanguage":"es"},{"@type":"ImageObject","@id":"https:\/\/elpuucnoticias.com\/?p=19728#primaryimage","inLanguage":"es","url":"https:\/\/elpuucnoticias.com\/wp-content\/uploads\/2025\/07\/foto-de-bertha-pech.jpg","contentUrl":"https:\/\/elpuucnoticias.com\/wp-content\/uploads\/2025\/07\/foto-de-bertha-pech.jpg","width":1600,"height":1066},{"@type":"WebPage","@id":"https:\/\/elpuucnoticias.com\/?p=19728#webpage","url":"https:\/\/elpuucnoticias.com\/?p=19728","name":"La Intervenci\u00f3n Educativa como herramienta para difundir los derechos de la ni\u00f1ez en Yucat\u00e1n - El Puuc Noticias","isPartOf":{"@id":"https:\/\/elpuucnoticias.com\/#website"},"primaryImageOfPage":{"@id":"https:\/\/elpuucnoticias.com\/?p=19728#primaryimage"},"datePublished":"2025-07-04T00:01:23+00:00","dateModified":"2025-07-04T00:01:23+00:00","author":{"@id":"https:\/\/elpuucnoticias.com\/#\/schema\/person\/d2ea09e4c97f0160b11cdfb1d856bd9e"},"breadcrumb":{"@id":"https:\/\/elpuucnoticias.com\/?p=19728#breadcrumb"},"inLanguage":"es","potentialAction":[{"@type":"ReadAction","target":["https:\/\/elpuucnoticias.com\/?p=19728"]}]},{"@type":"BreadcrumbList","@id":"https:\/\/elpuucnoticias.com\/?p=19728#breadcrumb","itemListElement":[{"@type":"ListItem","position":1,"name":"Portada","item":"https:\/\/elpuucnoticias.com\/"},{"@type":"ListItem","position":2,"name":"La Intervenci\u00f3n Educativa como herramienta para difundir los derechos de la ni\u00f1ez en Yucat\u00e1n"}]},{"@type":"Person","@id":"https:\/\/elpuucnoticias.com\/#\/schema\/person\/d2ea09e4c97f0160b11cdfb1d856bd9e","name":"elpuucnoticias","image":{"@type":"ImageObject","@id":"https:\/\/elpuucnoticias.com\/#personlogo","inLanguage":"es","url":"https:\/\/secure.gravatar.com\/avatar\/5290a43657c74ffa15701dbe5b846bd85cc71930d803c84e91046a7333de6ce2?s=96&d=mm&r=g","contentUrl":"https:\/\/secure.gravatar.com\/avatar\/5290a43657c74ffa15701dbe5b846bd85cc71930d803c84e91046a7333de6ce2?s=96&d=mm&r=g","caption":"elpuucnoticias"},"sameAs":["https:\/\/elpuucnoticias.com"],"url":"https:\/\/elpuucnoticias.com\/?author=1"}]}},"_links":{"self":[{"href":"https:\/\/elpuucnoticias.com\/index.php?rest_route=\/wp\/v2\/posts\/19728","targetHints":{"allow":["GET"]}}],"collection":[{"href":"https:\/\/elpuucnoticias.com\/index.php?rest_route=\/wp\/v2\/posts"}],"about":[{"href":"https:\/\/elpuucnoticias.com\/index.php?rest_route=\/wp\/v2\/types\/post"}],"author":[{"embeddable":true,"href":"https:\/\/elpuucnoticias.com\/index.php?rest_route=\/wp\/v2\/users\/1"}],"replies":[{"embeddable":true,"href":"https:\/\/elpuucnoticias.com\/index.php?rest_route=%2Fwp%2Fv2%2Fcomments&post=19728"}],"version-history":[{"count":1,"href":"https:\/\/elpuucnoticias.com\/index.php?rest_route=\/wp\/v2\/posts\/19728\/revisions"}],"predecessor-version":[{"id":19805,"href":"https:\/\/elpuucnoticias.com\/index.php?rest_route=\/wp\/v2\/posts\/19728\/revisions\/19805"}],"wp:featuredmedia":[{"embeddable":true,"href":"https:\/\/elpuucnoticias.com\/index.php?rest_route=\/wp\/v2\/media\/19801"}],"wp:attachment":[{"href":"https:\/\/elpuucnoticias.com\/index.php?rest_route=%2Fwp%2Fv2%2Fmedia&parent=19728"}],"wp:term":[{"taxonomy":"category","embeddable":true,"href":"https:\/\/elpuucnoticias.com\/index.php?rest_route=%2Fwp%2Fv2%2Fcategories&post=19728"},{"taxonomy":"post_tag","embeddable":true,"href":"https:\/\/elpuucnoticias.com\/index.php?rest_route=%2Fwp%2Fv2%2Ftags&post=19728"}],"curies":[{"name":"wp","href":"https:\/\/api.w.org\/{rel}","templated":true}]}}