{"id":19731,"date":"2025-07-02T11:32:36","date_gmt":"2025-07-02T17:32:36","guid":{"rendered":"https:\/\/elpuucnoticias.com\/?p=19731"},"modified":"2025-07-02T11:32:37","modified_gmt":"2025-07-02T17:32:37","slug":"inicia-la-transformacion-del-transporte-publico-en-chetumal-con-la-presentacion-del-plan-estrategico-de-movilidad","status":"publish","type":"post","link":"https:\/\/elpuucnoticias.com\/?p=19731","title":{"rendered":"Inicia la transformaci\u00f3n del transporte p\u00fablico en Chetumal con la presentaci\u00f3n del Plan Estrat\u00e9gico de Movilidad"},"content":{"rendered":"\n<p>Para atender un rezago hist\u00f3rico, resolver una a\u00f1eja demanda de la gente y darle el brillo que merece la capital del estado, la gobernadora Mara Lezama Espinosa encabez\u00f3 la presentaci\u00f3n del Plan Estrat\u00e9gico de Movilidad para Chetumal, con el objetivo de construir entre todas y todos un moderno, eficiente y accesible servicio de transporte p\u00fablico.<\/p>\n\n\n\n<figure class=\"wp-block-image is-style-default\"><a href=\"https:\/\/cgc.qroo.gob.mx\/cjg\/wp-content\/uploads\/2025\/06\/8fbe32de-ccb1-4b58-868a-cff8f24124a8.jpg\"><img decoding=\"async\" src=\"https:\/\/cgc.qroo.gob.mx\/cjg\/wp-content\/uploads\/2025\/06\/8fbe32de-ccb1-4b58-868a-cff8f24124a8-585x390.jpg\" alt=\"\" title=\"8fbe32de-ccb1-4b58-868a-cff8f24124a8\"\/><\/a><\/figure>\n\n\n\n<p>El encargado de Despacho de la direcci\u00f3n general del IMOVEQROO, Rafael Hern\u00e1ndez Kotasek, expuso los alcances del Plan ante la presencia de futuras usuarias y usuarios de este innovador sistema de transporte urbano, as\u00ed como de dirigentes de c\u00e1maras empresariales. Dijo que hoy se da un paso hist\u00f3rico en Chetumal hacia una movilidad m\u00e1s digna, eficiente e inclusiva, con la presentaci\u00f3n del Plan Estrat\u00e9gico de Movilidad para la capital, esfuerzo que forma parte del Nuevo Acuerdo por el Bienestar y Desarrollo de Quintana Roo, siendo una de las prioridades para mejorar la calidad de vida de las y los chetumale\u00f1os.<\/p>\n\n\n\n<figure class=\"wp-block-image is-style-default\"><a href=\"https:\/\/cgc.qroo.gob.mx\/cjg\/wp-content\/uploads\/2025\/06\/4e16a305-624d-4d7b-8136-0a3b01beac6d.jpg\"><img decoding=\"async\" src=\"https:\/\/cgc.qroo.gob.mx\/cjg\/wp-content\/uploads\/2025\/06\/4e16a305-624d-4d7b-8136-0a3b01beac6d-585x390.jpg\" alt=\"\" title=\"4e16a305-624d-4d7b-8136-0a3b01beac6d\"\/><\/a><\/figure>\n\n\n\n<p>En el evento, la gobernadora Mara Lezama destac\u00f3 que Chetumal, la capital que seguir\u00e1 siendo la capital, \u201cest\u00e1 creciendo con este nuevo gobierno que no miente, no roba ni traiciona al pueblo, con el parque Quintana Roo, la construcci\u00f3n de nuevos hospitales, la rehabilitaci\u00f3n y rescate de unidades deportivas, parques p\u00fablicos, la remodelaci\u00f3n de la zona tur\u00edstica de Calderitas, entre muchas m\u00e1s acciones, por lo que las y los chetumale\u00f1os necesitan otras alternativas de transporte p\u00fablico\u201d.<\/p>\n\n\n\n<p>Precis\u00f3 que Chetumal tiene que avanzar para dejar de ser una capital de paso, y un nuevo, moderno y accesible servicio de transporte p\u00fablico contribuye al fortalecimiento de la movilidad en la ciudad. Dej\u00f3 en claro que no se trata de quitarle el sustento a otros, por el contrario, es fortalecerlo para que m\u00e1s gente llegue y se quede por m\u00e1s d\u00edas.<\/p>\n\n\n\n<p>Convoc\u00f3 a todas y a todos a participar en la construcci\u00f3n de este sistema de transporte p\u00fablico, \u201cpara hacer realidad lo que nos han pedido en la calle, porque trabajamos en territorio, lejos del escritorio\u201d.<\/p>\n\n\n\n<p>Hern\u00e1ndez Kotasek explic\u00f3 que es un \u201cplan que integrar\u00e1 las distintas formas de transporte, y que tambi\u00e9n dar\u00e1n muchas m\u00e1s opciones a todas las y los ciudadanos de nuestra capital, para que se puedan mover libremente, y para que elijan la que m\u00e1s convenga a sus necesidades\u201d.<\/p>\n\n\n\n<p>La primera fase de este plan consiste en la consulta p\u00fablica en la que durante un mes se instalar\u00e1n 30 buzones de participaci\u00f3n ciudadana, 10 mesas de trabajo y un foro especializado de movilidad.<\/p>\n\n\n\n<p>Adem\u00e1s, los usuarios podr\u00e1n participar en el sitio web turutachetumal.com, para decidir la mejor opci\u00f3n para la movilidad.<\/p>\n\n\n\n<p>Como parte del compromiso de este gobierno de la Cuarta Transformaci\u00f3n por mejorar la calidad de vida de las y los quintanarroenses, en los \u00faltimos meses se ha llevado a cabo un diagn\u00f3stico detallado de las necesidades reales de movilidad de la poblaci\u00f3n en Chetumal, la \u00fanica capital del pa\u00eds que a\u00fan no cuenta con un sistema de autobuses urbanos.<\/p>\n\n\n\n<p>\u201cLa gobernadora Mara Lezama nos ha instruido claramente: debemos transformar el transporte p\u00fablico para que est\u00e9 al servicio de la gente, no de intereses particulares. Y eso comienza escuchando, con un gobierno cercano que construye con el pueblo\u201d, afirm\u00f3 el director general del IMOVEQROO.<\/p>\n\n\n\n<p>\u201cQueremos que Chetumal tenga un sistema de transporte digno, moderno y que responda a las verdaderas necesidades de la gente. La movilidad tambi\u00e9n es justicia social\u201d, se\u00f1al\u00f3 Rafael Hern\u00e1ndez.<\/p>\n\n\n\n<p>En meses recientes, IMOVEQROO sostuvo reuniones con el Congreso del Estado, la Comisi\u00f3n de Movilidad, la presidenta municipal de Oth\u00f3n P. Blanco, el secretario general del SUCHAA y otros actores del sector transporte, con el objetivo de construir un proyecto integral, con visi\u00f3n de largo plazo y certeza jur\u00eddica para los prestadores del servicio, que garantice beneficios duraderos para la ciudadan\u00eda.<\/p>\n\n\n\n<p>El titular del IMOVEQROO, asever\u00f3 que est\u00e1n por iniciar las pruebas de autobuses en distintas zonas de Chetumal con la finalidad de evaluar tres aspectos fundamentales:<\/p>\n\n\n\n<figure class=\"wp-block-image is-style-default\"><a href=\"https:\/\/cgc.qroo.gob.mx\/cjg\/wp-content\/uploads\/2025\/06\/07dbdf70-6a77-4e2e-b9c4-d0b3b35f4ef3.jpg\"><img decoding=\"async\" src=\"https:\/\/cgc.qroo.gob.mx\/cjg\/wp-content\/uploads\/2025\/06\/07dbdf70-6a77-4e2e-b9c4-d0b3b35f4ef3-585x390.jpg\" alt=\"\" title=\"07dbdf70-6a77-4e2e-b9c4-d0b3b35f4ef3\"\/><\/a><\/figure>\n\n\n\n<p>Condiciones de infraestructura vial<br>Dimensiones adecuadas para la ciudad de Chetumal<br>Rendimiento operativo y eficiencia<\/p>\n\n\n\n<p>Cada detalle se estudia a fondo para que las unidades que lleguen sean seguras, c\u00f3modas, accesibles y acordes al contexto urbano de la capital del Estado.<\/p>\n\n\n\n<p>El nuevo sistema busca atacar de ra\u00edz los principales problemas que enfrentan los usuarios como son: largos tiempos de espera, rutas desactualizadas, falta de conectividad entre colonias, y tarifas elevadas por falta de oferta.<\/p>\n\n\n\n<p>En el pres\u00eddium estuvieron Alexia Gabriela G\u00f3ngora Basto, alumna del noveno cuatrimestre de Negocios y Mercadotecnia de la Universidad Tecnol\u00f3gica de Chetumal; Dalia Cornelio Rodr\u00edguez, ambas futuras usuarias y habitantes; la presidenta honoraria del DIF Quintana Roo, Ver\u00f3nica Lezama Espinosa; el diputado Jorge San\u00e9n Cervantes, presidente de la Junta de Gobierno y Coordinaci\u00f3n Pol\u00edtica del Congreso del Estado, y la presidenta municipal Yensunni Mart\u00ednez Hern\u00e1ndez.<\/p>\n","protected":false},"excerpt":{"rendered":"<p>Para atender un rezago hist\u00f3rico, resolver una a\u00f1eja demanda de la gente y darle el brillo que merece<\/p>\n","protected":false},"author":1,"featured_media":19732,"comment_status":"closed","ping_status":"open","sticky":false,"template":"","format":"standard","meta":{"_monsterinsights_skip_tracking":false,"_monsterinsights_sitenote_active":false,"_monsterinsights_sitenote_note":"","_monsterinsights_sitenote_category":0,"footnotes":""},"categories":[11,24],"tags":[],"class_list":["post-19731","post","type-post","status-publish","format-standard","has-post-thumbnail","hentry","category-noticias","category-quintana-roo"],"yoast_head":"<!-- This site is optimized with the Yoast SEO plugin v18.3 - https:\/\/yoast.com\/wordpress\/plugins\/seo\/ -->\n<title>Inicia la transformaci\u00f3n del transporte p\u00fablico en Chetumal con la presentaci\u00f3n del Plan Estrat\u00e9gico de Movilidad - El Puuc Noticias<\/title>\n<meta name=\"robots\" content=\"index, follow, max-snippet:-1, max-image-preview:large, max-video-preview:-1\" \/>\n<link rel=\"canonical\" href=\"https:\/\/elpuucnoticias.com\/?p=19731\" \/>\n<meta property=\"og:locale\" content=\"es_ES\" \/>\n<meta property=\"og:type\" content=\"article\" \/>\n<meta property=\"og:title\" content=\"Inicia la transformaci\u00f3n del transporte p\u00fablico en Chetumal con la presentaci\u00f3n del Plan Estrat\u00e9gico de Movilidad - El Puuc Noticias\" \/>\n<meta property=\"og:description\" content=\"Para atender un rezago hist\u00f3rico, resolver una a\u00f1eja demanda de la gente y darle el brillo que merece\" \/>\n<meta property=\"og:url\" content=\"https:\/\/elpuucnoticias.com\/?p=19731\" \/>\n<meta property=\"og:site_name\" content=\"El Puuc Noticias\" \/>\n<meta property=\"article:published_time\" content=\"2025-07-02T17:32:36+00:00\" \/>\n<meta property=\"article:modified_time\" content=\"2025-07-02T17:32:37+00:00\" \/>\n<meta property=\"og:image\" content=\"https:\/\/elpuucnoticias.com\/wp-content\/uploads\/2025\/07\/329457af-2261-4eff-a263-168f8446281d-scaled-1.jpg\" \/>\n\t<meta property=\"og:image:width\" content=\"2560\" \/>\n\t<meta property=\"og:image:height\" content=\"1707\" \/>\n\t<meta property=\"og:image:type\" content=\"image\/jpeg\" \/>\n<meta name=\"twitter:card\" content=\"summary_large_image\" \/>\n<meta name=\"twitter:label1\" content=\"Escrito por\" \/>\n\t<meta name=\"twitter:data1\" content=\"elpuucnoticias\" \/>\n\t<meta name=\"twitter:label2\" content=\"Tiempo de lectura\" \/>\n\t<meta name=\"twitter:data2\" content=\"4 minutos\" \/>\n<script type=\"application\/ld+json\" class=\"yoast-schema-graph\">{\"@context\":\"https:\/\/schema.org\",\"@graph\":[{\"@type\":\"WebSite\",\"@id\":\"https:\/\/elpuucnoticias.com\/#website\",\"url\":\"https:\/\/elpuucnoticias.com\/\",\"name\":\"El Puuc Noticias\",\"description\":\"Noticias - Entretenimiento - Deportes\",\"potentialAction\":[{\"@type\":\"SearchAction\",\"target\":{\"@type\":\"EntryPoint\",\"urlTemplate\":\"https:\/\/elpuucnoticias.com\/?s={search_term_string}\"},\"query-input\":\"required name=search_term_string\"}],\"inLanguage\":\"es\"},{\"@type\":\"ImageObject\",\"@id\":\"https:\/\/elpuucnoticias.com\/?p=19731#primaryimage\",\"inLanguage\":\"es\",\"url\":\"https:\/\/elpuucnoticias.com\/wp-content\/uploads\/2025\/07\/329457af-2261-4eff-a263-168f8446281d-scaled-1.jpg\",\"contentUrl\":\"https:\/\/elpuucnoticias.com\/wp-content\/uploads\/2025\/07\/329457af-2261-4eff-a263-168f8446281d-scaled-1.jpg\",\"width\":2560,\"height\":1707},{\"@type\":\"WebPage\",\"@id\":\"https:\/\/elpuucnoticias.com\/?p=19731#webpage\",\"url\":\"https:\/\/elpuucnoticias.com\/?p=19731\",\"name\":\"Inicia la transformaci\u00f3n del transporte p\u00fablico en Chetumal con la presentaci\u00f3n del Plan Estrat\u00e9gico de Movilidad - El Puuc Noticias\",\"isPartOf\":{\"@id\":\"https:\/\/elpuucnoticias.com\/#website\"},\"primaryImageOfPage\":{\"@id\":\"https:\/\/elpuucnoticias.com\/?p=19731#primaryimage\"},\"datePublished\":\"2025-07-02T17:32:36+00:00\",\"dateModified\":\"2025-07-02T17:32:37+00:00\",\"author\":{\"@id\":\"https:\/\/elpuucnoticias.com\/#\/schema\/person\/d2ea09e4c97f0160b11cdfb1d856bd9e\"},\"breadcrumb\":{\"@id\":\"https:\/\/elpuucnoticias.com\/?p=19731#breadcrumb\"},\"inLanguage\":\"es\",\"potentialAction\":[{\"@type\":\"ReadAction\",\"target\":[\"https:\/\/elpuucnoticias.com\/?p=19731\"]}]},{\"@type\":\"BreadcrumbList\",\"@id\":\"https:\/\/elpuucnoticias.com\/?p=19731#breadcrumb\",\"itemListElement\":[{\"@type\":\"ListItem\",\"position\":1,\"name\":\"Portada\",\"item\":\"https:\/\/elpuucnoticias.com\/\"},{\"@type\":\"ListItem\",\"position\":2,\"name\":\"Inicia la transformaci\u00f3n del transporte p\u00fablico en Chetumal con la presentaci\u00f3n del Plan Estrat\u00e9gico de Movilidad\"}]},{\"@type\":\"Person\",\"@id\":\"https:\/\/elpuucnoticias.com\/#\/schema\/person\/d2ea09e4c97f0160b11cdfb1d856bd9e\",\"name\":\"elpuucnoticias\",\"image\":{\"@type\":\"ImageObject\",\"@id\":\"https:\/\/elpuucnoticias.com\/#personlogo\",\"inLanguage\":\"es\",\"url\":\"https:\/\/secure.gravatar.com\/avatar\/5290a43657c74ffa15701dbe5b846bd85cc71930d803c84e91046a7333de6ce2?s=96&d=mm&r=g\",\"contentUrl\":\"https:\/\/secure.gravatar.com\/avatar\/5290a43657c74ffa15701dbe5b846bd85cc71930d803c84e91046a7333de6ce2?s=96&d=mm&r=g\",\"caption\":\"elpuucnoticias\"},\"sameAs\":[\"https:\/\/elpuucnoticias.com\"],\"url\":\"https:\/\/elpuucnoticias.com\/?author=1\"}]}<\/script>\n<!-- \/ Yoast SEO plugin. -->","yoast_head_json":{"title":"Inicia la transformaci\u00f3n del transporte p\u00fablico en Chetumal con la presentaci\u00f3n del Plan Estrat\u00e9gico de Movilidad - El Puuc Noticias","robots":{"index":"index","follow":"follow","max-snippet":"max-snippet:-1","max-image-preview":"max-image-preview:large","max-video-preview":"max-video-preview:-1"},"canonical":"https:\/\/elpuucnoticias.com\/?p=19731","og_locale":"es_ES","og_type":"article","og_title":"Inicia la transformaci\u00f3n del transporte p\u00fablico en Chetumal con la presentaci\u00f3n del Plan Estrat\u00e9gico de Movilidad - El Puuc Noticias","og_description":"Para atender un rezago hist\u00f3rico, resolver una a\u00f1eja demanda de la gente y darle el brillo que merece","og_url":"https:\/\/elpuucnoticias.com\/?p=19731","og_site_name":"El Puuc Noticias","article_published_time":"2025-07-02T17:32:36+00:00","article_modified_time":"2025-07-02T17:32:37+00:00","og_image":[{"width":2560,"height":1707,"url":"https:\/\/elpuucnoticias.com\/wp-content\/uploads\/2025\/07\/329457af-2261-4eff-a263-168f8446281d-scaled-1.jpg","type":"image\/jpeg"}],"twitter_card":"summary_large_image","twitter_misc":{"Escrito por":"elpuucnoticias","Tiempo de lectura":"4 minutos"},"schema":{"@context":"https:\/\/schema.org","@graph":[{"@type":"WebSite","@id":"https:\/\/elpuucnoticias.com\/#website","url":"https:\/\/elpuucnoticias.com\/","name":"El Puuc Noticias","description":"Noticias - Entretenimiento - Deportes","potentialAction":[{"@type":"SearchAction","target":{"@type":"EntryPoint","urlTemplate":"https:\/\/elpuucnoticias.com\/?s={search_term_string}"},"query-input":"required name=search_term_string"}],"inLanguage":"es"},{"@type":"ImageObject","@id":"https:\/\/elpuucnoticias.com\/?p=19731#primaryimage","inLanguage":"es","url":"https:\/\/elpuucnoticias.com\/wp-content\/uploads\/2025\/07\/329457af-2261-4eff-a263-168f8446281d-scaled-1.jpg","contentUrl":"https:\/\/elpuucnoticias.com\/wp-content\/uploads\/2025\/07\/329457af-2261-4eff-a263-168f8446281d-scaled-1.jpg","width":2560,"height":1707},{"@type":"WebPage","@id":"https:\/\/elpuucnoticias.com\/?p=19731#webpage","url":"https:\/\/elpuucnoticias.com\/?p=19731","name":"Inicia la transformaci\u00f3n del transporte p\u00fablico en Chetumal con la presentaci\u00f3n del Plan Estrat\u00e9gico de Movilidad - El Puuc Noticias","isPartOf":{"@id":"https:\/\/elpuucnoticias.com\/#website"},"primaryImageOfPage":{"@id":"https:\/\/elpuucnoticias.com\/?p=19731#primaryimage"},"datePublished":"2025-07-02T17:32:36+00:00","dateModified":"2025-07-02T17:32:37+00:00","author":{"@id":"https:\/\/elpuucnoticias.com\/#\/schema\/person\/d2ea09e4c97f0160b11cdfb1d856bd9e"},"breadcrumb":{"@id":"https:\/\/elpuucnoticias.com\/?p=19731#breadcrumb"},"inLanguage":"es","potentialAction":[{"@type":"ReadAction","target":["https:\/\/elpuucnoticias.com\/?p=19731"]}]},{"@type":"BreadcrumbList","@id":"https:\/\/elpuucnoticias.com\/?p=19731#breadcrumb","itemListElement":[{"@type":"ListItem","position":1,"name":"Portada","item":"https:\/\/elpuucnoticias.com\/"},{"@type":"ListItem","position":2,"name":"Inicia la transformaci\u00f3n del transporte p\u00fablico en Chetumal con la presentaci\u00f3n del Plan Estrat\u00e9gico de Movilidad"}]},{"@type":"Person","@id":"https:\/\/elpuucnoticias.com\/#\/schema\/person\/d2ea09e4c97f0160b11cdfb1d856bd9e","name":"elpuucnoticias","image":{"@type":"ImageObject","@id":"https:\/\/elpuucnoticias.com\/#personlogo","inLanguage":"es","url":"https:\/\/secure.gravatar.com\/avatar\/5290a43657c74ffa15701dbe5b846bd85cc71930d803c84e91046a7333de6ce2?s=96&d=mm&r=g","contentUrl":"https:\/\/secure.gravatar.com\/avatar\/5290a43657c74ffa15701dbe5b846bd85cc71930d803c84e91046a7333de6ce2?s=96&d=mm&r=g","caption":"elpuucnoticias"},"sameAs":["https:\/\/elpuucnoticias.com"],"url":"https:\/\/elpuucnoticias.com\/?author=1"}]}},"_links":{"self":[{"href":"https:\/\/elpuucnoticias.com\/index.php?rest_route=\/wp\/v2\/posts\/19731","targetHints":{"allow":["GET"]}}],"collection":[{"href":"https:\/\/elpuucnoticias.com\/index.php?rest_route=\/wp\/v2\/posts"}],"about":[{"href":"https:\/\/elpuucnoticias.com\/index.php?rest_route=\/wp\/v2\/types\/post"}],"author":[{"embeddable":true,"href":"https:\/\/elpuucnoticias.com\/index.php?rest_route=\/wp\/v2\/users\/1"}],"replies":[{"embeddable":true,"href":"https:\/\/elpuucnoticias.com\/index.php?rest_route=%2Fwp%2Fv2%2Fcomments&post=19731"}],"version-history":[{"count":1,"href":"https:\/\/elpuucnoticias.com\/index.php?rest_route=\/wp\/v2\/posts\/19731\/revisions"}],"predecessor-version":[{"id":19733,"href":"https:\/\/elpuucnoticias.com\/index.php?rest_route=\/wp\/v2\/posts\/19731\/revisions\/19733"}],"wp:featuredmedia":[{"embeddable":true,"href":"https:\/\/elpuucnoticias.com\/index.php?rest_route=\/wp\/v2\/media\/19732"}],"wp:attachment":[{"href":"https:\/\/elpuucnoticias.com\/index.php?rest_route=%2Fwp%2Fv2%2Fmedia&parent=19731"}],"wp:term":[{"taxonomy":"category","embeddable":true,"href":"https:\/\/elpuucnoticias.com\/index.php?rest_route=%2Fwp%2Fv2%2Fcategories&post=19731"},{"taxonomy":"post_tag","embeddable":true,"href":"https:\/\/elpuucnoticias.com\/index.php?rest_route=%2Fwp%2Fv2%2Ftags&post=19731"}],"curies":[{"name":"wp","href":"https:\/\/api.w.org\/{rel}","templated":true}]}}