{"id":19737,"date":"2025-07-02T11:39:37","date_gmt":"2025-07-02T17:39:37","guid":{"rendered":"https:\/\/elpuucnoticias.com\/?p=19737"},"modified":"2025-07-02T11:39:37","modified_gmt":"2025-07-02T17:39:37","slug":"responde-mara-lezama-a-los-vecinos-de-proterritorio-y-les-entrega-un-parque-transformado-para-la-convivencia-familiar","status":"publish","type":"post","link":"https:\/\/elpuucnoticias.com\/?p=19737","title":{"rendered":"Responde Mara Lezama a los vecinos de Proterritorio y les entrega un parque transformado para la convivencia familiar"},"content":{"rendered":"\n<p>Como parte del Programa de Rescate de Espacios P\u00fablicos del Nuevo Acuerdo por la Capital \u201cQue brille Chetumal\u201d, la gobernadora Mara Lezama Espinosa estuvo en el parque infantil de la colonia Proterritorio para entregar la transformaci\u00f3n de este espacio que beneficia a m\u00e1s de 7 mil 445 personas de la zona.<\/p>\n\n\n\n<figure class=\"wp-block-image is-style-default\"><a href=\"https:\/\/cgc.qroo.gob.mx\/cjg\/wp-content\/uploads\/2025\/07\/WhatsApp-Image-2025-07-01-at-11.14.12-1-scaled.jpeg\"><img decoding=\"async\" src=\"https:\/\/cgc.qroo.gob.mx\/cjg\/wp-content\/uploads\/2025\/07\/WhatsApp-Image-2025-07-01-at-11.14.12-1-585x390.jpeg\" alt=\"\" title=\"WhatsApp Image 2025-07-01 at 11.14.12 (1)\"\/><\/a><\/figure>\n\n\n\n<figure class=\"wp-block-image is-style-default\"><a href=\"https:\/\/cgc.qroo.gob.mx\/cjg\/wp-content\/uploads\/2025\/07\/WhatsApp-Image-2025-07-01-at-11.14.09-1-scaled.jpeg\"><img decoding=\"async\" src=\"https:\/\/cgc.qroo.gob.mx\/cjg\/wp-content\/uploads\/2025\/07\/WhatsApp-Image-2025-07-01-at-11.14.09-1-585x390.jpeg\" alt=\"\" title=\"WhatsApp Image 2025-07-01 at 11.14.09 (1)\"\/><\/a><\/figure>\n\n\n\n<p>Acompa\u00f1ada de la presidenta honoraria del DIF Quintana Roo, Ver\u00f3nica Lezama Espinosa, y de la se\u00f1ora Reyna -quien le pidi\u00f3 a Mara Lezama la transformaci\u00f3n del parque que estaba en total abandono-, la titular del Ejecutivo dijo que \u201cesto hace un gobierno de la Cuarta Transformaci\u00f3n, escuchar y atender de inmediato a las y los vecinos\u201d.<\/p>\n\n\n\n<figure class=\"wp-block-image is-style-default\"><a href=\"https:\/\/cgc.qroo.gob.mx\/cjg\/wp-content\/uploads\/2025\/07\/WhatsApp-Image-2025-07-01-at-11.14.09-scaled.jpeg\"><img decoding=\"async\" src=\"https:\/\/cgc.qroo.gob.mx\/cjg\/wp-content\/uploads\/2025\/07\/WhatsApp-Image-2025-07-01-at-11.14.09-585x390.jpeg\" alt=\"\" title=\"WhatsApp Image 2025-07-01 at 11.14.09\"\/><\/a><\/figure>\n\n\n\n<figure class=\"wp-block-image is-style-default\"><a href=\"https:\/\/cgc.qroo.gob.mx\/cjg\/wp-content\/uploads\/2025\/07\/WhatsApp-Image-2025-07-01-at-11.14.10-1-scaled.jpeg\"><img decoding=\"async\" src=\"https:\/\/cgc.qroo.gob.mx\/cjg\/wp-content\/uploads\/2025\/07\/WhatsApp-Image-2025-07-01-at-11.14.10-1-585x390.jpeg\" alt=\"\" title=\"WhatsApp Image 2025-07-01 at 11.14.10 (1)\"\/><\/a><\/figure>\n\n\n\n<p>Entre las principales acciones realizadas por las brigadas del Gobierno del Estado se encuentran la reparaci\u00f3n del sistema el\u00e9ctrico, la rehabilitaci\u00f3n de luminarias, de los juegos infantiles, el podado y chapeo 569 metros cuadrados de \u00e1reas verdes, as\u00ed como la pintura de la barda, juegos y sillas.<\/p>\n\n\n\n<figure class=\"wp-block-image is-style-default\"><a href=\"https:\/\/cgc.qroo.gob.mx\/cjg\/wp-content\/uploads\/2025\/07\/WhatsApp-Image-2025-07-01-at-11.14.10-scaled.jpeg\"><img decoding=\"async\" src=\"https:\/\/cgc.qroo.gob.mx\/cjg\/wp-content\/uploads\/2025\/07\/WhatsApp-Image-2025-07-01-at-11.14.10-585x390.jpeg\" alt=\"\" title=\"WhatsApp Image 2025-07-01 at 11.14.10\"\/><\/a><\/figure>\n\n\n\n<p>\u201cEstamos aqu\u00ed y se los vamos a entregar; les pedimos que no tiren basura, es un espacio para disfrutar, para convivir, para hacer comunidad y construir la paz. Estamos trabajando 24\/7 y todo lo hacemos con un enorme coraz\u00f3n; somos un gobierno que combate la corrupci\u00f3n para que el dinero alcance para m\u00e1s\u201d, dijo Mara Lezama.<\/p>\n\n\n\n<figure class=\"wp-block-image is-style-default\"><a href=\"https:\/\/cgc.qroo.gob.mx\/cjg\/wp-content\/uploads\/2025\/07\/WhatsApp-Image-2025-07-01-at-11.14.11-1.jpeg\"><img decoding=\"async\" src=\"https:\/\/cgc.qroo.gob.mx\/cjg\/wp-content\/uploads\/2025\/07\/WhatsApp-Image-2025-07-01-at-11.14.11-1-585x329.jpeg\" alt=\"\" title=\"WhatsApp Image 2025-07-01 at 11.14.11 (1)\"\/><\/a><\/figure>\n\n\n\n<p>A su llegada, la Gobernadora fue recibida por los vecinos en un ambiente de alegr\u00eda, quienes le pidieron la fumigaci\u00f3n de la zona ante la presencia de mosquitos. De inmediato, personal de vectores se dio a la tarea.<\/p>\n\n\n\n<figure class=\"wp-block-image is-style-default\"><a href=\"https:\/\/cgc.qroo.gob.mx\/cjg\/wp-content\/uploads\/2025\/07\/WhatsApp-Image-2025-07-01-at-11.14.11-scaled.jpeg\"><img decoding=\"async\" src=\"https:\/\/cgc.qroo.gob.mx\/cjg\/wp-content\/uploads\/2025\/07\/WhatsApp-Image-2025-07-01-at-11.14.11-585x390.jpeg\" alt=\"\" title=\"WhatsApp Image 2025-07-01 at 11.14.11\"\/><\/a><\/figure>\n\n\n\n<figure class=\"wp-block-image is-style-default\"><a href=\"https:\/\/cgc.qroo.gob.mx\/cjg\/wp-content\/uploads\/2025\/07\/WhatsApp-Image-2025-07-01-at-11.14.11-2-scaled.jpeg\"><img decoding=\"async\" src=\"https:\/\/cgc.qroo.gob.mx\/cjg\/wp-content\/uploads\/2025\/07\/WhatsApp-Image-2025-07-01-at-11.14.11-2-585x390.jpeg\" alt=\"\" title=\"WhatsApp Image 2025-07-01 at 11.14.11 (2)\"\/><\/a><\/figure>\n\n\n\n<p>Estuvo acompa\u00f1ada del secretario de Seguridad Ciudadana, Julio C\u00e9sar G\u00f3mez Torres; el diputado Saulo Aguilar; el Vicealmirante Marco Antonio Mu\u00f1oz Hern\u00e1ndez, comandante de la 11\u00aa Zona Naval; la agente Esmeralda Gardu\u00f1o, representante de la Guardia Nacional.<\/p>\n","protected":false},"excerpt":{"rendered":"<p>Como parte del Programa de Rescate de Espacios P\u00fablicos del Nuevo Acuerdo por la Capital \u201cQue brille Chetumal\u201d,<\/p>\n","protected":false},"author":1,"featured_media":19738,"comment_status":"closed","ping_status":"open","sticky":false,"template":"","format":"standard","meta":{"_monsterinsights_skip_tracking":false,"_monsterinsights_sitenote_active":false,"_monsterinsights_sitenote_note":"","_monsterinsights_sitenote_category":0,"footnotes":""},"categories":[11,24],"tags":[],"class_list":["post-19737","post","type-post","status-publish","format-standard","has-post-thumbnail","hentry","category-noticias","category-quintana-roo"],"yoast_head":"<!-- This site is optimized with the Yoast SEO plugin v18.3 - https:\/\/yoast.com\/wordpress\/plugins\/seo\/ -->\n<title>Responde Mara Lezama a los vecinos de Proterritorio y les entrega un parque transformado para la convivencia familiar - El Puuc Noticias<\/title>\n<meta name=\"robots\" content=\"index, follow, max-snippet:-1, max-image-preview:large, max-video-preview:-1\" \/>\n<link rel=\"canonical\" href=\"https:\/\/elpuucnoticias.com\/?p=19737\" \/>\n<meta property=\"og:locale\" content=\"es_ES\" \/>\n<meta property=\"og:type\" content=\"article\" \/>\n<meta property=\"og:title\" content=\"Responde Mara Lezama a los vecinos de Proterritorio y les entrega un parque transformado para la convivencia familiar - El Puuc Noticias\" \/>\n<meta property=\"og:description\" content=\"Como parte del Programa de Rescate de Espacios P\u00fablicos del Nuevo Acuerdo por la Capital \u201cQue brille Chetumal\u201d,\" \/>\n<meta property=\"og:url\" content=\"https:\/\/elpuucnoticias.com\/?p=19737\" \/>\n<meta property=\"og:site_name\" content=\"El Puuc Noticias\" \/>\n<meta property=\"article:published_time\" content=\"2025-07-02T17:39:37+00:00\" \/>\n<meta property=\"og:image\" content=\"https:\/\/elpuucnoticias.com\/wp-content\/uploads\/2025\/07\/whatsapp-image-2025-07-01-at-11.14.08-scaled-1.jpeg\" \/>\n\t<meta property=\"og:image:width\" content=\"2560\" \/>\n\t<meta property=\"og:image:height\" content=\"1707\" \/>\n\t<meta property=\"og:image:type\" content=\"image\/jpeg\" \/>\n<meta name=\"twitter:card\" content=\"summary_large_image\" \/>\n<meta name=\"twitter:label1\" content=\"Escrito por\" \/>\n\t<meta name=\"twitter:data1\" content=\"elpuucnoticias\" \/>\n\t<meta name=\"twitter:label2\" content=\"Tiempo de lectura\" \/>\n\t<meta name=\"twitter:data2\" content=\"2 minutos\" \/>\n<script type=\"application\/ld+json\" class=\"yoast-schema-graph\">{\"@context\":\"https:\/\/schema.org\",\"@graph\":[{\"@type\":\"WebSite\",\"@id\":\"https:\/\/elpuucnoticias.com\/#website\",\"url\":\"https:\/\/elpuucnoticias.com\/\",\"name\":\"El Puuc Noticias\",\"description\":\"Noticias - Entretenimiento - Deportes\",\"potentialAction\":[{\"@type\":\"SearchAction\",\"target\":{\"@type\":\"EntryPoint\",\"urlTemplate\":\"https:\/\/elpuucnoticias.com\/?s={search_term_string}\"},\"query-input\":\"required name=search_term_string\"}],\"inLanguage\":\"es\"},{\"@type\":\"ImageObject\",\"@id\":\"https:\/\/elpuucnoticias.com\/?p=19737#primaryimage\",\"inLanguage\":\"es\",\"url\":\"https:\/\/elpuucnoticias.com\/wp-content\/uploads\/2025\/07\/whatsapp-image-2025-07-01-at-11.14.08-scaled-1.jpeg\",\"contentUrl\":\"https:\/\/elpuucnoticias.com\/wp-content\/uploads\/2025\/07\/whatsapp-image-2025-07-01-at-11.14.08-scaled-1.jpeg\",\"width\":2560,\"height\":1707},{\"@type\":\"WebPage\",\"@id\":\"https:\/\/elpuucnoticias.com\/?p=19737#webpage\",\"url\":\"https:\/\/elpuucnoticias.com\/?p=19737\",\"name\":\"Responde Mara Lezama a los vecinos de Proterritorio y les entrega un parque transformado para la convivencia familiar - El Puuc Noticias\",\"isPartOf\":{\"@id\":\"https:\/\/elpuucnoticias.com\/#website\"},\"primaryImageOfPage\":{\"@id\":\"https:\/\/elpuucnoticias.com\/?p=19737#primaryimage\"},\"datePublished\":\"2025-07-02T17:39:37+00:00\",\"dateModified\":\"2025-07-02T17:39:37+00:00\",\"author\":{\"@id\":\"https:\/\/elpuucnoticias.com\/#\/schema\/person\/d2ea09e4c97f0160b11cdfb1d856bd9e\"},\"breadcrumb\":{\"@id\":\"https:\/\/elpuucnoticias.com\/?p=19737#breadcrumb\"},\"inLanguage\":\"es\",\"potentialAction\":[{\"@type\":\"ReadAction\",\"target\":[\"https:\/\/elpuucnoticias.com\/?p=19737\"]}]},{\"@type\":\"BreadcrumbList\",\"@id\":\"https:\/\/elpuucnoticias.com\/?p=19737#breadcrumb\",\"itemListElement\":[{\"@type\":\"ListItem\",\"position\":1,\"name\":\"Portada\",\"item\":\"https:\/\/elpuucnoticias.com\/\"},{\"@type\":\"ListItem\",\"position\":2,\"name\":\"Responde Mara Lezama a los vecinos de Proterritorio y les entrega un parque transformado para la convivencia familiar\"}]},{\"@type\":\"Person\",\"@id\":\"https:\/\/elpuucnoticias.com\/#\/schema\/person\/d2ea09e4c97f0160b11cdfb1d856bd9e\",\"name\":\"elpuucnoticias\",\"image\":{\"@type\":\"ImageObject\",\"@id\":\"https:\/\/elpuucnoticias.com\/#personlogo\",\"inLanguage\":\"es\",\"url\":\"https:\/\/secure.gravatar.com\/avatar\/5290a43657c74ffa15701dbe5b846bd85cc71930d803c84e91046a7333de6ce2?s=96&d=mm&r=g\",\"contentUrl\":\"https:\/\/secure.gravatar.com\/avatar\/5290a43657c74ffa15701dbe5b846bd85cc71930d803c84e91046a7333de6ce2?s=96&d=mm&r=g\",\"caption\":\"elpuucnoticias\"},\"sameAs\":[\"https:\/\/elpuucnoticias.com\"],\"url\":\"https:\/\/elpuucnoticias.com\/?author=1\"}]}<\/script>\n<!-- \/ Yoast SEO plugin. -->","yoast_head_json":{"title":"Responde Mara Lezama a los vecinos de Proterritorio y les entrega un parque transformado para la convivencia familiar - El Puuc Noticias","robots":{"index":"index","follow":"follow","max-snippet":"max-snippet:-1","max-image-preview":"max-image-preview:large","max-video-preview":"max-video-preview:-1"},"canonical":"https:\/\/elpuucnoticias.com\/?p=19737","og_locale":"es_ES","og_type":"article","og_title":"Responde Mara Lezama a los vecinos de Proterritorio y les entrega un parque transformado para la convivencia familiar - El Puuc Noticias","og_description":"Como parte del Programa de Rescate de Espacios P\u00fablicos del Nuevo Acuerdo por la Capital \u201cQue brille Chetumal\u201d,","og_url":"https:\/\/elpuucnoticias.com\/?p=19737","og_site_name":"El Puuc Noticias","article_published_time":"2025-07-02T17:39:37+00:00","og_image":[{"width":2560,"height":1707,"url":"https:\/\/elpuucnoticias.com\/wp-content\/uploads\/2025\/07\/whatsapp-image-2025-07-01-at-11.14.08-scaled-1.jpeg","type":"image\/jpeg"}],"twitter_card":"summary_large_image","twitter_misc":{"Escrito por":"elpuucnoticias","Tiempo de lectura":"2 minutos"},"schema":{"@context":"https:\/\/schema.org","@graph":[{"@type":"WebSite","@id":"https:\/\/elpuucnoticias.com\/#website","url":"https:\/\/elpuucnoticias.com\/","name":"El Puuc Noticias","description":"Noticias - Entretenimiento - Deportes","potentialAction":[{"@type":"SearchAction","target":{"@type":"EntryPoint","urlTemplate":"https:\/\/elpuucnoticias.com\/?s={search_term_string}"},"query-input":"required name=search_term_string"}],"inLanguage":"es"},{"@type":"ImageObject","@id":"https:\/\/elpuucnoticias.com\/?p=19737#primaryimage","inLanguage":"es","url":"https:\/\/elpuucnoticias.com\/wp-content\/uploads\/2025\/07\/whatsapp-image-2025-07-01-at-11.14.08-scaled-1.jpeg","contentUrl":"https:\/\/elpuucnoticias.com\/wp-content\/uploads\/2025\/07\/whatsapp-image-2025-07-01-at-11.14.08-scaled-1.jpeg","width":2560,"height":1707},{"@type":"WebPage","@id":"https:\/\/elpuucnoticias.com\/?p=19737#webpage","url":"https:\/\/elpuucnoticias.com\/?p=19737","name":"Responde Mara Lezama a los vecinos de Proterritorio y les entrega un parque transformado para la convivencia familiar - El Puuc Noticias","isPartOf":{"@id":"https:\/\/elpuucnoticias.com\/#website"},"primaryImageOfPage":{"@id":"https:\/\/elpuucnoticias.com\/?p=19737#primaryimage"},"datePublished":"2025-07-02T17:39:37+00:00","dateModified":"2025-07-02T17:39:37+00:00","author":{"@id":"https:\/\/elpuucnoticias.com\/#\/schema\/person\/d2ea09e4c97f0160b11cdfb1d856bd9e"},"breadcrumb":{"@id":"https:\/\/elpuucnoticias.com\/?p=19737#breadcrumb"},"inLanguage":"es","potentialAction":[{"@type":"ReadAction","target":["https:\/\/elpuucnoticias.com\/?p=19737"]}]},{"@type":"BreadcrumbList","@id":"https:\/\/elpuucnoticias.com\/?p=19737#breadcrumb","itemListElement":[{"@type":"ListItem","position":1,"name":"Portada","item":"https:\/\/elpuucnoticias.com\/"},{"@type":"ListItem","position":2,"name":"Responde Mara Lezama a los vecinos de Proterritorio y les entrega un parque transformado para la convivencia familiar"}]},{"@type":"Person","@id":"https:\/\/elpuucnoticias.com\/#\/schema\/person\/d2ea09e4c97f0160b11cdfb1d856bd9e","name":"elpuucnoticias","image":{"@type":"ImageObject","@id":"https:\/\/elpuucnoticias.com\/#personlogo","inLanguage":"es","url":"https:\/\/secure.gravatar.com\/avatar\/5290a43657c74ffa15701dbe5b846bd85cc71930d803c84e91046a7333de6ce2?s=96&d=mm&r=g","contentUrl":"https:\/\/secure.gravatar.com\/avatar\/5290a43657c74ffa15701dbe5b846bd85cc71930d803c84e91046a7333de6ce2?s=96&d=mm&r=g","caption":"elpuucnoticias"},"sameAs":["https:\/\/elpuucnoticias.com"],"url":"https:\/\/elpuucnoticias.com\/?author=1"}]}},"_links":{"self":[{"href":"https:\/\/elpuucnoticias.com\/index.php?rest_route=\/wp\/v2\/posts\/19737","targetHints":{"allow":["GET"]}}],"collection":[{"href":"https:\/\/elpuucnoticias.com\/index.php?rest_route=\/wp\/v2\/posts"}],"about":[{"href":"https:\/\/elpuucnoticias.com\/index.php?rest_route=\/wp\/v2\/types\/post"}],"author":[{"embeddable":true,"href":"https:\/\/elpuucnoticias.com\/index.php?rest_route=\/wp\/v2\/users\/1"}],"replies":[{"embeddable":true,"href":"https:\/\/elpuucnoticias.com\/index.php?rest_route=%2Fwp%2Fv2%2Fcomments&post=19737"}],"version-history":[{"count":1,"href":"https:\/\/elpuucnoticias.com\/index.php?rest_route=\/wp\/v2\/posts\/19737\/revisions"}],"predecessor-version":[{"id":19739,"href":"https:\/\/elpuucnoticias.com\/index.php?rest_route=\/wp\/v2\/posts\/19737\/revisions\/19739"}],"wp:featuredmedia":[{"embeddable":true,"href":"https:\/\/elpuucnoticias.com\/index.php?rest_route=\/wp\/v2\/media\/19738"}],"wp:attachment":[{"href":"https:\/\/elpuucnoticias.com\/index.php?rest_route=%2Fwp%2Fv2%2Fmedia&parent=19737"}],"wp:term":[{"taxonomy":"category","embeddable":true,"href":"https:\/\/elpuucnoticias.com\/index.php?rest_route=%2Fwp%2Fv2%2Fcategories&post=19737"},{"taxonomy":"post_tag","embeddable":true,"href":"https:\/\/elpuucnoticias.com\/index.php?rest_route=%2Fwp%2Fv2%2Ftags&post=19737"}],"curies":[{"name":"wp","href":"https:\/\/api.w.org\/{rel}","templated":true}]}}