{"id":19740,"date":"2025-07-02T11:42:54","date_gmt":"2025-07-02T17:42:54","guid":{"rendered":"https:\/\/elpuucnoticias.com\/?p=19740"},"modified":"2025-07-02T11:42:55","modified_gmt":"2025-07-02T17:42:55","slug":"mara-lezama-se-reune-con-el-sector-canero-y-alcanza-acuerdos-clave-para-enfrentar-la-crisis-en-el-sector","status":"publish","type":"post","link":"https:\/\/elpuucnoticias.com\/?p=19740","title":{"rendered":"Mara Lezama se re\u00fane con el sector ca\u00f1ero y alcanza acuerdos clave para enfrentar la crisis en el sector"},"content":{"rendered":"\n<p>Para revisar y resolver de fondo la dif\u00edcil situaci\u00f3n que atraviesan los ca\u00f1eros en Oth\u00f3n P. Blanco, la gobernadora Mara Lezama Espinosa encabez\u00f3 una reuni\u00f3n con las y los productores, as\u00ed como funcionarios de los diversos \u00f3rdenes de gobierno ligados con esta actividad.<\/p>\n\n\n\n<figure class=\"wp-block-image is-style-default\"><a href=\"https:\/\/cgc.qroo.gob.mx\/cjg\/wp-content\/uploads\/2025\/07\/WhatsApp-Image-2025-07-01-at-13.11.26-1.jpeg\"><img decoding=\"async\" src=\"https:\/\/cgc.qroo.gob.mx\/cjg\/wp-content\/uploads\/2025\/07\/WhatsApp-Image-2025-07-01-at-13.11.26-1-585x390.jpeg\" alt=\"\" title=\"WhatsApp Image 2025-07-01 at 13.11.26 (1)\"\/><\/a><\/figure>\n\n\n\n<p>Los productores se enfrentan a una combinaci\u00f3n de problemas como plagas, como el hongo Fusarium y la rata de campo, condiciones clim\u00e1ticas adversas como la sequ\u00eda y luego las lluvias por la pasada onda tropical, lo que ha afectado severamente sus cosechas y econom\u00eda, agravada por el bajo precio nacional de la tonelada de ca\u00f1a, por lo que solicitaron reunirse con la titular del Ejecutivo para exponerle sus necesidades.<\/p>\n\n\n\n<p>Entre los principales acuerdos, dados a conocer, la gobernadora Mara Lezama est\u00e1 gestionando la entrega de fertilizantes, la instalaci\u00f3n de mesas de trabajo con el gobierno federal para gestionar apoyos econ\u00f3micos emergentes, la gesti\u00f3n con los pagos de seguridad social ante el IMSS, y el compromiso de fortalecer la infraestructura hidr\u00e1ulica con la ampliaci\u00f3n de m\u00e1s kil\u00f3metros de drenes en zonas altamente vulnerables a inundaciones en la temporada de lluvias y ciclones tropicales.<\/p>\n\n\n\n<figure class=\"wp-block-image is-style-default\"><a href=\"https:\/\/cgc.qroo.gob.mx\/cjg\/wp-content\/uploads\/2025\/07\/WhatsApp-Image-2025-07-01-at-13.11.25.jpeg\"><img decoding=\"async\" src=\"https:\/\/cgc.qroo.gob.mx\/cjg\/wp-content\/uploads\/2025\/07\/WhatsApp-Image-2025-07-01-at-13.11.25-585x331.jpeg\" alt=\"\" title=\"WhatsApp Image 2025-07-01 at 13.11.25\"\/><\/a><\/figure>\n\n\n\n<p>Asimismo, la gobernadora Mara Lezama dio a conocer que la presencia del secretario de Agricultura y Desarrollo (SADER) en d\u00edas pasados, Julio Berdegu\u00e9 Sacrist\u00e1n, fue producto de sus gestiones, ante quien tambi\u00e9n se plante\u00f3 la situaci\u00f3n de los ca\u00f1eros.<\/p>\n\n\n\n<p>Tambi\u00e9n se acord\u00f3 realizar una pr\u00f3xima reuni\u00f3n en la Ciudad de M\u00e9xico con el secretario de Agricultura y la secretaria del Bienestar, con el objetivo de dar seguimiento puntual a los compromisos establecidos.<\/p>\n\n\n\n<p>Adem\u00e1s de la gobernadora Mara Lezama, participaron en esta reuni\u00f3n la secretaria de Gobierno, Cristina Torrres G\u00f3mez; el titular de SEDARPE, Jorge Aguilar Osorio; la directora de CONAGUA en Quintana Roo, Erika Ram\u00edrez M\u00e9ndez; Enrique Morales Pardo, titular de la SADER en Quintana Roo.<\/p>\n\n\n\n<p>Por los ca\u00f1eros, los l\u00edderes Benjam\u00edn Guti\u00e9rrez Reyes, dirigente de la Confederaci\u00f3n Nacional de Propietarios Rurales (CNPR), y Sergio Crisanto Morteo, nuevo presidente de la Uni\u00f3n Local de Ca\u00f1eros AC.<\/p>\n","protected":false},"excerpt":{"rendered":"<p>Para revisar y resolver de fondo la dif\u00edcil situaci\u00f3n que atraviesan los ca\u00f1eros en Oth\u00f3n P. Blanco, la<\/p>\n","protected":false},"author":1,"featured_media":19741,"comment_status":"closed","ping_status":"open","sticky":false,"template":"","format":"standard","meta":{"_monsterinsights_skip_tracking":false,"_monsterinsights_sitenote_active":false,"_monsterinsights_sitenote_note":"","_monsterinsights_sitenote_category":0,"footnotes":""},"categories":[11,24],"tags":[],"class_list":["post-19740","post","type-post","status-publish","format-standard","has-post-thumbnail","hentry","category-noticias","category-quintana-roo"],"yoast_head":"<!-- This site is optimized with the Yoast SEO plugin v18.3 - https:\/\/yoast.com\/wordpress\/plugins\/seo\/ -->\n<title>Mara Lezama se re\u00fane con el sector ca\u00f1ero y alcanza acuerdos clave para enfrentar la crisis en el sector - El Puuc Noticias<\/title>\n<meta name=\"robots\" content=\"index, follow, max-snippet:-1, max-image-preview:large, max-video-preview:-1\" \/>\n<link rel=\"canonical\" href=\"https:\/\/elpuucnoticias.com\/?p=19740\" \/>\n<meta property=\"og:locale\" content=\"es_ES\" \/>\n<meta property=\"og:type\" content=\"article\" \/>\n<meta property=\"og:title\" content=\"Mara Lezama se re\u00fane con el sector ca\u00f1ero y alcanza acuerdos clave para enfrentar la crisis en el sector - El Puuc Noticias\" \/>\n<meta property=\"og:description\" content=\"Para revisar y resolver de fondo la dif\u00edcil situaci\u00f3n que atraviesan los ca\u00f1eros en Oth\u00f3n P. Blanco, la\" \/>\n<meta property=\"og:url\" content=\"https:\/\/elpuucnoticias.com\/?p=19740\" \/>\n<meta property=\"og:site_name\" content=\"El Puuc Noticias\" \/>\n<meta property=\"article:published_time\" content=\"2025-07-02T17:42:54+00:00\" \/>\n<meta property=\"article:modified_time\" content=\"2025-07-02T17:42:55+00:00\" \/>\n<meta property=\"og:image\" content=\"https:\/\/elpuucnoticias.com\/wp-content\/uploads\/2025\/07\/whatsapp-image-2025-07-01-at-13.11.26.jpeg\" \/>\n\t<meta property=\"og:image:width\" content=\"1280\" \/>\n\t<meta property=\"og:image:height\" content=\"854\" \/>\n\t<meta property=\"og:image:type\" content=\"image\/jpeg\" \/>\n<meta name=\"twitter:card\" content=\"summary_large_image\" \/>\n<meta name=\"twitter:label1\" content=\"Escrito por\" \/>\n\t<meta name=\"twitter:data1\" content=\"elpuucnoticias\" \/>\n\t<meta name=\"twitter:label2\" content=\"Tiempo de lectura\" \/>\n\t<meta name=\"twitter:data2\" content=\"2 minutos\" \/>\n<script type=\"application\/ld+json\" class=\"yoast-schema-graph\">{\"@context\":\"https:\/\/schema.org\",\"@graph\":[{\"@type\":\"WebSite\",\"@id\":\"https:\/\/elpuucnoticias.com\/#website\",\"url\":\"https:\/\/elpuucnoticias.com\/\",\"name\":\"El Puuc Noticias\",\"description\":\"Noticias - Entretenimiento - Deportes\",\"potentialAction\":[{\"@type\":\"SearchAction\",\"target\":{\"@type\":\"EntryPoint\",\"urlTemplate\":\"https:\/\/elpuucnoticias.com\/?s={search_term_string}\"},\"query-input\":\"required name=search_term_string\"}],\"inLanguage\":\"es\"},{\"@type\":\"ImageObject\",\"@id\":\"https:\/\/elpuucnoticias.com\/?p=19740#primaryimage\",\"inLanguage\":\"es\",\"url\":\"https:\/\/elpuucnoticias.com\/wp-content\/uploads\/2025\/07\/whatsapp-image-2025-07-01-at-13.11.26.jpeg\",\"contentUrl\":\"https:\/\/elpuucnoticias.com\/wp-content\/uploads\/2025\/07\/whatsapp-image-2025-07-01-at-13.11.26.jpeg\",\"width\":1280,\"height\":854},{\"@type\":\"WebPage\",\"@id\":\"https:\/\/elpuucnoticias.com\/?p=19740#webpage\",\"url\":\"https:\/\/elpuucnoticias.com\/?p=19740\",\"name\":\"Mara Lezama se re\u00fane con el sector ca\u00f1ero y alcanza acuerdos clave para enfrentar la crisis en el sector - El Puuc Noticias\",\"isPartOf\":{\"@id\":\"https:\/\/elpuucnoticias.com\/#website\"},\"primaryImageOfPage\":{\"@id\":\"https:\/\/elpuucnoticias.com\/?p=19740#primaryimage\"},\"datePublished\":\"2025-07-02T17:42:54+00:00\",\"dateModified\":\"2025-07-02T17:42:55+00:00\",\"author\":{\"@id\":\"https:\/\/elpuucnoticias.com\/#\/schema\/person\/d2ea09e4c97f0160b11cdfb1d856bd9e\"},\"breadcrumb\":{\"@id\":\"https:\/\/elpuucnoticias.com\/?p=19740#breadcrumb\"},\"inLanguage\":\"es\",\"potentialAction\":[{\"@type\":\"ReadAction\",\"target\":[\"https:\/\/elpuucnoticias.com\/?p=19740\"]}]},{\"@type\":\"BreadcrumbList\",\"@id\":\"https:\/\/elpuucnoticias.com\/?p=19740#breadcrumb\",\"itemListElement\":[{\"@type\":\"ListItem\",\"position\":1,\"name\":\"Portada\",\"item\":\"https:\/\/elpuucnoticias.com\/\"},{\"@type\":\"ListItem\",\"position\":2,\"name\":\"Mara Lezama se re\u00fane con el sector ca\u00f1ero y alcanza acuerdos clave para enfrentar la crisis en el sector\"}]},{\"@type\":\"Person\",\"@id\":\"https:\/\/elpuucnoticias.com\/#\/schema\/person\/d2ea09e4c97f0160b11cdfb1d856bd9e\",\"name\":\"elpuucnoticias\",\"image\":{\"@type\":\"ImageObject\",\"@id\":\"https:\/\/elpuucnoticias.com\/#personlogo\",\"inLanguage\":\"es\",\"url\":\"https:\/\/secure.gravatar.com\/avatar\/5290a43657c74ffa15701dbe5b846bd85cc71930d803c84e91046a7333de6ce2?s=96&d=mm&r=g\",\"contentUrl\":\"https:\/\/secure.gravatar.com\/avatar\/5290a43657c74ffa15701dbe5b846bd85cc71930d803c84e91046a7333de6ce2?s=96&d=mm&r=g\",\"caption\":\"elpuucnoticias\"},\"sameAs\":[\"https:\/\/elpuucnoticias.com\"],\"url\":\"https:\/\/elpuucnoticias.com\/?author=1\"}]}<\/script>\n<!-- \/ Yoast SEO plugin. -->","yoast_head_json":{"title":"Mara Lezama se re\u00fane con el sector ca\u00f1ero y alcanza acuerdos clave para enfrentar la crisis en el sector - El Puuc Noticias","robots":{"index":"index","follow":"follow","max-snippet":"max-snippet:-1","max-image-preview":"max-image-preview:large","max-video-preview":"max-video-preview:-1"},"canonical":"https:\/\/elpuucnoticias.com\/?p=19740","og_locale":"es_ES","og_type":"article","og_title":"Mara Lezama se re\u00fane con el sector ca\u00f1ero y alcanza acuerdos clave para enfrentar la crisis en el sector - El Puuc Noticias","og_description":"Para revisar y resolver de fondo la dif\u00edcil situaci\u00f3n que atraviesan los ca\u00f1eros en Oth\u00f3n P. Blanco, la","og_url":"https:\/\/elpuucnoticias.com\/?p=19740","og_site_name":"El Puuc Noticias","article_published_time":"2025-07-02T17:42:54+00:00","article_modified_time":"2025-07-02T17:42:55+00:00","og_image":[{"width":1280,"height":854,"url":"https:\/\/elpuucnoticias.com\/wp-content\/uploads\/2025\/07\/whatsapp-image-2025-07-01-at-13.11.26.jpeg","type":"image\/jpeg"}],"twitter_card":"summary_large_image","twitter_misc":{"Escrito por":"elpuucnoticias","Tiempo de lectura":"2 minutos"},"schema":{"@context":"https:\/\/schema.org","@graph":[{"@type":"WebSite","@id":"https:\/\/elpuucnoticias.com\/#website","url":"https:\/\/elpuucnoticias.com\/","name":"El Puuc Noticias","description":"Noticias - Entretenimiento - Deportes","potentialAction":[{"@type":"SearchAction","target":{"@type":"EntryPoint","urlTemplate":"https:\/\/elpuucnoticias.com\/?s={search_term_string}"},"query-input":"required name=search_term_string"}],"inLanguage":"es"},{"@type":"ImageObject","@id":"https:\/\/elpuucnoticias.com\/?p=19740#primaryimage","inLanguage":"es","url":"https:\/\/elpuucnoticias.com\/wp-content\/uploads\/2025\/07\/whatsapp-image-2025-07-01-at-13.11.26.jpeg","contentUrl":"https:\/\/elpuucnoticias.com\/wp-content\/uploads\/2025\/07\/whatsapp-image-2025-07-01-at-13.11.26.jpeg","width":1280,"height":854},{"@type":"WebPage","@id":"https:\/\/elpuucnoticias.com\/?p=19740#webpage","url":"https:\/\/elpuucnoticias.com\/?p=19740","name":"Mara Lezama se re\u00fane con el sector ca\u00f1ero y alcanza acuerdos clave para enfrentar la crisis en el sector - El Puuc Noticias","isPartOf":{"@id":"https:\/\/elpuucnoticias.com\/#website"},"primaryImageOfPage":{"@id":"https:\/\/elpuucnoticias.com\/?p=19740#primaryimage"},"datePublished":"2025-07-02T17:42:54+00:00","dateModified":"2025-07-02T17:42:55+00:00","author":{"@id":"https:\/\/elpuucnoticias.com\/#\/schema\/person\/d2ea09e4c97f0160b11cdfb1d856bd9e"},"breadcrumb":{"@id":"https:\/\/elpuucnoticias.com\/?p=19740#breadcrumb"},"inLanguage":"es","potentialAction":[{"@type":"ReadAction","target":["https:\/\/elpuucnoticias.com\/?p=19740"]}]},{"@type":"BreadcrumbList","@id":"https:\/\/elpuucnoticias.com\/?p=19740#breadcrumb","itemListElement":[{"@type":"ListItem","position":1,"name":"Portada","item":"https:\/\/elpuucnoticias.com\/"},{"@type":"ListItem","position":2,"name":"Mara Lezama se re\u00fane con el sector ca\u00f1ero y alcanza acuerdos clave para enfrentar la crisis en el sector"}]},{"@type":"Person","@id":"https:\/\/elpuucnoticias.com\/#\/schema\/person\/d2ea09e4c97f0160b11cdfb1d856bd9e","name":"elpuucnoticias","image":{"@type":"ImageObject","@id":"https:\/\/elpuucnoticias.com\/#personlogo","inLanguage":"es","url":"https:\/\/secure.gravatar.com\/avatar\/5290a43657c74ffa15701dbe5b846bd85cc71930d803c84e91046a7333de6ce2?s=96&d=mm&r=g","contentUrl":"https:\/\/secure.gravatar.com\/avatar\/5290a43657c74ffa15701dbe5b846bd85cc71930d803c84e91046a7333de6ce2?s=96&d=mm&r=g","caption":"elpuucnoticias"},"sameAs":["https:\/\/elpuucnoticias.com"],"url":"https:\/\/elpuucnoticias.com\/?author=1"}]}},"_links":{"self":[{"href":"https:\/\/elpuucnoticias.com\/index.php?rest_route=\/wp\/v2\/posts\/19740","targetHints":{"allow":["GET"]}}],"collection":[{"href":"https:\/\/elpuucnoticias.com\/index.php?rest_route=\/wp\/v2\/posts"}],"about":[{"href":"https:\/\/elpuucnoticias.com\/index.php?rest_route=\/wp\/v2\/types\/post"}],"author":[{"embeddable":true,"href":"https:\/\/elpuucnoticias.com\/index.php?rest_route=\/wp\/v2\/users\/1"}],"replies":[{"embeddable":true,"href":"https:\/\/elpuucnoticias.com\/index.php?rest_route=%2Fwp%2Fv2%2Fcomments&post=19740"}],"version-history":[{"count":1,"href":"https:\/\/elpuucnoticias.com\/index.php?rest_route=\/wp\/v2\/posts\/19740\/revisions"}],"predecessor-version":[{"id":19742,"href":"https:\/\/elpuucnoticias.com\/index.php?rest_route=\/wp\/v2\/posts\/19740\/revisions\/19742"}],"wp:featuredmedia":[{"embeddable":true,"href":"https:\/\/elpuucnoticias.com\/index.php?rest_route=\/wp\/v2\/media\/19741"}],"wp:attachment":[{"href":"https:\/\/elpuucnoticias.com\/index.php?rest_route=%2Fwp%2Fv2%2Fmedia&parent=19740"}],"wp:term":[{"taxonomy":"category","embeddable":true,"href":"https:\/\/elpuucnoticias.com\/index.php?rest_route=%2Fwp%2Fv2%2Fcategories&post=19740"},{"taxonomy":"post_tag","embeddable":true,"href":"https:\/\/elpuucnoticias.com\/index.php?rest_route=%2Fwp%2Fv2%2Ftags&post=19740"}],"curies":[{"name":"wp","href":"https:\/\/api.w.org\/{rel}","templated":true}]}}