{"id":19743,"date":"2025-07-02T11:44:57","date_gmt":"2025-07-02T17:44:57","guid":{"rendered":"https:\/\/elpuucnoticias.com\/?p=19743"},"modified":"2025-07-02T11:44:58","modified_gmt":"2025-07-02T17:44:58","slug":"atletismo-quintanarroense-suma-una-presea-en-la-olimpiada-nacional-conade-2025","status":"publish","type":"post","link":"https:\/\/elpuucnoticias.com\/?p=19743","title":{"rendered":"Atletismo quintanarroense suma una presea en la Olimpiada Nacional CONADE 2025"},"content":{"rendered":"\n<p>La delegaci\u00f3n de Quintana Roo en la disciplina de atletismo, adem\u00e1s de registrar destacadas actuaciones, contin\u00faa aportando preseas para la entidad en la Olimpiada Nacional CONADE 2025, y es que, durante la jornada m\u00e1s reciente en el Centro de Atletismo \u201cUna Nueva Historia\u201d, el atleta Carlos Eduardo Carrasco mostr\u00f3 su talento al conquistar una presea de bronce en la prueba de salto de longitud.<\/p>\n\n\n\n<figure class=\"wp-block-image is-style-default\"><a href=\"https:\/\/cgc.qroo.gob.mx\/cjg\/wp-content\/uploads\/2025\/07\/IMG-20250701-WA0050.jpg\"><img decoding=\"async\" src=\"https:\/\/cgc.qroo.gob.mx\/cjg\/wp-content\/uploads\/2025\/07\/IMG-20250701-WA0050-585x331.jpg\" alt=\"\" title=\"IMG-20250701-WA0050\"\/><\/a><\/figure>\n\n\n\n<p>Las y los deportistas quintanarroenses contin\u00faan haciendo muestra de su esfuerzo y talento, recordando que est\u00e1n cumpliendo este compromiso con el respaldo y apoyo de la Comisi\u00f3n del Deporte de Quintana Roo (CODEQ), presidida por Jacobo Arzate Hop; y adem\u00e1s, forma parte de las acciones del Nuevo Acuerdo por el Bienestar y Desarrollo que impulsa la gobernadora Mara Lezama Espinosa.<\/p>\n\n\n\n<p>Pasando a los resultados, Carlos Eduardo Carrasco fue el quintanarroense que se subi\u00f3 al podio, al colgarse la presea de bronce, dentro de la prueba de salto de longitud de la categor\u00eda Sub-23, y dejando una marca de 6.98 metros.<\/p>\n\n\n\n<figure class=\"wp-block-image is-style-default\"><a href=\"https:\/\/cgc.qroo.gob.mx\/cjg\/wp-content\/uploads\/2025\/07\/IMG-20250701-WA0048.jpg\"><img decoding=\"async\" src=\"https:\/\/cgc.qroo.gob.mx\/cjg\/wp-content\/uploads\/2025\/07\/IMG-20250701-WA0048-585x711.jpg\" alt=\"\" title=\"IMG-20250701-WA0048\"\/><\/a><\/figure>\n\n\n\n<p>El primer sitio fue para Pedro Valenzuela, de Baja California, quien hizo 7.29 metros; y la plata se la adjudic\u00f3 Ander P\u00e9rez, de Quer\u00e9taro, que marc\u00f3 7.18 metros.<\/p>\n\n\n\n<p>Por otro lado, en m\u00e1s resultados para Quintana Roo, Jorge Gamboa se qued\u00f3 cerca de lograr la medalla en la justa, esto luego de culminar en la cuarta posici\u00f3n nacional de la prueba de impulso de bala de 6 kilos, como parte de las acciones de la categor\u00eda Sub-20.<\/p>\n\n\n\n<figure class=\"wp-block-image is-style-default\"><a href=\"https:\/\/cgc.qroo.gob.mx\/cjg\/wp-content\/uploads\/2025\/07\/IMG-20250701-WA0049.jpg\"><img decoding=\"async\" src=\"https:\/\/cgc.qroo.gob.mx\/cjg\/wp-content\/uploads\/2025\/07\/IMG-20250701-WA0049-585x943.jpg\" alt=\"\" title=\"IMG-20250701-WA0049\"\/><\/a><\/figure>\n\n\n\n<p>Jorge tuvo una destacada participaci\u00f3n, logrando el cuarto lugar y haciendo una marca de 14.03 metros. Aqu\u00ed, el oro fue para Rub\u00e9n Rubio, de Baja California, con 15.44 metros; Ram\u00f3n Godoy, de Sonora, con 15.09; y Mar\u00f3n Ibarra, de Baja California, con 14.41 metros.<\/p>\n\n\n\n<p>Con este resultado, el atletismo quintanarroense lleg\u00f3 a las cuatro medallas, con un oro, una plata y dos bronces; adem\u00e1s, con esto, Quintana Roo lleg\u00f3 a los 172 metales en el medallero general, contabilizando 47 de oro, 63 de plata y 62 de bronce.<\/p>\n","protected":false},"excerpt":{"rendered":"<p>La delegaci\u00f3n de Quintana Roo en la disciplina de atletismo, adem\u00e1s de registrar destacadas actuaciones, contin\u00faa aportando preseas<\/p>\n","protected":false},"author":1,"featured_media":19744,"comment_status":"closed","ping_status":"open","sticky":false,"template":"","format":"standard","meta":{"_monsterinsights_skip_tracking":false,"_monsterinsights_sitenote_active":false,"_monsterinsights_sitenote_note":"","_monsterinsights_sitenote_category":0,"footnotes":""},"categories":[11,24],"tags":[],"class_list":["post-19743","post","type-post","status-publish","format-standard","has-post-thumbnail","hentry","category-noticias","category-quintana-roo"],"yoast_head":"<!-- This site is optimized with the Yoast SEO plugin v18.3 - https:\/\/yoast.com\/wordpress\/plugins\/seo\/ -->\n<title>Atletismo quintanarroense suma una presea en la Olimpiada Nacional CONADE 2025 - El Puuc Noticias<\/title>\n<meta name=\"robots\" content=\"index, follow, max-snippet:-1, max-image-preview:large, max-video-preview:-1\" \/>\n<link rel=\"canonical\" href=\"https:\/\/elpuucnoticias.com\/?p=19743\" \/>\n<meta property=\"og:locale\" content=\"es_ES\" \/>\n<meta property=\"og:type\" content=\"article\" \/>\n<meta property=\"og:title\" content=\"Atletismo quintanarroense suma una presea en la Olimpiada Nacional CONADE 2025 - El Puuc Noticias\" \/>\n<meta property=\"og:description\" content=\"La delegaci\u00f3n de Quintana Roo en la disciplina de atletismo, adem\u00e1s de registrar destacadas actuaciones, contin\u00faa aportando preseas\" \/>\n<meta property=\"og:url\" content=\"https:\/\/elpuucnoticias.com\/?p=19743\" \/>\n<meta property=\"og:site_name\" content=\"El Puuc Noticias\" \/>\n<meta property=\"article:published_time\" content=\"2025-07-02T17:44:57+00:00\" \/>\n<meta property=\"article:modified_time\" content=\"2025-07-02T17:44:58+00:00\" \/>\n<meta property=\"og:image\" content=\"https:\/\/elpuucnoticias.com\/wp-content\/uploads\/2025\/07\/img-20250701-wa0052.jpg\" \/>\n\t<meta property=\"og:image:width\" content=\"1600\" \/>\n\t<meta property=\"og:image:height\" content=\"1513\" \/>\n\t<meta property=\"og:image:type\" content=\"image\/jpeg\" \/>\n<meta name=\"twitter:card\" content=\"summary_large_image\" \/>\n<meta name=\"twitter:label1\" content=\"Escrito por\" \/>\n\t<meta name=\"twitter:data1\" content=\"elpuucnoticias\" \/>\n\t<meta name=\"twitter:label2\" content=\"Tiempo de lectura\" \/>\n\t<meta name=\"twitter:data2\" content=\"2 minutos\" \/>\n<script type=\"application\/ld+json\" class=\"yoast-schema-graph\">{\"@context\":\"https:\/\/schema.org\",\"@graph\":[{\"@type\":\"WebSite\",\"@id\":\"https:\/\/elpuucnoticias.com\/#website\",\"url\":\"https:\/\/elpuucnoticias.com\/\",\"name\":\"El Puuc Noticias\",\"description\":\"Noticias - Entretenimiento - Deportes\",\"potentialAction\":[{\"@type\":\"SearchAction\",\"target\":{\"@type\":\"EntryPoint\",\"urlTemplate\":\"https:\/\/elpuucnoticias.com\/?s={search_term_string}\"},\"query-input\":\"required name=search_term_string\"}],\"inLanguage\":\"es\"},{\"@type\":\"ImageObject\",\"@id\":\"https:\/\/elpuucnoticias.com\/?p=19743#primaryimage\",\"inLanguage\":\"es\",\"url\":\"https:\/\/elpuucnoticias.com\/wp-content\/uploads\/2025\/07\/img-20250701-wa0052.jpg\",\"contentUrl\":\"https:\/\/elpuucnoticias.com\/wp-content\/uploads\/2025\/07\/img-20250701-wa0052.jpg\",\"width\":1600,\"height\":1513},{\"@type\":\"WebPage\",\"@id\":\"https:\/\/elpuucnoticias.com\/?p=19743#webpage\",\"url\":\"https:\/\/elpuucnoticias.com\/?p=19743\",\"name\":\"Atletismo quintanarroense suma una presea en la Olimpiada Nacional CONADE 2025 - El Puuc Noticias\",\"isPartOf\":{\"@id\":\"https:\/\/elpuucnoticias.com\/#website\"},\"primaryImageOfPage\":{\"@id\":\"https:\/\/elpuucnoticias.com\/?p=19743#primaryimage\"},\"datePublished\":\"2025-07-02T17:44:57+00:00\",\"dateModified\":\"2025-07-02T17:44:58+00:00\",\"author\":{\"@id\":\"https:\/\/elpuucnoticias.com\/#\/schema\/person\/d2ea09e4c97f0160b11cdfb1d856bd9e\"},\"breadcrumb\":{\"@id\":\"https:\/\/elpuucnoticias.com\/?p=19743#breadcrumb\"},\"inLanguage\":\"es\",\"potentialAction\":[{\"@type\":\"ReadAction\",\"target\":[\"https:\/\/elpuucnoticias.com\/?p=19743\"]}]},{\"@type\":\"BreadcrumbList\",\"@id\":\"https:\/\/elpuucnoticias.com\/?p=19743#breadcrumb\",\"itemListElement\":[{\"@type\":\"ListItem\",\"position\":1,\"name\":\"Portada\",\"item\":\"https:\/\/elpuucnoticias.com\/\"},{\"@type\":\"ListItem\",\"position\":2,\"name\":\"Atletismo quintanarroense suma una presea en la Olimpiada Nacional CONADE 2025\"}]},{\"@type\":\"Person\",\"@id\":\"https:\/\/elpuucnoticias.com\/#\/schema\/person\/d2ea09e4c97f0160b11cdfb1d856bd9e\",\"name\":\"elpuucnoticias\",\"image\":{\"@type\":\"ImageObject\",\"@id\":\"https:\/\/elpuucnoticias.com\/#personlogo\",\"inLanguage\":\"es\",\"url\":\"https:\/\/secure.gravatar.com\/avatar\/5290a43657c74ffa15701dbe5b846bd85cc71930d803c84e91046a7333de6ce2?s=96&d=mm&r=g\",\"contentUrl\":\"https:\/\/secure.gravatar.com\/avatar\/5290a43657c74ffa15701dbe5b846bd85cc71930d803c84e91046a7333de6ce2?s=96&d=mm&r=g\",\"caption\":\"elpuucnoticias\"},\"sameAs\":[\"https:\/\/elpuucnoticias.com\"],\"url\":\"https:\/\/elpuucnoticias.com\/?author=1\"}]}<\/script>\n<!-- \/ Yoast SEO plugin. -->","yoast_head_json":{"title":"Atletismo quintanarroense suma una presea en la Olimpiada Nacional CONADE 2025 - El Puuc Noticias","robots":{"index":"index","follow":"follow","max-snippet":"max-snippet:-1","max-image-preview":"max-image-preview:large","max-video-preview":"max-video-preview:-1"},"canonical":"https:\/\/elpuucnoticias.com\/?p=19743","og_locale":"es_ES","og_type":"article","og_title":"Atletismo quintanarroense suma una presea en la Olimpiada Nacional CONADE 2025 - El Puuc Noticias","og_description":"La delegaci\u00f3n de Quintana Roo en la disciplina de atletismo, adem\u00e1s de registrar destacadas actuaciones, contin\u00faa aportando preseas","og_url":"https:\/\/elpuucnoticias.com\/?p=19743","og_site_name":"El Puuc Noticias","article_published_time":"2025-07-02T17:44:57+00:00","article_modified_time":"2025-07-02T17:44:58+00:00","og_image":[{"width":1600,"height":1513,"url":"https:\/\/elpuucnoticias.com\/wp-content\/uploads\/2025\/07\/img-20250701-wa0052.jpg","type":"image\/jpeg"}],"twitter_card":"summary_large_image","twitter_misc":{"Escrito por":"elpuucnoticias","Tiempo de lectura":"2 minutos"},"schema":{"@context":"https:\/\/schema.org","@graph":[{"@type":"WebSite","@id":"https:\/\/elpuucnoticias.com\/#website","url":"https:\/\/elpuucnoticias.com\/","name":"El Puuc Noticias","description":"Noticias - Entretenimiento - Deportes","potentialAction":[{"@type":"SearchAction","target":{"@type":"EntryPoint","urlTemplate":"https:\/\/elpuucnoticias.com\/?s={search_term_string}"},"query-input":"required name=search_term_string"}],"inLanguage":"es"},{"@type":"ImageObject","@id":"https:\/\/elpuucnoticias.com\/?p=19743#primaryimage","inLanguage":"es","url":"https:\/\/elpuucnoticias.com\/wp-content\/uploads\/2025\/07\/img-20250701-wa0052.jpg","contentUrl":"https:\/\/elpuucnoticias.com\/wp-content\/uploads\/2025\/07\/img-20250701-wa0052.jpg","width":1600,"height":1513},{"@type":"WebPage","@id":"https:\/\/elpuucnoticias.com\/?p=19743#webpage","url":"https:\/\/elpuucnoticias.com\/?p=19743","name":"Atletismo quintanarroense suma una presea en la Olimpiada Nacional CONADE 2025 - El Puuc Noticias","isPartOf":{"@id":"https:\/\/elpuucnoticias.com\/#website"},"primaryImageOfPage":{"@id":"https:\/\/elpuucnoticias.com\/?p=19743#primaryimage"},"datePublished":"2025-07-02T17:44:57+00:00","dateModified":"2025-07-02T17:44:58+00:00","author":{"@id":"https:\/\/elpuucnoticias.com\/#\/schema\/person\/d2ea09e4c97f0160b11cdfb1d856bd9e"},"breadcrumb":{"@id":"https:\/\/elpuucnoticias.com\/?p=19743#breadcrumb"},"inLanguage":"es","potentialAction":[{"@type":"ReadAction","target":["https:\/\/elpuucnoticias.com\/?p=19743"]}]},{"@type":"BreadcrumbList","@id":"https:\/\/elpuucnoticias.com\/?p=19743#breadcrumb","itemListElement":[{"@type":"ListItem","position":1,"name":"Portada","item":"https:\/\/elpuucnoticias.com\/"},{"@type":"ListItem","position":2,"name":"Atletismo quintanarroense suma una presea en la Olimpiada Nacional CONADE 2025"}]},{"@type":"Person","@id":"https:\/\/elpuucnoticias.com\/#\/schema\/person\/d2ea09e4c97f0160b11cdfb1d856bd9e","name":"elpuucnoticias","image":{"@type":"ImageObject","@id":"https:\/\/elpuucnoticias.com\/#personlogo","inLanguage":"es","url":"https:\/\/secure.gravatar.com\/avatar\/5290a43657c74ffa15701dbe5b846bd85cc71930d803c84e91046a7333de6ce2?s=96&d=mm&r=g","contentUrl":"https:\/\/secure.gravatar.com\/avatar\/5290a43657c74ffa15701dbe5b846bd85cc71930d803c84e91046a7333de6ce2?s=96&d=mm&r=g","caption":"elpuucnoticias"},"sameAs":["https:\/\/elpuucnoticias.com"],"url":"https:\/\/elpuucnoticias.com\/?author=1"}]}},"_links":{"self":[{"href":"https:\/\/elpuucnoticias.com\/index.php?rest_route=\/wp\/v2\/posts\/19743","targetHints":{"allow":["GET"]}}],"collection":[{"href":"https:\/\/elpuucnoticias.com\/index.php?rest_route=\/wp\/v2\/posts"}],"about":[{"href":"https:\/\/elpuucnoticias.com\/index.php?rest_route=\/wp\/v2\/types\/post"}],"author":[{"embeddable":true,"href":"https:\/\/elpuucnoticias.com\/index.php?rest_route=\/wp\/v2\/users\/1"}],"replies":[{"embeddable":true,"href":"https:\/\/elpuucnoticias.com\/index.php?rest_route=%2Fwp%2Fv2%2Fcomments&post=19743"}],"version-history":[{"count":1,"href":"https:\/\/elpuucnoticias.com\/index.php?rest_route=\/wp\/v2\/posts\/19743\/revisions"}],"predecessor-version":[{"id":19745,"href":"https:\/\/elpuucnoticias.com\/index.php?rest_route=\/wp\/v2\/posts\/19743\/revisions\/19745"}],"wp:featuredmedia":[{"embeddable":true,"href":"https:\/\/elpuucnoticias.com\/index.php?rest_route=\/wp\/v2\/media\/19744"}],"wp:attachment":[{"href":"https:\/\/elpuucnoticias.com\/index.php?rest_route=%2Fwp%2Fv2%2Fmedia&parent=19743"}],"wp:term":[{"taxonomy":"category","embeddable":true,"href":"https:\/\/elpuucnoticias.com\/index.php?rest_route=%2Fwp%2Fv2%2Fcategories&post=19743"},{"taxonomy":"post_tag","embeddable":true,"href":"https:\/\/elpuucnoticias.com\/index.php?rest_route=%2Fwp%2Fv2%2Ftags&post=19743"}],"curies":[{"name":"wp","href":"https:\/\/api.w.org\/{rel}","templated":true}]}}