{"id":19808,"date":"2025-07-07T13:38:16","date_gmt":"2025-07-07T19:38:16","guid":{"rendered":"https:\/\/elpuucnoticias.com\/?p=19808"},"modified":"2025-07-07T13:38:17","modified_gmt":"2025-07-07T19:38:17","slug":"suma-quintana-roo-una-plata-y-un-bronce-en-cierre-de-participacion-de-atletismo-de-la-olimpiada-nacional-conade-2025","status":"publish","type":"post","link":"https:\/\/elpuucnoticias.com\/?p=19808","title":{"rendered":"Suma Quintana Roo una plata y un bronce en cierre de participaci\u00f3n de Atletismo de la Olimpiada Nacional CONADE 2025"},"content":{"rendered":"\n<p>La Selecci\u00f3n de Quintana Roo en la disciplina de Atletismo tuvo un cierre productivo en su participaci\u00f3n en la Olimpiada Nacional CONADE 2025, esto luego de concretar dos preseas m\u00e1s, una de plata y una de bronce, durante la actividad que se disput\u00f3 en el Centro de Atletismo \u201cUna Nueva Historia\u201d en Apizaco, Tlaxcala.<\/p>\n\n\n\n<figure class=\"wp-block-image is-style-default\"><a href=\"https:\/\/cgc.qroo.gob.mx\/cjg\/wp-content\/uploads\/2025\/07\/IMG-20250702-WA0051.jpg\"><img decoding=\"async\" src=\"https:\/\/cgc.qroo.gob.mx\/cjg\/wp-content\/uploads\/2025\/07\/IMG-20250702-WA0051-585x483.jpg\" alt=\"\" title=\"IMG-20250702-WA0051\"\/><\/a><\/figure>\n\n\n\n<p>Tal como lo marca el Nuevo Acuerdo por el Bienestar y Desarrollo, que impulsa la gobernadora Mara Lezama Espinosa, desde la Comisi\u00f3n del Deporte de Quintana Roo (CODEQ), presidida por Jacobo Arzate Hop, se trabaja #ANivelDeCancha para dotar de herramientas necesarias para que las y los atletas puedan cumplir con sus objetivos.<\/p>\n\n\n\n<figure class=\"wp-block-image is-style-default\"><a href=\"https:\/\/cgc.qroo.gob.mx\/cjg\/wp-content\/uploads\/2025\/07\/IMG-20250702-WA0049.jpg\"><img decoding=\"async\" src=\"https:\/\/cgc.qroo.gob.mx\/cjg\/wp-content\/uploads\/2025\/07\/IMG-20250702-WA0049-585x517.jpg\" alt=\"\" title=\"IMG-20250702-WA0049\"\/><\/a><\/figure>\n\n\n\n<p>Pasando a los resultados, la presea de plata fue obtenida por Sof\u00eda Camila Soberanis Irola, quien brill\u00f3 en la prueba de Lanzamiento de Jabalina, logrando una marca de 40.88 metros, que la posicion\u00f3 como la subcampeona nacional.<\/p>\n\n\n\n<figure class=\"wp-block-image is-style-default\"><a href=\"https:\/\/cgc.qroo.gob.mx\/cjg\/wp-content\/uploads\/2025\/07\/IMG-20250702-WA0050.jpg\"><img decoding=\"async\" src=\"https:\/\/cgc.qroo.gob.mx\/cjg\/wp-content\/uploads\/2025\/07\/IMG-20250702-WA0050-585x706.jpg\" alt=\"\" title=\"IMG-20250702-WA0050\"\/><\/a><\/figure>\n\n\n\n<p>Por su parte, la velocista Radel Morales se adjudic\u00f3 la medalla de bronce en la prueba de 800 metros planos femenil de la categor\u00eda Sub-23, con un tiempo de 2:13.10 minutos, en una de las finales m\u00e1s emocionantes del certamen, al competir contra representantes de la Ciudad de M\u00e9xico y Sinaloa.<\/p>\n\n\n\n<p>Fue una competencia muy vibrante, en la que destac\u00f3 Morales, que puso de pie a los asistentes del Centro de Atletismo, gracias a su impresionante cierre de carrera que la llev\u00f3 al podio y quedando muy cerca del oro.<\/p>\n\n\n\n<p>Con esto, la delegaci\u00f3n de Quintana Roo culmin\u00f3 su participaci\u00f3n en la disciplina de atletismo y dejando los n\u00fameros en seis metales, con un oro, dos platas y tres bronces, reafirmando el compromiso, talento y dedicaci\u00f3n de sus atletas en el \u00e1mbito deportivo nacional.<\/p>\n\n\n\n<p>Mientras que, en el medallero general, Quintana Roo ya suma 174 preseas, contabilizando 47 de oro, 64 de plata y 63 de bronce.<\/p>\n","protected":false},"excerpt":{"rendered":"<p>La Selecci\u00f3n de Quintana Roo en la disciplina de Atletismo tuvo un cierre productivo en su participaci\u00f3n en<\/p>\n","protected":false},"author":1,"featured_media":19809,"comment_status":"closed","ping_status":"open","sticky":false,"template":"","format":"standard","meta":{"_monsterinsights_skip_tracking":false,"_monsterinsights_sitenote_active":false,"_monsterinsights_sitenote_note":"","_monsterinsights_sitenote_category":0,"footnotes":""},"categories":[11,24],"tags":[],"class_list":["post-19808","post","type-post","status-publish","format-standard","has-post-thumbnail","hentry","category-noticias","category-quintana-roo"],"yoast_head":"<!-- This site is optimized with the Yoast SEO plugin v18.3 - https:\/\/yoast.com\/wordpress\/plugins\/seo\/ -->\n<title>Suma Quintana Roo una plata y un bronce en cierre de participaci\u00f3n de Atletismo de la Olimpiada Nacional CONADE 2025 - El Puuc Noticias<\/title>\n<meta name=\"robots\" content=\"index, follow, max-snippet:-1, max-image-preview:large, max-video-preview:-1\" \/>\n<link rel=\"canonical\" href=\"https:\/\/elpuucnoticias.com\/?p=19808\" \/>\n<meta property=\"og:locale\" content=\"es_ES\" \/>\n<meta property=\"og:type\" content=\"article\" \/>\n<meta property=\"og:title\" content=\"Suma Quintana Roo una plata y un bronce en cierre de participaci\u00f3n de Atletismo de la Olimpiada Nacional CONADE 2025 - El Puuc Noticias\" \/>\n<meta property=\"og:description\" content=\"La Selecci\u00f3n de Quintana Roo en la disciplina de Atletismo tuvo un cierre productivo en su participaci\u00f3n en\" \/>\n<meta property=\"og:url\" content=\"https:\/\/elpuucnoticias.com\/?p=19808\" \/>\n<meta property=\"og:site_name\" content=\"El Puuc Noticias\" \/>\n<meta property=\"article:published_time\" content=\"2025-07-07T19:38:16+00:00\" \/>\n<meta property=\"article:modified_time\" content=\"2025-07-07T19:38:17+00:00\" \/>\n<meta property=\"og:image\" content=\"https:\/\/elpuucnoticias.com\/wp-content\/uploads\/2025\/07\/img-20250702-wa0048.jpg\" \/>\n\t<meta property=\"og:image:width\" content=\"1557\" \/>\n\t<meta property=\"og:image:height\" content=\"1600\" \/>\n\t<meta property=\"og:image:type\" content=\"image\/jpeg\" \/>\n<meta name=\"twitter:card\" content=\"summary_large_image\" \/>\n<meta name=\"twitter:label1\" content=\"Escrito por\" \/>\n\t<meta name=\"twitter:data1\" content=\"elpuucnoticias\" \/>\n\t<meta name=\"twitter:label2\" content=\"Tiempo de lectura\" \/>\n\t<meta name=\"twitter:data2\" content=\"2 minutos\" \/>\n<script type=\"application\/ld+json\" class=\"yoast-schema-graph\">{\"@context\":\"https:\/\/schema.org\",\"@graph\":[{\"@type\":\"WebSite\",\"@id\":\"https:\/\/elpuucnoticias.com\/#website\",\"url\":\"https:\/\/elpuucnoticias.com\/\",\"name\":\"El Puuc Noticias\",\"description\":\"Noticias - Entretenimiento - Deportes\",\"potentialAction\":[{\"@type\":\"SearchAction\",\"target\":{\"@type\":\"EntryPoint\",\"urlTemplate\":\"https:\/\/elpuucnoticias.com\/?s={search_term_string}\"},\"query-input\":\"required name=search_term_string\"}],\"inLanguage\":\"es\"},{\"@type\":\"ImageObject\",\"@id\":\"https:\/\/elpuucnoticias.com\/?p=19808#primaryimage\",\"inLanguage\":\"es\",\"url\":\"https:\/\/elpuucnoticias.com\/wp-content\/uploads\/2025\/07\/img-20250702-wa0048.jpg\",\"contentUrl\":\"https:\/\/elpuucnoticias.com\/wp-content\/uploads\/2025\/07\/img-20250702-wa0048.jpg\",\"width\":1557,\"height\":1600},{\"@type\":\"WebPage\",\"@id\":\"https:\/\/elpuucnoticias.com\/?p=19808#webpage\",\"url\":\"https:\/\/elpuucnoticias.com\/?p=19808\",\"name\":\"Suma Quintana Roo una plata y un bronce en cierre de participaci\u00f3n de Atletismo de la Olimpiada Nacional CONADE 2025 - El Puuc Noticias\",\"isPartOf\":{\"@id\":\"https:\/\/elpuucnoticias.com\/#website\"},\"primaryImageOfPage\":{\"@id\":\"https:\/\/elpuucnoticias.com\/?p=19808#primaryimage\"},\"datePublished\":\"2025-07-07T19:38:16+00:00\",\"dateModified\":\"2025-07-07T19:38:17+00:00\",\"author\":{\"@id\":\"https:\/\/elpuucnoticias.com\/#\/schema\/person\/d2ea09e4c97f0160b11cdfb1d856bd9e\"},\"breadcrumb\":{\"@id\":\"https:\/\/elpuucnoticias.com\/?p=19808#breadcrumb\"},\"inLanguage\":\"es\",\"potentialAction\":[{\"@type\":\"ReadAction\",\"target\":[\"https:\/\/elpuucnoticias.com\/?p=19808\"]}]},{\"@type\":\"BreadcrumbList\",\"@id\":\"https:\/\/elpuucnoticias.com\/?p=19808#breadcrumb\",\"itemListElement\":[{\"@type\":\"ListItem\",\"position\":1,\"name\":\"Portada\",\"item\":\"https:\/\/elpuucnoticias.com\/\"},{\"@type\":\"ListItem\",\"position\":2,\"name\":\"Suma Quintana Roo una plata y un bronce en cierre de participaci\u00f3n de Atletismo de la Olimpiada Nacional CONADE 2025\"}]},{\"@type\":\"Person\",\"@id\":\"https:\/\/elpuucnoticias.com\/#\/schema\/person\/d2ea09e4c97f0160b11cdfb1d856bd9e\",\"name\":\"elpuucnoticias\",\"image\":{\"@type\":\"ImageObject\",\"@id\":\"https:\/\/elpuucnoticias.com\/#personlogo\",\"inLanguage\":\"es\",\"url\":\"https:\/\/secure.gravatar.com\/avatar\/5290a43657c74ffa15701dbe5b846bd85cc71930d803c84e91046a7333de6ce2?s=96&d=mm&r=g\",\"contentUrl\":\"https:\/\/secure.gravatar.com\/avatar\/5290a43657c74ffa15701dbe5b846bd85cc71930d803c84e91046a7333de6ce2?s=96&d=mm&r=g\",\"caption\":\"elpuucnoticias\"},\"sameAs\":[\"https:\/\/elpuucnoticias.com\"],\"url\":\"https:\/\/elpuucnoticias.com\/?author=1\"}]}<\/script>\n<!-- \/ Yoast SEO plugin. -->","yoast_head_json":{"title":"Suma Quintana Roo una plata y un bronce en cierre de participaci\u00f3n de Atletismo de la Olimpiada Nacional CONADE 2025 - El Puuc Noticias","robots":{"index":"index","follow":"follow","max-snippet":"max-snippet:-1","max-image-preview":"max-image-preview:large","max-video-preview":"max-video-preview:-1"},"canonical":"https:\/\/elpuucnoticias.com\/?p=19808","og_locale":"es_ES","og_type":"article","og_title":"Suma Quintana Roo una plata y un bronce en cierre de participaci\u00f3n de Atletismo de la Olimpiada Nacional CONADE 2025 - El Puuc Noticias","og_description":"La Selecci\u00f3n de Quintana Roo en la disciplina de Atletismo tuvo un cierre productivo en su participaci\u00f3n en","og_url":"https:\/\/elpuucnoticias.com\/?p=19808","og_site_name":"El Puuc Noticias","article_published_time":"2025-07-07T19:38:16+00:00","article_modified_time":"2025-07-07T19:38:17+00:00","og_image":[{"width":1557,"height":1600,"url":"https:\/\/elpuucnoticias.com\/wp-content\/uploads\/2025\/07\/img-20250702-wa0048.jpg","type":"image\/jpeg"}],"twitter_card":"summary_large_image","twitter_misc":{"Escrito por":"elpuucnoticias","Tiempo de lectura":"2 minutos"},"schema":{"@context":"https:\/\/schema.org","@graph":[{"@type":"WebSite","@id":"https:\/\/elpuucnoticias.com\/#website","url":"https:\/\/elpuucnoticias.com\/","name":"El Puuc Noticias","description":"Noticias - Entretenimiento - Deportes","potentialAction":[{"@type":"SearchAction","target":{"@type":"EntryPoint","urlTemplate":"https:\/\/elpuucnoticias.com\/?s={search_term_string}"},"query-input":"required name=search_term_string"}],"inLanguage":"es"},{"@type":"ImageObject","@id":"https:\/\/elpuucnoticias.com\/?p=19808#primaryimage","inLanguage":"es","url":"https:\/\/elpuucnoticias.com\/wp-content\/uploads\/2025\/07\/img-20250702-wa0048.jpg","contentUrl":"https:\/\/elpuucnoticias.com\/wp-content\/uploads\/2025\/07\/img-20250702-wa0048.jpg","width":1557,"height":1600},{"@type":"WebPage","@id":"https:\/\/elpuucnoticias.com\/?p=19808#webpage","url":"https:\/\/elpuucnoticias.com\/?p=19808","name":"Suma Quintana Roo una plata y un bronce en cierre de participaci\u00f3n de Atletismo de la Olimpiada Nacional CONADE 2025 - El Puuc Noticias","isPartOf":{"@id":"https:\/\/elpuucnoticias.com\/#website"},"primaryImageOfPage":{"@id":"https:\/\/elpuucnoticias.com\/?p=19808#primaryimage"},"datePublished":"2025-07-07T19:38:16+00:00","dateModified":"2025-07-07T19:38:17+00:00","author":{"@id":"https:\/\/elpuucnoticias.com\/#\/schema\/person\/d2ea09e4c97f0160b11cdfb1d856bd9e"},"breadcrumb":{"@id":"https:\/\/elpuucnoticias.com\/?p=19808#breadcrumb"},"inLanguage":"es","potentialAction":[{"@type":"ReadAction","target":["https:\/\/elpuucnoticias.com\/?p=19808"]}]},{"@type":"BreadcrumbList","@id":"https:\/\/elpuucnoticias.com\/?p=19808#breadcrumb","itemListElement":[{"@type":"ListItem","position":1,"name":"Portada","item":"https:\/\/elpuucnoticias.com\/"},{"@type":"ListItem","position":2,"name":"Suma Quintana Roo una plata y un bronce en cierre de participaci\u00f3n de Atletismo de la Olimpiada Nacional CONADE 2025"}]},{"@type":"Person","@id":"https:\/\/elpuucnoticias.com\/#\/schema\/person\/d2ea09e4c97f0160b11cdfb1d856bd9e","name":"elpuucnoticias","image":{"@type":"ImageObject","@id":"https:\/\/elpuucnoticias.com\/#personlogo","inLanguage":"es","url":"https:\/\/secure.gravatar.com\/avatar\/5290a43657c74ffa15701dbe5b846bd85cc71930d803c84e91046a7333de6ce2?s=96&d=mm&r=g","contentUrl":"https:\/\/secure.gravatar.com\/avatar\/5290a43657c74ffa15701dbe5b846bd85cc71930d803c84e91046a7333de6ce2?s=96&d=mm&r=g","caption":"elpuucnoticias"},"sameAs":["https:\/\/elpuucnoticias.com"],"url":"https:\/\/elpuucnoticias.com\/?author=1"}]}},"_links":{"self":[{"href":"https:\/\/elpuucnoticias.com\/index.php?rest_route=\/wp\/v2\/posts\/19808","targetHints":{"allow":["GET"]}}],"collection":[{"href":"https:\/\/elpuucnoticias.com\/index.php?rest_route=\/wp\/v2\/posts"}],"about":[{"href":"https:\/\/elpuucnoticias.com\/index.php?rest_route=\/wp\/v2\/types\/post"}],"author":[{"embeddable":true,"href":"https:\/\/elpuucnoticias.com\/index.php?rest_route=\/wp\/v2\/users\/1"}],"replies":[{"embeddable":true,"href":"https:\/\/elpuucnoticias.com\/index.php?rest_route=%2Fwp%2Fv2%2Fcomments&post=19808"}],"version-history":[{"count":1,"href":"https:\/\/elpuucnoticias.com\/index.php?rest_route=\/wp\/v2\/posts\/19808\/revisions"}],"predecessor-version":[{"id":19810,"href":"https:\/\/elpuucnoticias.com\/index.php?rest_route=\/wp\/v2\/posts\/19808\/revisions\/19810"}],"wp:featuredmedia":[{"embeddable":true,"href":"https:\/\/elpuucnoticias.com\/index.php?rest_route=\/wp\/v2\/media\/19809"}],"wp:attachment":[{"href":"https:\/\/elpuucnoticias.com\/index.php?rest_route=%2Fwp%2Fv2%2Fmedia&parent=19808"}],"wp:term":[{"taxonomy":"category","embeddable":true,"href":"https:\/\/elpuucnoticias.com\/index.php?rest_route=%2Fwp%2Fv2%2Fcategories&post=19808"},{"taxonomy":"post_tag","embeddable":true,"href":"https:\/\/elpuucnoticias.com\/index.php?rest_route=%2Fwp%2Fv2%2Ftags&post=19808"}],"curies":[{"name":"wp","href":"https:\/\/api.w.org\/{rel}","templated":true}]}}