{"id":19814,"date":"2025-07-07T13:41:55","date_gmt":"2025-07-07T19:41:55","guid":{"rendered":"https:\/\/elpuucnoticias.com\/?p=19814"},"modified":"2025-07-07T13:41:55","modified_gmt":"2025-07-07T19:41:55","slug":"con-recicla-por-tu-futuro-mara-lezama-fortalece-la-cultura-del-reciclaje-y-apoya-la-economia-familiar","status":"publish","type":"post","link":"https:\/\/elpuucnoticias.com\/?p=19814","title":{"rendered":"Con \u201cRecicla por tu Futuro\u201d, Mara Lezama fortalece la cultura del reciclaje y apoya la econom\u00eda familiar"},"content":{"rendered":"\n<p>La gobernadora Mara Lezama Espinosa encabez\u00f3 la ma\u00f1ana de hoy acompa\u00f1ada del titular de la Secretar\u00eda de Ecolog\u00eda y Medio Ambiente (SEMA), \u00d3scar R\u00e9bora Aguilera, el canje de residuos s\u00f3lidos por alimentos a beneficiarios del programa \u201cRecicla por tu Futuro\u201d, que tiene como objetivo fomentar el reciclaje, el cuidado ambiental comunitario y mejorar la calidad de vida de las y los ciudadanos.<\/p>\n\n\n\n<figure class=\"wp-block-image is-style-default\"><a href=\"https:\/\/cgc.qroo.gob.mx\/cjg\/wp-content\/uploads\/2025\/07\/WhatsApp-Image-2025-07-03-at-13.44.18-1-scaled.jpeg\"><img decoding=\"async\" src=\"https:\/\/cgc.qroo.gob.mx\/cjg\/wp-content\/uploads\/2025\/07\/WhatsApp-Image-2025-07-03-at-13.44.18-1-585x390.jpeg\" alt=\"\" title=\"WhatsApp Image 2025-07-03 at 13.44.18 (1)\"\/><\/a><\/figure>\n\n\n\n<p>La titular del Ejecutivo estatal en el domo de la colonia Prado Norte, Supermanzana 260, dijo ante decenas de vecinos que en este gobierno humanista con coraz\u00f3n feminista nadie se queda atr\u00e1s y nadie se queda afuera, y se busca que la prosperidad sea compartida y llegue a todos los hogares de Quintana Roo, por lo que, estos programas sociales consolidan el Nuevo Acuerdo por el Bienestar y Desarrollo.<\/p>\n\n\n\n<p>La Gobernadora explic\u00f3 que en Quintana Roo su principal motor econ\u00f3mico depende del turismo y es gracias a sus bellezas naturales, como playas, selvas y cenotes, por ello es necesario cuidar el medio ambiente con acciones de reciclaje de los residuos s\u00f3lidos para que no lleguen a las calles y subsuelo ocasionando contaminaci\u00f3n.<\/p>\n\n\n\n<figure class=\"wp-block-image is-style-default\"><a href=\"https:\/\/cgc.qroo.gob.mx\/cjg\/wp-content\/uploads\/2025\/07\/WhatsApp-Image-2025-07-03-at-13.44.16-scaled.jpeg\"><img decoding=\"async\" src=\"https:\/\/cgc.qroo.gob.mx\/cjg\/wp-content\/uploads\/2025\/07\/WhatsApp-Image-2025-07-03-at-13.44.16-585x390.jpeg\" alt=\"\" title=\"WhatsApp Image 2025-07-03 at 13.44.16\"\/><\/a><\/figure>\n\n\n\n<p>Asimismo, Mara Lezama hizo un llamado a la poblaci\u00f3n a fortalecer la cultura del reciclaje desde los hogares, separando los residuos org\u00e1nicos de los inorg\u00e1nicos, a utilizar menos botellas de pl\u00e1stico para tener espacios m\u00e1s limpios y saludables, -Una ciudad limpia no es la que m\u00e1s se barre, sino la que menos se ensucia- reiter\u00f3.<\/p>\n\n\n\n<p>La gobernadora Mara Lezama dijo que \u201cRecicla por tu Futuro\u201d inici\u00f3 el pasado 1 de mayo y concluye el 31 de octubre y su meta es beneficiar a 15 mil familias de Benito Ju\u00e1rez, Puerto Morelos, Tulum, Oth\u00f3n P. Blanco, Isla Mujeres (Zona Continental) y Playa del Carmen.<\/p>\n\n\n\n<p>La gobernadora de Quintana Roo hizo un llamado a la poblaci\u00f3n, a que no s\u00f3lo cuando llegue el programa \u201cRecicla por tu Futuro\u201d en sus colonias hagan el reciclaje, sino a diario desde sus hogares, sacar su basura los d\u00edas y horarios establecidos y principalmente separar los residuos.<\/p>\n\n\n\n<p>Por su parte el titular de la Secretar\u00eda de Ecolog\u00eda y Medio Ambiente (SEMA), \u00d3scar R\u00e9bora Aguilera, explic\u00f3 a la poblaci\u00f3n que para intercambiar sus residuos s\u00f3lidos deben traer limpios, y de acuerdo con el programa se acepta hasta 2 kilos de aluminio; 10 de PET; 30 de papel o cart\u00f3n laminado; 30 de HDPE (polietileno de alta densidad).<\/p>\n\n\n\n<figure class=\"wp-block-image is-style-default\"><a href=\"https:\/\/cgc.qroo.gob.mx\/cjg\/wp-content\/uploads\/2025\/07\/WhatsApp-Image-2025-07-03-at-13.44.17-1-scaled.jpeg\"><img decoding=\"async\" src=\"https:\/\/cgc.qroo.gob.mx\/cjg\/wp-content\/uploads\/2025\/07\/WhatsApp-Image-2025-07-03-at-13.44.17-1-585x390.jpeg\" alt=\"\" title=\"WhatsApp Image 2025-07-03 at 13.44.17 (1)\"\/><\/a><\/figure>\n\n\n\n<p>Detall\u00f3 que por el canje de los residuos s\u00f3lidos se entrega una despensa que contiene productos de la canasta b\u00e1sica como: 2 piezas de pasta para sopa; cereal de trigo inflado; una lata de at\u00fan en hojuela; un frasco de rajas; una botella de aceite vegetal; 1 kilo de frijol negro; 1 de arroz; 1 de az\u00facar; lentejas, avena en hojuelas; harina de ma\u00edz y trigo; caf\u00e9 soluble y f\u00f3rmula l\u00e1ctea.<\/p>\n\n\n\n<p>\u201cRecicla por tu Futuro\u201d estar\u00e1 este viernes en la Supermanzana 237, avenida prolongaci\u00f3n Tulum; el s\u00e1bado en Leona Vicario de Puerto Morelos.<\/p>\n\n\n\n<p>Durante el evento asisti\u00f3 la diputada Andrea Gonz\u00e1lez Loria, presidenta de la Comisi\u00f3n de Medio Ambiente y Cambio Clim\u00e1tico de la XVIII Legislatura del Congreso del Estado; as\u00ed como personal de la Procuradur\u00eda de Protecci\u00f3n al Ambiente (PPA) y del Instituto de Biodiversidad y \u00c1reas Naturales Protegidas (IBANQROO) e invitados.<\/p>\n","protected":false},"excerpt":{"rendered":"<p>La gobernadora Mara Lezama Espinosa encabez\u00f3 la ma\u00f1ana de hoy acompa\u00f1ada del titular de la Secretar\u00eda de Ecolog\u00eda<\/p>\n","protected":false},"author":1,"featured_media":19815,"comment_status":"closed","ping_status":"open","sticky":false,"template":"","format":"standard","meta":{"_monsterinsights_skip_tracking":false,"_monsterinsights_sitenote_active":false,"_monsterinsights_sitenote_note":"","_monsterinsights_sitenote_category":0,"footnotes":""},"categories":[11,24],"tags":[],"class_list":["post-19814","post","type-post","status-publish","format-standard","has-post-thumbnail","hentry","category-noticias","category-quintana-roo"],"yoast_head":"<!-- This site is optimized with the Yoast SEO plugin v18.3 - https:\/\/yoast.com\/wordpress\/plugins\/seo\/ -->\n<title>Con \u201cRecicla por tu Futuro\u201d, Mara Lezama fortalece la cultura del reciclaje y apoya la econom\u00eda familiar - El Puuc Noticias<\/title>\n<meta name=\"robots\" content=\"index, follow, max-snippet:-1, max-image-preview:large, max-video-preview:-1\" \/>\n<link rel=\"canonical\" href=\"https:\/\/elpuucnoticias.com\/?p=19814\" \/>\n<meta property=\"og:locale\" content=\"es_ES\" \/>\n<meta property=\"og:type\" content=\"article\" \/>\n<meta property=\"og:title\" content=\"Con \u201cRecicla por tu Futuro\u201d, Mara Lezama fortalece la cultura del reciclaje y apoya la econom\u00eda familiar - El Puuc Noticias\" \/>\n<meta property=\"og:description\" content=\"La gobernadora Mara Lezama Espinosa encabez\u00f3 la ma\u00f1ana de hoy acompa\u00f1ada del titular de la Secretar\u00eda de Ecolog\u00eda\" \/>\n<meta property=\"og:url\" content=\"https:\/\/elpuucnoticias.com\/?p=19814\" \/>\n<meta property=\"og:site_name\" content=\"El Puuc Noticias\" \/>\n<meta property=\"article:published_time\" content=\"2025-07-07T19:41:55+00:00\" \/>\n<meta property=\"og:image\" content=\"https:\/\/elpuucnoticias.com\/wp-content\/uploads\/2025\/07\/whatsapp-image-2025-07-03-at-13.44.17-scaled-1.jpeg\" \/>\n\t<meta property=\"og:image:width\" content=\"2560\" \/>\n\t<meta property=\"og:image:height\" content=\"1707\" \/>\n\t<meta property=\"og:image:type\" content=\"image\/jpeg\" \/>\n<meta name=\"twitter:card\" content=\"summary_large_image\" \/>\n<meta name=\"twitter:label1\" content=\"Escrito por\" \/>\n\t<meta name=\"twitter:data1\" content=\"elpuucnoticias\" \/>\n\t<meta name=\"twitter:label2\" content=\"Tiempo de lectura\" \/>\n\t<meta name=\"twitter:data2\" content=\"3 minutos\" \/>\n<script type=\"application\/ld+json\" class=\"yoast-schema-graph\">{\"@context\":\"https:\/\/schema.org\",\"@graph\":[{\"@type\":\"WebSite\",\"@id\":\"https:\/\/elpuucnoticias.com\/#website\",\"url\":\"https:\/\/elpuucnoticias.com\/\",\"name\":\"El Puuc Noticias\",\"description\":\"Noticias - Entretenimiento - Deportes\",\"potentialAction\":[{\"@type\":\"SearchAction\",\"target\":{\"@type\":\"EntryPoint\",\"urlTemplate\":\"https:\/\/elpuucnoticias.com\/?s={search_term_string}\"},\"query-input\":\"required name=search_term_string\"}],\"inLanguage\":\"es\"},{\"@type\":\"ImageObject\",\"@id\":\"https:\/\/elpuucnoticias.com\/?p=19814#primaryimage\",\"inLanguage\":\"es\",\"url\":\"https:\/\/elpuucnoticias.com\/wp-content\/uploads\/2025\/07\/whatsapp-image-2025-07-03-at-13.44.17-scaled-1.jpeg\",\"contentUrl\":\"https:\/\/elpuucnoticias.com\/wp-content\/uploads\/2025\/07\/whatsapp-image-2025-07-03-at-13.44.17-scaled-1.jpeg\",\"width\":2560,\"height\":1707},{\"@type\":\"WebPage\",\"@id\":\"https:\/\/elpuucnoticias.com\/?p=19814#webpage\",\"url\":\"https:\/\/elpuucnoticias.com\/?p=19814\",\"name\":\"Con \u201cRecicla por tu Futuro\u201d, Mara Lezama fortalece la cultura del reciclaje y apoya la econom\u00eda familiar - El Puuc Noticias\",\"isPartOf\":{\"@id\":\"https:\/\/elpuucnoticias.com\/#website\"},\"primaryImageOfPage\":{\"@id\":\"https:\/\/elpuucnoticias.com\/?p=19814#primaryimage\"},\"datePublished\":\"2025-07-07T19:41:55+00:00\",\"dateModified\":\"2025-07-07T19:41:55+00:00\",\"author\":{\"@id\":\"https:\/\/elpuucnoticias.com\/#\/schema\/person\/d2ea09e4c97f0160b11cdfb1d856bd9e\"},\"breadcrumb\":{\"@id\":\"https:\/\/elpuucnoticias.com\/?p=19814#breadcrumb\"},\"inLanguage\":\"es\",\"potentialAction\":[{\"@type\":\"ReadAction\",\"target\":[\"https:\/\/elpuucnoticias.com\/?p=19814\"]}]},{\"@type\":\"BreadcrumbList\",\"@id\":\"https:\/\/elpuucnoticias.com\/?p=19814#breadcrumb\",\"itemListElement\":[{\"@type\":\"ListItem\",\"position\":1,\"name\":\"Portada\",\"item\":\"https:\/\/elpuucnoticias.com\/\"},{\"@type\":\"ListItem\",\"position\":2,\"name\":\"Con \u201cRecicla por tu Futuro\u201d, Mara Lezama fortalece la cultura del reciclaje y apoya la econom\u00eda familiar\"}]},{\"@type\":\"Person\",\"@id\":\"https:\/\/elpuucnoticias.com\/#\/schema\/person\/d2ea09e4c97f0160b11cdfb1d856bd9e\",\"name\":\"elpuucnoticias\",\"image\":{\"@type\":\"ImageObject\",\"@id\":\"https:\/\/elpuucnoticias.com\/#personlogo\",\"inLanguage\":\"es\",\"url\":\"https:\/\/secure.gravatar.com\/avatar\/5290a43657c74ffa15701dbe5b846bd85cc71930d803c84e91046a7333de6ce2?s=96&d=mm&r=g\",\"contentUrl\":\"https:\/\/secure.gravatar.com\/avatar\/5290a43657c74ffa15701dbe5b846bd85cc71930d803c84e91046a7333de6ce2?s=96&d=mm&r=g\",\"caption\":\"elpuucnoticias\"},\"sameAs\":[\"https:\/\/elpuucnoticias.com\"],\"url\":\"https:\/\/elpuucnoticias.com\/?author=1\"}]}<\/script>\n<!-- \/ Yoast SEO plugin. -->","yoast_head_json":{"title":"Con \u201cRecicla por tu Futuro\u201d, Mara Lezama fortalece la cultura del reciclaje y apoya la econom\u00eda familiar - El Puuc Noticias","robots":{"index":"index","follow":"follow","max-snippet":"max-snippet:-1","max-image-preview":"max-image-preview:large","max-video-preview":"max-video-preview:-1"},"canonical":"https:\/\/elpuucnoticias.com\/?p=19814","og_locale":"es_ES","og_type":"article","og_title":"Con \u201cRecicla por tu Futuro\u201d, Mara Lezama fortalece la cultura del reciclaje y apoya la econom\u00eda familiar - El Puuc Noticias","og_description":"La gobernadora Mara Lezama Espinosa encabez\u00f3 la ma\u00f1ana de hoy acompa\u00f1ada del titular de la Secretar\u00eda de Ecolog\u00eda","og_url":"https:\/\/elpuucnoticias.com\/?p=19814","og_site_name":"El Puuc Noticias","article_published_time":"2025-07-07T19:41:55+00:00","og_image":[{"width":2560,"height":1707,"url":"https:\/\/elpuucnoticias.com\/wp-content\/uploads\/2025\/07\/whatsapp-image-2025-07-03-at-13.44.17-scaled-1.jpeg","type":"image\/jpeg"}],"twitter_card":"summary_large_image","twitter_misc":{"Escrito por":"elpuucnoticias","Tiempo de lectura":"3 minutos"},"schema":{"@context":"https:\/\/schema.org","@graph":[{"@type":"WebSite","@id":"https:\/\/elpuucnoticias.com\/#website","url":"https:\/\/elpuucnoticias.com\/","name":"El Puuc Noticias","description":"Noticias - Entretenimiento - Deportes","potentialAction":[{"@type":"SearchAction","target":{"@type":"EntryPoint","urlTemplate":"https:\/\/elpuucnoticias.com\/?s={search_term_string}"},"query-input":"required name=search_term_string"}],"inLanguage":"es"},{"@type":"ImageObject","@id":"https:\/\/elpuucnoticias.com\/?p=19814#primaryimage","inLanguage":"es","url":"https:\/\/elpuucnoticias.com\/wp-content\/uploads\/2025\/07\/whatsapp-image-2025-07-03-at-13.44.17-scaled-1.jpeg","contentUrl":"https:\/\/elpuucnoticias.com\/wp-content\/uploads\/2025\/07\/whatsapp-image-2025-07-03-at-13.44.17-scaled-1.jpeg","width":2560,"height":1707},{"@type":"WebPage","@id":"https:\/\/elpuucnoticias.com\/?p=19814#webpage","url":"https:\/\/elpuucnoticias.com\/?p=19814","name":"Con \u201cRecicla por tu Futuro\u201d, Mara Lezama fortalece la cultura del reciclaje y apoya la econom\u00eda familiar - El Puuc Noticias","isPartOf":{"@id":"https:\/\/elpuucnoticias.com\/#website"},"primaryImageOfPage":{"@id":"https:\/\/elpuucnoticias.com\/?p=19814#primaryimage"},"datePublished":"2025-07-07T19:41:55+00:00","dateModified":"2025-07-07T19:41:55+00:00","author":{"@id":"https:\/\/elpuucnoticias.com\/#\/schema\/person\/d2ea09e4c97f0160b11cdfb1d856bd9e"},"breadcrumb":{"@id":"https:\/\/elpuucnoticias.com\/?p=19814#breadcrumb"},"inLanguage":"es","potentialAction":[{"@type":"ReadAction","target":["https:\/\/elpuucnoticias.com\/?p=19814"]}]},{"@type":"BreadcrumbList","@id":"https:\/\/elpuucnoticias.com\/?p=19814#breadcrumb","itemListElement":[{"@type":"ListItem","position":1,"name":"Portada","item":"https:\/\/elpuucnoticias.com\/"},{"@type":"ListItem","position":2,"name":"Con \u201cRecicla por tu Futuro\u201d, Mara Lezama fortalece la cultura del reciclaje y apoya la econom\u00eda familiar"}]},{"@type":"Person","@id":"https:\/\/elpuucnoticias.com\/#\/schema\/person\/d2ea09e4c97f0160b11cdfb1d856bd9e","name":"elpuucnoticias","image":{"@type":"ImageObject","@id":"https:\/\/elpuucnoticias.com\/#personlogo","inLanguage":"es","url":"https:\/\/secure.gravatar.com\/avatar\/5290a43657c74ffa15701dbe5b846bd85cc71930d803c84e91046a7333de6ce2?s=96&d=mm&r=g","contentUrl":"https:\/\/secure.gravatar.com\/avatar\/5290a43657c74ffa15701dbe5b846bd85cc71930d803c84e91046a7333de6ce2?s=96&d=mm&r=g","caption":"elpuucnoticias"},"sameAs":["https:\/\/elpuucnoticias.com"],"url":"https:\/\/elpuucnoticias.com\/?author=1"}]}},"_links":{"self":[{"href":"https:\/\/elpuucnoticias.com\/index.php?rest_route=\/wp\/v2\/posts\/19814","targetHints":{"allow":["GET"]}}],"collection":[{"href":"https:\/\/elpuucnoticias.com\/index.php?rest_route=\/wp\/v2\/posts"}],"about":[{"href":"https:\/\/elpuucnoticias.com\/index.php?rest_route=\/wp\/v2\/types\/post"}],"author":[{"embeddable":true,"href":"https:\/\/elpuucnoticias.com\/index.php?rest_route=\/wp\/v2\/users\/1"}],"replies":[{"embeddable":true,"href":"https:\/\/elpuucnoticias.com\/index.php?rest_route=%2Fwp%2Fv2%2Fcomments&post=19814"}],"version-history":[{"count":1,"href":"https:\/\/elpuucnoticias.com\/index.php?rest_route=\/wp\/v2\/posts\/19814\/revisions"}],"predecessor-version":[{"id":19816,"href":"https:\/\/elpuucnoticias.com\/index.php?rest_route=\/wp\/v2\/posts\/19814\/revisions\/19816"}],"wp:featuredmedia":[{"embeddable":true,"href":"https:\/\/elpuucnoticias.com\/index.php?rest_route=\/wp\/v2\/media\/19815"}],"wp:attachment":[{"href":"https:\/\/elpuucnoticias.com\/index.php?rest_route=%2Fwp%2Fv2%2Fmedia&parent=19814"}],"wp:term":[{"taxonomy":"category","embeddable":true,"href":"https:\/\/elpuucnoticias.com\/index.php?rest_route=%2Fwp%2Fv2%2Fcategories&post=19814"},{"taxonomy":"post_tag","embeddable":true,"href":"https:\/\/elpuucnoticias.com\/index.php?rest_route=%2Fwp%2Fv2%2Ftags&post=19814"}],"curies":[{"name":"wp","href":"https:\/\/api.w.org\/{rel}","templated":true}]}}