{"id":19826,"date":"2025-07-07T13:50:24","date_gmt":"2025-07-07T19:50:24","guid":{"rendered":"https:\/\/elpuucnoticias.com\/?p=19826"},"modified":"2025-07-07T13:50:25","modified_gmt":"2025-07-07T19:50:25","slug":"quintana-roo-alza-la-voz-ante-el-mundo-contra-la-trata-de-ninas-y-ninos-mara-lezama-encabeza-foro-internacional-en-cancun","status":"publish","type":"post","link":"https:\/\/elpuucnoticias.com\/?p=19826","title":{"rendered":"Quintana Roo alza la voz ante el mundo contra la trata de ni\u00f1as y ni\u00f1os: Mara Lezama encabeza Foro Internacional en Canc\u00fan"},"content":{"rendered":"\n<p>En Quintana Roo no hay espacio para la indiferencia frente a la trata y la explotaci\u00f3n de nuestras ni\u00f1as, ni\u00f1os y adolescentes, expres\u00f3 la gobernadora Mara Lezama Espinosa durante la inauguraci\u00f3n del Tercer Foro Internacional \u201cLa educaci\u00f3n y el turismo como pilares en la creaci\u00f3n de entornos protectores para prevenir la trata de ni\u00f1as, ni\u00f1os y adolescentes con fines de explotaci\u00f3n sexual comercial. Un crimen de lesa humanidad\u201d.<\/p>\n\n\n\n<p>Canc\u00fan fue sede de este importante evento, organizado por ECPAT M\u00e9xico y con la participaci\u00f3n de expertos de M\u00e9xico, Italia y Colombia, as\u00ed como representantes de la ONU, empresas, universidades y fundaciones, con el objetivo de visibilizar la importancia del uso de medios digitales para evitar que menores sean v\u00edctimas de la trata de personas y explotaci\u00f3n sexual.<\/p>\n\n\n\n<figure class=\"wp-block-image is-style-default\"><a href=\"https:\/\/cgc.qroo.gob.mx\/cjg\/wp-content\/uploads\/2025\/07\/IMG-20250704-WA0057-scaled.jpg\"><img decoding=\"async\" src=\"https:\/\/cgc.qroo.gob.mx\/cjg\/wp-content\/uploads\/2025\/07\/IMG-20250704-WA0057-585x390.jpg\" alt=\"\" title=\"IMG-20250704-WA0057\"\/><\/a><\/figure>\n\n\n\n<p>Con la presencia de Norma Negrete Aguayo, coordinadora nacional de ECPAT M\u00e9xico, la gobernadora de Quintana Roo puntualiz\u00f3 que, desde el inicio de este gobierno diferente, humanista con coraz\u00f3n feminista, con la fuerza del Nuevo Acuerdo por el Bienestar y Desarrollo, \u201ccolocamos a la infancia en el centro de cada decisi\u00f3n p\u00fablica\u201d.<\/p>\n\n\n\n<p>En su intervenci\u00f3n, Mara Lezama record\u00f3 que durante largo tiempo el delito estuvo ah\u00ed, pero se manten\u00eda en silencio y los gobiernos evitaron ocuparse de este flagelo, permitiendo que la normalizaci\u00f3n de la violencia dejara en la injusticia a miles de historias y la impunidad se instalara como regla.<\/p>\n\n\n\n<p>Sin embargo, afirm\u00f3 que este gobierno diferente act\u00faa contra este grav\u00edsimo problema social, con el trabajo directo del DIF Quintana Roo, encabezado por la presidenta honoraria Ver\u00f3nica Lezama Espinosa, un acuerdo solidario firmado con ECPAT Internacional que ya da resultados concretos. En el \u00faltimo a\u00f1o se capacit\u00f3 a 2 mil 500 colaboradores tur\u00edsticos para detectar y denunciar cualquier indicio de explotaci\u00f3n.<\/p>\n\n\n\n<p>Quintana Roo fortalece sus acciones al implementar 22 c\u00f3digos de conducta del programa The Code, y 78 empresas ya se rigen por ellos. Se lanz\u00f3 la aplicaci\u00f3n virtual \u201cEn b\u00fasqueda de tu identidad virtual\u201d que orienta a miles de estudiantes sobre los riesgos en l\u00ednea; 600 maestras y maestros han sido capacitados para usarla en aulas y blindar todos los espacios digitales en las aulas.<\/p>\n\n\n\n<figure class=\"wp-block-image is-style-default\"><a href=\"https:\/\/cgc.qroo.gob.mx\/cjg\/wp-content\/uploads\/2025\/07\/IMG-20250704-WA0053-scaled.jpg\"><img decoding=\"async\" src=\"https:\/\/cgc.qroo.gob.mx\/cjg\/wp-content\/uploads\/2025\/07\/IMG-20250704-WA0053-585x390.jpg\" alt=\"\" title=\"IMG-20250704-WA0053\"\/><\/a><\/figure>\n\n\n\n<p>La gobernadora Mara Lezama a\u00f1adi\u00f3 que se articul\u00f3 un Frente Estatal de Prevenci\u00f3n con talleres trimestrales y un protocolo de identificaci\u00f3n temprana que ya opera en Canc\u00fan, Playa del Carmen y Chetumal. Hoy la Ley obliga a todo prestador verificar la filiaci\u00f3n de las y los menores que acompa\u00f1en a un adulto y reporte casos sospechosos.<\/p>\n\n\n\n<p>Ante los especialistas y expertos participantes, la titular del Ejecutivo destac\u00f3 la campa\u00f1a permanente de este estado: \u201cContra la Trata\u201d y \u201cLas ni\u00f1as y los ni\u00f1os no se rompen\u201d. La primera coloca alertas en puertos, aeropuertos y zonas tur\u00edsticas; la segunda recorre escuelas y colonias para recordar que ninguna forma de violencia es aceptable y que la ternura tambi\u00e9n se defiende con ley.<\/p>\n\n\n\n<figure class=\"wp-block-image is-style-default\"><a href=\"https:\/\/cgc.qroo.gob.mx\/cjg\/wp-content\/uploads\/2025\/07\/IMG-20250704-WA0054-scaled.jpg\"><img decoding=\"async\" src=\"https:\/\/cgc.qroo.gob.mx\/cjg\/wp-content\/uploads\/2025\/07\/IMG-20250704-WA0054-585x390.jpg\" alt=\"\" title=\"IMG-20250704-WA0054\"\/><\/a><\/figure>\n\n\n\n<p>Mara Lezama dej\u00f3 muy en claro que \u201cen Quintana Roo, a todos quienes lucran con la ni\u00f1ez, se les cierran todas las puertas y se les aplica todo el peso de la Ley\u201d. Agreg\u00f3 que para ello se trabaja 24\/7 y se har\u00e1 todo lo que se tenga que hacer para que cada ni\u00f1a o ni\u00f1o protegido sea una victoria colectiva.<\/p>\n\n\n\n<figure class=\"wp-block-image is-style-default\"><a href=\"https:\/\/cgc.qroo.gob.mx\/cjg\/wp-content\/uploads\/2025\/07\/IMG-20250704-WA0055-scaled.jpg\"><img decoding=\"async\" src=\"https:\/\/cgc.qroo.gob.mx\/cjg\/wp-content\/uploads\/2025\/07\/IMG-20250704-WA0055-585x390.jpg\" alt=\"\" title=\"IMG-20250704-WA0055\"\/><\/a><\/figure>\n\n\n\n<p>Este foro, con ponentes internacionales, se realiza para visibilizar desde la complejidad de las crisis sociales y econ\u00f3micas la trata de ni\u00f1as, ni\u00f1os y adolescentes con fines de explotaci\u00f3n sexual comercial en l\u00ednea en contextos tur\u00edsticos, en la b\u00fasqueda de alternativas para la construcci\u00f3n de entornos protectores y garant\u00eda de sus derechos humanos.<\/p>\n\n\n\n<figure class=\"wp-block-image is-style-default\"><a href=\"https:\/\/cgc.qroo.gob.mx\/cjg\/wp-content\/uploads\/2025\/07\/IMG-20250704-WA0056-scaled.jpg\"><img decoding=\"async\" src=\"https:\/\/cgc.qroo.gob.mx\/cjg\/wp-content\/uploads\/2025\/07\/IMG-20250704-WA0056-585x390.jpg\" alt=\"\" title=\"IMG-20250704-WA0056\"\/><\/a><\/figure>\n\n\n\n<p>En la ceremonia inaugural participaron Ernest Ponette, delegado de operaciones Canc\u00fan Riu Hotels &amp; Resorts, quien destac\u00f3 que, por su parte, RIU, TOP MEMBER de The Code, desde 2012, mantiene a la infancia y su protecci\u00f3n como parte de las l\u00edneas estrat\u00e9gicas de inversi\u00f3n social, por lo que desde 2024 colabora activamente con ECPAT M\u00e9xico para difundir e implantar la herramienta digital \u201cEn b\u00fasqueda de tu identidad virtual\u201d entre adolescentes estudiantes de nivel secundaria de todo el estado.<\/p>\n\n\n\n<p>Estuvieron en el pres\u00eddium la presidenta honoraria del DIF Quintana Roo, Ver\u00f3nica Lezama Espinosa; el secretario del Ayuntamiento de Benito Ju\u00e1rez, Pablo Guti\u00e9rrez; el coordinador de programas ECPAT M\u00e9xico, Fernando Viveros Garc\u00eda; la secretaria de Gobierno, Cristina Torres G\u00f3mez; la secretaria de Educaci\u00f3n, Elda Xix Eu\u00e1n, y el secretario de Turismo, Bernardo Cueto Riestra.<\/p>\n","protected":false},"excerpt":{"rendered":"<p>En Quintana Roo no hay espacio para la indiferencia frente a la trata y la explotaci\u00f3n de nuestras<\/p>\n","protected":false},"author":1,"featured_media":19827,"comment_status":"closed","ping_status":"open","sticky":false,"template":"","format":"standard","meta":{"_monsterinsights_skip_tracking":false,"_monsterinsights_sitenote_active":false,"_monsterinsights_sitenote_note":"","_monsterinsights_sitenote_category":0,"footnotes":""},"categories":[11,24],"tags":[],"class_list":["post-19826","post","type-post","status-publish","format-standard","has-post-thumbnail","hentry","category-noticias","category-quintana-roo"],"yoast_head":"<!-- This site is optimized with the Yoast SEO plugin v18.3 - https:\/\/yoast.com\/wordpress\/plugins\/seo\/ -->\n<title>Quintana Roo alza la voz ante el mundo contra la trata de ni\u00f1as y ni\u00f1os: Mara Lezama encabeza Foro Internacional en Canc\u00fan - El Puuc Noticias<\/title>\n<meta name=\"robots\" content=\"index, follow, max-snippet:-1, max-image-preview:large, max-video-preview:-1\" \/>\n<link rel=\"canonical\" href=\"https:\/\/elpuucnoticias.com\/?p=19826\" \/>\n<meta property=\"og:locale\" content=\"es_ES\" \/>\n<meta property=\"og:type\" content=\"article\" \/>\n<meta property=\"og:title\" content=\"Quintana Roo alza la voz ante el mundo contra la trata de ni\u00f1as y ni\u00f1os: Mara Lezama encabeza Foro Internacional en Canc\u00fan - El Puuc Noticias\" \/>\n<meta property=\"og:description\" content=\"En Quintana Roo no hay espacio para la indiferencia frente a la trata y la explotaci\u00f3n de nuestras\" \/>\n<meta property=\"og:url\" content=\"https:\/\/elpuucnoticias.com\/?p=19826\" \/>\n<meta property=\"og:site_name\" content=\"El Puuc Noticias\" \/>\n<meta property=\"article:published_time\" content=\"2025-07-07T19:50:24+00:00\" \/>\n<meta property=\"article:modified_time\" content=\"2025-07-07T19:50:25+00:00\" \/>\n<meta property=\"og:image\" content=\"https:\/\/elpuucnoticias.com\/wp-content\/uploads\/2025\/07\/img-20250704-wa0052-scaled-1.jpg\" \/>\n\t<meta property=\"og:image:width\" content=\"2560\" \/>\n\t<meta property=\"og:image:height\" content=\"1706\" \/>\n\t<meta property=\"og:image:type\" content=\"image\/jpeg\" \/>\n<meta name=\"twitter:card\" content=\"summary_large_image\" \/>\n<meta name=\"twitter:label1\" content=\"Escrito por\" \/>\n\t<meta name=\"twitter:data1\" content=\"elpuucnoticias\" \/>\n\t<meta name=\"twitter:label2\" content=\"Tiempo de lectura\" \/>\n\t<meta name=\"twitter:data2\" content=\"4 minutos\" \/>\n<script type=\"application\/ld+json\" class=\"yoast-schema-graph\">{\"@context\":\"https:\/\/schema.org\",\"@graph\":[{\"@type\":\"WebSite\",\"@id\":\"https:\/\/elpuucnoticias.com\/#website\",\"url\":\"https:\/\/elpuucnoticias.com\/\",\"name\":\"El Puuc Noticias\",\"description\":\"Noticias - Entretenimiento - Deportes\",\"potentialAction\":[{\"@type\":\"SearchAction\",\"target\":{\"@type\":\"EntryPoint\",\"urlTemplate\":\"https:\/\/elpuucnoticias.com\/?s={search_term_string}\"},\"query-input\":\"required name=search_term_string\"}],\"inLanguage\":\"es\"},{\"@type\":\"ImageObject\",\"@id\":\"https:\/\/elpuucnoticias.com\/?p=19826#primaryimage\",\"inLanguage\":\"es\",\"url\":\"https:\/\/elpuucnoticias.com\/wp-content\/uploads\/2025\/07\/img-20250704-wa0052-scaled-1.jpg\",\"contentUrl\":\"https:\/\/elpuucnoticias.com\/wp-content\/uploads\/2025\/07\/img-20250704-wa0052-scaled-1.jpg\",\"width\":2560,\"height\":1706},{\"@type\":\"WebPage\",\"@id\":\"https:\/\/elpuucnoticias.com\/?p=19826#webpage\",\"url\":\"https:\/\/elpuucnoticias.com\/?p=19826\",\"name\":\"Quintana Roo alza la voz ante el mundo contra la trata de ni\u00f1as y ni\u00f1os: Mara Lezama encabeza Foro Internacional en Canc\u00fan - El Puuc Noticias\",\"isPartOf\":{\"@id\":\"https:\/\/elpuucnoticias.com\/#website\"},\"primaryImageOfPage\":{\"@id\":\"https:\/\/elpuucnoticias.com\/?p=19826#primaryimage\"},\"datePublished\":\"2025-07-07T19:50:24+00:00\",\"dateModified\":\"2025-07-07T19:50:25+00:00\",\"author\":{\"@id\":\"https:\/\/elpuucnoticias.com\/#\/schema\/person\/d2ea09e4c97f0160b11cdfb1d856bd9e\"},\"breadcrumb\":{\"@id\":\"https:\/\/elpuucnoticias.com\/?p=19826#breadcrumb\"},\"inLanguage\":\"es\",\"potentialAction\":[{\"@type\":\"ReadAction\",\"target\":[\"https:\/\/elpuucnoticias.com\/?p=19826\"]}]},{\"@type\":\"BreadcrumbList\",\"@id\":\"https:\/\/elpuucnoticias.com\/?p=19826#breadcrumb\",\"itemListElement\":[{\"@type\":\"ListItem\",\"position\":1,\"name\":\"Portada\",\"item\":\"https:\/\/elpuucnoticias.com\/\"},{\"@type\":\"ListItem\",\"position\":2,\"name\":\"Quintana Roo alza la voz ante el mundo contra la trata de ni\u00f1as y ni\u00f1os: Mara Lezama encabeza Foro Internacional en Canc\u00fan\"}]},{\"@type\":\"Person\",\"@id\":\"https:\/\/elpuucnoticias.com\/#\/schema\/person\/d2ea09e4c97f0160b11cdfb1d856bd9e\",\"name\":\"elpuucnoticias\",\"image\":{\"@type\":\"ImageObject\",\"@id\":\"https:\/\/elpuucnoticias.com\/#personlogo\",\"inLanguage\":\"es\",\"url\":\"https:\/\/secure.gravatar.com\/avatar\/5290a43657c74ffa15701dbe5b846bd85cc71930d803c84e91046a7333de6ce2?s=96&d=mm&r=g\",\"contentUrl\":\"https:\/\/secure.gravatar.com\/avatar\/5290a43657c74ffa15701dbe5b846bd85cc71930d803c84e91046a7333de6ce2?s=96&d=mm&r=g\",\"caption\":\"elpuucnoticias\"},\"sameAs\":[\"https:\/\/elpuucnoticias.com\"],\"url\":\"https:\/\/elpuucnoticias.com\/?author=1\"}]}<\/script>\n<!-- \/ Yoast SEO plugin. -->","yoast_head_json":{"title":"Quintana Roo alza la voz ante el mundo contra la trata de ni\u00f1as y ni\u00f1os: Mara Lezama encabeza Foro Internacional en Canc\u00fan - El Puuc Noticias","robots":{"index":"index","follow":"follow","max-snippet":"max-snippet:-1","max-image-preview":"max-image-preview:large","max-video-preview":"max-video-preview:-1"},"canonical":"https:\/\/elpuucnoticias.com\/?p=19826","og_locale":"es_ES","og_type":"article","og_title":"Quintana Roo alza la voz ante el mundo contra la trata de ni\u00f1as y ni\u00f1os: Mara Lezama encabeza Foro Internacional en Canc\u00fan - El Puuc Noticias","og_description":"En Quintana Roo no hay espacio para la indiferencia frente a la trata y la explotaci\u00f3n de nuestras","og_url":"https:\/\/elpuucnoticias.com\/?p=19826","og_site_name":"El Puuc Noticias","article_published_time":"2025-07-07T19:50:24+00:00","article_modified_time":"2025-07-07T19:50:25+00:00","og_image":[{"width":2560,"height":1706,"url":"https:\/\/elpuucnoticias.com\/wp-content\/uploads\/2025\/07\/img-20250704-wa0052-scaled-1.jpg","type":"image\/jpeg"}],"twitter_card":"summary_large_image","twitter_misc":{"Escrito por":"elpuucnoticias","Tiempo de lectura":"4 minutos"},"schema":{"@context":"https:\/\/schema.org","@graph":[{"@type":"WebSite","@id":"https:\/\/elpuucnoticias.com\/#website","url":"https:\/\/elpuucnoticias.com\/","name":"El Puuc Noticias","description":"Noticias - Entretenimiento - Deportes","potentialAction":[{"@type":"SearchAction","target":{"@type":"EntryPoint","urlTemplate":"https:\/\/elpuucnoticias.com\/?s={search_term_string}"},"query-input":"required name=search_term_string"}],"inLanguage":"es"},{"@type":"ImageObject","@id":"https:\/\/elpuucnoticias.com\/?p=19826#primaryimage","inLanguage":"es","url":"https:\/\/elpuucnoticias.com\/wp-content\/uploads\/2025\/07\/img-20250704-wa0052-scaled-1.jpg","contentUrl":"https:\/\/elpuucnoticias.com\/wp-content\/uploads\/2025\/07\/img-20250704-wa0052-scaled-1.jpg","width":2560,"height":1706},{"@type":"WebPage","@id":"https:\/\/elpuucnoticias.com\/?p=19826#webpage","url":"https:\/\/elpuucnoticias.com\/?p=19826","name":"Quintana Roo alza la voz ante el mundo contra la trata de ni\u00f1as y ni\u00f1os: Mara Lezama encabeza Foro Internacional en Canc\u00fan - El Puuc Noticias","isPartOf":{"@id":"https:\/\/elpuucnoticias.com\/#website"},"primaryImageOfPage":{"@id":"https:\/\/elpuucnoticias.com\/?p=19826#primaryimage"},"datePublished":"2025-07-07T19:50:24+00:00","dateModified":"2025-07-07T19:50:25+00:00","author":{"@id":"https:\/\/elpuucnoticias.com\/#\/schema\/person\/d2ea09e4c97f0160b11cdfb1d856bd9e"},"breadcrumb":{"@id":"https:\/\/elpuucnoticias.com\/?p=19826#breadcrumb"},"inLanguage":"es","potentialAction":[{"@type":"ReadAction","target":["https:\/\/elpuucnoticias.com\/?p=19826"]}]},{"@type":"BreadcrumbList","@id":"https:\/\/elpuucnoticias.com\/?p=19826#breadcrumb","itemListElement":[{"@type":"ListItem","position":1,"name":"Portada","item":"https:\/\/elpuucnoticias.com\/"},{"@type":"ListItem","position":2,"name":"Quintana Roo alza la voz ante el mundo contra la trata de ni\u00f1as y ni\u00f1os: Mara Lezama encabeza Foro Internacional en Canc\u00fan"}]},{"@type":"Person","@id":"https:\/\/elpuucnoticias.com\/#\/schema\/person\/d2ea09e4c97f0160b11cdfb1d856bd9e","name":"elpuucnoticias","image":{"@type":"ImageObject","@id":"https:\/\/elpuucnoticias.com\/#personlogo","inLanguage":"es","url":"https:\/\/secure.gravatar.com\/avatar\/5290a43657c74ffa15701dbe5b846bd85cc71930d803c84e91046a7333de6ce2?s=96&d=mm&r=g","contentUrl":"https:\/\/secure.gravatar.com\/avatar\/5290a43657c74ffa15701dbe5b846bd85cc71930d803c84e91046a7333de6ce2?s=96&d=mm&r=g","caption":"elpuucnoticias"},"sameAs":["https:\/\/elpuucnoticias.com"],"url":"https:\/\/elpuucnoticias.com\/?author=1"}]}},"_links":{"self":[{"href":"https:\/\/elpuucnoticias.com\/index.php?rest_route=\/wp\/v2\/posts\/19826","targetHints":{"allow":["GET"]}}],"collection":[{"href":"https:\/\/elpuucnoticias.com\/index.php?rest_route=\/wp\/v2\/posts"}],"about":[{"href":"https:\/\/elpuucnoticias.com\/index.php?rest_route=\/wp\/v2\/types\/post"}],"author":[{"embeddable":true,"href":"https:\/\/elpuucnoticias.com\/index.php?rest_route=\/wp\/v2\/users\/1"}],"replies":[{"embeddable":true,"href":"https:\/\/elpuucnoticias.com\/index.php?rest_route=%2Fwp%2Fv2%2Fcomments&post=19826"}],"version-history":[{"count":1,"href":"https:\/\/elpuucnoticias.com\/index.php?rest_route=\/wp\/v2\/posts\/19826\/revisions"}],"predecessor-version":[{"id":19828,"href":"https:\/\/elpuucnoticias.com\/index.php?rest_route=\/wp\/v2\/posts\/19826\/revisions\/19828"}],"wp:featuredmedia":[{"embeddable":true,"href":"https:\/\/elpuucnoticias.com\/index.php?rest_route=\/wp\/v2\/media\/19827"}],"wp:attachment":[{"href":"https:\/\/elpuucnoticias.com\/index.php?rest_route=%2Fwp%2Fv2%2Fmedia&parent=19826"}],"wp:term":[{"taxonomy":"category","embeddable":true,"href":"https:\/\/elpuucnoticias.com\/index.php?rest_route=%2Fwp%2Fv2%2Fcategories&post=19826"},{"taxonomy":"post_tag","embeddable":true,"href":"https:\/\/elpuucnoticias.com\/index.php?rest_route=%2Fwp%2Fv2%2Ftags&post=19826"}],"curies":[{"name":"wp","href":"https:\/\/api.w.org\/{rel}","templated":true}]}}