{"id":19847,"date":"2025-07-07T14:06:12","date_gmt":"2025-07-07T20:06:12","guid":{"rendered":"https:\/\/elpuucnoticias.com\/?p=19847"},"modified":"2025-07-07T14:06:12","modified_gmt":"2025-07-07T20:06:12","slug":"anuncia-mara-lezama-nuevo-vuelo-directo-a-cancun-ahora-desde-dublin-a-partir-del-3-de-enero-venidero","status":"publish","type":"post","link":"https:\/\/elpuucnoticias.com\/?p=19847","title":{"rendered":"Anuncia Mara Lezama nuevo vuelo directo a Canc\u00fan, ahora desde Dubl\u00edn, a partir del 3 de enero venidero"},"content":{"rendered":"\n<p>&nbsp;La gobernadora Mara Lezama Espinosa anunci\u00f3 que a partir de enero de 2026 la aerol\u00ednea Aer Lingus volar\u00e1 a Canc\u00fan, de manera directa, desde Dubl\u00edn, con lo que Quintana Roo refrenda su liderazgo tur\u00edstico con mayor conectividad a\u00e9rea.<\/p>\n\n\n\n<p>Expres\u00f3 que en esta Nueva Era del Turismo, la aerol\u00ednea conectar\u00e1 3 veces por semana al Caribe Mexicano para ofrecer al turismo irland\u00e9s una opci\u00f3n m\u00e1s para disfrutar de las bellezas naturales, arqueol\u00f3gicas, de entretenimiento, cultura y gastronom\u00eda que tienen los 12 destinos tur\u00edsticos de la entidad.<\/p>\n\n\n\n<figure class=\"wp-block-image is-style-default\"><a href=\"https:\/\/cgc.qroo.gob.mx\/cjg\/wp-content\/uploads\/2025\/07\/Imagen-de-WhatsApp-2025-07-06-a-las-09.38.31_663c1cad.jpg\"><img decoding=\"async\" src=\"https:\/\/cgc.qroo.gob.mx\/cjg\/wp-content\/uploads\/2025\/07\/Imagen-de-WhatsApp-2025-07-06-a-las-09.38.31_663c1cad-585x401.jpg\" alt=\"\" title=\"Imagen de WhatsApp 2025-07-06 a las 09.38.31_663c1cad\"\/><\/a><\/figure>\n\n\n\n<p>\u201cEste nuevo servicio a\u00e9reo operar\u00e1 a partir del 6 de enero y, con esta ruta, se abre el potencial para que los viajeros de toda Europa y Reino Unido conecten con Quintana Roo quienes, adem\u00e1s, podr\u00e1n disfrutar de grandiosas experiencias experimentando con las 12 estaciones del Tren Maya para conocer m\u00e1s all\u00e1 del sol y playa\u201d afirm\u00f3 Mara Lezama.<\/p>\n\n\n\n<p>Durante el anuncio, la Gobernadora cit\u00f3 que Quintana Roo tambi\u00e9n es cultura Maya, ra\u00edces y tradiciones, como la gastronom\u00eda de sus cocineras tradicionales, los bordados de nuestros y nuestras artesanas, y la riqueza arqueol\u00f3gica con lugares imponentes como la reci\u00e9n abierta zona arqueol\u00f3gica de Ichkabal.<\/p>\n\n\n\n<p>\u201cEn esta nueva forma de gobernar y en el marco de los 50 a\u00f1os del establecimiento de las relaciones diplom\u00e1ticas entre M\u00e9xico e Irlanda, nos tomamos de la mano, gobierno e iniciativa privada para que la prosperidad compartida siga llegando hasta tu hogar, porque en este gobierno humanista con coraz\u00f3n feminista nadie se queda atr\u00e1s y nadie se queda afuera\u201d, puntualiz\u00f3 Mara Lezama.<\/p>\n\n\n\n<figure class=\"wp-block-image is-style-default\"><a href=\"https:\/\/cgc.qroo.gob.mx\/cjg\/wp-content\/uploads\/2025\/07\/Imagen-de-WhatsApp-2025-07-06-a-las-09.38.30_5583e939.jpg\"><img decoding=\"async\" src=\"https:\/\/cgc.qroo.gob.mx\/cjg\/wp-content\/uploads\/2025\/07\/Imagen-de-WhatsApp-2025-07-06-a-las-09.38.30_5583e939-585x413.jpg\" alt=\"\" title=\"Imagen de WhatsApp 2025-07-06 a las 09.38.30_5583e939\"\/><\/a><\/figure>\n","protected":false},"excerpt":{"rendered":"<p>&nbsp;La gobernadora Mara Lezama Espinosa anunci\u00f3 que a partir de enero de 2026 la aerol\u00ednea Aer Lingus volar\u00e1<\/p>\n","protected":false},"author":1,"featured_media":19848,"comment_status":"closed","ping_status":"open","sticky":false,"template":"","format":"standard","meta":{"_monsterinsights_skip_tracking":false,"_monsterinsights_sitenote_active":false,"_monsterinsights_sitenote_note":"","_monsterinsights_sitenote_category":0,"footnotes":""},"categories":[11,24],"tags":[],"class_list":["post-19847","post","type-post","status-publish","format-standard","has-post-thumbnail","hentry","category-noticias","category-quintana-roo"],"yoast_head":"<!-- This site is optimized with the Yoast SEO plugin v18.3 - https:\/\/yoast.com\/wordpress\/plugins\/seo\/ -->\n<title>Anuncia Mara Lezama nuevo vuelo directo a Canc\u00fan, ahora desde Dubl\u00edn, a partir del 3 de enero venidero - El Puuc Noticias<\/title>\n<meta name=\"robots\" content=\"index, follow, max-snippet:-1, max-image-preview:large, max-video-preview:-1\" \/>\n<link rel=\"canonical\" href=\"https:\/\/elpuucnoticias.com\/?p=19847\" \/>\n<meta property=\"og:locale\" content=\"es_ES\" \/>\n<meta property=\"og:type\" content=\"article\" \/>\n<meta property=\"og:title\" content=\"Anuncia Mara Lezama nuevo vuelo directo a Canc\u00fan, ahora desde Dubl\u00edn, a partir del 3 de enero venidero - El Puuc Noticias\" \/>\n<meta property=\"og:description\" content=\"&nbsp;La gobernadora Mara Lezama Espinosa anunci\u00f3 que a partir de enero de 2026 la aerol\u00ednea Aer Lingus volar\u00e1\" \/>\n<meta property=\"og:url\" content=\"https:\/\/elpuucnoticias.com\/?p=19847\" \/>\n<meta property=\"og:site_name\" content=\"El Puuc Noticias\" \/>\n<meta property=\"article:published_time\" content=\"2025-07-07T20:06:12+00:00\" \/>\n<meta property=\"og:image\" content=\"https:\/\/elpuucnoticias.com\/wp-content\/uploads\/2025\/07\/imagen-de-whatsapp-2025-07-06-a-las-09.38.30_20cdb05d.jpg\" \/>\n\t<meta property=\"og:image:width\" content=\"1320\" \/>\n\t<meta property=\"og:image:height\" content=\"724\" \/>\n\t<meta property=\"og:image:type\" content=\"image\/jpeg\" \/>\n<meta name=\"twitter:card\" content=\"summary_large_image\" \/>\n<meta name=\"twitter:label1\" content=\"Escrito por\" \/>\n\t<meta name=\"twitter:data1\" content=\"elpuucnoticias\" \/>\n\t<meta name=\"twitter:label2\" content=\"Tiempo de lectura\" \/>\n\t<meta name=\"twitter:data2\" content=\"1 minuto\" \/>\n<script type=\"application\/ld+json\" class=\"yoast-schema-graph\">{\"@context\":\"https:\/\/schema.org\",\"@graph\":[{\"@type\":\"WebSite\",\"@id\":\"https:\/\/elpuucnoticias.com\/#website\",\"url\":\"https:\/\/elpuucnoticias.com\/\",\"name\":\"El Puuc Noticias\",\"description\":\"Noticias - Entretenimiento - Deportes\",\"potentialAction\":[{\"@type\":\"SearchAction\",\"target\":{\"@type\":\"EntryPoint\",\"urlTemplate\":\"https:\/\/elpuucnoticias.com\/?s={search_term_string}\"},\"query-input\":\"required name=search_term_string\"}],\"inLanguage\":\"es\"},{\"@type\":\"ImageObject\",\"@id\":\"https:\/\/elpuucnoticias.com\/?p=19847#primaryimage\",\"inLanguage\":\"es\",\"url\":\"https:\/\/elpuucnoticias.com\/wp-content\/uploads\/2025\/07\/imagen-de-whatsapp-2025-07-06-a-las-09.38.30_20cdb05d.jpg\",\"contentUrl\":\"https:\/\/elpuucnoticias.com\/wp-content\/uploads\/2025\/07\/imagen-de-whatsapp-2025-07-06-a-las-09.38.30_20cdb05d.jpg\",\"width\":1320,\"height\":724},{\"@type\":\"WebPage\",\"@id\":\"https:\/\/elpuucnoticias.com\/?p=19847#webpage\",\"url\":\"https:\/\/elpuucnoticias.com\/?p=19847\",\"name\":\"Anuncia Mara Lezama nuevo vuelo directo a Canc\u00fan, ahora desde Dubl\u00edn, a partir del 3 de enero venidero - El Puuc Noticias\",\"isPartOf\":{\"@id\":\"https:\/\/elpuucnoticias.com\/#website\"},\"primaryImageOfPage\":{\"@id\":\"https:\/\/elpuucnoticias.com\/?p=19847#primaryimage\"},\"datePublished\":\"2025-07-07T20:06:12+00:00\",\"dateModified\":\"2025-07-07T20:06:12+00:00\",\"author\":{\"@id\":\"https:\/\/elpuucnoticias.com\/#\/schema\/person\/d2ea09e4c97f0160b11cdfb1d856bd9e\"},\"breadcrumb\":{\"@id\":\"https:\/\/elpuucnoticias.com\/?p=19847#breadcrumb\"},\"inLanguage\":\"es\",\"potentialAction\":[{\"@type\":\"ReadAction\",\"target\":[\"https:\/\/elpuucnoticias.com\/?p=19847\"]}]},{\"@type\":\"BreadcrumbList\",\"@id\":\"https:\/\/elpuucnoticias.com\/?p=19847#breadcrumb\",\"itemListElement\":[{\"@type\":\"ListItem\",\"position\":1,\"name\":\"Portada\",\"item\":\"https:\/\/elpuucnoticias.com\/\"},{\"@type\":\"ListItem\",\"position\":2,\"name\":\"Anuncia Mara Lezama nuevo vuelo directo a Canc\u00fan, ahora desde Dubl\u00edn, a partir del 3 de enero venidero\"}]},{\"@type\":\"Person\",\"@id\":\"https:\/\/elpuucnoticias.com\/#\/schema\/person\/d2ea09e4c97f0160b11cdfb1d856bd9e\",\"name\":\"elpuucnoticias\",\"image\":{\"@type\":\"ImageObject\",\"@id\":\"https:\/\/elpuucnoticias.com\/#personlogo\",\"inLanguage\":\"es\",\"url\":\"https:\/\/secure.gravatar.com\/avatar\/5290a43657c74ffa15701dbe5b846bd85cc71930d803c84e91046a7333de6ce2?s=96&d=mm&r=g\",\"contentUrl\":\"https:\/\/secure.gravatar.com\/avatar\/5290a43657c74ffa15701dbe5b846bd85cc71930d803c84e91046a7333de6ce2?s=96&d=mm&r=g\",\"caption\":\"elpuucnoticias\"},\"sameAs\":[\"https:\/\/elpuucnoticias.com\"],\"url\":\"https:\/\/elpuucnoticias.com\/?author=1\"}]}<\/script>\n<!-- \/ Yoast SEO plugin. -->","yoast_head_json":{"title":"Anuncia Mara Lezama nuevo vuelo directo a Canc\u00fan, ahora desde Dubl\u00edn, a partir del 3 de enero venidero - El Puuc Noticias","robots":{"index":"index","follow":"follow","max-snippet":"max-snippet:-1","max-image-preview":"max-image-preview:large","max-video-preview":"max-video-preview:-1"},"canonical":"https:\/\/elpuucnoticias.com\/?p=19847","og_locale":"es_ES","og_type":"article","og_title":"Anuncia Mara Lezama nuevo vuelo directo a Canc\u00fan, ahora desde Dubl\u00edn, a partir del 3 de enero venidero - El Puuc Noticias","og_description":"&nbsp;La gobernadora Mara Lezama Espinosa anunci\u00f3 que a partir de enero de 2026 la aerol\u00ednea Aer Lingus volar\u00e1","og_url":"https:\/\/elpuucnoticias.com\/?p=19847","og_site_name":"El Puuc Noticias","article_published_time":"2025-07-07T20:06:12+00:00","og_image":[{"width":1320,"height":724,"url":"https:\/\/elpuucnoticias.com\/wp-content\/uploads\/2025\/07\/imagen-de-whatsapp-2025-07-06-a-las-09.38.30_20cdb05d.jpg","type":"image\/jpeg"}],"twitter_card":"summary_large_image","twitter_misc":{"Escrito por":"elpuucnoticias","Tiempo de lectura":"1 minuto"},"schema":{"@context":"https:\/\/schema.org","@graph":[{"@type":"WebSite","@id":"https:\/\/elpuucnoticias.com\/#website","url":"https:\/\/elpuucnoticias.com\/","name":"El Puuc Noticias","description":"Noticias - Entretenimiento - Deportes","potentialAction":[{"@type":"SearchAction","target":{"@type":"EntryPoint","urlTemplate":"https:\/\/elpuucnoticias.com\/?s={search_term_string}"},"query-input":"required name=search_term_string"}],"inLanguage":"es"},{"@type":"ImageObject","@id":"https:\/\/elpuucnoticias.com\/?p=19847#primaryimage","inLanguage":"es","url":"https:\/\/elpuucnoticias.com\/wp-content\/uploads\/2025\/07\/imagen-de-whatsapp-2025-07-06-a-las-09.38.30_20cdb05d.jpg","contentUrl":"https:\/\/elpuucnoticias.com\/wp-content\/uploads\/2025\/07\/imagen-de-whatsapp-2025-07-06-a-las-09.38.30_20cdb05d.jpg","width":1320,"height":724},{"@type":"WebPage","@id":"https:\/\/elpuucnoticias.com\/?p=19847#webpage","url":"https:\/\/elpuucnoticias.com\/?p=19847","name":"Anuncia Mara Lezama nuevo vuelo directo a Canc\u00fan, ahora desde Dubl\u00edn, a partir del 3 de enero venidero - El Puuc Noticias","isPartOf":{"@id":"https:\/\/elpuucnoticias.com\/#website"},"primaryImageOfPage":{"@id":"https:\/\/elpuucnoticias.com\/?p=19847#primaryimage"},"datePublished":"2025-07-07T20:06:12+00:00","dateModified":"2025-07-07T20:06:12+00:00","author":{"@id":"https:\/\/elpuucnoticias.com\/#\/schema\/person\/d2ea09e4c97f0160b11cdfb1d856bd9e"},"breadcrumb":{"@id":"https:\/\/elpuucnoticias.com\/?p=19847#breadcrumb"},"inLanguage":"es","potentialAction":[{"@type":"ReadAction","target":["https:\/\/elpuucnoticias.com\/?p=19847"]}]},{"@type":"BreadcrumbList","@id":"https:\/\/elpuucnoticias.com\/?p=19847#breadcrumb","itemListElement":[{"@type":"ListItem","position":1,"name":"Portada","item":"https:\/\/elpuucnoticias.com\/"},{"@type":"ListItem","position":2,"name":"Anuncia Mara Lezama nuevo vuelo directo a Canc\u00fan, ahora desde Dubl\u00edn, a partir del 3 de enero venidero"}]},{"@type":"Person","@id":"https:\/\/elpuucnoticias.com\/#\/schema\/person\/d2ea09e4c97f0160b11cdfb1d856bd9e","name":"elpuucnoticias","image":{"@type":"ImageObject","@id":"https:\/\/elpuucnoticias.com\/#personlogo","inLanguage":"es","url":"https:\/\/secure.gravatar.com\/avatar\/5290a43657c74ffa15701dbe5b846bd85cc71930d803c84e91046a7333de6ce2?s=96&d=mm&r=g","contentUrl":"https:\/\/secure.gravatar.com\/avatar\/5290a43657c74ffa15701dbe5b846bd85cc71930d803c84e91046a7333de6ce2?s=96&d=mm&r=g","caption":"elpuucnoticias"},"sameAs":["https:\/\/elpuucnoticias.com"],"url":"https:\/\/elpuucnoticias.com\/?author=1"}]}},"_links":{"self":[{"href":"https:\/\/elpuucnoticias.com\/index.php?rest_route=\/wp\/v2\/posts\/19847","targetHints":{"allow":["GET"]}}],"collection":[{"href":"https:\/\/elpuucnoticias.com\/index.php?rest_route=\/wp\/v2\/posts"}],"about":[{"href":"https:\/\/elpuucnoticias.com\/index.php?rest_route=\/wp\/v2\/types\/post"}],"author":[{"embeddable":true,"href":"https:\/\/elpuucnoticias.com\/index.php?rest_route=\/wp\/v2\/users\/1"}],"replies":[{"embeddable":true,"href":"https:\/\/elpuucnoticias.com\/index.php?rest_route=%2Fwp%2Fv2%2Fcomments&post=19847"}],"version-history":[{"count":1,"href":"https:\/\/elpuucnoticias.com\/index.php?rest_route=\/wp\/v2\/posts\/19847\/revisions"}],"predecessor-version":[{"id":19849,"href":"https:\/\/elpuucnoticias.com\/index.php?rest_route=\/wp\/v2\/posts\/19847\/revisions\/19849"}],"wp:featuredmedia":[{"embeddable":true,"href":"https:\/\/elpuucnoticias.com\/index.php?rest_route=\/wp\/v2\/media\/19848"}],"wp:attachment":[{"href":"https:\/\/elpuucnoticias.com\/index.php?rest_route=%2Fwp%2Fv2%2Fmedia&parent=19847"}],"wp:term":[{"taxonomy":"category","embeddable":true,"href":"https:\/\/elpuucnoticias.com\/index.php?rest_route=%2Fwp%2Fv2%2Fcategories&post=19847"},{"taxonomy":"post_tag","embeddable":true,"href":"https:\/\/elpuucnoticias.com\/index.php?rest_route=%2Fwp%2Fv2%2Ftags&post=19847"}],"curies":[{"name":"wp","href":"https:\/\/api.w.org\/{rel}","templated":true}]}}