{"id":19850,"date":"2025-07-07T14:08:05","date_gmt":"2025-07-07T20:08:05","guid":{"rendered":"https:\/\/elpuucnoticias.com\/?p=19850"},"modified":"2025-07-07T14:08:06","modified_gmt":"2025-07-07T20:08:06","slug":"impulsa-mara-lezama-la-reinsercion-social-integral-de-mujeres-con-capacitacion-y-empleo-en-cancun","status":"publish","type":"post","link":"https:\/\/elpuucnoticias.com\/?p=19850","title":{"rendered":"Impulsa Mara Lezama la reinserci\u00f3n social integral de mujeres con capacitaci\u00f3n y empleo en Canc\u00fan"},"content":{"rendered":"\n<p>Para impulsar la reinserci\u00f3n de m\u00e1s mujeres privadas de la libertad en Quintana Roo, la gobernadora Mara Lezama Espinosa encabez\u00f3 la Firma del Nuevo Acuerdo por el Bienestar y Desarrollo en favor de la capacitaci\u00f3n y facilitar su independencia para su reintegraci\u00f3n social, junto con la titular de SEMUJERES, Esther Burgos Jim\u00e9nez.<\/p>\n\n\n\n<figure class=\"wp-block-image is-style-default\"><a href=\"https:\/\/cgc.qroo.gob.mx\/cjg\/wp-content\/uploads\/2025\/07\/IMG-20250706-WA0011-scaled.jpg\"><img decoding=\"async\" src=\"https:\/\/cgc.qroo.gob.mx\/cjg\/wp-content\/uploads\/2025\/07\/IMG-20250706-WA0011-585x390.jpg\" alt=\"\" title=\"IMG-20250706-WA0011\"\/><\/a><\/figure>\n\n\n\n<p>Acompa\u00f1ada de la presidenta honoraria del Sistema DIF Quintana Roo, Ver\u00f3nica Lezama Espinosa, la titular del Ejecutivo atestigu\u00f3 esta firma entre SEMUJERES, la Secretar\u00eda de Seguridad Ciudadana a trav\u00e9s del Centro Penitenciario, la asociaci\u00f3n civil \u201cLA CANA\u201d representada por Georgina G\u00f3mez Izquierdo.<\/p>\n\n\n\n<p>La titular del Ejecutivo expres\u00f3 que este convenio se trata de transformar vidas en vida, es darle una segunda oportunidad a alguien que quiz\u00e1 se equivoc\u00f3, pero que tiene sentimientos y sensibilidad. \u201cQuiero felicitarles de verdad, porque transformar la vida de cualquier ser humano es una responsabilidad que tenemos, de ayudarlos en su reinserci\u00f3n, de tener su dinero y decirles que no est\u00e1n solas\u201d, asever\u00f3 Mara Lezama.<\/p>\n\n\n\n<figure class=\"wp-block-image is-style-default\"><a href=\"https:\/\/cgc.qroo.gob.mx\/cjg\/wp-content\/uploads\/2025\/07\/IMG-20250706-WA0008-scaled.jpg\"><img decoding=\"async\" src=\"https:\/\/cgc.qroo.gob.mx\/cjg\/wp-content\/uploads\/2025\/07\/IMG-20250706-WA0008-585x390.jpg\" alt=\"\" title=\"IMG-20250706-WA0008\"\/><\/a><\/figure>\n\n\n\n<p>A\u00f1adi\u00f3 que el programa \u201cMujer Reint\u00e9grate\u201d atender\u00e1 a todas en diversas etapas, mientras que el eje relacionado con las t\u00e9cnicas de crochet se realizar\u00e1 de acuerdo a la demanda, y la asociaci\u00f3n civil LA CANA se encargar\u00e1 de la capacitaci\u00f3n, con el objetivo de brindarles herramientas laborales y psicol\u00f3gicas para facilitar su independencia econ\u00f3mica y reinserci\u00f3n social mediante la ense\u00f1anza de habilidades productivas e ingresos sostenibles, explic\u00f3 la secretaria de las Mujeres, Esther Burgos Jim\u00e9nez.<\/p>\n\n\n\n<figure class=\"wp-block-image is-style-default\"><a href=\"https:\/\/cgc.qroo.gob.mx\/cjg\/wp-content\/uploads\/2025\/07\/IMG-20250706-WA0010-scaled.jpg\"><img decoding=\"async\" src=\"https:\/\/cgc.qroo.gob.mx\/cjg\/wp-content\/uploads\/2025\/07\/IMG-20250706-WA0010-585x390.jpg\" alt=\"\" title=\"IMG-20250706-WA0010\"\/><\/a><\/figure>\n\n\n\n<p>Sus productos ser\u00e1n comercializados una vez que cumplan con los est\u00e1ndares de calidad y el pago se les entrega tras los pedidos. La capacitaci\u00f3n dura de 3 a 4 meses; 35 mujeres concluyeron este ciclo el 24 de junio pasado en el penal de Canc\u00fan.<\/p>\n\n\n\n<p>Estuvieron en el evento, la secretaria de Gobierno, Cristina Torres G\u00f3mez; el titular de la SSC Julio C\u00e9sar G\u00f3mez Torres, quien dio la bienvenida; la representante de la asociaci\u00f3n civil LA CANA, Wendy Balcazar P\u00e9rez; Georgina G\u00f3mez Izquierdo, representante de la AC en Canc\u00fan; y Enrique Ba\u00f1os Abedun de Lima, Rector de la Universidad Tecnol\u00f3gica de Canc\u00fan.<\/p>\n","protected":false},"excerpt":{"rendered":"<p>Para impulsar la reinserci\u00f3n de m\u00e1s mujeres privadas de la libertad en Quintana Roo, la gobernadora Mara Lezama<\/p>\n","protected":false},"author":1,"featured_media":19851,"comment_status":"closed","ping_status":"open","sticky":false,"template":"","format":"standard","meta":{"_monsterinsights_skip_tracking":false,"_monsterinsights_sitenote_active":false,"_monsterinsights_sitenote_note":"","_monsterinsights_sitenote_category":0,"footnotes":""},"categories":[11,24],"tags":[],"class_list":["post-19850","post","type-post","status-publish","format-standard","has-post-thumbnail","hentry","category-noticias","category-quintana-roo"],"yoast_head":"<!-- This site is optimized with the Yoast SEO plugin v18.3 - https:\/\/yoast.com\/wordpress\/plugins\/seo\/ -->\n<title>Impulsa Mara Lezama la reinserci\u00f3n social integral de mujeres con capacitaci\u00f3n y empleo en Canc\u00fan - El Puuc Noticias<\/title>\n<meta name=\"robots\" content=\"index, follow, max-snippet:-1, max-image-preview:large, max-video-preview:-1\" \/>\n<link rel=\"canonical\" href=\"https:\/\/elpuucnoticias.com\/?p=19850\" \/>\n<meta property=\"og:locale\" content=\"es_ES\" \/>\n<meta property=\"og:type\" content=\"article\" \/>\n<meta property=\"og:title\" content=\"Impulsa Mara Lezama la reinserci\u00f3n social integral de mujeres con capacitaci\u00f3n y empleo en Canc\u00fan - El Puuc Noticias\" \/>\n<meta property=\"og:description\" content=\"Para impulsar la reinserci\u00f3n de m\u00e1s mujeres privadas de la libertad en Quintana Roo, la gobernadora Mara Lezama\" \/>\n<meta property=\"og:url\" content=\"https:\/\/elpuucnoticias.com\/?p=19850\" \/>\n<meta property=\"og:site_name\" content=\"El Puuc Noticias\" \/>\n<meta property=\"article:published_time\" content=\"2025-07-07T20:08:05+00:00\" \/>\n<meta property=\"article:modified_time\" content=\"2025-07-07T20:08:06+00:00\" \/>\n<meta property=\"og:image\" content=\"https:\/\/elpuucnoticias.com\/wp-content\/uploads\/2025\/07\/img-20250706-wa0009-scaled-1.jpg\" \/>\n\t<meta property=\"og:image:width\" content=\"2560\" \/>\n\t<meta property=\"og:image:height\" content=\"1707\" \/>\n\t<meta property=\"og:image:type\" content=\"image\/jpeg\" \/>\n<meta name=\"twitter:card\" content=\"summary_large_image\" \/>\n<meta name=\"twitter:label1\" content=\"Escrito por\" \/>\n\t<meta name=\"twitter:data1\" content=\"elpuucnoticias\" \/>\n\t<meta name=\"twitter:label2\" content=\"Tiempo de lectura\" \/>\n\t<meta name=\"twitter:data2\" content=\"2 minutos\" \/>\n<script type=\"application\/ld+json\" class=\"yoast-schema-graph\">{\"@context\":\"https:\/\/schema.org\",\"@graph\":[{\"@type\":\"WebSite\",\"@id\":\"https:\/\/elpuucnoticias.com\/#website\",\"url\":\"https:\/\/elpuucnoticias.com\/\",\"name\":\"El Puuc Noticias\",\"description\":\"Noticias - Entretenimiento - Deportes\",\"potentialAction\":[{\"@type\":\"SearchAction\",\"target\":{\"@type\":\"EntryPoint\",\"urlTemplate\":\"https:\/\/elpuucnoticias.com\/?s={search_term_string}\"},\"query-input\":\"required name=search_term_string\"}],\"inLanguage\":\"es\"},{\"@type\":\"ImageObject\",\"@id\":\"https:\/\/elpuucnoticias.com\/?p=19850#primaryimage\",\"inLanguage\":\"es\",\"url\":\"https:\/\/elpuucnoticias.com\/wp-content\/uploads\/2025\/07\/img-20250706-wa0009-scaled-1.jpg\",\"contentUrl\":\"https:\/\/elpuucnoticias.com\/wp-content\/uploads\/2025\/07\/img-20250706-wa0009-scaled-1.jpg\",\"width\":2560,\"height\":1707},{\"@type\":\"WebPage\",\"@id\":\"https:\/\/elpuucnoticias.com\/?p=19850#webpage\",\"url\":\"https:\/\/elpuucnoticias.com\/?p=19850\",\"name\":\"Impulsa Mara Lezama la reinserci\u00f3n social integral de mujeres con capacitaci\u00f3n y empleo en Canc\u00fan - El Puuc Noticias\",\"isPartOf\":{\"@id\":\"https:\/\/elpuucnoticias.com\/#website\"},\"primaryImageOfPage\":{\"@id\":\"https:\/\/elpuucnoticias.com\/?p=19850#primaryimage\"},\"datePublished\":\"2025-07-07T20:08:05+00:00\",\"dateModified\":\"2025-07-07T20:08:06+00:00\",\"author\":{\"@id\":\"https:\/\/elpuucnoticias.com\/#\/schema\/person\/d2ea09e4c97f0160b11cdfb1d856bd9e\"},\"breadcrumb\":{\"@id\":\"https:\/\/elpuucnoticias.com\/?p=19850#breadcrumb\"},\"inLanguage\":\"es\",\"potentialAction\":[{\"@type\":\"ReadAction\",\"target\":[\"https:\/\/elpuucnoticias.com\/?p=19850\"]}]},{\"@type\":\"BreadcrumbList\",\"@id\":\"https:\/\/elpuucnoticias.com\/?p=19850#breadcrumb\",\"itemListElement\":[{\"@type\":\"ListItem\",\"position\":1,\"name\":\"Portada\",\"item\":\"https:\/\/elpuucnoticias.com\/\"},{\"@type\":\"ListItem\",\"position\":2,\"name\":\"Impulsa Mara Lezama la reinserci\u00f3n social integral de mujeres con capacitaci\u00f3n y empleo en Canc\u00fan\"}]},{\"@type\":\"Person\",\"@id\":\"https:\/\/elpuucnoticias.com\/#\/schema\/person\/d2ea09e4c97f0160b11cdfb1d856bd9e\",\"name\":\"elpuucnoticias\",\"image\":{\"@type\":\"ImageObject\",\"@id\":\"https:\/\/elpuucnoticias.com\/#personlogo\",\"inLanguage\":\"es\",\"url\":\"https:\/\/secure.gravatar.com\/avatar\/5290a43657c74ffa15701dbe5b846bd85cc71930d803c84e91046a7333de6ce2?s=96&d=mm&r=g\",\"contentUrl\":\"https:\/\/secure.gravatar.com\/avatar\/5290a43657c74ffa15701dbe5b846bd85cc71930d803c84e91046a7333de6ce2?s=96&d=mm&r=g\",\"caption\":\"elpuucnoticias\"},\"sameAs\":[\"https:\/\/elpuucnoticias.com\"],\"url\":\"https:\/\/elpuucnoticias.com\/?author=1\"}]}<\/script>\n<!-- \/ Yoast SEO plugin. -->","yoast_head_json":{"title":"Impulsa Mara Lezama la reinserci\u00f3n social integral de mujeres con capacitaci\u00f3n y empleo en Canc\u00fan - El Puuc Noticias","robots":{"index":"index","follow":"follow","max-snippet":"max-snippet:-1","max-image-preview":"max-image-preview:large","max-video-preview":"max-video-preview:-1"},"canonical":"https:\/\/elpuucnoticias.com\/?p=19850","og_locale":"es_ES","og_type":"article","og_title":"Impulsa Mara Lezama la reinserci\u00f3n social integral de mujeres con capacitaci\u00f3n y empleo en Canc\u00fan - El Puuc Noticias","og_description":"Para impulsar la reinserci\u00f3n de m\u00e1s mujeres privadas de la libertad en Quintana Roo, la gobernadora Mara Lezama","og_url":"https:\/\/elpuucnoticias.com\/?p=19850","og_site_name":"El Puuc Noticias","article_published_time":"2025-07-07T20:08:05+00:00","article_modified_time":"2025-07-07T20:08:06+00:00","og_image":[{"width":2560,"height":1707,"url":"https:\/\/elpuucnoticias.com\/wp-content\/uploads\/2025\/07\/img-20250706-wa0009-scaled-1.jpg","type":"image\/jpeg"}],"twitter_card":"summary_large_image","twitter_misc":{"Escrito por":"elpuucnoticias","Tiempo de lectura":"2 minutos"},"schema":{"@context":"https:\/\/schema.org","@graph":[{"@type":"WebSite","@id":"https:\/\/elpuucnoticias.com\/#website","url":"https:\/\/elpuucnoticias.com\/","name":"El Puuc Noticias","description":"Noticias - Entretenimiento - Deportes","potentialAction":[{"@type":"SearchAction","target":{"@type":"EntryPoint","urlTemplate":"https:\/\/elpuucnoticias.com\/?s={search_term_string}"},"query-input":"required name=search_term_string"}],"inLanguage":"es"},{"@type":"ImageObject","@id":"https:\/\/elpuucnoticias.com\/?p=19850#primaryimage","inLanguage":"es","url":"https:\/\/elpuucnoticias.com\/wp-content\/uploads\/2025\/07\/img-20250706-wa0009-scaled-1.jpg","contentUrl":"https:\/\/elpuucnoticias.com\/wp-content\/uploads\/2025\/07\/img-20250706-wa0009-scaled-1.jpg","width":2560,"height":1707},{"@type":"WebPage","@id":"https:\/\/elpuucnoticias.com\/?p=19850#webpage","url":"https:\/\/elpuucnoticias.com\/?p=19850","name":"Impulsa Mara Lezama la reinserci\u00f3n social integral de mujeres con capacitaci\u00f3n y empleo en Canc\u00fan - El Puuc Noticias","isPartOf":{"@id":"https:\/\/elpuucnoticias.com\/#website"},"primaryImageOfPage":{"@id":"https:\/\/elpuucnoticias.com\/?p=19850#primaryimage"},"datePublished":"2025-07-07T20:08:05+00:00","dateModified":"2025-07-07T20:08:06+00:00","author":{"@id":"https:\/\/elpuucnoticias.com\/#\/schema\/person\/d2ea09e4c97f0160b11cdfb1d856bd9e"},"breadcrumb":{"@id":"https:\/\/elpuucnoticias.com\/?p=19850#breadcrumb"},"inLanguage":"es","potentialAction":[{"@type":"ReadAction","target":["https:\/\/elpuucnoticias.com\/?p=19850"]}]},{"@type":"BreadcrumbList","@id":"https:\/\/elpuucnoticias.com\/?p=19850#breadcrumb","itemListElement":[{"@type":"ListItem","position":1,"name":"Portada","item":"https:\/\/elpuucnoticias.com\/"},{"@type":"ListItem","position":2,"name":"Impulsa Mara Lezama la reinserci\u00f3n social integral de mujeres con capacitaci\u00f3n y empleo en Canc\u00fan"}]},{"@type":"Person","@id":"https:\/\/elpuucnoticias.com\/#\/schema\/person\/d2ea09e4c97f0160b11cdfb1d856bd9e","name":"elpuucnoticias","image":{"@type":"ImageObject","@id":"https:\/\/elpuucnoticias.com\/#personlogo","inLanguage":"es","url":"https:\/\/secure.gravatar.com\/avatar\/5290a43657c74ffa15701dbe5b846bd85cc71930d803c84e91046a7333de6ce2?s=96&d=mm&r=g","contentUrl":"https:\/\/secure.gravatar.com\/avatar\/5290a43657c74ffa15701dbe5b846bd85cc71930d803c84e91046a7333de6ce2?s=96&d=mm&r=g","caption":"elpuucnoticias"},"sameAs":["https:\/\/elpuucnoticias.com"],"url":"https:\/\/elpuucnoticias.com\/?author=1"}]}},"_links":{"self":[{"href":"https:\/\/elpuucnoticias.com\/index.php?rest_route=\/wp\/v2\/posts\/19850","targetHints":{"allow":["GET"]}}],"collection":[{"href":"https:\/\/elpuucnoticias.com\/index.php?rest_route=\/wp\/v2\/posts"}],"about":[{"href":"https:\/\/elpuucnoticias.com\/index.php?rest_route=\/wp\/v2\/types\/post"}],"author":[{"embeddable":true,"href":"https:\/\/elpuucnoticias.com\/index.php?rest_route=\/wp\/v2\/users\/1"}],"replies":[{"embeddable":true,"href":"https:\/\/elpuucnoticias.com\/index.php?rest_route=%2Fwp%2Fv2%2Fcomments&post=19850"}],"version-history":[{"count":1,"href":"https:\/\/elpuucnoticias.com\/index.php?rest_route=\/wp\/v2\/posts\/19850\/revisions"}],"predecessor-version":[{"id":19852,"href":"https:\/\/elpuucnoticias.com\/index.php?rest_route=\/wp\/v2\/posts\/19850\/revisions\/19852"}],"wp:featuredmedia":[{"embeddable":true,"href":"https:\/\/elpuucnoticias.com\/index.php?rest_route=\/wp\/v2\/media\/19851"}],"wp:attachment":[{"href":"https:\/\/elpuucnoticias.com\/index.php?rest_route=%2Fwp%2Fv2%2Fmedia&parent=19850"}],"wp:term":[{"taxonomy":"category","embeddable":true,"href":"https:\/\/elpuucnoticias.com\/index.php?rest_route=%2Fwp%2Fv2%2Fcategories&post=19850"},{"taxonomy":"post_tag","embeddable":true,"href":"https:\/\/elpuucnoticias.com\/index.php?rest_route=%2Fwp%2Fv2%2Ftags&post=19850"}],"curies":[{"name":"wp","href":"https:\/\/api.w.org\/{rel}","templated":true}]}}