{"id":19884,"date":"2025-07-10T12:47:29","date_gmt":"2025-07-10T18:47:29","guid":{"rendered":"https:\/\/elpuucnoticias.com\/?p=19884"},"modified":"2025-07-10T12:47:29","modified_gmt":"2025-07-10T18:47:29","slug":"en-septiembre-iniciaran-obras-de-trenes-de-queretaro-irapuato-y-saltillo-nuevo-laredo","status":"publish","type":"post","link":"https:\/\/elpuucnoticias.com\/?p=19884","title":{"rendered":"En septiembre iniciar\u00e1n obras de trenes de Quer\u00e9taro-Irapuato y Saltillo-Nuevo Laredo"},"content":{"rendered":"\n<p>La Secretar\u00eda de Infraestructura, Comunicaciones y Transportes (SICT) anunci\u00f3 que iniciar\u00e1n obras en septiembre en las rutas del tren de pasajeros Quer\u00e9taro-Irapuato y Saltillo-Nuevo Laredo, al tiempo que se adquirir\u00e1n 15 trenes el\u00e9ctricos para la v\u00eda AIFA-Pachuca, inform\u00f3 el Titular de la Agencia Reguladora del Transporte Ferroviario (ARTF), Andr\u00e9s Lajous Loaeza.<\/p>\n\n\n\n<p>En conferencia de prensa encabezada por la Presidenta Claudia Sheinbaum Pardo, en compa\u00f1\u00eda del Secretario Jes\u00fas Antonio Esteva Medina, el funcionario federal explic\u00f3 que la ruta Quer\u00e9taro-Irapuato arrancar\u00e1 con los primeros 30.30 kil\u00f3metros (km), una vez que se emita el fallo de licitaci\u00f3n entre la segunda y tercera semana de agosto.<\/p>\n\n\n\n<p>\u201cEntre la segunda y tercera semana de julio, ya en unos d\u00edas, publicaremos la convocatoria para la licitaci\u00f3n de un tramo de 70 km\u201d, restante. La ruta cuenta con una longitud total por alrededor de 108 km.<\/p>\n\n\n\n<figure class=\"wp-block-image size-large is-style-default\"><img loading=\"lazy\" decoding=\"async\" width=\"1024\" height=\"683\" src=\"https:\/\/elpuucnoticias.com\/wp-content\/uploads\/2025\/07\/whatsapp-image-2025-07-10-at-12.24.04-pm-3-1024x683.jpeg\" alt=\"\" class=\"wp-image-19887\" srcset=\"https:\/\/elpuucnoticias.com\/wp-content\/uploads\/2025\/07\/whatsapp-image-2025-07-10-at-12.24.04-pm-3-1024x683.jpeg 1024w, https:\/\/elpuucnoticias.com\/wp-content\/uploads\/2025\/07\/whatsapp-image-2025-07-10-at-12.24.04-pm-3-300x200.jpeg 300w, https:\/\/elpuucnoticias.com\/wp-content\/uploads\/2025\/07\/whatsapp-image-2025-07-10-at-12.24.04-pm-3-768x512.jpeg 768w, https:\/\/elpuucnoticias.com\/wp-content\/uploads\/2025\/07\/whatsapp-image-2025-07-10-at-12.24.04-pm-3-1536x1024.jpeg 1536w, https:\/\/elpuucnoticias.com\/wp-content\/uploads\/2025\/07\/whatsapp-image-2025-07-10-at-12.24.04-pm-3-2048x1366.jpeg 2048w, https:\/\/elpuucnoticias.com\/wp-content\/uploads\/2025\/07\/whatsapp-image-2025-07-10-at-12.24.04-pm-3-600x400.jpeg 600w, https:\/\/elpuucnoticias.com\/wp-content\/uploads\/2025\/07\/whatsapp-image-2025-07-10-at-12.24.04-pm-3-320x213.jpeg 320w\" sizes=\"auto, (max-width: 1024px) 100vw, 1024px\" \/><\/figure>\n\n\n\n<p>Para el caso de Saltillo-Nuevo Laredo se inici\u00f3 la licitaci\u00f3n de 100 km, el fallo ser\u00e1 entre la segunda y tercera semana de agosto, y otros 117 km la licitaci\u00f3n se definir\u00e1 entre finales de agosto y principios de septiembre.<\/p>\n\n\n\n<p>Con respecto a la adquisici\u00f3n de 15 trenes el\u00e9ctricos de pasajeros para la v\u00eda AIFA-Pachuca, la convocatoria de licitaci\u00f3n ser\u00e1 publicada este jueves 10 de julio, para tener el fallo a finales de agosto.<\/p>\n\n\n\n<p>Estos trenes tendr\u00e1n una velocidad m\u00e1xima de 130 km por hora, con caracter\u00edstica similares al Suburbano (pasar\u00e1 por el Aeropuerto Internacional \u201cFelipe \u00c1ngeles\u201d), con longitud superior a los 100 metros, lo que se acrecentar\u00e1 conforme crezca la demanda. Se podr\u00e1 dar servicio a m\u00e1s de 700 pasajeros con accesibilidad universal, un sistema de comunicaci\u00f3n para el pasajero, seguridad y confort.<\/p>\n\n\n\n<p>Lajous Loaeza resalt\u00f3 las reformas a la Ley Reglamentaria del Servicio Ferroviario y otras normas, aprobadas por el Congreso de la Uni\u00f3n el 26 de junio, con las que se crea la Agencia de Trenes y Transporte P\u00fablico Integrado como \u00f3rgano p\u00fablico descentralizado sectorizado a la SICT. La creaci\u00f3n de esta Agencia armonizar\u00e1 atribuciones.<\/p>\n\n\n\n<p>Entre sus funciones est\u00e1n la planeaci\u00f3n, construcci\u00f3n, conservaci\u00f3n modernizaci\u00f3n, regulaci\u00f3n supervisi\u00f3n, fomento y dise\u00f1o del sistema ferroviario nacional y del transporte multimodal asociado, en particular, construcci\u00f3n de v\u00edas f\u00e9rreas y adquisici\u00f3n de equipo ferroviario, con atribuciones para la integraci\u00f3n con el transporte p\u00fablico urbano.<\/p>\n\n\n\n<figure class=\"wp-block-gallery has-nested-images columns-default is-cropped wp-block-gallery-1 is-layout-flex wp-block-gallery-is-layout-flex\">\n<figure class=\"wp-block-image size-large is-style-default\"><img loading=\"lazy\" decoding=\"async\" width=\"1024\" height=\"683\" data-id=\"19885\" src=\"https:\/\/elpuucnoticias.com\/wp-content\/uploads\/2025\/07\/whatsapp-image-2025-07-10-at-12.24.04-pm-2-1024x683.jpeg\" alt=\"\" class=\"wp-image-19885\" srcset=\"https:\/\/elpuucnoticias.com\/wp-content\/uploads\/2025\/07\/whatsapp-image-2025-07-10-at-12.24.04-pm-2-1024x683.jpeg 1024w, https:\/\/elpuucnoticias.com\/wp-content\/uploads\/2025\/07\/whatsapp-image-2025-07-10-at-12.24.04-pm-2-300x200.jpeg 300w, https:\/\/elpuucnoticias.com\/wp-content\/uploads\/2025\/07\/whatsapp-image-2025-07-10-at-12.24.04-pm-2-768x512.jpeg 768w, https:\/\/elpuucnoticias.com\/wp-content\/uploads\/2025\/07\/whatsapp-image-2025-07-10-at-12.24.04-pm-2-1536x1024.jpeg 1536w, https:\/\/elpuucnoticias.com\/wp-content\/uploads\/2025\/07\/whatsapp-image-2025-07-10-at-12.24.04-pm-2-2048x1366.jpeg 2048w, https:\/\/elpuucnoticias.com\/wp-content\/uploads\/2025\/07\/whatsapp-image-2025-07-10-at-12.24.04-pm-2-600x400.jpeg 600w, https:\/\/elpuucnoticias.com\/wp-content\/uploads\/2025\/07\/whatsapp-image-2025-07-10-at-12.24.04-pm-2-320x213.jpeg 320w\" sizes=\"auto, (max-width: 1024px) 100vw, 1024px\" \/><\/figure>\n\n\n\n<figure class=\"wp-block-image size-large is-style-default\"><img loading=\"lazy\" decoding=\"async\" width=\"1024\" height=\"683\" data-id=\"19886\" src=\"https:\/\/elpuucnoticias.com\/wp-content\/uploads\/2025\/07\/whatsapp-image-2025-07-10-at-12.24.04-pm-1024x683.jpeg\" alt=\"\" class=\"wp-image-19886\" srcset=\"https:\/\/elpuucnoticias.com\/wp-content\/uploads\/2025\/07\/whatsapp-image-2025-07-10-at-12.24.04-pm-1024x683.jpeg 1024w, https:\/\/elpuucnoticias.com\/wp-content\/uploads\/2025\/07\/whatsapp-image-2025-07-10-at-12.24.04-pm-300x200.jpeg 300w, https:\/\/elpuucnoticias.com\/wp-content\/uploads\/2025\/07\/whatsapp-image-2025-07-10-at-12.24.04-pm-768x512.jpeg 768w, https:\/\/elpuucnoticias.com\/wp-content\/uploads\/2025\/07\/whatsapp-image-2025-07-10-at-12.24.04-pm-1536x1024.jpeg 1536w, https:\/\/elpuucnoticias.com\/wp-content\/uploads\/2025\/07\/whatsapp-image-2025-07-10-at-12.24.04-pm-2048x1366.jpeg 2048w, https:\/\/elpuucnoticias.com\/wp-content\/uploads\/2025\/07\/whatsapp-image-2025-07-10-at-12.24.04-pm-600x400.jpeg 600w, https:\/\/elpuucnoticias.com\/wp-content\/uploads\/2025\/07\/whatsapp-image-2025-07-10-at-12.24.04-pm-320x213.jpeg 320w\" sizes=\"auto, (max-width: 1024px) 100vw, 1024px\" \/><\/figure>\n<\/figure>\n\n\n\n<p>Record\u00f3 que el derecho de v\u00eda y la infraestructura ferroviaria son bienes propiedad de la naci\u00f3n en resguardo de la SICT; para el caso de las asignaciones, como el tren de pasajeros del Tren Maya, sus caracter\u00edsticas del servicio y su regulaci\u00f3n tambi\u00e9n son atribuciones de la ARTF.<\/p>\n\n\n\n<p>El Titular de la Agencia record\u00f3 que, en el proceso de crear nuevos trenes de pasajeros, se est\u00e1 en la Fase 1 (de cuatro) de 785 km, con las rutas AIFA-Pachuca, Ciudad de M\u00e9xico-Quer\u00e9taro, Saltillo-Nuevo Laredo y Quer\u00e9taro-Irapuato, e inician obra este a\u00f1o.<\/p>\n\n\n\n<p>\u201cVamos a empezar a preparar los estudios de la Fase 2\u201d, de 956 km, que incluye las rutas Quer\u00e9taro-San Luis Potos\u00ed, Mazatl\u00e1n-Los Mochis e Irapuato-Guadalajara, anticip\u00f3.<\/p>\n","protected":false},"excerpt":{"rendered":"<p>La Secretar\u00eda de Infraestructura, Comunicaciones y Transportes (SICT) anunci\u00f3 que iniciar\u00e1n obras en septiembre en las rutas del<\/p>\n","protected":false},"author":1,"featured_media":19888,"comment_status":"closed","ping_status":"open","sticky":false,"template":"","format":"standard","meta":{"_monsterinsights_skip_tracking":false,"_monsterinsights_sitenote_active":false,"_monsterinsights_sitenote_note":"","_monsterinsights_sitenote_category":0,"footnotes":""},"categories":[11],"tags":[],"class_list":["post-19884","post","type-post","status-publish","format-standard","has-post-thumbnail","hentry","category-noticias"],"yoast_head":"<!-- This site is optimized with the Yoast SEO plugin v18.3 - https:\/\/yoast.com\/wordpress\/plugins\/seo\/ -->\n<title>En septiembre iniciar\u00e1n obras de trenes de Quer\u00e9taro-Irapuato y Saltillo-Nuevo Laredo - El Puuc Noticias<\/title>\n<meta name=\"robots\" content=\"index, follow, max-snippet:-1, max-image-preview:large, max-video-preview:-1\" \/>\n<link rel=\"canonical\" href=\"https:\/\/elpuucnoticias.com\/?p=19884\" \/>\n<meta property=\"og:locale\" content=\"es_ES\" \/>\n<meta property=\"og:type\" content=\"article\" \/>\n<meta property=\"og:title\" content=\"En septiembre iniciar\u00e1n obras de trenes de Quer\u00e9taro-Irapuato y Saltillo-Nuevo Laredo - El Puuc Noticias\" \/>\n<meta property=\"og:description\" content=\"La Secretar\u00eda de Infraestructura, Comunicaciones y Transportes (SICT) anunci\u00f3 que iniciar\u00e1n obras en septiembre en las rutas del\" \/>\n<meta property=\"og:url\" content=\"https:\/\/elpuucnoticias.com\/?p=19884\" \/>\n<meta property=\"og:site_name\" content=\"El Puuc Noticias\" \/>\n<meta property=\"article:published_time\" content=\"2025-07-10T18:47:29+00:00\" \/>\n<meta property=\"og:image\" content=\"https:\/\/elpuucnoticias.com\/wp-content\/uploads\/2025\/07\/whatsapp-image-2025-07-10-at-12.24.05-pm.jpeg\" \/>\n\t<meta property=\"og:image:width\" content=\"2560\" \/>\n\t<meta property=\"og:image:height\" content=\"1706\" \/>\n\t<meta property=\"og:image:type\" content=\"image\/jpeg\" \/>\n<meta name=\"twitter:card\" content=\"summary_large_image\" \/>\n<meta name=\"twitter:label1\" content=\"Escrito por\" \/>\n\t<meta name=\"twitter:data1\" content=\"elpuucnoticias\" \/>\n\t<meta name=\"twitter:label2\" content=\"Tiempo de lectura\" \/>\n\t<meta name=\"twitter:data2\" content=\"3 minutos\" \/>\n<script type=\"application\/ld+json\" class=\"yoast-schema-graph\">{\"@context\":\"https:\/\/schema.org\",\"@graph\":[{\"@type\":\"WebSite\",\"@id\":\"https:\/\/elpuucnoticias.com\/#website\",\"url\":\"https:\/\/elpuucnoticias.com\/\",\"name\":\"El Puuc Noticias\",\"description\":\"Noticias - Entretenimiento - Deportes\",\"potentialAction\":[{\"@type\":\"SearchAction\",\"target\":{\"@type\":\"EntryPoint\",\"urlTemplate\":\"https:\/\/elpuucnoticias.com\/?s={search_term_string}\"},\"query-input\":\"required name=search_term_string\"}],\"inLanguage\":\"es\"},{\"@type\":\"ImageObject\",\"@id\":\"https:\/\/elpuucnoticias.com\/?p=19884#primaryimage\",\"inLanguage\":\"es\",\"url\":\"https:\/\/elpuucnoticias.com\/wp-content\/uploads\/2025\/07\/whatsapp-image-2025-07-10-at-12.24.05-pm.jpeg\",\"contentUrl\":\"https:\/\/elpuucnoticias.com\/wp-content\/uploads\/2025\/07\/whatsapp-image-2025-07-10-at-12.24.05-pm.jpeg\",\"width\":2560,\"height\":1706},{\"@type\":\"WebPage\",\"@id\":\"https:\/\/elpuucnoticias.com\/?p=19884#webpage\",\"url\":\"https:\/\/elpuucnoticias.com\/?p=19884\",\"name\":\"En septiembre iniciar\u00e1n obras de trenes de Quer\u00e9taro-Irapuato y Saltillo-Nuevo Laredo - El Puuc Noticias\",\"isPartOf\":{\"@id\":\"https:\/\/elpuucnoticias.com\/#website\"},\"primaryImageOfPage\":{\"@id\":\"https:\/\/elpuucnoticias.com\/?p=19884#primaryimage\"},\"datePublished\":\"2025-07-10T18:47:29+00:00\",\"dateModified\":\"2025-07-10T18:47:29+00:00\",\"author\":{\"@id\":\"https:\/\/elpuucnoticias.com\/#\/schema\/person\/d2ea09e4c97f0160b11cdfb1d856bd9e\"},\"breadcrumb\":{\"@id\":\"https:\/\/elpuucnoticias.com\/?p=19884#breadcrumb\"},\"inLanguage\":\"es\",\"potentialAction\":[{\"@type\":\"ReadAction\",\"target\":[\"https:\/\/elpuucnoticias.com\/?p=19884\"]}]},{\"@type\":\"BreadcrumbList\",\"@id\":\"https:\/\/elpuucnoticias.com\/?p=19884#breadcrumb\",\"itemListElement\":[{\"@type\":\"ListItem\",\"position\":1,\"name\":\"Portada\",\"item\":\"https:\/\/elpuucnoticias.com\/\"},{\"@type\":\"ListItem\",\"position\":2,\"name\":\"En septiembre iniciar\u00e1n obras de trenes de Quer\u00e9taro-Irapuato y Saltillo-Nuevo Laredo\"}]},{\"@type\":\"Person\",\"@id\":\"https:\/\/elpuucnoticias.com\/#\/schema\/person\/d2ea09e4c97f0160b11cdfb1d856bd9e\",\"name\":\"elpuucnoticias\",\"image\":{\"@type\":\"ImageObject\",\"@id\":\"https:\/\/elpuucnoticias.com\/#personlogo\",\"inLanguage\":\"es\",\"url\":\"https:\/\/secure.gravatar.com\/avatar\/5290a43657c74ffa15701dbe5b846bd85cc71930d803c84e91046a7333de6ce2?s=96&d=mm&r=g\",\"contentUrl\":\"https:\/\/secure.gravatar.com\/avatar\/5290a43657c74ffa15701dbe5b846bd85cc71930d803c84e91046a7333de6ce2?s=96&d=mm&r=g\",\"caption\":\"elpuucnoticias\"},\"sameAs\":[\"https:\/\/elpuucnoticias.com\"],\"url\":\"https:\/\/elpuucnoticias.com\/?author=1\"}]}<\/script>\n<!-- \/ Yoast SEO plugin. -->","yoast_head_json":{"title":"En septiembre iniciar\u00e1n obras de trenes de Quer\u00e9taro-Irapuato y Saltillo-Nuevo Laredo - El Puuc Noticias","robots":{"index":"index","follow":"follow","max-snippet":"max-snippet:-1","max-image-preview":"max-image-preview:large","max-video-preview":"max-video-preview:-1"},"canonical":"https:\/\/elpuucnoticias.com\/?p=19884","og_locale":"es_ES","og_type":"article","og_title":"En septiembre iniciar\u00e1n obras de trenes de Quer\u00e9taro-Irapuato y Saltillo-Nuevo Laredo - El Puuc Noticias","og_description":"La Secretar\u00eda de Infraestructura, Comunicaciones y Transportes (SICT) anunci\u00f3 que iniciar\u00e1n obras en septiembre en las rutas del","og_url":"https:\/\/elpuucnoticias.com\/?p=19884","og_site_name":"El Puuc Noticias","article_published_time":"2025-07-10T18:47:29+00:00","og_image":[{"width":2560,"height":1706,"url":"https:\/\/elpuucnoticias.com\/wp-content\/uploads\/2025\/07\/whatsapp-image-2025-07-10-at-12.24.05-pm.jpeg","type":"image\/jpeg"}],"twitter_card":"summary_large_image","twitter_misc":{"Escrito por":"elpuucnoticias","Tiempo de lectura":"3 minutos"},"schema":{"@context":"https:\/\/schema.org","@graph":[{"@type":"WebSite","@id":"https:\/\/elpuucnoticias.com\/#website","url":"https:\/\/elpuucnoticias.com\/","name":"El Puuc Noticias","description":"Noticias - Entretenimiento - Deportes","potentialAction":[{"@type":"SearchAction","target":{"@type":"EntryPoint","urlTemplate":"https:\/\/elpuucnoticias.com\/?s={search_term_string}"},"query-input":"required name=search_term_string"}],"inLanguage":"es"},{"@type":"ImageObject","@id":"https:\/\/elpuucnoticias.com\/?p=19884#primaryimage","inLanguage":"es","url":"https:\/\/elpuucnoticias.com\/wp-content\/uploads\/2025\/07\/whatsapp-image-2025-07-10-at-12.24.05-pm.jpeg","contentUrl":"https:\/\/elpuucnoticias.com\/wp-content\/uploads\/2025\/07\/whatsapp-image-2025-07-10-at-12.24.05-pm.jpeg","width":2560,"height":1706},{"@type":"WebPage","@id":"https:\/\/elpuucnoticias.com\/?p=19884#webpage","url":"https:\/\/elpuucnoticias.com\/?p=19884","name":"En septiembre iniciar\u00e1n obras de trenes de Quer\u00e9taro-Irapuato y Saltillo-Nuevo Laredo - El Puuc Noticias","isPartOf":{"@id":"https:\/\/elpuucnoticias.com\/#website"},"primaryImageOfPage":{"@id":"https:\/\/elpuucnoticias.com\/?p=19884#primaryimage"},"datePublished":"2025-07-10T18:47:29+00:00","dateModified":"2025-07-10T18:47:29+00:00","author":{"@id":"https:\/\/elpuucnoticias.com\/#\/schema\/person\/d2ea09e4c97f0160b11cdfb1d856bd9e"},"breadcrumb":{"@id":"https:\/\/elpuucnoticias.com\/?p=19884#breadcrumb"},"inLanguage":"es","potentialAction":[{"@type":"ReadAction","target":["https:\/\/elpuucnoticias.com\/?p=19884"]}]},{"@type":"BreadcrumbList","@id":"https:\/\/elpuucnoticias.com\/?p=19884#breadcrumb","itemListElement":[{"@type":"ListItem","position":1,"name":"Portada","item":"https:\/\/elpuucnoticias.com\/"},{"@type":"ListItem","position":2,"name":"En septiembre iniciar\u00e1n obras de trenes de Quer\u00e9taro-Irapuato y Saltillo-Nuevo Laredo"}]},{"@type":"Person","@id":"https:\/\/elpuucnoticias.com\/#\/schema\/person\/d2ea09e4c97f0160b11cdfb1d856bd9e","name":"elpuucnoticias","image":{"@type":"ImageObject","@id":"https:\/\/elpuucnoticias.com\/#personlogo","inLanguage":"es","url":"https:\/\/secure.gravatar.com\/avatar\/5290a43657c74ffa15701dbe5b846bd85cc71930d803c84e91046a7333de6ce2?s=96&d=mm&r=g","contentUrl":"https:\/\/secure.gravatar.com\/avatar\/5290a43657c74ffa15701dbe5b846bd85cc71930d803c84e91046a7333de6ce2?s=96&d=mm&r=g","caption":"elpuucnoticias"},"sameAs":["https:\/\/elpuucnoticias.com"],"url":"https:\/\/elpuucnoticias.com\/?author=1"}]}},"_links":{"self":[{"href":"https:\/\/elpuucnoticias.com\/index.php?rest_route=\/wp\/v2\/posts\/19884","targetHints":{"allow":["GET"]}}],"collection":[{"href":"https:\/\/elpuucnoticias.com\/index.php?rest_route=\/wp\/v2\/posts"}],"about":[{"href":"https:\/\/elpuucnoticias.com\/index.php?rest_route=\/wp\/v2\/types\/post"}],"author":[{"embeddable":true,"href":"https:\/\/elpuucnoticias.com\/index.php?rest_route=\/wp\/v2\/users\/1"}],"replies":[{"embeddable":true,"href":"https:\/\/elpuucnoticias.com\/index.php?rest_route=%2Fwp%2Fv2%2Fcomments&post=19884"}],"version-history":[{"count":1,"href":"https:\/\/elpuucnoticias.com\/index.php?rest_route=\/wp\/v2\/posts\/19884\/revisions"}],"predecessor-version":[{"id":19889,"href":"https:\/\/elpuucnoticias.com\/index.php?rest_route=\/wp\/v2\/posts\/19884\/revisions\/19889"}],"wp:featuredmedia":[{"embeddable":true,"href":"https:\/\/elpuucnoticias.com\/index.php?rest_route=\/wp\/v2\/media\/19888"}],"wp:attachment":[{"href":"https:\/\/elpuucnoticias.com\/index.php?rest_route=%2Fwp%2Fv2%2Fmedia&parent=19884"}],"wp:term":[{"taxonomy":"category","embeddable":true,"href":"https:\/\/elpuucnoticias.com\/index.php?rest_route=%2Fwp%2Fv2%2Fcategories&post=19884"},{"taxonomy":"post_tag","embeddable":true,"href":"https:\/\/elpuucnoticias.com\/index.php?rest_route=%2Fwp%2Fv2%2Ftags&post=19884"}],"curies":[{"name":"wp","href":"https:\/\/api.w.org\/{rel}","templated":true}]}}