{"id":19890,"date":"2025-07-10T12:54:16","date_gmt":"2025-07-10T18:54:16","guid":{"rendered":"https:\/\/elpuucnoticias.com\/?p=19890"},"modified":"2025-07-10T12:54:16","modified_gmt":"2025-07-10T18:54:16","slug":"seguridad-en-la-aviacion-prioridad-del-gobierno-de-mexico","status":"publish","type":"post","link":"https:\/\/elpuucnoticias.com\/?p=19890","title":{"rendered":"Seguridad en la aviaci\u00f3n, prioridad del Gobierno de M\u00e9xico"},"content":{"rendered":"\n<p>Aviaci\u00f3n de M\u00e9xico, con enorme potencial para fortalecer conectividad, afirm\u00f3 director de ASA, Manuel Merino Campos<br>La subsecretaria de Comunicaciones y Transportes, Tania Carro Toledo, afirm\u00f3 que la seguridad de todas y todos los usuarios en la aviaci\u00f3n del pa\u00eds es una prioridad del Gobierno de M\u00e9xico, \u201cpor esto cada decisi\u00f3n que tomamos debe tener como eje el bienestar de las personas y el fortalecimiento de un sistema que funcione para todas y todos\u201d.<\/p>\n\n\n\n<figure class=\"wp-block-image size-large is-style-default\"><img loading=\"lazy\" decoding=\"async\" width=\"1024\" height=\"683\" src=\"https:\/\/elpuucnoticias.com\/wp-content\/uploads\/2025\/07\/whatsapp-image-2025-07-10-at-12.24.18-pm-1024x683.jpeg\" alt=\"\" class=\"wp-image-19893\" srcset=\"https:\/\/elpuucnoticias.com\/wp-content\/uploads\/2025\/07\/whatsapp-image-2025-07-10-at-12.24.18-pm-1024x683.jpeg 1024w, https:\/\/elpuucnoticias.com\/wp-content\/uploads\/2025\/07\/whatsapp-image-2025-07-10-at-12.24.18-pm-300x200.jpeg 300w, https:\/\/elpuucnoticias.com\/wp-content\/uploads\/2025\/07\/whatsapp-image-2025-07-10-at-12.24.18-pm-768x512.jpeg 768w, https:\/\/elpuucnoticias.com\/wp-content\/uploads\/2025\/07\/whatsapp-image-2025-07-10-at-12.24.18-pm-1536x1024.jpeg 1536w, https:\/\/elpuucnoticias.com\/wp-content\/uploads\/2025\/07\/whatsapp-image-2025-07-10-at-12.24.18-pm-600x400.jpeg 600w, https:\/\/elpuucnoticias.com\/wp-content\/uploads\/2025\/07\/whatsapp-image-2025-07-10-at-12.24.18-pm-320x213.jpeg 320w, https:\/\/elpuucnoticias.com\/wp-content\/uploads\/2025\/07\/whatsapp-image-2025-07-10-at-12.24.18-pm.jpeg 1600w\" sizes=\"auto, (max-width: 1024px) 100vw, 1024px\" \/><\/figure>\n\n\n\n<p><br>Al acudir con la representaci\u00f3n del secretario de Infraestructura, Comunicaciones y Transportes (SICT), Jes\u00fas Antonio Esteva Medina, al evento \u201cAirport day ACI-LAC M\u00e9xico 2025\u201d, la funcionaria federal destac\u00f3 la sustentabilidad en el futuro de la aviaci\u00f3n.<\/p>\n\n\n\n<p><br>\u201cEl desarrollo y adopci\u00f3n de nuevas energ\u00edas limpias y tecnolog\u00edas sostenibles es urgente\u201d, dijo.<br>\u201cReducir las emisiones de carbono no s\u00f3lo ayudar\u00e1 a combatir el cambio clim\u00e1tico, sino que tambi\u00e9n significar\u00e1 una mejor calidad de vida para las y los mexicanos y un compromiso real con las futuras generaciones\u201d, argument\u00f3.<\/p>\n\n\n\n<p><br>Carro Toledo coment\u00f3 que desde el Gobierno de M\u00e9xico seguimos avanzando con paso firme en el segundo piso de la Cuarta Transformaci\u00f3n.<br>Lo anterior, convencidas y convencidos de que la aviaci\u00f3n que el pa\u00eds merece es una que conecte a las personas, genere empleos, impulse el desarrollo econ\u00f3mico, pero que sea equitativa, incluyente y sostenible.<\/p>\n\n\n\n<p><br>\u201cEstos encuentros fomentan la colaboraci\u00f3n entre el sector p\u00fablico y privado, uniendo esfuerzos y voluntades para fortalecer la infraestructura aeroportuaria que M\u00e9xico y la regi\u00f3n necesitan\u201d, agreg\u00f3 la funcionaria.<\/p>\n\n\n\n<figure class=\"wp-block-image size-large is-style-default\"><img loading=\"lazy\" decoding=\"async\" width=\"683\" height=\"1024\" src=\"https:\/\/elpuucnoticias.com\/wp-content\/uploads\/2025\/07\/whatsapp-image-2025-07-10-at-12.24.18-pm-3-683x1024.jpeg\" alt=\"\" class=\"wp-image-19891\" srcset=\"https:\/\/elpuucnoticias.com\/wp-content\/uploads\/2025\/07\/whatsapp-image-2025-07-10-at-12.24.18-pm-3-683x1024.jpeg 683w, https:\/\/elpuucnoticias.com\/wp-content\/uploads\/2025\/07\/whatsapp-image-2025-07-10-at-12.24.18-pm-3-200x300.jpeg 200w, https:\/\/elpuucnoticias.com\/wp-content\/uploads\/2025\/07\/whatsapp-image-2025-07-10-at-12.24.18-pm-3-768x1152.jpeg 768w, https:\/\/elpuucnoticias.com\/wp-content\/uploads\/2025\/07\/whatsapp-image-2025-07-10-at-12.24.18-pm-3-1024x1536.jpeg 1024w, https:\/\/elpuucnoticias.com\/wp-content\/uploads\/2025\/07\/whatsapp-image-2025-07-10-at-12.24.18-pm-3-213x320.jpeg 213w, https:\/\/elpuucnoticias.com\/wp-content\/uploads\/2025\/07\/whatsapp-image-2025-07-10-at-12.24.18-pm-3.jpeg 1067w\" sizes=\"auto, (max-width: 683px) 100vw, 683px\" \/><\/figure>\n\n\n\n<p><br>Durante la inauguraci\u00f3n, el director general de Aeropuertos y Servicios Auxiliares (ASA), Carlos Manuel Merino Campos, subray\u00f3 la importancia de trabajar de manera coordinada para fortalecer la red aeroportuaria regional.<\/p>\n\n\n\n<p><br>\u201cComo miembro activo del consejo directivo de ACI-LAC, ASA celebra con orgullo este hito hist\u00f3rico en su sexag\u00e9simo aniversario. Hoy damos un paso firme hacia una aviaci\u00f3n verde, una conectividad social que beneficie a todos los mexicanos y una infraestructura de vanguardia\u201d, alert\u00f3.<\/p>\n\n\n\n<figure class=\"wp-block-gallery has-nested-images columns-default is-cropped wp-block-gallery-1 is-layout-flex wp-block-gallery-is-layout-flex\">\n<figure class=\"wp-block-image size-large is-style-default\"><img loading=\"lazy\" decoding=\"async\" width=\"1024\" height=\"683\" data-id=\"19892\" src=\"https:\/\/elpuucnoticias.com\/wp-content\/uploads\/2025\/07\/whatsapp-image-2025-07-10-at-12.24.18-pm-2-1024x683.jpeg\" alt=\"\" class=\"wp-image-19892\" srcset=\"https:\/\/elpuucnoticias.com\/wp-content\/uploads\/2025\/07\/whatsapp-image-2025-07-10-at-12.24.18-pm-2-1024x683.jpeg 1024w, https:\/\/elpuucnoticias.com\/wp-content\/uploads\/2025\/07\/whatsapp-image-2025-07-10-at-12.24.18-pm-2-300x200.jpeg 300w, https:\/\/elpuucnoticias.com\/wp-content\/uploads\/2025\/07\/whatsapp-image-2025-07-10-at-12.24.18-pm-2-768x512.jpeg 768w, https:\/\/elpuucnoticias.com\/wp-content\/uploads\/2025\/07\/whatsapp-image-2025-07-10-at-12.24.18-pm-2-1536x1024.jpeg 1536w, https:\/\/elpuucnoticias.com\/wp-content\/uploads\/2025\/07\/whatsapp-image-2025-07-10-at-12.24.18-pm-2-600x400.jpeg 600w, https:\/\/elpuucnoticias.com\/wp-content\/uploads\/2025\/07\/whatsapp-image-2025-07-10-at-12.24.18-pm-2-320x213.jpeg 320w, https:\/\/elpuucnoticias.com\/wp-content\/uploads\/2025\/07\/whatsapp-image-2025-07-10-at-12.24.18-pm-2.jpeg 1599w\" sizes=\"auto, (max-width: 1024px) 100vw, 1024px\" \/><\/figure>\n<\/figure>\n\n\n\n<p>Destac\u00f3 que M\u00e9xico tiene un papel estrat\u00e9gico en el ecosistema a\u00e9reo de la regi\u00f3n. Mientras que en Am\u00e9rica Latina y el Caribe el 74 por ciento de los aeropuertos son regionales, en M\u00e9xico representan el 58 por ciento, lo que refleja un enorme potencial para fortalecer su rol en la conectividad del pa\u00eds.<\/p>\n\n\n\n<p>En su oportunidad, el director general de ACI-LAC, Rafael Echevarne, afirm\u00f3 que los aeropuertos son verdaderos polos de desarrollo para las comunidades, que atienden y desempe\u00f1an un papel clave como alimentadores de los grandes hubs nacionales e internacionales.<\/p>\n","protected":false},"excerpt":{"rendered":"<p>Aviaci\u00f3n de M\u00e9xico, con enorme potencial para fortalecer conectividad, afirm\u00f3 director de ASA, Manuel Merino CamposLa subsecretaria de<\/p>\n","protected":false},"author":1,"featured_media":19894,"comment_status":"closed","ping_status":"open","sticky":false,"template":"","format":"standard","meta":{"_monsterinsights_skip_tracking":false,"_monsterinsights_sitenote_active":false,"_monsterinsights_sitenote_note":"","_monsterinsights_sitenote_category":0,"footnotes":""},"categories":[11],"tags":[],"class_list":["post-19890","post","type-post","status-publish","format-standard","has-post-thumbnail","hentry","category-noticias"],"yoast_head":"<!-- This site is optimized with the Yoast SEO plugin v18.3 - https:\/\/yoast.com\/wordpress\/plugins\/seo\/ -->\n<title>Seguridad en la aviaci\u00f3n, prioridad del Gobierno de M\u00e9xico - El Puuc Noticias<\/title>\n<meta name=\"robots\" content=\"index, follow, max-snippet:-1, max-image-preview:large, max-video-preview:-1\" \/>\n<link rel=\"canonical\" href=\"https:\/\/elpuucnoticias.com\/?p=19890\" \/>\n<meta property=\"og:locale\" content=\"es_ES\" \/>\n<meta property=\"og:type\" content=\"article\" \/>\n<meta property=\"og:title\" content=\"Seguridad en la aviaci\u00f3n, prioridad del Gobierno de M\u00e9xico - El Puuc Noticias\" \/>\n<meta property=\"og:description\" content=\"Aviaci\u00f3n de M\u00e9xico, con enorme potencial para fortalecer conectividad, afirm\u00f3 director de ASA, Manuel Merino CamposLa subsecretaria de\" \/>\n<meta property=\"og:url\" content=\"https:\/\/elpuucnoticias.com\/?p=19890\" \/>\n<meta property=\"og:site_name\" content=\"El Puuc Noticias\" \/>\n<meta property=\"article:published_time\" content=\"2025-07-10T18:54:16+00:00\" \/>\n<meta property=\"og:image\" content=\"https:\/\/elpuucnoticias.com\/wp-content\/uploads\/2025\/07\/whatsapp-image-2025-07-10-at-12.24.18-pm-1.jpeg\" \/>\n\t<meta property=\"og:image:width\" content=\"1599\" \/>\n\t<meta property=\"og:image:height\" content=\"1066\" \/>\n\t<meta property=\"og:image:type\" content=\"image\/jpeg\" \/>\n<meta name=\"twitter:card\" content=\"summary_large_image\" \/>\n<meta name=\"twitter:label1\" content=\"Escrito por\" \/>\n\t<meta name=\"twitter:data1\" content=\"elpuucnoticias\" \/>\n\t<meta name=\"twitter:label2\" content=\"Tiempo de lectura\" \/>\n\t<meta name=\"twitter:data2\" content=\"2 minutos\" \/>\n<script type=\"application\/ld+json\" class=\"yoast-schema-graph\">{\"@context\":\"https:\/\/schema.org\",\"@graph\":[{\"@type\":\"WebSite\",\"@id\":\"https:\/\/elpuucnoticias.com\/#website\",\"url\":\"https:\/\/elpuucnoticias.com\/\",\"name\":\"El Puuc Noticias\",\"description\":\"Noticias - Entretenimiento - Deportes\",\"potentialAction\":[{\"@type\":\"SearchAction\",\"target\":{\"@type\":\"EntryPoint\",\"urlTemplate\":\"https:\/\/elpuucnoticias.com\/?s={search_term_string}\"},\"query-input\":\"required name=search_term_string\"}],\"inLanguage\":\"es\"},{\"@type\":\"ImageObject\",\"@id\":\"https:\/\/elpuucnoticias.com\/?p=19890#primaryimage\",\"inLanguage\":\"es\",\"url\":\"https:\/\/elpuucnoticias.com\/wp-content\/uploads\/2025\/07\/whatsapp-image-2025-07-10-at-12.24.18-pm-1.jpeg\",\"contentUrl\":\"https:\/\/elpuucnoticias.com\/wp-content\/uploads\/2025\/07\/whatsapp-image-2025-07-10-at-12.24.18-pm-1.jpeg\",\"width\":1599,\"height\":1066},{\"@type\":\"WebPage\",\"@id\":\"https:\/\/elpuucnoticias.com\/?p=19890#webpage\",\"url\":\"https:\/\/elpuucnoticias.com\/?p=19890\",\"name\":\"Seguridad en la aviaci\u00f3n, prioridad del Gobierno de M\u00e9xico - El Puuc Noticias\",\"isPartOf\":{\"@id\":\"https:\/\/elpuucnoticias.com\/#website\"},\"primaryImageOfPage\":{\"@id\":\"https:\/\/elpuucnoticias.com\/?p=19890#primaryimage\"},\"datePublished\":\"2025-07-10T18:54:16+00:00\",\"dateModified\":\"2025-07-10T18:54:16+00:00\",\"author\":{\"@id\":\"https:\/\/elpuucnoticias.com\/#\/schema\/person\/d2ea09e4c97f0160b11cdfb1d856bd9e\"},\"breadcrumb\":{\"@id\":\"https:\/\/elpuucnoticias.com\/?p=19890#breadcrumb\"},\"inLanguage\":\"es\",\"potentialAction\":[{\"@type\":\"ReadAction\",\"target\":[\"https:\/\/elpuucnoticias.com\/?p=19890\"]}]},{\"@type\":\"BreadcrumbList\",\"@id\":\"https:\/\/elpuucnoticias.com\/?p=19890#breadcrumb\",\"itemListElement\":[{\"@type\":\"ListItem\",\"position\":1,\"name\":\"Portada\",\"item\":\"https:\/\/elpuucnoticias.com\/\"},{\"@type\":\"ListItem\",\"position\":2,\"name\":\"Seguridad en la aviaci\u00f3n, prioridad del Gobierno de M\u00e9xico\"}]},{\"@type\":\"Person\",\"@id\":\"https:\/\/elpuucnoticias.com\/#\/schema\/person\/d2ea09e4c97f0160b11cdfb1d856bd9e\",\"name\":\"elpuucnoticias\",\"image\":{\"@type\":\"ImageObject\",\"@id\":\"https:\/\/elpuucnoticias.com\/#personlogo\",\"inLanguage\":\"es\",\"url\":\"https:\/\/secure.gravatar.com\/avatar\/5290a43657c74ffa15701dbe5b846bd85cc71930d803c84e91046a7333de6ce2?s=96&d=mm&r=g\",\"contentUrl\":\"https:\/\/secure.gravatar.com\/avatar\/5290a43657c74ffa15701dbe5b846bd85cc71930d803c84e91046a7333de6ce2?s=96&d=mm&r=g\",\"caption\":\"elpuucnoticias\"},\"sameAs\":[\"https:\/\/elpuucnoticias.com\"],\"url\":\"https:\/\/elpuucnoticias.com\/?author=1\"}]}<\/script>\n<!-- \/ Yoast SEO plugin. -->","yoast_head_json":{"title":"Seguridad en la aviaci\u00f3n, prioridad del Gobierno de M\u00e9xico - El Puuc Noticias","robots":{"index":"index","follow":"follow","max-snippet":"max-snippet:-1","max-image-preview":"max-image-preview:large","max-video-preview":"max-video-preview:-1"},"canonical":"https:\/\/elpuucnoticias.com\/?p=19890","og_locale":"es_ES","og_type":"article","og_title":"Seguridad en la aviaci\u00f3n, prioridad del Gobierno de M\u00e9xico - El Puuc Noticias","og_description":"Aviaci\u00f3n de M\u00e9xico, con enorme potencial para fortalecer conectividad, afirm\u00f3 director de ASA, Manuel Merino CamposLa subsecretaria de","og_url":"https:\/\/elpuucnoticias.com\/?p=19890","og_site_name":"El Puuc Noticias","article_published_time":"2025-07-10T18:54:16+00:00","og_image":[{"width":1599,"height":1066,"url":"https:\/\/elpuucnoticias.com\/wp-content\/uploads\/2025\/07\/whatsapp-image-2025-07-10-at-12.24.18-pm-1.jpeg","type":"image\/jpeg"}],"twitter_card":"summary_large_image","twitter_misc":{"Escrito por":"elpuucnoticias","Tiempo de lectura":"2 minutos"},"schema":{"@context":"https:\/\/schema.org","@graph":[{"@type":"WebSite","@id":"https:\/\/elpuucnoticias.com\/#website","url":"https:\/\/elpuucnoticias.com\/","name":"El Puuc Noticias","description":"Noticias - Entretenimiento - Deportes","potentialAction":[{"@type":"SearchAction","target":{"@type":"EntryPoint","urlTemplate":"https:\/\/elpuucnoticias.com\/?s={search_term_string}"},"query-input":"required name=search_term_string"}],"inLanguage":"es"},{"@type":"ImageObject","@id":"https:\/\/elpuucnoticias.com\/?p=19890#primaryimage","inLanguage":"es","url":"https:\/\/elpuucnoticias.com\/wp-content\/uploads\/2025\/07\/whatsapp-image-2025-07-10-at-12.24.18-pm-1.jpeg","contentUrl":"https:\/\/elpuucnoticias.com\/wp-content\/uploads\/2025\/07\/whatsapp-image-2025-07-10-at-12.24.18-pm-1.jpeg","width":1599,"height":1066},{"@type":"WebPage","@id":"https:\/\/elpuucnoticias.com\/?p=19890#webpage","url":"https:\/\/elpuucnoticias.com\/?p=19890","name":"Seguridad en la aviaci\u00f3n, prioridad del Gobierno de M\u00e9xico - El Puuc Noticias","isPartOf":{"@id":"https:\/\/elpuucnoticias.com\/#website"},"primaryImageOfPage":{"@id":"https:\/\/elpuucnoticias.com\/?p=19890#primaryimage"},"datePublished":"2025-07-10T18:54:16+00:00","dateModified":"2025-07-10T18:54:16+00:00","author":{"@id":"https:\/\/elpuucnoticias.com\/#\/schema\/person\/d2ea09e4c97f0160b11cdfb1d856bd9e"},"breadcrumb":{"@id":"https:\/\/elpuucnoticias.com\/?p=19890#breadcrumb"},"inLanguage":"es","potentialAction":[{"@type":"ReadAction","target":["https:\/\/elpuucnoticias.com\/?p=19890"]}]},{"@type":"BreadcrumbList","@id":"https:\/\/elpuucnoticias.com\/?p=19890#breadcrumb","itemListElement":[{"@type":"ListItem","position":1,"name":"Portada","item":"https:\/\/elpuucnoticias.com\/"},{"@type":"ListItem","position":2,"name":"Seguridad en la aviaci\u00f3n, prioridad del Gobierno de M\u00e9xico"}]},{"@type":"Person","@id":"https:\/\/elpuucnoticias.com\/#\/schema\/person\/d2ea09e4c97f0160b11cdfb1d856bd9e","name":"elpuucnoticias","image":{"@type":"ImageObject","@id":"https:\/\/elpuucnoticias.com\/#personlogo","inLanguage":"es","url":"https:\/\/secure.gravatar.com\/avatar\/5290a43657c74ffa15701dbe5b846bd85cc71930d803c84e91046a7333de6ce2?s=96&d=mm&r=g","contentUrl":"https:\/\/secure.gravatar.com\/avatar\/5290a43657c74ffa15701dbe5b846bd85cc71930d803c84e91046a7333de6ce2?s=96&d=mm&r=g","caption":"elpuucnoticias"},"sameAs":["https:\/\/elpuucnoticias.com"],"url":"https:\/\/elpuucnoticias.com\/?author=1"}]}},"_links":{"self":[{"href":"https:\/\/elpuucnoticias.com\/index.php?rest_route=\/wp\/v2\/posts\/19890","targetHints":{"allow":["GET"]}}],"collection":[{"href":"https:\/\/elpuucnoticias.com\/index.php?rest_route=\/wp\/v2\/posts"}],"about":[{"href":"https:\/\/elpuucnoticias.com\/index.php?rest_route=\/wp\/v2\/types\/post"}],"author":[{"embeddable":true,"href":"https:\/\/elpuucnoticias.com\/index.php?rest_route=\/wp\/v2\/users\/1"}],"replies":[{"embeddable":true,"href":"https:\/\/elpuucnoticias.com\/index.php?rest_route=%2Fwp%2Fv2%2Fcomments&post=19890"}],"version-history":[{"count":1,"href":"https:\/\/elpuucnoticias.com\/index.php?rest_route=\/wp\/v2\/posts\/19890\/revisions"}],"predecessor-version":[{"id":19895,"href":"https:\/\/elpuucnoticias.com\/index.php?rest_route=\/wp\/v2\/posts\/19890\/revisions\/19895"}],"wp:featuredmedia":[{"embeddable":true,"href":"https:\/\/elpuucnoticias.com\/index.php?rest_route=\/wp\/v2\/media\/19894"}],"wp:attachment":[{"href":"https:\/\/elpuucnoticias.com\/index.php?rest_route=%2Fwp%2Fv2%2Fmedia&parent=19890"}],"wp:term":[{"taxonomy":"category","embeddable":true,"href":"https:\/\/elpuucnoticias.com\/index.php?rest_route=%2Fwp%2Fv2%2Fcategories&post=19890"},{"taxonomy":"post_tag","embeddable":true,"href":"https:\/\/elpuucnoticias.com\/index.php?rest_route=%2Fwp%2Fv2%2Ftags&post=19890"}],"curies":[{"name":"wp","href":"https:\/\/api.w.org\/{rel}","templated":true}]}}