{"id":19902,"date":"2025-07-10T13:06:28","date_gmt":"2025-07-10T19:06:28","guid":{"rendered":"https:\/\/elpuucnoticias.com\/?p=19902"},"modified":"2025-07-10T13:06:29","modified_gmt":"2025-07-10T19:06:29","slug":"entrega-seq-equipo-y-mobiliario-a-cuatro-escuelas-de-nivel-basico-de-chetumal-y-calderitas","status":"publish","type":"post","link":"https:\/\/elpuucnoticias.com\/?p=19902","title":{"rendered":"Entrega SEQ equipo y mobiliario a cuatro escuelas de nivel b\u00e1sico de Chetumal y Calderitas"},"content":{"rendered":"\n<p>La secretaria de Educaci\u00f3n, Elda Xix Eu\u00e1n, encabez\u00f3 la entrega de equipamiento y mobiliario a dos escuelas primarias de Chetumal y dos telesecundarias de la comunidad de Calderitas, como parte del Programa Fortalecimiento a la Educaci\u00f3n B\u00e1sica, que tiene como finalidad que las escuelas del estado cuenten con todo lo necesario para el mejoramiento de los aprendizajes de las y los estudiantes.<\/p>\n\n\n\n<figure class=\"wp-block-image is-style-default\"><a href=\"https:\/\/cgc.qroo.gob.mx\/cjg\/wp-content\/uploads\/2025\/07\/WhatsApp-Image-2025-07-08-at-15.06.43-1.jpeg\"><img decoding=\"async\" src=\"https:\/\/cgc.qroo.gob.mx\/cjg\/wp-content\/uploads\/2025\/07\/WhatsApp-Image-2025-07-08-at-15.06.43-1-585x390.jpeg\" alt=\"\" title=\"WhatsApp Image 2025-07-08 at 15.06.43 (1)\"\/><\/a><\/figure>\n\n\n\n<p>A trav\u00e9s del Nuevo Acuerdo por el Bienestar y Desarrollo de Quintana Roo que impulsa la gobernadora Mara Lezama Espinosa, se han establecido pol\u00edticas p\u00fablicas para que la educaci\u00f3n que se imparte en todas las escuelas de nuestro estado lleve el signo de esta administraci\u00f3n: que sea humanista, solidaria, inclusiva y transformadora.<\/p>\n\n\n\n<p>La titular de la SEQ, Elda Xix Eu\u00e1n, manifest\u00f3: \u201cLa entrega de equipo y mobiliario es para fortalecer la labor educativa de las y los maestros de Quintana Roo con recursos del Gobierno del Estado, lo cual forma parte de la inversi\u00f3n de m\u00e1s de 81 millones de pesos que se ejercen a trav\u00e9s del Programa Fortalecimiento a la Educaci\u00f3n B\u00e1sica en beneficio de los aprendizajes de las y los alumnos\u201d.<\/p>\n\n\n\n<figure class=\"wp-block-image is-style-default\"><a href=\"https:\/\/cgc.qroo.gob.mx\/cjg\/wp-content\/uploads\/2025\/07\/WhatsApp-Image-2025-07-08-at-15.06.43.jpeg\"><img decoding=\"async\" src=\"https:\/\/cgc.qroo.gob.mx\/cjg\/wp-content\/uploads\/2025\/07\/WhatsApp-Image-2025-07-08-at-15.06.43-585x288.jpeg\" alt=\"\" title=\"WhatsApp Image 2025-07-08 at 15.06.43\"\/><\/a><\/figure>\n\n\n\n<p>Dijo que el Programa es emblem\u00e1tico de la gobernadora Mara Lezama Espinosa y agreg\u00f3 que seguir\u00e1 la entrega de equipo y mobiliario a las escuelas, para dar cumplimiento a las peticiones de los directivos de los centros educativos.<\/p>\n\n\n\n<figure class=\"wp-block-image is-style-default\"><a href=\"https:\/\/cgc.qroo.gob.mx\/cjg\/wp-content\/uploads\/2025\/07\/WhatsApp-Image-2025-07-08-at-15.06.44-2.jpeg\"><img decoding=\"async\" src=\"https:\/\/cgc.qroo.gob.mx\/cjg\/wp-content\/uploads\/2025\/07\/WhatsApp-Image-2025-07-08-at-15.06.44-2-585x390.jpeg\" alt=\"\" title=\"WhatsApp Image 2025-07-08 at 15.06.44 (2)\"\/><\/a><\/figure>\n\n\n\n<p>En la comunidad de Calderitas, visit\u00f3 la telesecundaria \u201cJes\u00fas Mart\u00ednez Ross\u201d, donde entreg\u00f3 3 televisores, un kit deportivo y 12 ventiladores. Posteriormente, la telesecundaria \u201cJos\u00e9 Mar\u00eda de la Vega\u201d recibi\u00f3 de la autoridad educativa 3 televisores y un kit deportivo.<\/p>\n\n\n\n<p>En Chetumal, la secretaria de Educaci\u00f3n visit\u00f3 la primaria \u201cRufo Figueroa\u201d, para entregar un kit deportivo, una podadora y una desbrozadora; y finalmente acudi\u00f3 a la primaria \u201cSantiago Pacheco Cruz\u201d, donde entreg\u00f3 32 ventiladores, 32 l\u00e1mparas, 9 escritorios, 9 sillas para maestros, un kit deportivo, una podadora y una desbrozadora.<\/p>\n","protected":false},"excerpt":{"rendered":"<p>La secretaria de Educaci\u00f3n, Elda Xix Eu\u00e1n, encabez\u00f3 la entrega de equipamiento y mobiliario a dos escuelas primarias<\/p>\n","protected":false},"author":1,"featured_media":19903,"comment_status":"closed","ping_status":"open","sticky":false,"template":"","format":"standard","meta":{"_monsterinsights_skip_tracking":false,"_monsterinsights_sitenote_active":false,"_monsterinsights_sitenote_note":"","_monsterinsights_sitenote_category":0,"footnotes":""},"categories":[11,24],"tags":[],"class_list":["post-19902","post","type-post","status-publish","format-standard","has-post-thumbnail","hentry","category-noticias","category-quintana-roo"],"yoast_head":"<!-- This site is optimized with the Yoast SEO plugin v18.3 - https:\/\/yoast.com\/wordpress\/plugins\/seo\/ -->\n<title>Entrega SEQ equipo y mobiliario a cuatro escuelas de nivel b\u00e1sico de Chetumal y Calderitas - El Puuc Noticias<\/title>\n<meta name=\"robots\" content=\"index, follow, max-snippet:-1, max-image-preview:large, max-video-preview:-1\" \/>\n<link rel=\"canonical\" href=\"https:\/\/elpuucnoticias.com\/?p=19902\" \/>\n<meta property=\"og:locale\" content=\"es_ES\" \/>\n<meta property=\"og:type\" content=\"article\" \/>\n<meta property=\"og:title\" content=\"Entrega SEQ equipo y mobiliario a cuatro escuelas de nivel b\u00e1sico de Chetumal y Calderitas - El Puuc Noticias\" \/>\n<meta property=\"og:description\" content=\"La secretaria de Educaci\u00f3n, Elda Xix Eu\u00e1n, encabez\u00f3 la entrega de equipamiento y mobiliario a dos escuelas primarias\" \/>\n<meta property=\"og:url\" content=\"https:\/\/elpuucnoticias.com\/?p=19902\" \/>\n<meta property=\"og:site_name\" content=\"El Puuc Noticias\" \/>\n<meta property=\"article:published_time\" content=\"2025-07-10T19:06:28+00:00\" \/>\n<meta property=\"article:modified_time\" content=\"2025-07-10T19:06:29+00:00\" \/>\n<meta property=\"og:image\" content=\"https:\/\/elpuucnoticias.com\/wp-content\/uploads\/2025\/07\/whatsapp-image-2025-07-08-at-15.06.44-1.jpeg\" \/>\n\t<meta property=\"og:image:width\" content=\"1280\" \/>\n\t<meta property=\"og:image:height\" content=\"563\" \/>\n\t<meta property=\"og:image:type\" content=\"image\/jpeg\" \/>\n<meta name=\"twitter:card\" content=\"summary_large_image\" \/>\n<meta name=\"twitter:label1\" content=\"Escrito por\" \/>\n\t<meta name=\"twitter:data1\" content=\"elpuucnoticias\" \/>\n\t<meta name=\"twitter:label2\" content=\"Tiempo de lectura\" \/>\n\t<meta name=\"twitter:data2\" content=\"2 minutos\" \/>\n<script type=\"application\/ld+json\" class=\"yoast-schema-graph\">{\"@context\":\"https:\/\/schema.org\",\"@graph\":[{\"@type\":\"WebSite\",\"@id\":\"https:\/\/elpuucnoticias.com\/#website\",\"url\":\"https:\/\/elpuucnoticias.com\/\",\"name\":\"El Puuc Noticias\",\"description\":\"Noticias - Entretenimiento - Deportes\",\"potentialAction\":[{\"@type\":\"SearchAction\",\"target\":{\"@type\":\"EntryPoint\",\"urlTemplate\":\"https:\/\/elpuucnoticias.com\/?s={search_term_string}\"},\"query-input\":\"required name=search_term_string\"}],\"inLanguage\":\"es\"},{\"@type\":\"ImageObject\",\"@id\":\"https:\/\/elpuucnoticias.com\/?p=19902#primaryimage\",\"inLanguage\":\"es\",\"url\":\"https:\/\/elpuucnoticias.com\/wp-content\/uploads\/2025\/07\/whatsapp-image-2025-07-08-at-15.06.44-1.jpeg\",\"contentUrl\":\"https:\/\/elpuucnoticias.com\/wp-content\/uploads\/2025\/07\/whatsapp-image-2025-07-08-at-15.06.44-1.jpeg\",\"width\":1280,\"height\":563},{\"@type\":\"WebPage\",\"@id\":\"https:\/\/elpuucnoticias.com\/?p=19902#webpage\",\"url\":\"https:\/\/elpuucnoticias.com\/?p=19902\",\"name\":\"Entrega SEQ equipo y mobiliario a cuatro escuelas de nivel b\u00e1sico de Chetumal y Calderitas - El Puuc Noticias\",\"isPartOf\":{\"@id\":\"https:\/\/elpuucnoticias.com\/#website\"},\"primaryImageOfPage\":{\"@id\":\"https:\/\/elpuucnoticias.com\/?p=19902#primaryimage\"},\"datePublished\":\"2025-07-10T19:06:28+00:00\",\"dateModified\":\"2025-07-10T19:06:29+00:00\",\"author\":{\"@id\":\"https:\/\/elpuucnoticias.com\/#\/schema\/person\/d2ea09e4c97f0160b11cdfb1d856bd9e\"},\"breadcrumb\":{\"@id\":\"https:\/\/elpuucnoticias.com\/?p=19902#breadcrumb\"},\"inLanguage\":\"es\",\"potentialAction\":[{\"@type\":\"ReadAction\",\"target\":[\"https:\/\/elpuucnoticias.com\/?p=19902\"]}]},{\"@type\":\"BreadcrumbList\",\"@id\":\"https:\/\/elpuucnoticias.com\/?p=19902#breadcrumb\",\"itemListElement\":[{\"@type\":\"ListItem\",\"position\":1,\"name\":\"Portada\",\"item\":\"https:\/\/elpuucnoticias.com\/\"},{\"@type\":\"ListItem\",\"position\":2,\"name\":\"Entrega SEQ equipo y mobiliario a cuatro escuelas de nivel b\u00e1sico de Chetumal y Calderitas\"}]},{\"@type\":\"Person\",\"@id\":\"https:\/\/elpuucnoticias.com\/#\/schema\/person\/d2ea09e4c97f0160b11cdfb1d856bd9e\",\"name\":\"elpuucnoticias\",\"image\":{\"@type\":\"ImageObject\",\"@id\":\"https:\/\/elpuucnoticias.com\/#personlogo\",\"inLanguage\":\"es\",\"url\":\"https:\/\/secure.gravatar.com\/avatar\/5290a43657c74ffa15701dbe5b846bd85cc71930d803c84e91046a7333de6ce2?s=96&d=mm&r=g\",\"contentUrl\":\"https:\/\/secure.gravatar.com\/avatar\/5290a43657c74ffa15701dbe5b846bd85cc71930d803c84e91046a7333de6ce2?s=96&d=mm&r=g\",\"caption\":\"elpuucnoticias\"},\"sameAs\":[\"https:\/\/elpuucnoticias.com\"],\"url\":\"https:\/\/elpuucnoticias.com\/?author=1\"}]}<\/script>\n<!-- \/ Yoast SEO plugin. -->","yoast_head_json":{"title":"Entrega SEQ equipo y mobiliario a cuatro escuelas de nivel b\u00e1sico de Chetumal y Calderitas - El Puuc Noticias","robots":{"index":"index","follow":"follow","max-snippet":"max-snippet:-1","max-image-preview":"max-image-preview:large","max-video-preview":"max-video-preview:-1"},"canonical":"https:\/\/elpuucnoticias.com\/?p=19902","og_locale":"es_ES","og_type":"article","og_title":"Entrega SEQ equipo y mobiliario a cuatro escuelas de nivel b\u00e1sico de Chetumal y Calderitas - El Puuc Noticias","og_description":"La secretaria de Educaci\u00f3n, Elda Xix Eu\u00e1n, encabez\u00f3 la entrega de equipamiento y mobiliario a dos escuelas primarias","og_url":"https:\/\/elpuucnoticias.com\/?p=19902","og_site_name":"El Puuc Noticias","article_published_time":"2025-07-10T19:06:28+00:00","article_modified_time":"2025-07-10T19:06:29+00:00","og_image":[{"width":1280,"height":563,"url":"https:\/\/elpuucnoticias.com\/wp-content\/uploads\/2025\/07\/whatsapp-image-2025-07-08-at-15.06.44-1.jpeg","type":"image\/jpeg"}],"twitter_card":"summary_large_image","twitter_misc":{"Escrito por":"elpuucnoticias","Tiempo de lectura":"2 minutos"},"schema":{"@context":"https:\/\/schema.org","@graph":[{"@type":"WebSite","@id":"https:\/\/elpuucnoticias.com\/#website","url":"https:\/\/elpuucnoticias.com\/","name":"El Puuc Noticias","description":"Noticias - Entretenimiento - Deportes","potentialAction":[{"@type":"SearchAction","target":{"@type":"EntryPoint","urlTemplate":"https:\/\/elpuucnoticias.com\/?s={search_term_string}"},"query-input":"required name=search_term_string"}],"inLanguage":"es"},{"@type":"ImageObject","@id":"https:\/\/elpuucnoticias.com\/?p=19902#primaryimage","inLanguage":"es","url":"https:\/\/elpuucnoticias.com\/wp-content\/uploads\/2025\/07\/whatsapp-image-2025-07-08-at-15.06.44-1.jpeg","contentUrl":"https:\/\/elpuucnoticias.com\/wp-content\/uploads\/2025\/07\/whatsapp-image-2025-07-08-at-15.06.44-1.jpeg","width":1280,"height":563},{"@type":"WebPage","@id":"https:\/\/elpuucnoticias.com\/?p=19902#webpage","url":"https:\/\/elpuucnoticias.com\/?p=19902","name":"Entrega SEQ equipo y mobiliario a cuatro escuelas de nivel b\u00e1sico de Chetumal y Calderitas - El Puuc Noticias","isPartOf":{"@id":"https:\/\/elpuucnoticias.com\/#website"},"primaryImageOfPage":{"@id":"https:\/\/elpuucnoticias.com\/?p=19902#primaryimage"},"datePublished":"2025-07-10T19:06:28+00:00","dateModified":"2025-07-10T19:06:29+00:00","author":{"@id":"https:\/\/elpuucnoticias.com\/#\/schema\/person\/d2ea09e4c97f0160b11cdfb1d856bd9e"},"breadcrumb":{"@id":"https:\/\/elpuucnoticias.com\/?p=19902#breadcrumb"},"inLanguage":"es","potentialAction":[{"@type":"ReadAction","target":["https:\/\/elpuucnoticias.com\/?p=19902"]}]},{"@type":"BreadcrumbList","@id":"https:\/\/elpuucnoticias.com\/?p=19902#breadcrumb","itemListElement":[{"@type":"ListItem","position":1,"name":"Portada","item":"https:\/\/elpuucnoticias.com\/"},{"@type":"ListItem","position":2,"name":"Entrega SEQ equipo y mobiliario a cuatro escuelas de nivel b\u00e1sico de Chetumal y Calderitas"}]},{"@type":"Person","@id":"https:\/\/elpuucnoticias.com\/#\/schema\/person\/d2ea09e4c97f0160b11cdfb1d856bd9e","name":"elpuucnoticias","image":{"@type":"ImageObject","@id":"https:\/\/elpuucnoticias.com\/#personlogo","inLanguage":"es","url":"https:\/\/secure.gravatar.com\/avatar\/5290a43657c74ffa15701dbe5b846bd85cc71930d803c84e91046a7333de6ce2?s=96&d=mm&r=g","contentUrl":"https:\/\/secure.gravatar.com\/avatar\/5290a43657c74ffa15701dbe5b846bd85cc71930d803c84e91046a7333de6ce2?s=96&d=mm&r=g","caption":"elpuucnoticias"},"sameAs":["https:\/\/elpuucnoticias.com"],"url":"https:\/\/elpuucnoticias.com\/?author=1"}]}},"_links":{"self":[{"href":"https:\/\/elpuucnoticias.com\/index.php?rest_route=\/wp\/v2\/posts\/19902","targetHints":{"allow":["GET"]}}],"collection":[{"href":"https:\/\/elpuucnoticias.com\/index.php?rest_route=\/wp\/v2\/posts"}],"about":[{"href":"https:\/\/elpuucnoticias.com\/index.php?rest_route=\/wp\/v2\/types\/post"}],"author":[{"embeddable":true,"href":"https:\/\/elpuucnoticias.com\/index.php?rest_route=\/wp\/v2\/users\/1"}],"replies":[{"embeddable":true,"href":"https:\/\/elpuucnoticias.com\/index.php?rest_route=%2Fwp%2Fv2%2Fcomments&post=19902"}],"version-history":[{"count":1,"href":"https:\/\/elpuucnoticias.com\/index.php?rest_route=\/wp\/v2\/posts\/19902\/revisions"}],"predecessor-version":[{"id":19904,"href":"https:\/\/elpuucnoticias.com\/index.php?rest_route=\/wp\/v2\/posts\/19902\/revisions\/19904"}],"wp:featuredmedia":[{"embeddable":true,"href":"https:\/\/elpuucnoticias.com\/index.php?rest_route=\/wp\/v2\/media\/19903"}],"wp:attachment":[{"href":"https:\/\/elpuucnoticias.com\/index.php?rest_route=%2Fwp%2Fv2%2Fmedia&parent=19902"}],"wp:term":[{"taxonomy":"category","embeddable":true,"href":"https:\/\/elpuucnoticias.com\/index.php?rest_route=%2Fwp%2Fv2%2Fcategories&post=19902"},{"taxonomy":"post_tag","embeddable":true,"href":"https:\/\/elpuucnoticias.com\/index.php?rest_route=%2Fwp%2Fv2%2Ftags&post=19902"}],"curies":[{"name":"wp","href":"https:\/\/api.w.org\/{rel}","templated":true}]}}