{"id":19943,"date":"2025-07-11T12:05:26","date_gmt":"2025-07-11T18:05:26","guid":{"rendered":"https:\/\/elpuucnoticias.com\/?p=19943"},"modified":"2025-07-11T12:05:27","modified_gmt":"2025-07-11T18:05:27","slug":"suma-esfuerzos-codeq-y-el-instituto-del-deporte-de-benito-juarez-para-fortalecer-el-curso-de-verano-baaxloob-paalaloob-2025","status":"publish","type":"post","link":"https:\/\/elpuucnoticias.com\/?p=19943","title":{"rendered":"Suma esfuerzos CODEQ y el Instituto del Deporte de Benito Ju\u00e1rez para fortalecer el Curso de Verano \u201cBaaxlo\u2019ob Paalalo\u2019ob 2025\u201d"},"content":{"rendered":"\n<p>Con el objetivo de fortalecer el tradicional Curso de Verano \u201cBaaxlo\u2019ob Paalalo\u2019ob 2025\u201d y en un hecho hist\u00f3rico en el deporte estatal, la Comisi\u00f3n del Deporte de Quintana Roo (CODEQ), presidida por Jacobo Arzate Hop, y el Instituto del Deporte del Municipio de Benito Ju\u00e1rez, encabezado por Alejandro Luna L\u00f3pez, firmaron un convenio de colaboraci\u00f3n para la realizaci\u00f3n de este programa vacacional en la ciudad de Canc\u00fan.<\/p>\n\n\n\n<figure class=\"wp-block-image is-style-default\"><a href=\"https:\/\/cgc.qroo.gob.mx\/cjg\/wp-content\/uploads\/2025\/07\/WhatsApp-Image-2025-07-10-at-14.36.59.jpeg\"><img decoding=\"async\" src=\"https:\/\/cgc.qroo.gob.mx\/cjg\/wp-content\/uploads\/2025\/07\/WhatsApp-Image-2025-07-10-at-14.36.59-585x390.jpeg\" alt=\"\" title=\"WhatsApp Image 2025-07-10 at 14.36.59\"\/><\/a><\/figure>\n\n\n\n<p>Tal como lo marca el Nuevo Acuerdo por el Bienestar y Desarrollo que promueve la gobernadora Mara Lezama Espinosa, se trabaja #ANivelDeCancha y siempre diciendo #S\u00edAlDeporte con los municipios de la entidad y, en este caso, con la administraci\u00f3n municipal que encabeza la presidenta Ana Paty Peralta, para impulsar el deporte a trav\u00e9s de uno de los Cursos de Verano m\u00e1s importantes de todo el estado.<\/p>\n\n\n\n<figure class=\"wp-block-image is-style-default\"><a href=\"https:\/\/cgc.qroo.gob.mx\/cjg\/wp-content\/uploads\/2025\/07\/WhatsApp-Image-2025-07-10-at-14.36.59-3.jpeg\"><img decoding=\"async\" src=\"https:\/\/cgc.qroo.gob.mx\/cjg\/wp-content\/uploads\/2025\/07\/WhatsApp-Image-2025-07-10-at-14.36.59-3-585x390.jpeg\" alt=\"\" title=\"WhatsApp Image 2025-07-10 at 14.36.59 (3)\"\/><\/a><\/figure>\n\n\n\n<p>\u201cEstamos muy contentos de sumar esfuerzos con el equipo del Instituto del Deporte de Benito Ju\u00e1rez, esto con el principal objetivo de promover el deporte entre la ni\u00f1ez y juventud quintanarroense y, en este caso, en Canc\u00fan. Venimos a sumar para que las y los ni\u00f1os que participen tengan un verano con mucho deporte y muy divertido\u201d, coment\u00f3 Jacobo Arzate.<\/p>\n\n\n\n<p>La firma de este convenio se realiz\u00f3 teniendo como testigos a los medios de comunicaci\u00f3n, y en donde se record\u00f3 que este curso se realizar\u00e1 del 21 de julio al 8 de agosto, teniendo como sede la primera semana el Gimnasio \u201cKuchil Baxal\u201d y, posteriormente, todo se concentrar\u00e1 en la Unidad Deportiva \u201cJos\u00e9 Mar\u00eda Morelos\u201d, mejor conocida como \u201cToro Valenzuela\u201d.<\/p>\n\n\n\n<figure class=\"wp-block-image is-style-default\"><a href=\"https:\/\/cgc.qroo.gob.mx\/cjg\/wp-content\/uploads\/2025\/07\/WhatsApp-Image-2025-07-10-at-14.36.59-1.jpeg\"><img decoding=\"async\" src=\"https:\/\/cgc.qroo.gob.mx\/cjg\/wp-content\/uploads\/2025\/07\/WhatsApp-Image-2025-07-10-at-14.36.59-1-585x390.jpeg\" alt=\"\" title=\"WhatsApp Image 2025-07-10 at 14.36.59 (1)\"\/><\/a><\/figure>\n\n\n\n<p>Por su parte, el director del Instituto del Deporte de Benito Ju\u00e1rez, Alejandro Luna, coment\u00f3: \u201cEstamos comprometidos con formar atletas cada vez m\u00e1s preparados, que puedan proyectarse hacia el alto rendimiento. Este convenio refleja el esp\u00edritu de colaboraci\u00f3n que impulsa el gobierno municipal con el gobierno estatal, priorizando el bienestar de la ni\u00f1ez y juventud a trav\u00e9s del deporte.\u201d<\/p>\n\n\n\n<p>Las autoridades deportivas tambi\u00e9n coincidieron en decir que otro de los objetivos principales de este acuerdo es crear un semillero de talento, para que en un futuro se tengan atletas que puedan representar al municipio y al estado en diferentes disciplinas y competencias, ya sea de \u00edndole nacional o internacional.<\/p>\n\n\n\n<p>Durante el evento protocolario, tambi\u00e9n estuvieron presentes como testigos Erik Alejandro Rojas Serrano, director de Alto Rendimiento de la CODEQ, e Izamar Mat\u00edas Bravata, Coordinadora de Deporte Estudiantil del Instituto del Deporte.<\/p>\n\n\n\n<figure class=\"wp-block-image is-style-default\"><a href=\"https:\/\/cgc.qroo.gob.mx\/cjg\/wp-content\/uploads\/2025\/07\/WhatsApp-Image-2025-07-10-at-14.36.59-4.jpeg\"><img decoding=\"async\" src=\"https:\/\/cgc.qroo.gob.mx\/cjg\/wp-content\/uploads\/2025\/07\/WhatsApp-Image-2025-07-10-at-14.36.59-4-585x390.jpeg\" alt=\"\" title=\"WhatsApp Image 2025-07-10 at 14.36.59 (4)\"\/><\/a><\/figure>\n\n\n\n<p>El curso est\u00e1 dirigido a ni\u00f1as y ni\u00f1os de 6 a 14 a\u00f1os y tendr\u00e1 un costo accesible de 750 pesos por las tres semanas, con un 50 % de descuento al segundo inscrito en caso de ser hermanos.<\/p>\n\n\n\n<p>Otra de las acciones de esta gran alianza es que se suman nuevas disciplinas deportivas a las 18 ya existentes, entre ellas: Patinaje de Velocidad, Halterofilia, Handball, Nataci\u00f3n, Nataci\u00f3n Art\u00edstica, Tiro Deportivo, Gimnasia y Tiro con Arco. Por primera vez se integran el acceso a la Alberca Ol\u00edmpica de Canc\u00fan, as\u00ed como la disciplina de Boliche, deporte que forma parte de la Olimpiada Nacional y donde se buscar\u00e1 identificar talentos emergentes para su impulso y desarrollo.<\/p>\n\n\n\n<p>Con esta sinergia institucional, el \u201cBaaxlo\u2019ob Paalalo\u2019ob 2025\u201d en Canc\u00fan reafirma su compromiso con el desarrollo integral de la ni\u00f1ez benitojuarense y quintanarroense, brindando espacios seguros, inclusivos y formativos que fomenten los valores, la salud y la disciplina.<\/p>\n","protected":false},"excerpt":{"rendered":"<p>Con el objetivo de fortalecer el tradicional Curso de Verano \u201cBaaxlo\u2019ob Paalalo\u2019ob 2025\u201d y en un hecho hist\u00f3rico<\/p>\n","protected":false},"author":1,"featured_media":19944,"comment_status":"closed","ping_status":"open","sticky":false,"template":"","format":"standard","meta":{"_monsterinsights_skip_tracking":false,"_monsterinsights_sitenote_active":false,"_monsterinsights_sitenote_note":"","_monsterinsights_sitenote_category":0,"footnotes":""},"categories":[11,24],"tags":[],"class_list":["post-19943","post","type-post","status-publish","format-standard","has-post-thumbnail","hentry","category-noticias","category-quintana-roo"],"yoast_head":"<!-- This site is optimized with the Yoast SEO plugin v18.3 - https:\/\/yoast.com\/wordpress\/plugins\/seo\/ -->\n<title>Suma esfuerzos CODEQ y el Instituto del Deporte de Benito Ju\u00e1rez para fortalecer el Curso de Verano \u201cBaaxlo\u2019ob Paalalo\u2019ob 2025\u201d - El Puuc Noticias<\/title>\n<meta name=\"robots\" content=\"index, follow, max-snippet:-1, max-image-preview:large, max-video-preview:-1\" \/>\n<link rel=\"canonical\" href=\"https:\/\/elpuucnoticias.com\/?p=19943\" \/>\n<meta property=\"og:locale\" content=\"es_ES\" \/>\n<meta property=\"og:type\" content=\"article\" \/>\n<meta property=\"og:title\" content=\"Suma esfuerzos CODEQ y el Instituto del Deporte de Benito Ju\u00e1rez para fortalecer el Curso de Verano \u201cBaaxlo\u2019ob Paalalo\u2019ob 2025\u201d - El Puuc Noticias\" \/>\n<meta property=\"og:description\" content=\"Con el objetivo de fortalecer el tradicional Curso de Verano \u201cBaaxlo\u2019ob Paalalo\u2019ob 2025\u201d y en un hecho hist\u00f3rico\" \/>\n<meta property=\"og:url\" content=\"https:\/\/elpuucnoticias.com\/?p=19943\" \/>\n<meta property=\"og:site_name\" content=\"El Puuc Noticias\" \/>\n<meta property=\"article:published_time\" content=\"2025-07-11T18:05:26+00:00\" \/>\n<meta property=\"article:modified_time\" content=\"2025-07-11T18:05:27+00:00\" \/>\n<meta property=\"og:image\" content=\"https:\/\/elpuucnoticias.com\/wp-content\/uploads\/2025\/07\/whatsapp-image-2025-07-10-at-14.36.59-2.jpeg\" \/>\n\t<meta property=\"og:image:width\" content=\"1600\" \/>\n\t<meta property=\"og:image:height\" content=\"1066\" \/>\n\t<meta property=\"og:image:type\" content=\"image\/jpeg\" \/>\n<meta name=\"twitter:card\" content=\"summary_large_image\" \/>\n<meta name=\"twitter:label1\" content=\"Escrito por\" \/>\n\t<meta name=\"twitter:data1\" content=\"elpuucnoticias\" \/>\n\t<meta name=\"twitter:label2\" content=\"Tiempo de lectura\" \/>\n\t<meta name=\"twitter:data2\" content=\"3 minutos\" \/>\n<script type=\"application\/ld+json\" class=\"yoast-schema-graph\">{\"@context\":\"https:\/\/schema.org\",\"@graph\":[{\"@type\":\"WebSite\",\"@id\":\"https:\/\/elpuucnoticias.com\/#website\",\"url\":\"https:\/\/elpuucnoticias.com\/\",\"name\":\"El Puuc Noticias\",\"description\":\"Noticias - Entretenimiento - Deportes\",\"potentialAction\":[{\"@type\":\"SearchAction\",\"target\":{\"@type\":\"EntryPoint\",\"urlTemplate\":\"https:\/\/elpuucnoticias.com\/?s={search_term_string}\"},\"query-input\":\"required name=search_term_string\"}],\"inLanguage\":\"es\"},{\"@type\":\"ImageObject\",\"@id\":\"https:\/\/elpuucnoticias.com\/?p=19943#primaryimage\",\"inLanguage\":\"es\",\"url\":\"https:\/\/elpuucnoticias.com\/wp-content\/uploads\/2025\/07\/whatsapp-image-2025-07-10-at-14.36.59-2.jpeg\",\"contentUrl\":\"https:\/\/elpuucnoticias.com\/wp-content\/uploads\/2025\/07\/whatsapp-image-2025-07-10-at-14.36.59-2.jpeg\",\"width\":1600,\"height\":1066},{\"@type\":\"WebPage\",\"@id\":\"https:\/\/elpuucnoticias.com\/?p=19943#webpage\",\"url\":\"https:\/\/elpuucnoticias.com\/?p=19943\",\"name\":\"Suma esfuerzos CODEQ y el Instituto del Deporte de Benito Ju\u00e1rez para fortalecer el Curso de Verano \u201cBaaxlo\u2019ob Paalalo\u2019ob 2025\u201d - El Puuc Noticias\",\"isPartOf\":{\"@id\":\"https:\/\/elpuucnoticias.com\/#website\"},\"primaryImageOfPage\":{\"@id\":\"https:\/\/elpuucnoticias.com\/?p=19943#primaryimage\"},\"datePublished\":\"2025-07-11T18:05:26+00:00\",\"dateModified\":\"2025-07-11T18:05:27+00:00\",\"author\":{\"@id\":\"https:\/\/elpuucnoticias.com\/#\/schema\/person\/d2ea09e4c97f0160b11cdfb1d856bd9e\"},\"breadcrumb\":{\"@id\":\"https:\/\/elpuucnoticias.com\/?p=19943#breadcrumb\"},\"inLanguage\":\"es\",\"potentialAction\":[{\"@type\":\"ReadAction\",\"target\":[\"https:\/\/elpuucnoticias.com\/?p=19943\"]}]},{\"@type\":\"BreadcrumbList\",\"@id\":\"https:\/\/elpuucnoticias.com\/?p=19943#breadcrumb\",\"itemListElement\":[{\"@type\":\"ListItem\",\"position\":1,\"name\":\"Portada\",\"item\":\"https:\/\/elpuucnoticias.com\/\"},{\"@type\":\"ListItem\",\"position\":2,\"name\":\"Suma esfuerzos CODEQ y el Instituto del Deporte de Benito Ju\u00e1rez para fortalecer el Curso de Verano \u201cBaaxlo\u2019ob Paalalo\u2019ob 2025\u201d\"}]},{\"@type\":\"Person\",\"@id\":\"https:\/\/elpuucnoticias.com\/#\/schema\/person\/d2ea09e4c97f0160b11cdfb1d856bd9e\",\"name\":\"elpuucnoticias\",\"image\":{\"@type\":\"ImageObject\",\"@id\":\"https:\/\/elpuucnoticias.com\/#personlogo\",\"inLanguage\":\"es\",\"url\":\"https:\/\/secure.gravatar.com\/avatar\/5290a43657c74ffa15701dbe5b846bd85cc71930d803c84e91046a7333de6ce2?s=96&d=mm&r=g\",\"contentUrl\":\"https:\/\/secure.gravatar.com\/avatar\/5290a43657c74ffa15701dbe5b846bd85cc71930d803c84e91046a7333de6ce2?s=96&d=mm&r=g\",\"caption\":\"elpuucnoticias\"},\"sameAs\":[\"https:\/\/elpuucnoticias.com\"],\"url\":\"https:\/\/elpuucnoticias.com\/?author=1\"}]}<\/script>\n<!-- \/ Yoast SEO plugin. -->","yoast_head_json":{"title":"Suma esfuerzos CODEQ y el Instituto del Deporte de Benito Ju\u00e1rez para fortalecer el Curso de Verano \u201cBaaxlo\u2019ob Paalalo\u2019ob 2025\u201d - El Puuc Noticias","robots":{"index":"index","follow":"follow","max-snippet":"max-snippet:-1","max-image-preview":"max-image-preview:large","max-video-preview":"max-video-preview:-1"},"canonical":"https:\/\/elpuucnoticias.com\/?p=19943","og_locale":"es_ES","og_type":"article","og_title":"Suma esfuerzos CODEQ y el Instituto del Deporte de Benito Ju\u00e1rez para fortalecer el Curso de Verano \u201cBaaxlo\u2019ob Paalalo\u2019ob 2025\u201d - El Puuc Noticias","og_description":"Con el objetivo de fortalecer el tradicional Curso de Verano \u201cBaaxlo\u2019ob Paalalo\u2019ob 2025\u201d y en un hecho hist\u00f3rico","og_url":"https:\/\/elpuucnoticias.com\/?p=19943","og_site_name":"El Puuc Noticias","article_published_time":"2025-07-11T18:05:26+00:00","article_modified_time":"2025-07-11T18:05:27+00:00","og_image":[{"width":1600,"height":1066,"url":"https:\/\/elpuucnoticias.com\/wp-content\/uploads\/2025\/07\/whatsapp-image-2025-07-10-at-14.36.59-2.jpeg","type":"image\/jpeg"}],"twitter_card":"summary_large_image","twitter_misc":{"Escrito por":"elpuucnoticias","Tiempo de lectura":"3 minutos"},"schema":{"@context":"https:\/\/schema.org","@graph":[{"@type":"WebSite","@id":"https:\/\/elpuucnoticias.com\/#website","url":"https:\/\/elpuucnoticias.com\/","name":"El Puuc Noticias","description":"Noticias - Entretenimiento - Deportes","potentialAction":[{"@type":"SearchAction","target":{"@type":"EntryPoint","urlTemplate":"https:\/\/elpuucnoticias.com\/?s={search_term_string}"},"query-input":"required name=search_term_string"}],"inLanguage":"es"},{"@type":"ImageObject","@id":"https:\/\/elpuucnoticias.com\/?p=19943#primaryimage","inLanguage":"es","url":"https:\/\/elpuucnoticias.com\/wp-content\/uploads\/2025\/07\/whatsapp-image-2025-07-10-at-14.36.59-2.jpeg","contentUrl":"https:\/\/elpuucnoticias.com\/wp-content\/uploads\/2025\/07\/whatsapp-image-2025-07-10-at-14.36.59-2.jpeg","width":1600,"height":1066},{"@type":"WebPage","@id":"https:\/\/elpuucnoticias.com\/?p=19943#webpage","url":"https:\/\/elpuucnoticias.com\/?p=19943","name":"Suma esfuerzos CODEQ y el Instituto del Deporte de Benito Ju\u00e1rez para fortalecer el Curso de Verano \u201cBaaxlo\u2019ob Paalalo\u2019ob 2025\u201d - El Puuc Noticias","isPartOf":{"@id":"https:\/\/elpuucnoticias.com\/#website"},"primaryImageOfPage":{"@id":"https:\/\/elpuucnoticias.com\/?p=19943#primaryimage"},"datePublished":"2025-07-11T18:05:26+00:00","dateModified":"2025-07-11T18:05:27+00:00","author":{"@id":"https:\/\/elpuucnoticias.com\/#\/schema\/person\/d2ea09e4c97f0160b11cdfb1d856bd9e"},"breadcrumb":{"@id":"https:\/\/elpuucnoticias.com\/?p=19943#breadcrumb"},"inLanguage":"es","potentialAction":[{"@type":"ReadAction","target":["https:\/\/elpuucnoticias.com\/?p=19943"]}]},{"@type":"BreadcrumbList","@id":"https:\/\/elpuucnoticias.com\/?p=19943#breadcrumb","itemListElement":[{"@type":"ListItem","position":1,"name":"Portada","item":"https:\/\/elpuucnoticias.com\/"},{"@type":"ListItem","position":2,"name":"Suma esfuerzos CODEQ y el Instituto del Deporte de Benito Ju\u00e1rez para fortalecer el Curso de Verano \u201cBaaxlo\u2019ob Paalalo\u2019ob 2025\u201d"}]},{"@type":"Person","@id":"https:\/\/elpuucnoticias.com\/#\/schema\/person\/d2ea09e4c97f0160b11cdfb1d856bd9e","name":"elpuucnoticias","image":{"@type":"ImageObject","@id":"https:\/\/elpuucnoticias.com\/#personlogo","inLanguage":"es","url":"https:\/\/secure.gravatar.com\/avatar\/5290a43657c74ffa15701dbe5b846bd85cc71930d803c84e91046a7333de6ce2?s=96&d=mm&r=g","contentUrl":"https:\/\/secure.gravatar.com\/avatar\/5290a43657c74ffa15701dbe5b846bd85cc71930d803c84e91046a7333de6ce2?s=96&d=mm&r=g","caption":"elpuucnoticias"},"sameAs":["https:\/\/elpuucnoticias.com"],"url":"https:\/\/elpuucnoticias.com\/?author=1"}]}},"_links":{"self":[{"href":"https:\/\/elpuucnoticias.com\/index.php?rest_route=\/wp\/v2\/posts\/19943","targetHints":{"allow":["GET"]}}],"collection":[{"href":"https:\/\/elpuucnoticias.com\/index.php?rest_route=\/wp\/v2\/posts"}],"about":[{"href":"https:\/\/elpuucnoticias.com\/index.php?rest_route=\/wp\/v2\/types\/post"}],"author":[{"embeddable":true,"href":"https:\/\/elpuucnoticias.com\/index.php?rest_route=\/wp\/v2\/users\/1"}],"replies":[{"embeddable":true,"href":"https:\/\/elpuucnoticias.com\/index.php?rest_route=%2Fwp%2Fv2%2Fcomments&post=19943"}],"version-history":[{"count":1,"href":"https:\/\/elpuucnoticias.com\/index.php?rest_route=\/wp\/v2\/posts\/19943\/revisions"}],"predecessor-version":[{"id":19945,"href":"https:\/\/elpuucnoticias.com\/index.php?rest_route=\/wp\/v2\/posts\/19943\/revisions\/19945"}],"wp:featuredmedia":[{"embeddable":true,"href":"https:\/\/elpuucnoticias.com\/index.php?rest_route=\/wp\/v2\/media\/19944"}],"wp:attachment":[{"href":"https:\/\/elpuucnoticias.com\/index.php?rest_route=%2Fwp%2Fv2%2Fmedia&parent=19943"}],"wp:term":[{"taxonomy":"category","embeddable":true,"href":"https:\/\/elpuucnoticias.com\/index.php?rest_route=%2Fwp%2Fv2%2Fcategories&post=19943"},{"taxonomy":"post_tag","embeddable":true,"href":"https:\/\/elpuucnoticias.com\/index.php?rest_route=%2Fwp%2Fv2%2Ftags&post=19943"}],"curies":[{"name":"wp","href":"https:\/\/api.w.org\/{rel}","templated":true}]}}