{"id":19949,"date":"2025-07-11T12:13:27","date_gmt":"2025-07-11T18:13:27","guid":{"rendered":"https:\/\/elpuucnoticias.com\/?p=19949"},"modified":"2025-07-11T12:13:27","modified_gmt":"2025-07-11T18:13:27","slug":"desarrolla-ibanqroo-la-primera-sesion-ordinaria-2025-del-sub-consejo-para-el-manejo-del-area-natural-protegida-reserva-estatal-santuario-del-manati-bahia-de-chetumal","status":"publish","type":"post","link":"https:\/\/elpuucnoticias.com\/?p=19949","title":{"rendered":"Desarrolla IBANQROO la primera sesi\u00f3n ordinaria 2025 del Sub-Consejo para el Manejo del \u00c1rea Natural Protegida Reserva Estatal Santuario del Manat\u00ed Bah\u00eda de Chetumal"},"content":{"rendered":"\n<p>El Instituto de Biodiversidad y \u00c1reas Naturales Protegidas del Estado de Quintana Roo (IBANQROO), llevo a cabo la primera sesi\u00f3n ordinaria 2025 del Sub-Consejo para el Manejo del \u00c1rea Natural Protegida Reserva Estatal Santuario del Manat\u00ed Bah\u00eda de Chetumal, un espacio donde participaron 22 actores y 3 invitados especiales del sector gubernamental, organizaciones de la sociedad civil, academia y comunidades para la protecci\u00f3n, conservaci\u00f3n y aprovechamiento de la reserva.<\/p>\n\n\n\n<figure class=\"wp-block-image is-style-default\"><a href=\"https:\/\/cgc.qroo.gob.mx\/cjg\/wp-content\/uploads\/2025\/07\/WhatsApp-Image-2025-07-10-at-15.31.19.jpeg\"><img decoding=\"async\" src=\"https:\/\/cgc.qroo.gob.mx\/cjg\/wp-content\/uploads\/2025\/07\/WhatsApp-Image-2025-07-10-at-15.31.19-585x439.jpeg\" alt=\"\" title=\"WhatsApp Image 2025-07-10 at 15.31.19\"\/><\/a><\/figure>\n\n\n\n<p>Durante la sesi\u00f3n ordinaria, el director general del IBANQROO, Javier Alberto Carballar Osorio, recalc\u00f3 la importancia de la participaci\u00f3n y recomendaciones de los ejidos que habitan dentro y en las zonas de influencia de la reserva estatal, para la toma de decisiones enfocadas a la conservaci\u00f3n, preservaci\u00f3n y aprovechamiento de \u00e9sta, as\u00ed como la acci\u00f3n coordinada entre federaci\u00f3n, estado y el municipio.<\/p>\n\n\n\n<p>Por su parte, el presidente del Sub-Consejo Pablo Iv\u00e1n Caballero Pinz\u00f3n mencion\u00f3 que el objetivo principal de esta sesi\u00f3n es presentar a los miembros del Sub-Consejo, los resultados y avances de los acuerdos generados en el 2024.<\/p>\n\n\n\n<figure class=\"wp-block-image is-style-default\"><a href=\"https:\/\/cgc.qroo.gob.mx\/cjg\/wp-content\/uploads\/2025\/07\/WhatsApp-Image-2025-07-10-at-15.31.18-1.jpeg\"><img decoding=\"async\" src=\"https:\/\/cgc.qroo.gob.mx\/cjg\/wp-content\/uploads\/2025\/07\/WhatsApp-Image-2025-07-10-at-15.31.18-1-585x439.jpeg\" alt=\"\" title=\"WhatsApp Image 2025-07-10 at 15.31.18 (1)\"\/><\/a><\/figure>\n\n\n\n<p>Adem\u00e1s de proponer acciones para fomentar el financiamiento destinado a dicha \u00e1rea y actualizar las herramientas de manejo, adecuadas a las visiones actuales de las comunidades.<\/p>\n\n\n\n<p>Durante la sesi\u00f3n se vot\u00f3 por unanimidad la participaci\u00f3n de la Comisi\u00f3n Nacional Forestal (CONAFOR), el Instituto Nacional de Antropolog\u00eda e Historia (INAH) y Secretar\u00eda de Desarrollo Econ\u00f3mico (SEDE), aliados fundamentales que, por su relevancia en la reserva, fomentan el desarrollo sostenible y la conservaci\u00f3n del patrimonio natural y cultural.<\/p>\n\n\n\n<figure class=\"wp-block-image is-style-default\"><a href=\"https:\/\/cgc.qroo.gob.mx\/cjg\/wp-content\/uploads\/2025\/07\/WhatsApp-Image-2025-07-10-at-15.31.19-1.jpeg\"><img decoding=\"async\" src=\"https:\/\/cgc.qroo.gob.mx\/cjg\/wp-content\/uploads\/2025\/07\/WhatsApp-Image-2025-07-10-at-15.31.19-1-585x439.jpeg\" alt=\"\" title=\"WhatsApp Image 2025-07-10 at 15.31.19 (1)\"\/><\/a><\/figure>\n\n\n\n<p>Por \u00faltimo, se destaca la participaci\u00f3n de la Secretar\u00eda Estatal de Turismo por la presentaci\u00f3n del proyecto para declarar la Bah\u00eda de Chetumal como Zona Rural con Potencial Tur\u00edstico, donde los diferentes ejidos e instituciones mencionaron la relevancia por ser considerados y una oportunidad para potenciar las actividades que se realizan en sus comunidades y en el Santuario del Manat\u00ed.<\/p>\n\n\n\n<p>Con estas acciones, el gobierno que encabeza la gobernadora Mara Lezama Espinosa, reafirma su compromiso con la protecci\u00f3n y conservaci\u00f3n de los recursos naturales del \u00e1rea natural protegida y que favorecen la sostenibilidad, sustentabilidad y mejoran las condiciones de vida de la poblaci\u00f3n como se establece en el Nuevo Acuerdo por el Bienestar y Desarrollo de Quintana Roo.<\/p>\n","protected":false},"excerpt":{"rendered":"<p>El Instituto de Biodiversidad y \u00c1reas Naturales Protegidas del Estado de Quintana Roo (IBANQROO), llevo a cabo la<\/p>\n","protected":false},"author":1,"featured_media":19950,"comment_status":"closed","ping_status":"open","sticky":false,"template":"","format":"standard","meta":{"_monsterinsights_skip_tracking":false,"_monsterinsights_sitenote_active":false,"_monsterinsights_sitenote_note":"","_monsterinsights_sitenote_category":0,"footnotes":""},"categories":[11,24],"tags":[],"class_list":["post-19949","post","type-post","status-publish","format-standard","has-post-thumbnail","hentry","category-noticias","category-quintana-roo"],"yoast_head":"<!-- This site is optimized with the Yoast SEO plugin v18.3 - https:\/\/yoast.com\/wordpress\/plugins\/seo\/ -->\n<title>Desarrolla IBANQROO la primera sesi\u00f3n ordinaria 2025 del Sub-Consejo para el Manejo del \u00c1rea Natural Protegida Reserva Estatal Santuario del Manat\u00ed Bah\u00eda de Chetumal - El Puuc Noticias<\/title>\n<meta name=\"robots\" content=\"index, follow, max-snippet:-1, max-image-preview:large, max-video-preview:-1\" \/>\n<link rel=\"canonical\" href=\"https:\/\/elpuucnoticias.com\/?p=19949\" \/>\n<meta property=\"og:locale\" content=\"es_ES\" \/>\n<meta property=\"og:type\" content=\"article\" \/>\n<meta property=\"og:title\" content=\"Desarrolla IBANQROO la primera sesi\u00f3n ordinaria 2025 del Sub-Consejo para el Manejo del \u00c1rea Natural Protegida Reserva Estatal Santuario del Manat\u00ed Bah\u00eda de Chetumal - El Puuc Noticias\" \/>\n<meta property=\"og:description\" content=\"El Instituto de Biodiversidad y \u00c1reas Naturales Protegidas del Estado de Quintana Roo (IBANQROO), llevo a cabo la\" \/>\n<meta property=\"og:url\" content=\"https:\/\/elpuucnoticias.com\/?p=19949\" \/>\n<meta property=\"og:site_name\" content=\"El Puuc Noticias\" \/>\n<meta property=\"article:published_time\" content=\"2025-07-11T18:13:27+00:00\" \/>\n<meta property=\"og:image\" content=\"https:\/\/elpuucnoticias.com\/wp-content\/uploads\/2025\/07\/whatsapp-image-2025-07-10-at-15.31.18.jpeg\" \/>\n\t<meta property=\"og:image:width\" content=\"1600\" \/>\n\t<meta property=\"og:image:height\" content=\"1200\" \/>\n\t<meta property=\"og:image:type\" content=\"image\/jpeg\" \/>\n<meta name=\"twitter:card\" content=\"summary_large_image\" \/>\n<meta name=\"twitter:label1\" content=\"Escrito por\" \/>\n\t<meta name=\"twitter:data1\" content=\"elpuucnoticias\" \/>\n\t<meta name=\"twitter:label2\" content=\"Tiempo de lectura\" \/>\n\t<meta name=\"twitter:data2\" content=\"2 minutos\" \/>\n<script type=\"application\/ld+json\" class=\"yoast-schema-graph\">{\"@context\":\"https:\/\/schema.org\",\"@graph\":[{\"@type\":\"WebSite\",\"@id\":\"https:\/\/elpuucnoticias.com\/#website\",\"url\":\"https:\/\/elpuucnoticias.com\/\",\"name\":\"El Puuc Noticias\",\"description\":\"Noticias - Entretenimiento - Deportes\",\"potentialAction\":[{\"@type\":\"SearchAction\",\"target\":{\"@type\":\"EntryPoint\",\"urlTemplate\":\"https:\/\/elpuucnoticias.com\/?s={search_term_string}\"},\"query-input\":\"required name=search_term_string\"}],\"inLanguage\":\"es\"},{\"@type\":\"ImageObject\",\"@id\":\"https:\/\/elpuucnoticias.com\/?p=19949#primaryimage\",\"inLanguage\":\"es\",\"url\":\"https:\/\/elpuucnoticias.com\/wp-content\/uploads\/2025\/07\/whatsapp-image-2025-07-10-at-15.31.18.jpeg\",\"contentUrl\":\"https:\/\/elpuucnoticias.com\/wp-content\/uploads\/2025\/07\/whatsapp-image-2025-07-10-at-15.31.18.jpeg\",\"width\":1600,\"height\":1200},{\"@type\":\"WebPage\",\"@id\":\"https:\/\/elpuucnoticias.com\/?p=19949#webpage\",\"url\":\"https:\/\/elpuucnoticias.com\/?p=19949\",\"name\":\"Desarrolla IBANQROO la primera sesi\u00f3n ordinaria 2025 del Sub-Consejo para el Manejo del \u00c1rea Natural Protegida Reserva Estatal Santuario del Manat\u00ed Bah\u00eda de Chetumal - El Puuc Noticias\",\"isPartOf\":{\"@id\":\"https:\/\/elpuucnoticias.com\/#website\"},\"primaryImageOfPage\":{\"@id\":\"https:\/\/elpuucnoticias.com\/?p=19949#primaryimage\"},\"datePublished\":\"2025-07-11T18:13:27+00:00\",\"dateModified\":\"2025-07-11T18:13:27+00:00\",\"author\":{\"@id\":\"https:\/\/elpuucnoticias.com\/#\/schema\/person\/d2ea09e4c97f0160b11cdfb1d856bd9e\"},\"breadcrumb\":{\"@id\":\"https:\/\/elpuucnoticias.com\/?p=19949#breadcrumb\"},\"inLanguage\":\"es\",\"potentialAction\":[{\"@type\":\"ReadAction\",\"target\":[\"https:\/\/elpuucnoticias.com\/?p=19949\"]}]},{\"@type\":\"BreadcrumbList\",\"@id\":\"https:\/\/elpuucnoticias.com\/?p=19949#breadcrumb\",\"itemListElement\":[{\"@type\":\"ListItem\",\"position\":1,\"name\":\"Portada\",\"item\":\"https:\/\/elpuucnoticias.com\/\"},{\"@type\":\"ListItem\",\"position\":2,\"name\":\"Desarrolla IBANQROO la primera sesi\u00f3n ordinaria 2025 del Sub-Consejo para el Manejo del \u00c1rea Natural Protegida Reserva Estatal Santuario del Manat\u00ed Bah\u00eda de Chetumal\"}]},{\"@type\":\"Person\",\"@id\":\"https:\/\/elpuucnoticias.com\/#\/schema\/person\/d2ea09e4c97f0160b11cdfb1d856bd9e\",\"name\":\"elpuucnoticias\",\"image\":{\"@type\":\"ImageObject\",\"@id\":\"https:\/\/elpuucnoticias.com\/#personlogo\",\"inLanguage\":\"es\",\"url\":\"https:\/\/secure.gravatar.com\/avatar\/5290a43657c74ffa15701dbe5b846bd85cc71930d803c84e91046a7333de6ce2?s=96&d=mm&r=g\",\"contentUrl\":\"https:\/\/secure.gravatar.com\/avatar\/5290a43657c74ffa15701dbe5b846bd85cc71930d803c84e91046a7333de6ce2?s=96&d=mm&r=g\",\"caption\":\"elpuucnoticias\"},\"sameAs\":[\"https:\/\/elpuucnoticias.com\"],\"url\":\"https:\/\/elpuucnoticias.com\/?author=1\"}]}<\/script>\n<!-- \/ Yoast SEO plugin. -->","yoast_head_json":{"title":"Desarrolla IBANQROO la primera sesi\u00f3n ordinaria 2025 del Sub-Consejo para el Manejo del \u00c1rea Natural Protegida Reserva Estatal Santuario del Manat\u00ed Bah\u00eda de Chetumal - El Puuc Noticias","robots":{"index":"index","follow":"follow","max-snippet":"max-snippet:-1","max-image-preview":"max-image-preview:large","max-video-preview":"max-video-preview:-1"},"canonical":"https:\/\/elpuucnoticias.com\/?p=19949","og_locale":"es_ES","og_type":"article","og_title":"Desarrolla IBANQROO la primera sesi\u00f3n ordinaria 2025 del Sub-Consejo para el Manejo del \u00c1rea Natural Protegida Reserva Estatal Santuario del Manat\u00ed Bah\u00eda de Chetumal - El Puuc Noticias","og_description":"El Instituto de Biodiversidad y \u00c1reas Naturales Protegidas del Estado de Quintana Roo (IBANQROO), llevo a cabo la","og_url":"https:\/\/elpuucnoticias.com\/?p=19949","og_site_name":"El Puuc Noticias","article_published_time":"2025-07-11T18:13:27+00:00","og_image":[{"width":1600,"height":1200,"url":"https:\/\/elpuucnoticias.com\/wp-content\/uploads\/2025\/07\/whatsapp-image-2025-07-10-at-15.31.18.jpeg","type":"image\/jpeg"}],"twitter_card":"summary_large_image","twitter_misc":{"Escrito por":"elpuucnoticias","Tiempo de lectura":"2 minutos"},"schema":{"@context":"https:\/\/schema.org","@graph":[{"@type":"WebSite","@id":"https:\/\/elpuucnoticias.com\/#website","url":"https:\/\/elpuucnoticias.com\/","name":"El Puuc Noticias","description":"Noticias - Entretenimiento - Deportes","potentialAction":[{"@type":"SearchAction","target":{"@type":"EntryPoint","urlTemplate":"https:\/\/elpuucnoticias.com\/?s={search_term_string}"},"query-input":"required name=search_term_string"}],"inLanguage":"es"},{"@type":"ImageObject","@id":"https:\/\/elpuucnoticias.com\/?p=19949#primaryimage","inLanguage":"es","url":"https:\/\/elpuucnoticias.com\/wp-content\/uploads\/2025\/07\/whatsapp-image-2025-07-10-at-15.31.18.jpeg","contentUrl":"https:\/\/elpuucnoticias.com\/wp-content\/uploads\/2025\/07\/whatsapp-image-2025-07-10-at-15.31.18.jpeg","width":1600,"height":1200},{"@type":"WebPage","@id":"https:\/\/elpuucnoticias.com\/?p=19949#webpage","url":"https:\/\/elpuucnoticias.com\/?p=19949","name":"Desarrolla IBANQROO la primera sesi\u00f3n ordinaria 2025 del Sub-Consejo para el Manejo del \u00c1rea Natural Protegida Reserva Estatal Santuario del Manat\u00ed Bah\u00eda de Chetumal - El Puuc Noticias","isPartOf":{"@id":"https:\/\/elpuucnoticias.com\/#website"},"primaryImageOfPage":{"@id":"https:\/\/elpuucnoticias.com\/?p=19949#primaryimage"},"datePublished":"2025-07-11T18:13:27+00:00","dateModified":"2025-07-11T18:13:27+00:00","author":{"@id":"https:\/\/elpuucnoticias.com\/#\/schema\/person\/d2ea09e4c97f0160b11cdfb1d856bd9e"},"breadcrumb":{"@id":"https:\/\/elpuucnoticias.com\/?p=19949#breadcrumb"},"inLanguage":"es","potentialAction":[{"@type":"ReadAction","target":["https:\/\/elpuucnoticias.com\/?p=19949"]}]},{"@type":"BreadcrumbList","@id":"https:\/\/elpuucnoticias.com\/?p=19949#breadcrumb","itemListElement":[{"@type":"ListItem","position":1,"name":"Portada","item":"https:\/\/elpuucnoticias.com\/"},{"@type":"ListItem","position":2,"name":"Desarrolla IBANQROO la primera sesi\u00f3n ordinaria 2025 del Sub-Consejo para el Manejo del \u00c1rea Natural Protegida Reserva Estatal Santuario del Manat\u00ed Bah\u00eda de Chetumal"}]},{"@type":"Person","@id":"https:\/\/elpuucnoticias.com\/#\/schema\/person\/d2ea09e4c97f0160b11cdfb1d856bd9e","name":"elpuucnoticias","image":{"@type":"ImageObject","@id":"https:\/\/elpuucnoticias.com\/#personlogo","inLanguage":"es","url":"https:\/\/secure.gravatar.com\/avatar\/5290a43657c74ffa15701dbe5b846bd85cc71930d803c84e91046a7333de6ce2?s=96&d=mm&r=g","contentUrl":"https:\/\/secure.gravatar.com\/avatar\/5290a43657c74ffa15701dbe5b846bd85cc71930d803c84e91046a7333de6ce2?s=96&d=mm&r=g","caption":"elpuucnoticias"},"sameAs":["https:\/\/elpuucnoticias.com"],"url":"https:\/\/elpuucnoticias.com\/?author=1"}]}},"_links":{"self":[{"href":"https:\/\/elpuucnoticias.com\/index.php?rest_route=\/wp\/v2\/posts\/19949","targetHints":{"allow":["GET"]}}],"collection":[{"href":"https:\/\/elpuucnoticias.com\/index.php?rest_route=\/wp\/v2\/posts"}],"about":[{"href":"https:\/\/elpuucnoticias.com\/index.php?rest_route=\/wp\/v2\/types\/post"}],"author":[{"embeddable":true,"href":"https:\/\/elpuucnoticias.com\/index.php?rest_route=\/wp\/v2\/users\/1"}],"replies":[{"embeddable":true,"href":"https:\/\/elpuucnoticias.com\/index.php?rest_route=%2Fwp%2Fv2%2Fcomments&post=19949"}],"version-history":[{"count":1,"href":"https:\/\/elpuucnoticias.com\/index.php?rest_route=\/wp\/v2\/posts\/19949\/revisions"}],"predecessor-version":[{"id":19951,"href":"https:\/\/elpuucnoticias.com\/index.php?rest_route=\/wp\/v2\/posts\/19949\/revisions\/19951"}],"wp:featuredmedia":[{"embeddable":true,"href":"https:\/\/elpuucnoticias.com\/index.php?rest_route=\/wp\/v2\/media\/19950"}],"wp:attachment":[{"href":"https:\/\/elpuucnoticias.com\/index.php?rest_route=%2Fwp%2Fv2%2Fmedia&parent=19949"}],"wp:term":[{"taxonomy":"category","embeddable":true,"href":"https:\/\/elpuucnoticias.com\/index.php?rest_route=%2Fwp%2Fv2%2Fcategories&post=19949"},{"taxonomy":"post_tag","embeddable":true,"href":"https:\/\/elpuucnoticias.com\/index.php?rest_route=%2Fwp%2Fv2%2Ftags&post=19949"}],"curies":[{"name":"wp","href":"https:\/\/api.w.org\/{rel}","templated":true}]}}