{"id":19958,"date":"2025-07-11T12:24:02","date_gmt":"2025-07-11T18:24:02","guid":{"rendered":"https:\/\/elpuucnoticias.com\/?p=19958"},"modified":"2025-07-11T12:24:02","modified_gmt":"2025-07-11T18:24:02","slug":"fortalece-mara-lezama-tradiciones-y-costumbres-en-unidad-familiar-al-inaugurar-la-feria-del-carmen-2025","status":"publish","type":"post","link":"https:\/\/elpuucnoticias.com\/?p=19958","title":{"rendered":"Fortalece Mara Lezama tradiciones y costumbres, en unidad familiar, al inaugurar la Feria del Carmen 2025"},"content":{"rendered":"\n<p>En un ambiente familiar, de fiesta tradicional, vestidas con el traje regional, la gobernadora Mara Lezama Espinosa, la presidenta honoraria del DIF Quintana Roo, Ver\u00f3nica Lezama Espinosa, y la presidenta municipal, Estefan\u00eda Mercado, cortaron el list\u00f3n inaugural de la Feria del Carmen 2025, en su edici\u00f3n 123.<\/p>\n\n\n\n<p>\u201cJamas debemos perder lo que somos, nuestras tradiciones, nuestros or\u00edgenes, nadie sabe a donde va si no sabemos de donde venimos. Los invitamos a que vengan a Playa del Carmen y disfruten de esta gran fiesta tradicional\u201d expres\u00f3 la gobernadora de Quintana Roo.<\/p>\n\n\n\n<figure class=\"wp-block-image is-style-default\"><a href=\"https:\/\/cgc.qroo.gob.mx\/cjg\/wp-content\/uploads\/2025\/07\/79fc63ab-ae94-429f-9530-60ebcabb01ef-scaled.jpg\"><img decoding=\"async\" src=\"https:\/\/cgc.qroo.gob.mx\/cjg\/wp-content\/uploads\/2025\/07\/79fc63ab-ae94-429f-9530-60ebcabb01ef-585x390.jpg\" alt=\"\" title=\"79fc63ab-ae94-429f-9530-60ebcabb01ef\"\/><\/a><\/figure>\n\n\n\n<p>Despu\u00e9s de cortar el list\u00f3n inaugural para darle apertura a las actividades a realizarse en el recinto ferial, la gobernadora Mara Lezama impuso la corona a Jimena Puc que es la Reina de la Feria del Carmen 2025.<\/p>\n\n\n\n<p>En este magno evento que se realiza a partir de este 10 hasta el 16 de julio habr\u00e1 una cartelera renovada que mezcla m\u00fasica, cultura, gastronom\u00eda y actividades religiosas para celebrar a la Virgen del Carmen, patrona de la ciudad, expres\u00f3 la presidenta Estefan\u00eda Mercado.<\/p>\n\n\n\n<figure class=\"wp-block-image is-style-default\"><a href=\"https:\/\/cgc.qroo.gob.mx\/cjg\/wp-content\/uploads\/2025\/07\/8ad3f0a6-4ef0-49d6-9f09-bbbde746e9d0-scaled.jpg\"><img decoding=\"async\" src=\"https:\/\/cgc.qroo.gob.mx\/cjg\/wp-content\/uploads\/2025\/07\/8ad3f0a6-4ef0-49d6-9f09-bbbde746e9d0-585x390.jpg\" alt=\"\" title=\"8ad3f0a6-4ef0-49d6-9f09-bbbde746e9d0\"\/><\/a><\/figure>\n\n\n\n<p>A\u00f1adi\u00f3 que entre los grandes conciertos est\u00e1 Manilla, este viernes; Bobby Pulido el s\u00e1bado, y el martes Molotov. Las actividades contemplan juegos mec\u00e1nicos, actividades ecuestres, espect\u00e1culos art\u00edsticos, gastronom\u00eda y, lo principal, actividades religiosas en honor a la santa patrona, la Virgen del Carmen.<\/p>\n\n\n\n<p>La gobernadora Mara Lezama destac\u00f3 que esta Fiesta Tradicional anual refleja lo que se est\u00e1 construyendo en este nuevo gobierno de la cuarta transformaci\u00f3n, el segundo piso con un gobierno humanista con coraz\u00f3n feminista, que tiene el respaldo de la Presidenta Claudia Sheinbaum.<\/p>\n\n\n\n<figure class=\"wp-block-image is-style-default\"><a href=\"https:\/\/cgc.qroo.gob.mx\/cjg\/wp-content\/uploads\/2025\/07\/8ae3d6ca-f652-458e-a49a-445d5b7d8373-scaled.jpg\"><img decoding=\"async\" src=\"https:\/\/cgc.qroo.gob.mx\/cjg\/wp-content\/uploads\/2025\/07\/8ae3d6ca-f652-458e-a49a-445d5b7d8373-585x390.jpg\" alt=\"\" title=\"8ae3d6ca-f652-458e-a49a-445d5b7d8373\"\/><\/a><\/figure>\n\n\n\n<p>\u201cHoy a 123 a\u00f1os en esta conmemoraci\u00f3n, en esta celebraci\u00f3n de esta Feria de la Virgen del Carmen, nos reunimos todas y todos, el pueblo, la sociedad civil, en un ambiente familiar, tomados de la mano, para hacer brillar a este municipio\u201d, precis\u00f3 la gobernadora Mara Lezama.<\/p>\n\n\n\n<figure class=\"wp-block-image is-style-default\"><a href=\"https:\/\/cgc.qroo.gob.mx\/cjg\/wp-content\/uploads\/2025\/07\/9c74b8f1-b49a-43c6-861f-2f33de6bd861-scaled.jpg\"><img decoding=\"async\" src=\"https:\/\/cgc.qroo.gob.mx\/cjg\/wp-content\/uploads\/2025\/07\/9c74b8f1-b49a-43c6-861f-2f33de6bd861-585x390.jpg\" alt=\"\" title=\"9c74b8f1-b49a-43c6-861f-2f33de6bd861\"\/><\/a><\/figure>\n\n\n\n<p>La titular del Ejecutivo e invitados recorrieron el pabell\u00f3n de artesan\u00edas, las cuales cuentan con el distintivo \u201cHecho en Playa del Carmen\u201d.<\/p>\n\n\n\n<p>Tambi\u00e9n acompa\u00f1aron a la Gobernadora los diputados federales Juan Carrillo y Humberto Aldana, el diputado local Ren\u00e1n S\u00e1nchez Tajonar.<\/p>\n","protected":false},"excerpt":{"rendered":"<p>En un ambiente familiar, de fiesta tradicional, vestidas con el traje regional, la gobernadora Mara Lezama Espinosa, la<\/p>\n","protected":false},"author":1,"featured_media":19959,"comment_status":"closed","ping_status":"open","sticky":false,"template":"","format":"standard","meta":{"_monsterinsights_skip_tracking":false,"_monsterinsights_sitenote_active":false,"_monsterinsights_sitenote_note":"","_monsterinsights_sitenote_category":0,"footnotes":""},"categories":[11,24],"tags":[],"class_list":["post-19958","post","type-post","status-publish","format-standard","has-post-thumbnail","hentry","category-noticias","category-quintana-roo"],"yoast_head":"<!-- This site is optimized with the Yoast SEO plugin v18.3 - https:\/\/yoast.com\/wordpress\/plugins\/seo\/ -->\n<title>Fortalece Mara Lezama tradiciones y costumbres, en unidad familiar, al inaugurar la Feria del Carmen 2025 - El Puuc Noticias<\/title>\n<meta name=\"robots\" content=\"index, follow, max-snippet:-1, max-image-preview:large, max-video-preview:-1\" \/>\n<link rel=\"canonical\" href=\"https:\/\/elpuucnoticias.com\/?p=19958\" \/>\n<meta property=\"og:locale\" content=\"es_ES\" \/>\n<meta property=\"og:type\" content=\"article\" \/>\n<meta property=\"og:title\" content=\"Fortalece Mara Lezama tradiciones y costumbres, en unidad familiar, al inaugurar la Feria del Carmen 2025 - El Puuc Noticias\" \/>\n<meta property=\"og:description\" content=\"En un ambiente familiar, de fiesta tradicional, vestidas con el traje regional, la gobernadora Mara Lezama Espinosa, la\" \/>\n<meta property=\"og:url\" content=\"https:\/\/elpuucnoticias.com\/?p=19958\" \/>\n<meta property=\"og:site_name\" content=\"El Puuc Noticias\" \/>\n<meta property=\"article:published_time\" content=\"2025-07-11T18:24:02+00:00\" \/>\n<meta property=\"og:image\" content=\"https:\/\/elpuucnoticias.com\/wp-content\/uploads\/2025\/07\/3eb49827-692e-4426-89c5-465474f816be-scaled-1.jpg\" \/>\n\t<meta property=\"og:image:width\" content=\"2560\" \/>\n\t<meta property=\"og:image:height\" content=\"1707\" \/>\n\t<meta property=\"og:image:type\" content=\"image\/jpeg\" \/>\n<meta name=\"twitter:card\" content=\"summary_large_image\" \/>\n<meta name=\"twitter:label1\" content=\"Escrito por\" \/>\n\t<meta name=\"twitter:data1\" content=\"elpuucnoticias\" \/>\n\t<meta name=\"twitter:label2\" content=\"Tiempo de lectura\" \/>\n\t<meta name=\"twitter:data2\" content=\"2 minutos\" \/>\n<script type=\"application\/ld+json\" class=\"yoast-schema-graph\">{\"@context\":\"https:\/\/schema.org\",\"@graph\":[{\"@type\":\"WebSite\",\"@id\":\"https:\/\/elpuucnoticias.com\/#website\",\"url\":\"https:\/\/elpuucnoticias.com\/\",\"name\":\"El Puuc Noticias\",\"description\":\"Noticias - Entretenimiento - Deportes\",\"potentialAction\":[{\"@type\":\"SearchAction\",\"target\":{\"@type\":\"EntryPoint\",\"urlTemplate\":\"https:\/\/elpuucnoticias.com\/?s={search_term_string}\"},\"query-input\":\"required name=search_term_string\"}],\"inLanguage\":\"es\"},{\"@type\":\"ImageObject\",\"@id\":\"https:\/\/elpuucnoticias.com\/?p=19958#primaryimage\",\"inLanguage\":\"es\",\"url\":\"https:\/\/elpuucnoticias.com\/wp-content\/uploads\/2025\/07\/3eb49827-692e-4426-89c5-465474f816be-scaled-1.jpg\",\"contentUrl\":\"https:\/\/elpuucnoticias.com\/wp-content\/uploads\/2025\/07\/3eb49827-692e-4426-89c5-465474f816be-scaled-1.jpg\",\"width\":2560,\"height\":1707},{\"@type\":\"WebPage\",\"@id\":\"https:\/\/elpuucnoticias.com\/?p=19958#webpage\",\"url\":\"https:\/\/elpuucnoticias.com\/?p=19958\",\"name\":\"Fortalece Mara Lezama tradiciones y costumbres, en unidad familiar, al inaugurar la Feria del Carmen 2025 - El Puuc Noticias\",\"isPartOf\":{\"@id\":\"https:\/\/elpuucnoticias.com\/#website\"},\"primaryImageOfPage\":{\"@id\":\"https:\/\/elpuucnoticias.com\/?p=19958#primaryimage\"},\"datePublished\":\"2025-07-11T18:24:02+00:00\",\"dateModified\":\"2025-07-11T18:24:02+00:00\",\"author\":{\"@id\":\"https:\/\/elpuucnoticias.com\/#\/schema\/person\/d2ea09e4c97f0160b11cdfb1d856bd9e\"},\"breadcrumb\":{\"@id\":\"https:\/\/elpuucnoticias.com\/?p=19958#breadcrumb\"},\"inLanguage\":\"es\",\"potentialAction\":[{\"@type\":\"ReadAction\",\"target\":[\"https:\/\/elpuucnoticias.com\/?p=19958\"]}]},{\"@type\":\"BreadcrumbList\",\"@id\":\"https:\/\/elpuucnoticias.com\/?p=19958#breadcrumb\",\"itemListElement\":[{\"@type\":\"ListItem\",\"position\":1,\"name\":\"Portada\",\"item\":\"https:\/\/elpuucnoticias.com\/\"},{\"@type\":\"ListItem\",\"position\":2,\"name\":\"Fortalece Mara Lezama tradiciones y costumbres, en unidad familiar, al inaugurar la Feria del Carmen 2025\"}]},{\"@type\":\"Person\",\"@id\":\"https:\/\/elpuucnoticias.com\/#\/schema\/person\/d2ea09e4c97f0160b11cdfb1d856bd9e\",\"name\":\"elpuucnoticias\",\"image\":{\"@type\":\"ImageObject\",\"@id\":\"https:\/\/elpuucnoticias.com\/#personlogo\",\"inLanguage\":\"es\",\"url\":\"https:\/\/secure.gravatar.com\/avatar\/5290a43657c74ffa15701dbe5b846bd85cc71930d803c84e91046a7333de6ce2?s=96&d=mm&r=g\",\"contentUrl\":\"https:\/\/secure.gravatar.com\/avatar\/5290a43657c74ffa15701dbe5b846bd85cc71930d803c84e91046a7333de6ce2?s=96&d=mm&r=g\",\"caption\":\"elpuucnoticias\"},\"sameAs\":[\"https:\/\/elpuucnoticias.com\"],\"url\":\"https:\/\/elpuucnoticias.com\/?author=1\"}]}<\/script>\n<!-- \/ Yoast SEO plugin. -->","yoast_head_json":{"title":"Fortalece Mara Lezama tradiciones y costumbres, en unidad familiar, al inaugurar la Feria del Carmen 2025 - El Puuc Noticias","robots":{"index":"index","follow":"follow","max-snippet":"max-snippet:-1","max-image-preview":"max-image-preview:large","max-video-preview":"max-video-preview:-1"},"canonical":"https:\/\/elpuucnoticias.com\/?p=19958","og_locale":"es_ES","og_type":"article","og_title":"Fortalece Mara Lezama tradiciones y costumbres, en unidad familiar, al inaugurar la Feria del Carmen 2025 - El Puuc Noticias","og_description":"En un ambiente familiar, de fiesta tradicional, vestidas con el traje regional, la gobernadora Mara Lezama Espinosa, la","og_url":"https:\/\/elpuucnoticias.com\/?p=19958","og_site_name":"El Puuc Noticias","article_published_time":"2025-07-11T18:24:02+00:00","og_image":[{"width":2560,"height":1707,"url":"https:\/\/elpuucnoticias.com\/wp-content\/uploads\/2025\/07\/3eb49827-692e-4426-89c5-465474f816be-scaled-1.jpg","type":"image\/jpeg"}],"twitter_card":"summary_large_image","twitter_misc":{"Escrito por":"elpuucnoticias","Tiempo de lectura":"2 minutos"},"schema":{"@context":"https:\/\/schema.org","@graph":[{"@type":"WebSite","@id":"https:\/\/elpuucnoticias.com\/#website","url":"https:\/\/elpuucnoticias.com\/","name":"El Puuc Noticias","description":"Noticias - Entretenimiento - Deportes","potentialAction":[{"@type":"SearchAction","target":{"@type":"EntryPoint","urlTemplate":"https:\/\/elpuucnoticias.com\/?s={search_term_string}"},"query-input":"required name=search_term_string"}],"inLanguage":"es"},{"@type":"ImageObject","@id":"https:\/\/elpuucnoticias.com\/?p=19958#primaryimage","inLanguage":"es","url":"https:\/\/elpuucnoticias.com\/wp-content\/uploads\/2025\/07\/3eb49827-692e-4426-89c5-465474f816be-scaled-1.jpg","contentUrl":"https:\/\/elpuucnoticias.com\/wp-content\/uploads\/2025\/07\/3eb49827-692e-4426-89c5-465474f816be-scaled-1.jpg","width":2560,"height":1707},{"@type":"WebPage","@id":"https:\/\/elpuucnoticias.com\/?p=19958#webpage","url":"https:\/\/elpuucnoticias.com\/?p=19958","name":"Fortalece Mara Lezama tradiciones y costumbres, en unidad familiar, al inaugurar la Feria del Carmen 2025 - El Puuc Noticias","isPartOf":{"@id":"https:\/\/elpuucnoticias.com\/#website"},"primaryImageOfPage":{"@id":"https:\/\/elpuucnoticias.com\/?p=19958#primaryimage"},"datePublished":"2025-07-11T18:24:02+00:00","dateModified":"2025-07-11T18:24:02+00:00","author":{"@id":"https:\/\/elpuucnoticias.com\/#\/schema\/person\/d2ea09e4c97f0160b11cdfb1d856bd9e"},"breadcrumb":{"@id":"https:\/\/elpuucnoticias.com\/?p=19958#breadcrumb"},"inLanguage":"es","potentialAction":[{"@type":"ReadAction","target":["https:\/\/elpuucnoticias.com\/?p=19958"]}]},{"@type":"BreadcrumbList","@id":"https:\/\/elpuucnoticias.com\/?p=19958#breadcrumb","itemListElement":[{"@type":"ListItem","position":1,"name":"Portada","item":"https:\/\/elpuucnoticias.com\/"},{"@type":"ListItem","position":2,"name":"Fortalece Mara Lezama tradiciones y costumbres, en unidad familiar, al inaugurar la Feria del Carmen 2025"}]},{"@type":"Person","@id":"https:\/\/elpuucnoticias.com\/#\/schema\/person\/d2ea09e4c97f0160b11cdfb1d856bd9e","name":"elpuucnoticias","image":{"@type":"ImageObject","@id":"https:\/\/elpuucnoticias.com\/#personlogo","inLanguage":"es","url":"https:\/\/secure.gravatar.com\/avatar\/5290a43657c74ffa15701dbe5b846bd85cc71930d803c84e91046a7333de6ce2?s=96&d=mm&r=g","contentUrl":"https:\/\/secure.gravatar.com\/avatar\/5290a43657c74ffa15701dbe5b846bd85cc71930d803c84e91046a7333de6ce2?s=96&d=mm&r=g","caption":"elpuucnoticias"},"sameAs":["https:\/\/elpuucnoticias.com"],"url":"https:\/\/elpuucnoticias.com\/?author=1"}]}},"_links":{"self":[{"href":"https:\/\/elpuucnoticias.com\/index.php?rest_route=\/wp\/v2\/posts\/19958","targetHints":{"allow":["GET"]}}],"collection":[{"href":"https:\/\/elpuucnoticias.com\/index.php?rest_route=\/wp\/v2\/posts"}],"about":[{"href":"https:\/\/elpuucnoticias.com\/index.php?rest_route=\/wp\/v2\/types\/post"}],"author":[{"embeddable":true,"href":"https:\/\/elpuucnoticias.com\/index.php?rest_route=\/wp\/v2\/users\/1"}],"replies":[{"embeddable":true,"href":"https:\/\/elpuucnoticias.com\/index.php?rest_route=%2Fwp%2Fv2%2Fcomments&post=19958"}],"version-history":[{"count":1,"href":"https:\/\/elpuucnoticias.com\/index.php?rest_route=\/wp\/v2\/posts\/19958\/revisions"}],"predecessor-version":[{"id":19960,"href":"https:\/\/elpuucnoticias.com\/index.php?rest_route=\/wp\/v2\/posts\/19958\/revisions\/19960"}],"wp:featuredmedia":[{"embeddable":true,"href":"https:\/\/elpuucnoticias.com\/index.php?rest_route=\/wp\/v2\/media\/19959"}],"wp:attachment":[{"href":"https:\/\/elpuucnoticias.com\/index.php?rest_route=%2Fwp%2Fv2%2Fmedia&parent=19958"}],"wp:term":[{"taxonomy":"category","embeddable":true,"href":"https:\/\/elpuucnoticias.com\/index.php?rest_route=%2Fwp%2Fv2%2Fcategories&post=19958"},{"taxonomy":"post_tag","embeddable":true,"href":"https:\/\/elpuucnoticias.com\/index.php?rest_route=%2Fwp%2Fv2%2Ftags&post=19958"}],"curies":[{"name":"wp","href":"https:\/\/api.w.org\/{rel}","templated":true}]}}