{"id":19965,"date":"2025-07-14T13:19:14","date_gmt":"2025-07-14T19:19:14","guid":{"rendered":"https:\/\/elpuucnoticias.com\/?p=19965"},"modified":"2025-07-14T13:19:14","modified_gmt":"2025-07-14T19:19:14","slug":"convoca-fpmc-al-curso-de-verano-exploradores-de-la-naturaleza-para-ninas-y-ninos-de-7-a-11-anos","status":"publish","type":"post","link":"https:\/\/elpuucnoticias.com\/?p=19965","title":{"rendered":"Convoca FPMC al Curso de Verano \u201cExploradores de la Naturaleza\u201d para ni\u00f1as y ni\u00f1os de 7 a 11 a\u00f1os"},"content":{"rendered":"\n<p>La Fundaci\u00f3n de Parques y Museos de Cozumel (FPMC) abre su convocatoria al curso de verano \u201cExploradores de la Naturaleza\u201d, dirigido a ni\u00f1as y ni\u00f1os de 7 a 11 a\u00f1os, que se llevar\u00e1 a cabo del 28 de julio al 9 de agosto, en un horario de 09:00 a 13:00 horas, con actividades l\u00fadicas, educativas y recreativas que promueven el amor por la naturaleza y el cuidado del medio ambiente.<\/p>\n\n\n\n<figure class=\"wp-block-image is-style-default\"><a href=\"https:\/\/cgc.qroo.gob.mx\/cjg\/wp-content\/uploads\/2025\/07\/WhatsApp-Image-2025-07-14-at-12.55.22-2.jpeg\"><img decoding=\"async\" src=\"https:\/\/cgc.qroo.gob.mx\/cjg\/wp-content\/uploads\/2025\/07\/WhatsApp-Image-2025-07-14-at-12.55.22-2-585x390.jpeg\" alt=\"\" title=\"WhatsApp Image 2025-07-14 at 12.55.22 (2)\"\/><\/a><\/figure>\n\n\n\n<figure class=\"wp-block-image is-style-default\"><a href=\"https:\/\/cgc.qroo.gob.mx\/cjg\/wp-content\/uploads\/2025\/07\/WhatsApp-Image-2025-07-14-at-12.55.21-1.jpeg\"><img decoding=\"async\" src=\"https:\/\/cgc.qroo.gob.mx\/cjg\/wp-content\/uploads\/2025\/07\/WhatsApp-Image-2025-07-14-at-12.55.21-1-585x390.jpeg\" alt=\"\" title=\"WhatsApp Image 2025-07-14 at 12.55.21 (1)\"\/><\/a><\/figure>\n\n\n\n<p>Durante estas dos semanas, las y los participantes vivir\u00e1n una experiencia inolvidable al visitar espacios emblem\u00e1ticos como el BiblioAvi\u00f3n Gervasio, el Parque Natural Chankanaab, el Museo de la Isla, el Parque Ecotur\u00edstico Punta Sur, el Planetario de Cozumel Cha\u2019an Ka\u2019an, Dolphin Discovery, la Unidad Deportiva Bicentenario y el Pueblo del Ma\u00edz, donde aprender\u00e1n de forma divertida sobre la biodiversidad, el entorno natural y la importancia de proteger nuestro patrimonio ambiental, inform\u00f3 la directora de Pedagog\u00eda y Asistencia Social (PAS), Dianela Cervantes Chi.<\/p>\n\n\n\n<figure class=\"wp-block-image is-style-default\"><a href=\"https:\/\/cgc.qroo.gob.mx\/cjg\/wp-content\/uploads\/2025\/07\/WhatsApp-Image-2025-07-14-at-12.55.21-2.jpeg\"><img decoding=\"async\" src=\"https:\/\/cgc.qroo.gob.mx\/cjg\/wp-content\/uploads\/2025\/07\/WhatsApp-Image-2025-07-14-at-12.55.21-2-585x390.jpeg\" alt=\"\" title=\"WhatsApp Image 2025-07-14 at 12.55.21 (2)\"\/><\/a><\/figure>\n\n\n\n<p>Agreg\u00f3 que la cuota es de $750.00 pesos por participante y el cupo es limitado. Las inscripciones estar\u00e1n abiertas a partir del 14 de julio, de lunes a viernes de 08:30 a 15:30 horas, en las instalaciones del BiblioAvi\u00f3n Gervasio, ubicado en la 130 avenida entre calles 7 e Hidalgo. Para completar el registro se deber\u00e1 presentar una copia del acta de nacimiento y llenar un formato de inscripci\u00f3n.<\/p>\n\n\n\n<p>Por su parte, la directora general de la FPMC, Juanita Alonso Marrufo, destac\u00f3 que este curso de verano se alinea con los principios del Nuevo Acuerdo por el Bienestar y Desarrollo, que impulsa la gobernadora Mara Lezama Espinosa, al generar espacios formativos que fortalecen el desarrollo integral de la ni\u00f1ez quintanarroense. \u201cCreemos firmemente que el deporte, la cultura y la educaci\u00f3n ambiental son herramientas fundamentales para la construcci\u00f3n de la paz en nuestra comunidad\u201d, afirm\u00f3.<\/p>\n\n\n\n<p>Para finalizar, invit\u00f3 a madres, padres y tutores a inscribir a sus hijas e hijos en este curso que conjuga conocimiento, aventura y conciencia ecol\u00f3gica, en un entorno seguro y lleno de diversi\u00f3n.<\/p>\n","protected":false},"excerpt":{"rendered":"<p>La Fundaci\u00f3n de Parques y Museos de Cozumel (FPMC) abre su convocatoria al curso de verano \u201cExploradores de<\/p>\n","protected":false},"author":1,"featured_media":19967,"comment_status":"closed","ping_status":"open","sticky":false,"template":"","format":"standard","meta":{"_monsterinsights_skip_tracking":false,"_monsterinsights_sitenote_active":false,"_monsterinsights_sitenote_note":"","_monsterinsights_sitenote_category":0,"footnotes":""},"categories":[11,24],"tags":[],"class_list":["post-19965","post","type-post","status-publish","format-standard","has-post-thumbnail","hentry","category-noticias","category-quintana-roo"],"yoast_head":"<!-- This site is optimized with the Yoast SEO plugin v18.3 - https:\/\/yoast.com\/wordpress\/plugins\/seo\/ -->\n<title>Convoca FPMC al Curso de Verano \u201cExploradores de la Naturaleza\u201d para ni\u00f1as y ni\u00f1os de 7 a 11 a\u00f1os - El Puuc Noticias<\/title>\n<meta name=\"robots\" content=\"index, follow, max-snippet:-1, max-image-preview:large, max-video-preview:-1\" \/>\n<link rel=\"canonical\" href=\"https:\/\/elpuucnoticias.com\/?p=19965\" \/>\n<meta property=\"og:locale\" content=\"es_ES\" \/>\n<meta property=\"og:type\" content=\"article\" \/>\n<meta property=\"og:title\" content=\"Convoca FPMC al Curso de Verano \u201cExploradores de la Naturaleza\u201d para ni\u00f1as y ni\u00f1os de 7 a 11 a\u00f1os - El Puuc Noticias\" \/>\n<meta property=\"og:description\" content=\"La Fundaci\u00f3n de Parques y Museos de Cozumel (FPMC) abre su convocatoria al curso de verano \u201cExploradores de\" \/>\n<meta property=\"og:url\" content=\"https:\/\/elpuucnoticias.com\/?p=19965\" \/>\n<meta property=\"og:site_name\" content=\"El Puuc Noticias\" \/>\n<meta property=\"article:published_time\" content=\"2025-07-14T19:19:14+00:00\" \/>\n<meta property=\"og:image\" content=\"https:\/\/elpuucnoticias.com\/wp-content\/uploads\/2025\/07\/whatsapp-image-2025-07-14-at-12.55.22.jpeg\" \/>\n\t<meta property=\"og:image:width\" content=\"1600\" \/>\n\t<meta property=\"og:image:height\" content=\"1066\" \/>\n\t<meta property=\"og:image:type\" content=\"image\/jpeg\" \/>\n<meta name=\"twitter:card\" content=\"summary_large_image\" \/>\n<meta name=\"twitter:label1\" content=\"Escrito por\" \/>\n\t<meta name=\"twitter:data1\" content=\"elpuucnoticias\" \/>\n\t<meta name=\"twitter:label2\" content=\"Tiempo de lectura\" \/>\n\t<meta name=\"twitter:data2\" content=\"2 minutos\" \/>\n<script type=\"application\/ld+json\" class=\"yoast-schema-graph\">{\"@context\":\"https:\/\/schema.org\",\"@graph\":[{\"@type\":\"WebSite\",\"@id\":\"https:\/\/elpuucnoticias.com\/#website\",\"url\":\"https:\/\/elpuucnoticias.com\/\",\"name\":\"El Puuc Noticias\",\"description\":\"Noticias - Entretenimiento - Deportes\",\"potentialAction\":[{\"@type\":\"SearchAction\",\"target\":{\"@type\":\"EntryPoint\",\"urlTemplate\":\"https:\/\/elpuucnoticias.com\/?s={search_term_string}\"},\"query-input\":\"required name=search_term_string\"}],\"inLanguage\":\"es\"},{\"@type\":\"ImageObject\",\"@id\":\"https:\/\/elpuucnoticias.com\/?p=19965#primaryimage\",\"inLanguage\":\"es\",\"url\":\"https:\/\/elpuucnoticias.com\/wp-content\/uploads\/2025\/07\/whatsapp-image-2025-07-14-at-12.55.22.jpeg\",\"contentUrl\":\"https:\/\/elpuucnoticias.com\/wp-content\/uploads\/2025\/07\/whatsapp-image-2025-07-14-at-12.55.22.jpeg\",\"width\":1600,\"height\":1066},{\"@type\":\"WebPage\",\"@id\":\"https:\/\/elpuucnoticias.com\/?p=19965#webpage\",\"url\":\"https:\/\/elpuucnoticias.com\/?p=19965\",\"name\":\"Convoca FPMC al Curso de Verano \u201cExploradores de la Naturaleza\u201d para ni\u00f1as y ni\u00f1os de 7 a 11 a\u00f1os - El Puuc Noticias\",\"isPartOf\":{\"@id\":\"https:\/\/elpuucnoticias.com\/#website\"},\"primaryImageOfPage\":{\"@id\":\"https:\/\/elpuucnoticias.com\/?p=19965#primaryimage\"},\"datePublished\":\"2025-07-14T19:19:14+00:00\",\"dateModified\":\"2025-07-14T19:19:14+00:00\",\"author\":{\"@id\":\"https:\/\/elpuucnoticias.com\/#\/schema\/person\/d2ea09e4c97f0160b11cdfb1d856bd9e\"},\"breadcrumb\":{\"@id\":\"https:\/\/elpuucnoticias.com\/?p=19965#breadcrumb\"},\"inLanguage\":\"es\",\"potentialAction\":[{\"@type\":\"ReadAction\",\"target\":[\"https:\/\/elpuucnoticias.com\/?p=19965\"]}]},{\"@type\":\"BreadcrumbList\",\"@id\":\"https:\/\/elpuucnoticias.com\/?p=19965#breadcrumb\",\"itemListElement\":[{\"@type\":\"ListItem\",\"position\":1,\"name\":\"Portada\",\"item\":\"https:\/\/elpuucnoticias.com\/\"},{\"@type\":\"ListItem\",\"position\":2,\"name\":\"Convoca FPMC al Curso de Verano \u201cExploradores de la Naturaleza\u201d para ni\u00f1as y ni\u00f1os de 7 a 11 a\u00f1os\"}]},{\"@type\":\"Person\",\"@id\":\"https:\/\/elpuucnoticias.com\/#\/schema\/person\/d2ea09e4c97f0160b11cdfb1d856bd9e\",\"name\":\"elpuucnoticias\",\"image\":{\"@type\":\"ImageObject\",\"@id\":\"https:\/\/elpuucnoticias.com\/#personlogo\",\"inLanguage\":\"es\",\"url\":\"https:\/\/secure.gravatar.com\/avatar\/5290a43657c74ffa15701dbe5b846bd85cc71930d803c84e91046a7333de6ce2?s=96&d=mm&r=g\",\"contentUrl\":\"https:\/\/secure.gravatar.com\/avatar\/5290a43657c74ffa15701dbe5b846bd85cc71930d803c84e91046a7333de6ce2?s=96&d=mm&r=g\",\"caption\":\"elpuucnoticias\"},\"sameAs\":[\"https:\/\/elpuucnoticias.com\"],\"url\":\"https:\/\/elpuucnoticias.com\/?author=1\"}]}<\/script>\n<!-- \/ Yoast SEO plugin. -->","yoast_head_json":{"title":"Convoca FPMC al Curso de Verano \u201cExploradores de la Naturaleza\u201d para ni\u00f1as y ni\u00f1os de 7 a 11 a\u00f1os - El Puuc Noticias","robots":{"index":"index","follow":"follow","max-snippet":"max-snippet:-1","max-image-preview":"max-image-preview:large","max-video-preview":"max-video-preview:-1"},"canonical":"https:\/\/elpuucnoticias.com\/?p=19965","og_locale":"es_ES","og_type":"article","og_title":"Convoca FPMC al Curso de Verano \u201cExploradores de la Naturaleza\u201d para ni\u00f1as y ni\u00f1os de 7 a 11 a\u00f1os - El Puuc Noticias","og_description":"La Fundaci\u00f3n de Parques y Museos de Cozumel (FPMC) abre su convocatoria al curso de verano \u201cExploradores de","og_url":"https:\/\/elpuucnoticias.com\/?p=19965","og_site_name":"El Puuc Noticias","article_published_time":"2025-07-14T19:19:14+00:00","og_image":[{"width":1600,"height":1066,"url":"https:\/\/elpuucnoticias.com\/wp-content\/uploads\/2025\/07\/whatsapp-image-2025-07-14-at-12.55.22.jpeg","type":"image\/jpeg"}],"twitter_card":"summary_large_image","twitter_misc":{"Escrito por":"elpuucnoticias","Tiempo de lectura":"2 minutos"},"schema":{"@context":"https:\/\/schema.org","@graph":[{"@type":"WebSite","@id":"https:\/\/elpuucnoticias.com\/#website","url":"https:\/\/elpuucnoticias.com\/","name":"El Puuc Noticias","description":"Noticias - Entretenimiento - Deportes","potentialAction":[{"@type":"SearchAction","target":{"@type":"EntryPoint","urlTemplate":"https:\/\/elpuucnoticias.com\/?s={search_term_string}"},"query-input":"required name=search_term_string"}],"inLanguage":"es"},{"@type":"ImageObject","@id":"https:\/\/elpuucnoticias.com\/?p=19965#primaryimage","inLanguage":"es","url":"https:\/\/elpuucnoticias.com\/wp-content\/uploads\/2025\/07\/whatsapp-image-2025-07-14-at-12.55.22.jpeg","contentUrl":"https:\/\/elpuucnoticias.com\/wp-content\/uploads\/2025\/07\/whatsapp-image-2025-07-14-at-12.55.22.jpeg","width":1600,"height":1066},{"@type":"WebPage","@id":"https:\/\/elpuucnoticias.com\/?p=19965#webpage","url":"https:\/\/elpuucnoticias.com\/?p=19965","name":"Convoca FPMC al Curso de Verano \u201cExploradores de la Naturaleza\u201d para ni\u00f1as y ni\u00f1os de 7 a 11 a\u00f1os - El Puuc Noticias","isPartOf":{"@id":"https:\/\/elpuucnoticias.com\/#website"},"primaryImageOfPage":{"@id":"https:\/\/elpuucnoticias.com\/?p=19965#primaryimage"},"datePublished":"2025-07-14T19:19:14+00:00","dateModified":"2025-07-14T19:19:14+00:00","author":{"@id":"https:\/\/elpuucnoticias.com\/#\/schema\/person\/d2ea09e4c97f0160b11cdfb1d856bd9e"},"breadcrumb":{"@id":"https:\/\/elpuucnoticias.com\/?p=19965#breadcrumb"},"inLanguage":"es","potentialAction":[{"@type":"ReadAction","target":["https:\/\/elpuucnoticias.com\/?p=19965"]}]},{"@type":"BreadcrumbList","@id":"https:\/\/elpuucnoticias.com\/?p=19965#breadcrumb","itemListElement":[{"@type":"ListItem","position":1,"name":"Portada","item":"https:\/\/elpuucnoticias.com\/"},{"@type":"ListItem","position":2,"name":"Convoca FPMC al Curso de Verano \u201cExploradores de la Naturaleza\u201d para ni\u00f1as y ni\u00f1os de 7 a 11 a\u00f1os"}]},{"@type":"Person","@id":"https:\/\/elpuucnoticias.com\/#\/schema\/person\/d2ea09e4c97f0160b11cdfb1d856bd9e","name":"elpuucnoticias","image":{"@type":"ImageObject","@id":"https:\/\/elpuucnoticias.com\/#personlogo","inLanguage":"es","url":"https:\/\/secure.gravatar.com\/avatar\/5290a43657c74ffa15701dbe5b846bd85cc71930d803c84e91046a7333de6ce2?s=96&d=mm&r=g","contentUrl":"https:\/\/secure.gravatar.com\/avatar\/5290a43657c74ffa15701dbe5b846bd85cc71930d803c84e91046a7333de6ce2?s=96&d=mm&r=g","caption":"elpuucnoticias"},"sameAs":["https:\/\/elpuucnoticias.com"],"url":"https:\/\/elpuucnoticias.com\/?author=1"}]}},"_links":{"self":[{"href":"https:\/\/elpuucnoticias.com\/index.php?rest_route=\/wp\/v2\/posts\/19965","targetHints":{"allow":["GET"]}}],"collection":[{"href":"https:\/\/elpuucnoticias.com\/index.php?rest_route=\/wp\/v2\/posts"}],"about":[{"href":"https:\/\/elpuucnoticias.com\/index.php?rest_route=\/wp\/v2\/types\/post"}],"author":[{"embeddable":true,"href":"https:\/\/elpuucnoticias.com\/index.php?rest_route=\/wp\/v2\/users\/1"}],"replies":[{"embeddable":true,"href":"https:\/\/elpuucnoticias.com\/index.php?rest_route=%2Fwp%2Fv2%2Fcomments&post=19965"}],"version-history":[{"count":1,"href":"https:\/\/elpuucnoticias.com\/index.php?rest_route=\/wp\/v2\/posts\/19965\/revisions"}],"predecessor-version":[{"id":19968,"href":"https:\/\/elpuucnoticias.com\/index.php?rest_route=\/wp\/v2\/posts\/19965\/revisions\/19968"}],"wp:featuredmedia":[{"embeddable":true,"href":"https:\/\/elpuucnoticias.com\/index.php?rest_route=\/wp\/v2\/media\/19967"}],"wp:attachment":[{"href":"https:\/\/elpuucnoticias.com\/index.php?rest_route=%2Fwp%2Fv2%2Fmedia&parent=19965"}],"wp:term":[{"taxonomy":"category","embeddable":true,"href":"https:\/\/elpuucnoticias.com\/index.php?rest_route=%2Fwp%2Fv2%2Fcategories&post=19965"},{"taxonomy":"post_tag","embeddable":true,"href":"https:\/\/elpuucnoticias.com\/index.php?rest_route=%2Fwp%2Fv2%2Ftags&post=19965"}],"curies":[{"name":"wp","href":"https:\/\/api.w.org\/{rel}","templated":true}]}}