{"id":19976,"date":"2025-07-14T13:26:30","date_gmt":"2025-07-14T19:26:30","guid":{"rendered":"https:\/\/elpuucnoticias.com\/?p=19976"},"modified":"2025-07-14T13:26:30","modified_gmt":"2025-07-14T19:26:30","slug":"a-partir-de-este-11-de-julio-seq-da-a-conocer-los-resultados-del-proceso-de-asignacion-de-espacios-en-las-preparatorias-publicas","status":"publish","type":"post","link":"https:\/\/elpuucnoticias.com\/?p=19976","title":{"rendered":"A partir de este 11 de julio SEQ da a conocer los resultados del proceso de asignaci\u00f3n de espacios en las preparatorias p\u00fablicas"},"content":{"rendered":"\n<p>La Secretar\u00eda de Educaci\u00f3n de Quintana Roo (SEQ), informa que a partir de este 11 de julio, las y los aspirantes que realizaron su examen EXANI-I el pasado 14 de junio, podr\u00e1n conocer los resultados en su cuenta de registro, de acuerdo con los criterios publicados en la convocatoria PAEEMS 2025 Quintana Roo, ingresando al portal paeems.seq.gob.mx.<\/p>\n\n\n\n<figure class=\"wp-block-image is-style-default\"><a href=\"https:\/\/cgc.qroo.gob.mx\/cjg\/wp-content\/uploads\/2025\/07\/WhatsApp-Image-2025-07-11-at-14.42.46-3.jpeg\"><img decoding=\"async\" src=\"https:\/\/cgc.qroo.gob.mx\/cjg\/wp-content\/uploads\/2025\/07\/WhatsApp-Image-2025-07-11-at-14.42.46-3-585x390.jpeg\" alt=\"\" title=\"WhatsApp Image 2025-07-11 at 14.42.46 (3)\"\/><\/a><\/figure>\n\n\n\n<p>A trav\u00e9s del Nuevo Acuerdo por el Bienestar y Desarrollo de Quintana Roo que impulsa la gobernadora Mara Lezama Espinosa, se brinda una educaci\u00f3n de calidad, humanista y transformadora, que pone en el centro de atenci\u00f3n de sus pol\u00edticas p\u00fablicas a las ni\u00f1as, ni\u00f1os, j\u00f3venes y adolescentes para iniciar, continuar y culminar sus estudios profesionales.<\/p>\n\n\n\n<figure class=\"wp-block-image is-style-default\"><a href=\"https:\/\/cgc.qroo.gob.mx\/cjg\/wp-content\/uploads\/2025\/07\/WhatsApp-Image-2025-07-11-at-14.42.46-1.jpeg\"><img decoding=\"async\" src=\"https:\/\/cgc.qroo.gob.mx\/cjg\/wp-content\/uploads\/2025\/07\/WhatsApp-Image-2025-07-11-at-14.42.46-1-585x390.jpeg\" alt=\"\" title=\"WhatsApp Image 2025-07-11 at 14.42.46 (1)\"\/><\/a><\/figure>\n\n\n\n<p>Despu\u00e9s de consultar su resultado, la o el aspirante deber\u00e1 imprimir la hoja con la fecha y requisitos para el proceso de inscripci\u00f3n, despu\u00e9s acudir\u00e1 al plantel asignado en el periodo que indica la hoja de resultados. La escuela es responsable del proceso de inscripci\u00f3n y de asignar un turno escolar.<\/p>\n\n\n\n<p>Tambi\u00e9n podr\u00e1s consultar su resultado de asignaci\u00f3n, enviando un mensaje al n\u00famero de Asistente WhatsApp diciendo \u201chola\u201d, esperar el men\u00fa de informaci\u00f3n, escribir \u201cPAEEMS\u201d, y elegir \u201cRESULTADOS\u201d.<\/p>\n\n\n\n<figure class=\"wp-block-image is-style-default\"><a href=\"https:\/\/cgc.qroo.gob.mx\/cjg\/wp-content\/uploads\/2025\/07\/WhatsApp-Image-2025-07-11-at-14.42.46-2.jpeg\"><img decoding=\"async\" src=\"https:\/\/cgc.qroo.gob.mx\/cjg\/wp-content\/uploads\/2025\/07\/WhatsApp-Image-2025-07-11-at-14.42.46-2-585x390.jpeg\" alt=\"\" title=\"WhatsApp Image 2025-07-11 at 14.42.46 (2)\"\/><\/a><\/figure>\n\n\n\n<p>Es importante recordar que del 24 de marzo al 9 de mayo y con la reapertura los d\u00edas 13 y 14 de mayo de 2025, se registraron 22 mil 571 aspirantes a la Educaci\u00f3n Media Superior, de los cuales, el s\u00e1bado 14 de junio del a\u00f1o en curso, se obtuvo una participaci\u00f3n total de 21 mil 763 aspirantes, teniendo un porcentaje del 96.4 por ciento de estudiantes que presentaron el examen de ingreso a una preparatoria p\u00fablica en Quintana Roo, explic\u00f3.<\/p>\n\n\n\n<p>El 23 de julio pr\u00f3ximo, se presentar\u00e1 a los subsistemas de bachillerato el denominado insumo educativo, en el cual se dar\u00e1n a conocer los datos demogr\u00e1ficos, resultados acad\u00e9micos e informaci\u00f3n de contexto, finalizando con la Atenci\u00f3n y Reasignaci\u00f3n de Espacios a la Educaci\u00f3n Media Superior, del 4 al 8 de agosto de 2025 en las sedes de Chetumal, Felipe Carrillo Puerto, Jos\u00e9 Mar\u00eda Morelos, Tulum, Cozumel, Playa del Carmen, Canc\u00fan y L\u00e1zaro C\u00e1rdenas.<\/p>\n","protected":false},"excerpt":{"rendered":"<p>La Secretar\u00eda de Educaci\u00f3n de Quintana Roo (SEQ), informa que a partir de este 11 de julio, las<\/p>\n","protected":false},"author":1,"featured_media":19977,"comment_status":"closed","ping_status":"open","sticky":false,"template":"","format":"standard","meta":{"_monsterinsights_skip_tracking":false,"_monsterinsights_sitenote_active":false,"_monsterinsights_sitenote_note":"","_monsterinsights_sitenote_category":0,"footnotes":""},"categories":[11,24],"tags":[],"class_list":["post-19976","post","type-post","status-publish","format-standard","has-post-thumbnail","hentry","category-noticias","category-quintana-roo"],"yoast_head":"<!-- This site is optimized with the Yoast SEO plugin v18.3 - https:\/\/yoast.com\/wordpress\/plugins\/seo\/ -->\n<title>A partir de este 11 de julio SEQ da a conocer los resultados del proceso de asignaci\u00f3n de espacios en las preparatorias p\u00fablicas - El Puuc Noticias<\/title>\n<meta name=\"robots\" content=\"index, follow, max-snippet:-1, max-image-preview:large, max-video-preview:-1\" \/>\n<link rel=\"canonical\" href=\"https:\/\/elpuucnoticias.com\/?p=19976\" \/>\n<meta property=\"og:locale\" content=\"es_ES\" \/>\n<meta property=\"og:type\" content=\"article\" \/>\n<meta property=\"og:title\" content=\"A partir de este 11 de julio SEQ da a conocer los resultados del proceso de asignaci\u00f3n de espacios en las preparatorias p\u00fablicas - El Puuc Noticias\" \/>\n<meta property=\"og:description\" content=\"La Secretar\u00eda de Educaci\u00f3n de Quintana Roo (SEQ), informa que a partir de este 11 de julio, las\" \/>\n<meta property=\"og:url\" content=\"https:\/\/elpuucnoticias.com\/?p=19976\" \/>\n<meta property=\"og:site_name\" content=\"El Puuc Noticias\" \/>\n<meta property=\"article:published_time\" content=\"2025-07-14T19:26:30+00:00\" \/>\n<meta property=\"og:image\" content=\"https:\/\/elpuucnoticias.com\/wp-content\/uploads\/2025\/07\/whatsapp-image-2025-07-11-at-14.42.46-4.jpeg\" \/>\n\t<meta property=\"og:image:width\" content=\"1080\" \/>\n\t<meta property=\"og:image:height\" content=\"851\" \/>\n\t<meta property=\"og:image:type\" content=\"image\/jpeg\" \/>\n<meta name=\"twitter:card\" content=\"summary_large_image\" \/>\n<meta name=\"twitter:label1\" content=\"Escrito por\" \/>\n\t<meta name=\"twitter:data1\" content=\"elpuucnoticias\" \/>\n\t<meta name=\"twitter:label2\" content=\"Tiempo de lectura\" \/>\n\t<meta name=\"twitter:data2\" content=\"2 minutos\" \/>\n<script type=\"application\/ld+json\" class=\"yoast-schema-graph\">{\"@context\":\"https:\/\/schema.org\",\"@graph\":[{\"@type\":\"WebSite\",\"@id\":\"https:\/\/elpuucnoticias.com\/#website\",\"url\":\"https:\/\/elpuucnoticias.com\/\",\"name\":\"El Puuc Noticias\",\"description\":\"Noticias - Entretenimiento - Deportes\",\"potentialAction\":[{\"@type\":\"SearchAction\",\"target\":{\"@type\":\"EntryPoint\",\"urlTemplate\":\"https:\/\/elpuucnoticias.com\/?s={search_term_string}\"},\"query-input\":\"required name=search_term_string\"}],\"inLanguage\":\"es\"},{\"@type\":\"ImageObject\",\"@id\":\"https:\/\/elpuucnoticias.com\/?p=19976#primaryimage\",\"inLanguage\":\"es\",\"url\":\"https:\/\/elpuucnoticias.com\/wp-content\/uploads\/2025\/07\/whatsapp-image-2025-07-11-at-14.42.46-4.jpeg\",\"contentUrl\":\"https:\/\/elpuucnoticias.com\/wp-content\/uploads\/2025\/07\/whatsapp-image-2025-07-11-at-14.42.46-4.jpeg\",\"width\":1080,\"height\":851},{\"@type\":\"WebPage\",\"@id\":\"https:\/\/elpuucnoticias.com\/?p=19976#webpage\",\"url\":\"https:\/\/elpuucnoticias.com\/?p=19976\",\"name\":\"A partir de este 11 de julio SEQ da a conocer los resultados del proceso de asignaci\u00f3n de espacios en las preparatorias p\u00fablicas - El Puuc Noticias\",\"isPartOf\":{\"@id\":\"https:\/\/elpuucnoticias.com\/#website\"},\"primaryImageOfPage\":{\"@id\":\"https:\/\/elpuucnoticias.com\/?p=19976#primaryimage\"},\"datePublished\":\"2025-07-14T19:26:30+00:00\",\"dateModified\":\"2025-07-14T19:26:30+00:00\",\"author\":{\"@id\":\"https:\/\/elpuucnoticias.com\/#\/schema\/person\/d2ea09e4c97f0160b11cdfb1d856bd9e\"},\"breadcrumb\":{\"@id\":\"https:\/\/elpuucnoticias.com\/?p=19976#breadcrumb\"},\"inLanguage\":\"es\",\"potentialAction\":[{\"@type\":\"ReadAction\",\"target\":[\"https:\/\/elpuucnoticias.com\/?p=19976\"]}]},{\"@type\":\"BreadcrumbList\",\"@id\":\"https:\/\/elpuucnoticias.com\/?p=19976#breadcrumb\",\"itemListElement\":[{\"@type\":\"ListItem\",\"position\":1,\"name\":\"Portada\",\"item\":\"https:\/\/elpuucnoticias.com\/\"},{\"@type\":\"ListItem\",\"position\":2,\"name\":\"A partir de este 11 de julio SEQ da a conocer los resultados del proceso de asignaci\u00f3n de espacios en las preparatorias p\u00fablicas\"}]},{\"@type\":\"Person\",\"@id\":\"https:\/\/elpuucnoticias.com\/#\/schema\/person\/d2ea09e4c97f0160b11cdfb1d856bd9e\",\"name\":\"elpuucnoticias\",\"image\":{\"@type\":\"ImageObject\",\"@id\":\"https:\/\/elpuucnoticias.com\/#personlogo\",\"inLanguage\":\"es\",\"url\":\"https:\/\/secure.gravatar.com\/avatar\/5290a43657c74ffa15701dbe5b846bd85cc71930d803c84e91046a7333de6ce2?s=96&d=mm&r=g\",\"contentUrl\":\"https:\/\/secure.gravatar.com\/avatar\/5290a43657c74ffa15701dbe5b846bd85cc71930d803c84e91046a7333de6ce2?s=96&d=mm&r=g\",\"caption\":\"elpuucnoticias\"},\"sameAs\":[\"https:\/\/elpuucnoticias.com\"],\"url\":\"https:\/\/elpuucnoticias.com\/?author=1\"}]}<\/script>\n<!-- \/ Yoast SEO plugin. -->","yoast_head_json":{"title":"A partir de este 11 de julio SEQ da a conocer los resultados del proceso de asignaci\u00f3n de espacios en las preparatorias p\u00fablicas - El Puuc Noticias","robots":{"index":"index","follow":"follow","max-snippet":"max-snippet:-1","max-image-preview":"max-image-preview:large","max-video-preview":"max-video-preview:-1"},"canonical":"https:\/\/elpuucnoticias.com\/?p=19976","og_locale":"es_ES","og_type":"article","og_title":"A partir de este 11 de julio SEQ da a conocer los resultados del proceso de asignaci\u00f3n de espacios en las preparatorias p\u00fablicas - El Puuc Noticias","og_description":"La Secretar\u00eda de Educaci\u00f3n de Quintana Roo (SEQ), informa que a partir de este 11 de julio, las","og_url":"https:\/\/elpuucnoticias.com\/?p=19976","og_site_name":"El Puuc Noticias","article_published_time":"2025-07-14T19:26:30+00:00","og_image":[{"width":1080,"height":851,"url":"https:\/\/elpuucnoticias.com\/wp-content\/uploads\/2025\/07\/whatsapp-image-2025-07-11-at-14.42.46-4.jpeg","type":"image\/jpeg"}],"twitter_card":"summary_large_image","twitter_misc":{"Escrito por":"elpuucnoticias","Tiempo de lectura":"2 minutos"},"schema":{"@context":"https:\/\/schema.org","@graph":[{"@type":"WebSite","@id":"https:\/\/elpuucnoticias.com\/#website","url":"https:\/\/elpuucnoticias.com\/","name":"El Puuc Noticias","description":"Noticias - Entretenimiento - Deportes","potentialAction":[{"@type":"SearchAction","target":{"@type":"EntryPoint","urlTemplate":"https:\/\/elpuucnoticias.com\/?s={search_term_string}"},"query-input":"required name=search_term_string"}],"inLanguage":"es"},{"@type":"ImageObject","@id":"https:\/\/elpuucnoticias.com\/?p=19976#primaryimage","inLanguage":"es","url":"https:\/\/elpuucnoticias.com\/wp-content\/uploads\/2025\/07\/whatsapp-image-2025-07-11-at-14.42.46-4.jpeg","contentUrl":"https:\/\/elpuucnoticias.com\/wp-content\/uploads\/2025\/07\/whatsapp-image-2025-07-11-at-14.42.46-4.jpeg","width":1080,"height":851},{"@type":"WebPage","@id":"https:\/\/elpuucnoticias.com\/?p=19976#webpage","url":"https:\/\/elpuucnoticias.com\/?p=19976","name":"A partir de este 11 de julio SEQ da a conocer los resultados del proceso de asignaci\u00f3n de espacios en las preparatorias p\u00fablicas - El Puuc Noticias","isPartOf":{"@id":"https:\/\/elpuucnoticias.com\/#website"},"primaryImageOfPage":{"@id":"https:\/\/elpuucnoticias.com\/?p=19976#primaryimage"},"datePublished":"2025-07-14T19:26:30+00:00","dateModified":"2025-07-14T19:26:30+00:00","author":{"@id":"https:\/\/elpuucnoticias.com\/#\/schema\/person\/d2ea09e4c97f0160b11cdfb1d856bd9e"},"breadcrumb":{"@id":"https:\/\/elpuucnoticias.com\/?p=19976#breadcrumb"},"inLanguage":"es","potentialAction":[{"@type":"ReadAction","target":["https:\/\/elpuucnoticias.com\/?p=19976"]}]},{"@type":"BreadcrumbList","@id":"https:\/\/elpuucnoticias.com\/?p=19976#breadcrumb","itemListElement":[{"@type":"ListItem","position":1,"name":"Portada","item":"https:\/\/elpuucnoticias.com\/"},{"@type":"ListItem","position":2,"name":"A partir de este 11 de julio SEQ da a conocer los resultados del proceso de asignaci\u00f3n de espacios en las preparatorias p\u00fablicas"}]},{"@type":"Person","@id":"https:\/\/elpuucnoticias.com\/#\/schema\/person\/d2ea09e4c97f0160b11cdfb1d856bd9e","name":"elpuucnoticias","image":{"@type":"ImageObject","@id":"https:\/\/elpuucnoticias.com\/#personlogo","inLanguage":"es","url":"https:\/\/secure.gravatar.com\/avatar\/5290a43657c74ffa15701dbe5b846bd85cc71930d803c84e91046a7333de6ce2?s=96&d=mm&r=g","contentUrl":"https:\/\/secure.gravatar.com\/avatar\/5290a43657c74ffa15701dbe5b846bd85cc71930d803c84e91046a7333de6ce2?s=96&d=mm&r=g","caption":"elpuucnoticias"},"sameAs":["https:\/\/elpuucnoticias.com"],"url":"https:\/\/elpuucnoticias.com\/?author=1"}]}},"_links":{"self":[{"href":"https:\/\/elpuucnoticias.com\/index.php?rest_route=\/wp\/v2\/posts\/19976","targetHints":{"allow":["GET"]}}],"collection":[{"href":"https:\/\/elpuucnoticias.com\/index.php?rest_route=\/wp\/v2\/posts"}],"about":[{"href":"https:\/\/elpuucnoticias.com\/index.php?rest_route=\/wp\/v2\/types\/post"}],"author":[{"embeddable":true,"href":"https:\/\/elpuucnoticias.com\/index.php?rest_route=\/wp\/v2\/users\/1"}],"replies":[{"embeddable":true,"href":"https:\/\/elpuucnoticias.com\/index.php?rest_route=%2Fwp%2Fv2%2Fcomments&post=19976"}],"version-history":[{"count":1,"href":"https:\/\/elpuucnoticias.com\/index.php?rest_route=\/wp\/v2\/posts\/19976\/revisions"}],"predecessor-version":[{"id":19978,"href":"https:\/\/elpuucnoticias.com\/index.php?rest_route=\/wp\/v2\/posts\/19976\/revisions\/19978"}],"wp:featuredmedia":[{"embeddable":true,"href":"https:\/\/elpuucnoticias.com\/index.php?rest_route=\/wp\/v2\/media\/19977"}],"wp:attachment":[{"href":"https:\/\/elpuucnoticias.com\/index.php?rest_route=%2Fwp%2Fv2%2Fmedia&parent=19976"}],"wp:term":[{"taxonomy":"category","embeddable":true,"href":"https:\/\/elpuucnoticias.com\/index.php?rest_route=%2Fwp%2Fv2%2Fcategories&post=19976"},{"taxonomy":"post_tag","embeddable":true,"href":"https:\/\/elpuucnoticias.com\/index.php?rest_route=%2Fwp%2Fv2%2Ftags&post=19976"}],"curies":[{"name":"wp","href":"https:\/\/api.w.org\/{rel}","templated":true}]}}