{"id":19979,"date":"2025-07-14T13:29:02","date_gmt":"2025-07-14T19:29:02","guid":{"rendered":"https:\/\/elpuucnoticias.com\/?p=19979"},"modified":"2025-07-14T13:29:03","modified_gmt":"2025-07-14T19:29:03","slug":"jornada-dorada-para-quintana-roo-en-el-arranque-del-bloque-varonil-de-halterofilia-en-la-olimpiada-nacional-conade-2025","status":"publish","type":"post","link":"https:\/\/elpuucnoticias.com\/?p=19979","title":{"rendered":"Jornada dorada para Quintana Roo en el arranque del bloque varonil de Halterofilia en la Olimpiada Nacional CONADE 2025"},"content":{"rendered":"\n<p>La Selecci\u00f3n Varonil de Quintana Roo en la disciplina de Levantamiento de Pesas tuvo un arranque muy productivo en la Olimpiada Nacional CONADE 2025, esto al concretar 28 preseas: ocho de oro, 12 de plata y ocho m\u00e1s de bronce, durante el primer d\u00eda de competencias que se disputa en el Vel\u00f3dromo de CODE Paradero de Guadalajara, Jalisco.<\/p>\n\n\n\n<p>Como parte de las acciones que enmarca el Nuevo Acuerdo por el Bienestar y Desarrollo, que promueve la gobernadora Mara Lezama Espinosa, esta selecci\u00f3n, como todas, ha llegado con un d\u00eda o dos de anticipaci\u00f3n a sus pruebas para aclimatarse y descansar, esto con el respaldo y apoyo de la Comisi\u00f3n del Deporte de Quintana Roo (CODEQ), que preside Jacobo Arzate Hop.<\/p>\n\n\n\n<figure class=\"wp-block-image is-style-default\"><img decoding=\"async\" src=\"https:\/\/cgc.qroo.gob.mx\/cjg\/wp-content\/uploads\/2025\/07\/IMG-20250711-WA0080-585x390.jpg\" alt=\"\" title=\"IMG-20250711-WA0080\"\/><\/figure>\n\n\n\n<p>Adem\u00e1s, con este productivo resultado, el equipo de Halterofilia registra al momento un total de 46 metales: 13 de oro, 17 de plata y 16 de bronce; los cuales tambi\u00e9n han aportado para que el estado llegue a los 223 metales, para contabilizar 60 doradas, 82 plateadas y 81 bronces.<\/p>\n\n\n\n<p>Pasando a los resultados, quien destac\u00f3 en la jornada fue el cozumele\u00f1o Darvin Pech G\u00f3mez, quien se convirti\u00f3 en campe\u00f3n nacional absoluto por quinto a\u00f1o consecutivo en la divisi\u00f3n de los 73 kilogramos de la categor\u00eda Sub-23, luego de levantar 123 kilos en Arranque, 153 en Envi\u00f3n y 276 en Total, conquistando tres preseas de oro, una en cada prueba mencionada.<\/p>\n\n\n\n<p>En tanto, Alexis Lara Arceo tambi\u00e9n se subi\u00f3 hasta lo m\u00e1s alto del podio en la divisi\u00f3n de los 73 kilos de la Sub-17; esto luego de colgarse tres preseas doradas al levantar 115 kilos en Arranque, 135 kilogramos en Envi\u00f3n y una sumatoria Total de 250 kilos; adem\u00e1s, con esto, Alexis se proclam\u00f3 tricampe\u00f3n nacional.<\/p>\n\n\n\n<figure class=\"wp-block-image is-style-default\"><a href=\"https:\/\/cgc.qroo.gob.mx\/cjg\/wp-content\/uploads\/2025\/07\/IMG-20250711-WA0071.jpg\"><img decoding=\"async\" src=\"https:\/\/cgc.qroo.gob.mx\/cjg\/wp-content\/uploads\/2025\/07\/IMG-20250711-WA0071-585x439.jpg\" alt=\"\" title=\"IMG-20250711-WA0071\"\/><\/a><\/figure>\n\n\n\n<p>Por otro lado, en la divisi\u00f3n de la Sub-23 de los 67 kilogramos, el chetumale\u00f1o Herseleid Carrazco tambi\u00e9n conquist\u00f3 tres metales, los cuales fueron dos de oro en las modalidades de Envi\u00f3n y Total, haciendo marcas de 150 y 254 kilos, respectivamente; mientras que en Arranque levant\u00f3 124 kilos para colgarse la plata.<\/p>\n\n\n\n<p>En m\u00e1s resultados, Axel Mendoza S\u00e1nchez, que compiti\u00f3 en la Sub-23 de los 55 kilos, se colg\u00f3 al pecho tres metales plateados, luego de registrar marcas de 101 kilos en Arranque, 133 en Envi\u00f3n y 205 en Total. Otro quintanarroense que logr\u00f3 tres metales de plata fue Shamir Gonzales Medina, quien logr\u00f3 las preseas tras levantar 83 kilos en Arranque, 100 kilogramos en Envi\u00f3n y 183 kilos en el Total.<\/p>\n\n\n\n<p>El quintanarroense Jes\u00fas Fernando Xool Pech tambi\u00e9n cosech\u00f3 tres preseas de plata, dejando marcas de 120 kilos en Arranque, 145 en Envi\u00f3n y 265 kilos en la sumatoria Total.<\/p>\n\n\n\n<figure class=\"wp-block-image is-style-default\"><a href=\"https:\/\/cgc.qroo.gob.mx\/cjg\/wp-content\/uploads\/2025\/07\/IMG-20250711-WA0070.jpg\"><img decoding=\"async\" src=\"https:\/\/cgc.qroo.gob.mx\/cjg\/wp-content\/uploads\/2025\/07\/IMG-20250711-WA0070-585x439.jpg\" alt=\"\" title=\"IMG-20250711-WA0070\"\/><\/a><\/figure>\n\n\n\n<p>Quintana Roo sigui\u00f3 sumando m\u00e1s preseas y fue por conducto de Erick Ricardo Huerta V\u00e1zquez, que logr\u00f3 tres metales: un bronce al levantar 62 kilos en Arranque, una plata en Envi\u00f3n con 78 kilogramos y en Total a\u00f1adi\u00f3 otro bronce con 140 kilos, dentro de la categor\u00eda Sub-17 de los 49 kilos.<\/p>\n\n\n\n<p>Por su parte, Cristian Alejandro Acevedo Can, dentro de la categor\u00eda Sub-20 de los 61 kilos, tambi\u00e9n aport\u00f3 tres preseas: una plata y dos bronces; mientras que Herme Argel Mukul Mex se adjudic\u00f3 dos bronces en la Sub-17 de los 55 kilos; as\u00ed como Josep Alexander Canto \u00c1lvarez, que logr\u00f3 un bronce en la Sub-15 de los 44 kilogramos; y el \u00faltimo bronce de la jornada fue gracias a Zaid Torres Alcocer, en los 49 kilos de la Sub-15.<\/p>\n","protected":false},"excerpt":{"rendered":"<p>La Selecci\u00f3n Varonil de Quintana Roo en la disciplina de Levantamiento de Pesas tuvo un arranque muy productivo<\/p>\n","protected":false},"author":1,"featured_media":19980,"comment_status":"closed","ping_status":"open","sticky":false,"template":"","format":"standard","meta":{"_monsterinsights_skip_tracking":false,"_monsterinsights_sitenote_active":false,"_monsterinsights_sitenote_note":"","_monsterinsights_sitenote_category":0,"footnotes":""},"categories":[11,24],"tags":[],"class_list":["post-19979","post","type-post","status-publish","format-standard","has-post-thumbnail","hentry","category-noticias","category-quintana-roo"],"yoast_head":"<!-- This site is optimized with the Yoast SEO plugin v18.3 - https:\/\/yoast.com\/wordpress\/plugins\/seo\/ -->\n<title>Jornada dorada para Quintana Roo en el arranque del bloque varonil de Halterofilia en la Olimpiada Nacional CONADE 2025 - El Puuc Noticias<\/title>\n<meta name=\"robots\" content=\"index, follow, max-snippet:-1, max-image-preview:large, max-video-preview:-1\" \/>\n<link rel=\"canonical\" href=\"https:\/\/elpuucnoticias.com\/?p=19979\" \/>\n<meta property=\"og:locale\" content=\"es_ES\" \/>\n<meta property=\"og:type\" content=\"article\" \/>\n<meta property=\"og:title\" content=\"Jornada dorada para Quintana Roo en el arranque del bloque varonil de Halterofilia en la Olimpiada Nacional CONADE 2025 - El Puuc Noticias\" \/>\n<meta property=\"og:description\" content=\"La Selecci\u00f3n Varonil de Quintana Roo en la disciplina de Levantamiento de Pesas tuvo un arranque muy productivo\" \/>\n<meta property=\"og:url\" content=\"https:\/\/elpuucnoticias.com\/?p=19979\" \/>\n<meta property=\"og:site_name\" content=\"El Puuc Noticias\" \/>\n<meta property=\"article:published_time\" content=\"2025-07-14T19:29:02+00:00\" \/>\n<meta property=\"article:modified_time\" content=\"2025-07-14T19:29:03+00:00\" \/>\n<meta property=\"og:image\" content=\"https:\/\/elpuucnoticias.com\/wp-content\/uploads\/2025\/07\/img-20250711-wa0083.jpg\" \/>\n\t<meta property=\"og:image:width\" content=\"1600\" \/>\n\t<meta property=\"og:image:height\" content=\"1066\" \/>\n\t<meta property=\"og:image:type\" content=\"image\/jpeg\" \/>\n<meta name=\"twitter:card\" content=\"summary_large_image\" \/>\n<meta name=\"twitter:label1\" content=\"Escrito por\" \/>\n\t<meta name=\"twitter:data1\" content=\"elpuucnoticias\" \/>\n\t<meta name=\"twitter:label2\" content=\"Tiempo de lectura\" \/>\n\t<meta name=\"twitter:data2\" content=\"3 minutos\" \/>\n<script type=\"application\/ld+json\" class=\"yoast-schema-graph\">{\"@context\":\"https:\/\/schema.org\",\"@graph\":[{\"@type\":\"WebSite\",\"@id\":\"https:\/\/elpuucnoticias.com\/#website\",\"url\":\"https:\/\/elpuucnoticias.com\/\",\"name\":\"El Puuc Noticias\",\"description\":\"Noticias - Entretenimiento - Deportes\",\"potentialAction\":[{\"@type\":\"SearchAction\",\"target\":{\"@type\":\"EntryPoint\",\"urlTemplate\":\"https:\/\/elpuucnoticias.com\/?s={search_term_string}\"},\"query-input\":\"required name=search_term_string\"}],\"inLanguage\":\"es\"},{\"@type\":\"ImageObject\",\"@id\":\"https:\/\/elpuucnoticias.com\/?p=19979#primaryimage\",\"inLanguage\":\"es\",\"url\":\"https:\/\/elpuucnoticias.com\/wp-content\/uploads\/2025\/07\/img-20250711-wa0083.jpg\",\"contentUrl\":\"https:\/\/elpuucnoticias.com\/wp-content\/uploads\/2025\/07\/img-20250711-wa0083.jpg\",\"width\":1600,\"height\":1066},{\"@type\":\"WebPage\",\"@id\":\"https:\/\/elpuucnoticias.com\/?p=19979#webpage\",\"url\":\"https:\/\/elpuucnoticias.com\/?p=19979\",\"name\":\"Jornada dorada para Quintana Roo en el arranque del bloque varonil de Halterofilia en la Olimpiada Nacional CONADE 2025 - El Puuc Noticias\",\"isPartOf\":{\"@id\":\"https:\/\/elpuucnoticias.com\/#website\"},\"primaryImageOfPage\":{\"@id\":\"https:\/\/elpuucnoticias.com\/?p=19979#primaryimage\"},\"datePublished\":\"2025-07-14T19:29:02+00:00\",\"dateModified\":\"2025-07-14T19:29:03+00:00\",\"author\":{\"@id\":\"https:\/\/elpuucnoticias.com\/#\/schema\/person\/d2ea09e4c97f0160b11cdfb1d856bd9e\"},\"breadcrumb\":{\"@id\":\"https:\/\/elpuucnoticias.com\/?p=19979#breadcrumb\"},\"inLanguage\":\"es\",\"potentialAction\":[{\"@type\":\"ReadAction\",\"target\":[\"https:\/\/elpuucnoticias.com\/?p=19979\"]}]},{\"@type\":\"BreadcrumbList\",\"@id\":\"https:\/\/elpuucnoticias.com\/?p=19979#breadcrumb\",\"itemListElement\":[{\"@type\":\"ListItem\",\"position\":1,\"name\":\"Portada\",\"item\":\"https:\/\/elpuucnoticias.com\/\"},{\"@type\":\"ListItem\",\"position\":2,\"name\":\"Jornada dorada para Quintana Roo en el arranque del bloque varonil de Halterofilia en la Olimpiada Nacional CONADE 2025\"}]},{\"@type\":\"Person\",\"@id\":\"https:\/\/elpuucnoticias.com\/#\/schema\/person\/d2ea09e4c97f0160b11cdfb1d856bd9e\",\"name\":\"elpuucnoticias\",\"image\":{\"@type\":\"ImageObject\",\"@id\":\"https:\/\/elpuucnoticias.com\/#personlogo\",\"inLanguage\":\"es\",\"url\":\"https:\/\/secure.gravatar.com\/avatar\/5290a43657c74ffa15701dbe5b846bd85cc71930d803c84e91046a7333de6ce2?s=96&d=mm&r=g\",\"contentUrl\":\"https:\/\/secure.gravatar.com\/avatar\/5290a43657c74ffa15701dbe5b846bd85cc71930d803c84e91046a7333de6ce2?s=96&d=mm&r=g\",\"caption\":\"elpuucnoticias\"},\"sameAs\":[\"https:\/\/elpuucnoticias.com\"],\"url\":\"https:\/\/elpuucnoticias.com\/?author=1\"}]}<\/script>\n<!-- \/ Yoast SEO plugin. -->","yoast_head_json":{"title":"Jornada dorada para Quintana Roo en el arranque del bloque varonil de Halterofilia en la Olimpiada Nacional CONADE 2025 - El Puuc Noticias","robots":{"index":"index","follow":"follow","max-snippet":"max-snippet:-1","max-image-preview":"max-image-preview:large","max-video-preview":"max-video-preview:-1"},"canonical":"https:\/\/elpuucnoticias.com\/?p=19979","og_locale":"es_ES","og_type":"article","og_title":"Jornada dorada para Quintana Roo en el arranque del bloque varonil de Halterofilia en la Olimpiada Nacional CONADE 2025 - El Puuc Noticias","og_description":"La Selecci\u00f3n Varonil de Quintana Roo en la disciplina de Levantamiento de Pesas tuvo un arranque muy productivo","og_url":"https:\/\/elpuucnoticias.com\/?p=19979","og_site_name":"El Puuc Noticias","article_published_time":"2025-07-14T19:29:02+00:00","article_modified_time":"2025-07-14T19:29:03+00:00","og_image":[{"width":1600,"height":1066,"url":"https:\/\/elpuucnoticias.com\/wp-content\/uploads\/2025\/07\/img-20250711-wa0083.jpg","type":"image\/jpeg"}],"twitter_card":"summary_large_image","twitter_misc":{"Escrito por":"elpuucnoticias","Tiempo de lectura":"3 minutos"},"schema":{"@context":"https:\/\/schema.org","@graph":[{"@type":"WebSite","@id":"https:\/\/elpuucnoticias.com\/#website","url":"https:\/\/elpuucnoticias.com\/","name":"El Puuc Noticias","description":"Noticias - Entretenimiento - Deportes","potentialAction":[{"@type":"SearchAction","target":{"@type":"EntryPoint","urlTemplate":"https:\/\/elpuucnoticias.com\/?s={search_term_string}"},"query-input":"required name=search_term_string"}],"inLanguage":"es"},{"@type":"ImageObject","@id":"https:\/\/elpuucnoticias.com\/?p=19979#primaryimage","inLanguage":"es","url":"https:\/\/elpuucnoticias.com\/wp-content\/uploads\/2025\/07\/img-20250711-wa0083.jpg","contentUrl":"https:\/\/elpuucnoticias.com\/wp-content\/uploads\/2025\/07\/img-20250711-wa0083.jpg","width":1600,"height":1066},{"@type":"WebPage","@id":"https:\/\/elpuucnoticias.com\/?p=19979#webpage","url":"https:\/\/elpuucnoticias.com\/?p=19979","name":"Jornada dorada para Quintana Roo en el arranque del bloque varonil de Halterofilia en la Olimpiada Nacional CONADE 2025 - El Puuc Noticias","isPartOf":{"@id":"https:\/\/elpuucnoticias.com\/#website"},"primaryImageOfPage":{"@id":"https:\/\/elpuucnoticias.com\/?p=19979#primaryimage"},"datePublished":"2025-07-14T19:29:02+00:00","dateModified":"2025-07-14T19:29:03+00:00","author":{"@id":"https:\/\/elpuucnoticias.com\/#\/schema\/person\/d2ea09e4c97f0160b11cdfb1d856bd9e"},"breadcrumb":{"@id":"https:\/\/elpuucnoticias.com\/?p=19979#breadcrumb"},"inLanguage":"es","potentialAction":[{"@type":"ReadAction","target":["https:\/\/elpuucnoticias.com\/?p=19979"]}]},{"@type":"BreadcrumbList","@id":"https:\/\/elpuucnoticias.com\/?p=19979#breadcrumb","itemListElement":[{"@type":"ListItem","position":1,"name":"Portada","item":"https:\/\/elpuucnoticias.com\/"},{"@type":"ListItem","position":2,"name":"Jornada dorada para Quintana Roo en el arranque del bloque varonil de Halterofilia en la Olimpiada Nacional CONADE 2025"}]},{"@type":"Person","@id":"https:\/\/elpuucnoticias.com\/#\/schema\/person\/d2ea09e4c97f0160b11cdfb1d856bd9e","name":"elpuucnoticias","image":{"@type":"ImageObject","@id":"https:\/\/elpuucnoticias.com\/#personlogo","inLanguage":"es","url":"https:\/\/secure.gravatar.com\/avatar\/5290a43657c74ffa15701dbe5b846bd85cc71930d803c84e91046a7333de6ce2?s=96&d=mm&r=g","contentUrl":"https:\/\/secure.gravatar.com\/avatar\/5290a43657c74ffa15701dbe5b846bd85cc71930d803c84e91046a7333de6ce2?s=96&d=mm&r=g","caption":"elpuucnoticias"},"sameAs":["https:\/\/elpuucnoticias.com"],"url":"https:\/\/elpuucnoticias.com\/?author=1"}]}},"_links":{"self":[{"href":"https:\/\/elpuucnoticias.com\/index.php?rest_route=\/wp\/v2\/posts\/19979","targetHints":{"allow":["GET"]}}],"collection":[{"href":"https:\/\/elpuucnoticias.com\/index.php?rest_route=\/wp\/v2\/posts"}],"about":[{"href":"https:\/\/elpuucnoticias.com\/index.php?rest_route=\/wp\/v2\/types\/post"}],"author":[{"embeddable":true,"href":"https:\/\/elpuucnoticias.com\/index.php?rest_route=\/wp\/v2\/users\/1"}],"replies":[{"embeddable":true,"href":"https:\/\/elpuucnoticias.com\/index.php?rest_route=%2Fwp%2Fv2%2Fcomments&post=19979"}],"version-history":[{"count":1,"href":"https:\/\/elpuucnoticias.com\/index.php?rest_route=\/wp\/v2\/posts\/19979\/revisions"}],"predecessor-version":[{"id":19981,"href":"https:\/\/elpuucnoticias.com\/index.php?rest_route=\/wp\/v2\/posts\/19979\/revisions\/19981"}],"wp:featuredmedia":[{"embeddable":true,"href":"https:\/\/elpuucnoticias.com\/index.php?rest_route=\/wp\/v2\/media\/19980"}],"wp:attachment":[{"href":"https:\/\/elpuucnoticias.com\/index.php?rest_route=%2Fwp%2Fv2%2Fmedia&parent=19979"}],"wp:term":[{"taxonomy":"category","embeddable":true,"href":"https:\/\/elpuucnoticias.com\/index.php?rest_route=%2Fwp%2Fv2%2Fcategories&post=19979"},{"taxonomy":"post_tag","embeddable":true,"href":"https:\/\/elpuucnoticias.com\/index.php?rest_route=%2Fwp%2Fv2%2Ftags&post=19979"}],"curies":[{"name":"wp","href":"https:\/\/api.w.org\/{rel}","templated":true}]}}