{"id":19982,"date":"2025-07-14T13:31:16","date_gmt":"2025-07-14T19:31:16","guid":{"rendered":"https:\/\/elpuucnoticias.com\/?p=19982"},"modified":"2025-07-14T13:31:17","modified_gmt":"2025-07-14T19:31:17","slug":"reafirman-autoridades-de-quintana-roo-y-federales-compromiso-conjunto-por-la-salud","status":"publish","type":"post","link":"https:\/\/elpuucnoticias.com\/?p=19982","title":{"rendered":"Reafirman autoridades de Quintana Roo y federales compromiso conjunto por la salud"},"content":{"rendered":"\n<p>Con la visita de autoridades federales a Quintana Roo, se reafirma el inter\u00e9s com\u00fan y prioritario tanto del Gobierno de M\u00e9xico como del Gobierno del Estado para que, mediante acciones coordinadas, se fortalezcan los servicios m\u00e9dicos, se eleve la calidad de atenci\u00f3n y se promueva el uso eficiente de las tecnolog\u00edas en salud.<\/p>\n\n\n\n<figure class=\"wp-block-image is-style-default\"><a href=\"https:\/\/cgc.qroo.gob.mx\/cjg\/wp-content\/uploads\/2025\/07\/ea6ab8fa-9c7e-467c-ade0-f42b33319b4a.jpg\"><img decoding=\"async\" src=\"https:\/\/cgc.qroo.gob.mx\/cjg\/wp-content\/uploads\/2025\/07\/ea6ab8fa-9c7e-467c-ade0-f42b33319b4a-585x390.jpg\" alt=\"\" title=\"ea6ab8fa-9c7e-467c-ade0-f42b33319b4a\"\/><\/a><\/figure>\n\n\n\n<p>Estas acciones responden al compromiso permanente de la gobernadora Mara Lezama Espinosa de priorizar el bienestar de las y los quintanarroenses a trav\u00e9s de un sistema de salud m\u00e1s justo, moderno y eficiente.<\/p>\n\n\n\n<figure class=\"wp-block-image is-style-default\"><a href=\"https:\/\/cgc.qroo.gob.mx\/cjg\/wp-content\/uploads\/2025\/07\/d739586c-fc54-44ca-ae7c-433e79d62cf7.jpg\"><img decoding=\"async\" src=\"https:\/\/cgc.qroo.gob.mx\/cjg\/wp-content\/uploads\/2025\/07\/d739586c-fc54-44ca-ae7c-433e79d62cf7-585x390.jpg\" alt=\"\" title=\"d739586c-fc54-44ca-ae7c-433e79d62cf7\"\/><\/a><\/figure>\n\n\n\n<p>El equipo de la Direcci\u00f3n General de Modernizaci\u00f3n del Sector Salud, encabezado por Jos\u00e9 Enrique P\u00e9rez Olgu\u00edn, sostuvo reuniones de trabajo con personal directivo de la Secretar\u00eda de Salud de Quintana Roo, liderado por su titular, Flavio Carlos Rosado.<br>La Direcci\u00f3n General de Modernizaci\u00f3n del Sector Salud es el \u00f3rgano responsable de dirigir, evaluar y controlar la informaci\u00f3n sistem\u00e1tica sobre tecnolog\u00edas m\u00e9dicas, evaluaciones de tecnolog\u00edas en salud y servicios electr\u00f3nicos y tiene como objetivo principal brindar herramientas a los tomadores de decisiones para el uso adecuado de tecnolog\u00edas en salud, lo cual incide directamente en una atenci\u00f3n m\u00e1s equitativa y de calidad.<\/p>\n\n\n\n<figure class=\"wp-block-image is-style-default\"><a href=\"https:\/\/cgc.qroo.gob.mx\/cjg\/wp-content\/uploads\/2025\/07\/e0eb1853-0f5c-4183-80c3-70c511c5a3ca.jpg\"><img decoding=\"async\" src=\"https:\/\/cgc.qroo.gob.mx\/cjg\/wp-content\/uploads\/2025\/07\/e0eb1853-0f5c-4183-80c3-70c511c5a3ca-585x401.jpg\" alt=\"\" title=\"e0eb1853-0f5c-4183-80c3-70c511c5a3ca\"\/><\/a><\/figure>\n\n\n\n<p>Como parte de esta agenda de trabajo, tambi\u00e9n se realiz\u00f3 un recorrido por el Hospital Oncol\u00f3gico de Chetumal IMSS-Bienestar, donde las autoridades verificaron los avances en infraestructura, equipamiento y atenci\u00f3n m\u00e9dica especializada, reafirmando el compromiso conjunto de fortalecer este espacio fundamental para la atenci\u00f3n de pacientes oncol\u00f3gicos en el sur del estado.<\/p>\n\n\n\n<p>Previo a esta visita, personal de la Unidad de Infraestructura del IMSS-Bienestar realiz\u00f3 una gira de trabajo en unidades m\u00e9dicas de Canc\u00fan, Playa del Carmen, Tulum, Felipe Carrillo Puerto y Chetumal, con el objetivo de identificar \u00e1reas de oportunidad en materia de infraestructura y garantizar espacios dignos para la atenci\u00f3n m\u00e9dica de la poblaci\u00f3n.<\/p>\n","protected":false},"excerpt":{"rendered":"<p>Con la visita de autoridades federales a Quintana Roo, se reafirma el inter\u00e9s com\u00fan y prioritario tanto del<\/p>\n","protected":false},"author":1,"featured_media":19983,"comment_status":"closed","ping_status":"open","sticky":false,"template":"","format":"standard","meta":{"_monsterinsights_skip_tracking":false,"_monsterinsights_sitenote_active":false,"_monsterinsights_sitenote_note":"","_monsterinsights_sitenote_category":0,"footnotes":""},"categories":[11,24],"tags":[],"class_list":["post-19982","post","type-post","status-publish","format-standard","has-post-thumbnail","hentry","category-noticias","category-quintana-roo"],"yoast_head":"<!-- This site is optimized with the Yoast SEO plugin v18.3 - https:\/\/yoast.com\/wordpress\/plugins\/seo\/ -->\n<title>Reafirman autoridades de Quintana Roo y federales compromiso conjunto por la salud - El Puuc Noticias<\/title>\n<meta name=\"robots\" content=\"index, follow, max-snippet:-1, max-image-preview:large, max-video-preview:-1\" \/>\n<link rel=\"canonical\" href=\"https:\/\/elpuucnoticias.com\/?p=19982\" \/>\n<meta property=\"og:locale\" content=\"es_ES\" \/>\n<meta property=\"og:type\" content=\"article\" \/>\n<meta property=\"og:title\" content=\"Reafirman autoridades de Quintana Roo y federales compromiso conjunto por la salud - El Puuc Noticias\" \/>\n<meta property=\"og:description\" content=\"Con la visita de autoridades federales a Quintana Roo, se reafirma el inter\u00e9s com\u00fan y prioritario tanto del\" \/>\n<meta property=\"og:url\" content=\"https:\/\/elpuucnoticias.com\/?p=19982\" \/>\n<meta property=\"og:site_name\" content=\"El Puuc Noticias\" \/>\n<meta property=\"article:published_time\" content=\"2025-07-14T19:31:16+00:00\" \/>\n<meta property=\"article:modified_time\" content=\"2025-07-14T19:31:17+00:00\" \/>\n<meta property=\"og:image\" content=\"https:\/\/elpuucnoticias.com\/wp-content\/uploads\/2025\/07\/e8ff77bd-b213-4207-a37c-aeaebca19f2b.jpg\" \/>\n\t<meta property=\"og:image:width\" content=\"1280\" \/>\n\t<meta property=\"og:image:height\" content=\"960\" \/>\n\t<meta property=\"og:image:type\" content=\"image\/jpeg\" \/>\n<meta name=\"twitter:card\" content=\"summary_large_image\" \/>\n<meta name=\"twitter:label1\" content=\"Escrito por\" \/>\n\t<meta name=\"twitter:data1\" content=\"elpuucnoticias\" \/>\n\t<meta name=\"twitter:label2\" content=\"Tiempo de lectura\" \/>\n\t<meta name=\"twitter:data2\" content=\"2 minutos\" \/>\n<script type=\"application\/ld+json\" class=\"yoast-schema-graph\">{\"@context\":\"https:\/\/schema.org\",\"@graph\":[{\"@type\":\"WebSite\",\"@id\":\"https:\/\/elpuucnoticias.com\/#website\",\"url\":\"https:\/\/elpuucnoticias.com\/\",\"name\":\"El Puuc Noticias\",\"description\":\"Noticias - Entretenimiento - Deportes\",\"potentialAction\":[{\"@type\":\"SearchAction\",\"target\":{\"@type\":\"EntryPoint\",\"urlTemplate\":\"https:\/\/elpuucnoticias.com\/?s={search_term_string}\"},\"query-input\":\"required name=search_term_string\"}],\"inLanguage\":\"es\"},{\"@type\":\"ImageObject\",\"@id\":\"https:\/\/elpuucnoticias.com\/?p=19982#primaryimage\",\"inLanguage\":\"es\",\"url\":\"https:\/\/elpuucnoticias.com\/wp-content\/uploads\/2025\/07\/e8ff77bd-b213-4207-a37c-aeaebca19f2b.jpg\",\"contentUrl\":\"https:\/\/elpuucnoticias.com\/wp-content\/uploads\/2025\/07\/e8ff77bd-b213-4207-a37c-aeaebca19f2b.jpg\",\"width\":1280,\"height\":960},{\"@type\":\"WebPage\",\"@id\":\"https:\/\/elpuucnoticias.com\/?p=19982#webpage\",\"url\":\"https:\/\/elpuucnoticias.com\/?p=19982\",\"name\":\"Reafirman autoridades de Quintana Roo y federales compromiso conjunto por la salud - El Puuc Noticias\",\"isPartOf\":{\"@id\":\"https:\/\/elpuucnoticias.com\/#website\"},\"primaryImageOfPage\":{\"@id\":\"https:\/\/elpuucnoticias.com\/?p=19982#primaryimage\"},\"datePublished\":\"2025-07-14T19:31:16+00:00\",\"dateModified\":\"2025-07-14T19:31:17+00:00\",\"author\":{\"@id\":\"https:\/\/elpuucnoticias.com\/#\/schema\/person\/d2ea09e4c97f0160b11cdfb1d856bd9e\"},\"breadcrumb\":{\"@id\":\"https:\/\/elpuucnoticias.com\/?p=19982#breadcrumb\"},\"inLanguage\":\"es\",\"potentialAction\":[{\"@type\":\"ReadAction\",\"target\":[\"https:\/\/elpuucnoticias.com\/?p=19982\"]}]},{\"@type\":\"BreadcrumbList\",\"@id\":\"https:\/\/elpuucnoticias.com\/?p=19982#breadcrumb\",\"itemListElement\":[{\"@type\":\"ListItem\",\"position\":1,\"name\":\"Portada\",\"item\":\"https:\/\/elpuucnoticias.com\/\"},{\"@type\":\"ListItem\",\"position\":2,\"name\":\"Reafirman autoridades de Quintana Roo y federales compromiso conjunto por la salud\"}]},{\"@type\":\"Person\",\"@id\":\"https:\/\/elpuucnoticias.com\/#\/schema\/person\/d2ea09e4c97f0160b11cdfb1d856bd9e\",\"name\":\"elpuucnoticias\",\"image\":{\"@type\":\"ImageObject\",\"@id\":\"https:\/\/elpuucnoticias.com\/#personlogo\",\"inLanguage\":\"es\",\"url\":\"https:\/\/secure.gravatar.com\/avatar\/5290a43657c74ffa15701dbe5b846bd85cc71930d803c84e91046a7333de6ce2?s=96&d=mm&r=g\",\"contentUrl\":\"https:\/\/secure.gravatar.com\/avatar\/5290a43657c74ffa15701dbe5b846bd85cc71930d803c84e91046a7333de6ce2?s=96&d=mm&r=g\",\"caption\":\"elpuucnoticias\"},\"sameAs\":[\"https:\/\/elpuucnoticias.com\"],\"url\":\"https:\/\/elpuucnoticias.com\/?author=1\"}]}<\/script>\n<!-- \/ Yoast SEO plugin. -->","yoast_head_json":{"title":"Reafirman autoridades de Quintana Roo y federales compromiso conjunto por la salud - El Puuc Noticias","robots":{"index":"index","follow":"follow","max-snippet":"max-snippet:-1","max-image-preview":"max-image-preview:large","max-video-preview":"max-video-preview:-1"},"canonical":"https:\/\/elpuucnoticias.com\/?p=19982","og_locale":"es_ES","og_type":"article","og_title":"Reafirman autoridades de Quintana Roo y federales compromiso conjunto por la salud - El Puuc Noticias","og_description":"Con la visita de autoridades federales a Quintana Roo, se reafirma el inter\u00e9s com\u00fan y prioritario tanto del","og_url":"https:\/\/elpuucnoticias.com\/?p=19982","og_site_name":"El Puuc Noticias","article_published_time":"2025-07-14T19:31:16+00:00","article_modified_time":"2025-07-14T19:31:17+00:00","og_image":[{"width":1280,"height":960,"url":"https:\/\/elpuucnoticias.com\/wp-content\/uploads\/2025\/07\/e8ff77bd-b213-4207-a37c-aeaebca19f2b.jpg","type":"image\/jpeg"}],"twitter_card":"summary_large_image","twitter_misc":{"Escrito por":"elpuucnoticias","Tiempo de lectura":"2 minutos"},"schema":{"@context":"https:\/\/schema.org","@graph":[{"@type":"WebSite","@id":"https:\/\/elpuucnoticias.com\/#website","url":"https:\/\/elpuucnoticias.com\/","name":"El Puuc Noticias","description":"Noticias - Entretenimiento - Deportes","potentialAction":[{"@type":"SearchAction","target":{"@type":"EntryPoint","urlTemplate":"https:\/\/elpuucnoticias.com\/?s={search_term_string}"},"query-input":"required name=search_term_string"}],"inLanguage":"es"},{"@type":"ImageObject","@id":"https:\/\/elpuucnoticias.com\/?p=19982#primaryimage","inLanguage":"es","url":"https:\/\/elpuucnoticias.com\/wp-content\/uploads\/2025\/07\/e8ff77bd-b213-4207-a37c-aeaebca19f2b.jpg","contentUrl":"https:\/\/elpuucnoticias.com\/wp-content\/uploads\/2025\/07\/e8ff77bd-b213-4207-a37c-aeaebca19f2b.jpg","width":1280,"height":960},{"@type":"WebPage","@id":"https:\/\/elpuucnoticias.com\/?p=19982#webpage","url":"https:\/\/elpuucnoticias.com\/?p=19982","name":"Reafirman autoridades de Quintana Roo y federales compromiso conjunto por la salud - El Puuc Noticias","isPartOf":{"@id":"https:\/\/elpuucnoticias.com\/#website"},"primaryImageOfPage":{"@id":"https:\/\/elpuucnoticias.com\/?p=19982#primaryimage"},"datePublished":"2025-07-14T19:31:16+00:00","dateModified":"2025-07-14T19:31:17+00:00","author":{"@id":"https:\/\/elpuucnoticias.com\/#\/schema\/person\/d2ea09e4c97f0160b11cdfb1d856bd9e"},"breadcrumb":{"@id":"https:\/\/elpuucnoticias.com\/?p=19982#breadcrumb"},"inLanguage":"es","potentialAction":[{"@type":"ReadAction","target":["https:\/\/elpuucnoticias.com\/?p=19982"]}]},{"@type":"BreadcrumbList","@id":"https:\/\/elpuucnoticias.com\/?p=19982#breadcrumb","itemListElement":[{"@type":"ListItem","position":1,"name":"Portada","item":"https:\/\/elpuucnoticias.com\/"},{"@type":"ListItem","position":2,"name":"Reafirman autoridades de Quintana Roo y federales compromiso conjunto por la salud"}]},{"@type":"Person","@id":"https:\/\/elpuucnoticias.com\/#\/schema\/person\/d2ea09e4c97f0160b11cdfb1d856bd9e","name":"elpuucnoticias","image":{"@type":"ImageObject","@id":"https:\/\/elpuucnoticias.com\/#personlogo","inLanguage":"es","url":"https:\/\/secure.gravatar.com\/avatar\/5290a43657c74ffa15701dbe5b846bd85cc71930d803c84e91046a7333de6ce2?s=96&d=mm&r=g","contentUrl":"https:\/\/secure.gravatar.com\/avatar\/5290a43657c74ffa15701dbe5b846bd85cc71930d803c84e91046a7333de6ce2?s=96&d=mm&r=g","caption":"elpuucnoticias"},"sameAs":["https:\/\/elpuucnoticias.com"],"url":"https:\/\/elpuucnoticias.com\/?author=1"}]}},"_links":{"self":[{"href":"https:\/\/elpuucnoticias.com\/index.php?rest_route=\/wp\/v2\/posts\/19982","targetHints":{"allow":["GET"]}}],"collection":[{"href":"https:\/\/elpuucnoticias.com\/index.php?rest_route=\/wp\/v2\/posts"}],"about":[{"href":"https:\/\/elpuucnoticias.com\/index.php?rest_route=\/wp\/v2\/types\/post"}],"author":[{"embeddable":true,"href":"https:\/\/elpuucnoticias.com\/index.php?rest_route=\/wp\/v2\/users\/1"}],"replies":[{"embeddable":true,"href":"https:\/\/elpuucnoticias.com\/index.php?rest_route=%2Fwp%2Fv2%2Fcomments&post=19982"}],"version-history":[{"count":1,"href":"https:\/\/elpuucnoticias.com\/index.php?rest_route=\/wp\/v2\/posts\/19982\/revisions"}],"predecessor-version":[{"id":19984,"href":"https:\/\/elpuucnoticias.com\/index.php?rest_route=\/wp\/v2\/posts\/19982\/revisions\/19984"}],"wp:featuredmedia":[{"embeddable":true,"href":"https:\/\/elpuucnoticias.com\/index.php?rest_route=\/wp\/v2\/media\/19983"}],"wp:attachment":[{"href":"https:\/\/elpuucnoticias.com\/index.php?rest_route=%2Fwp%2Fv2%2Fmedia&parent=19982"}],"wp:term":[{"taxonomy":"category","embeddable":true,"href":"https:\/\/elpuucnoticias.com\/index.php?rest_route=%2Fwp%2Fv2%2Fcategories&post=19982"},{"taxonomy":"post_tag","embeddable":true,"href":"https:\/\/elpuucnoticias.com\/index.php?rest_route=%2Fwp%2Fv2%2Ftags&post=19982"}],"curies":[{"name":"wp","href":"https:\/\/api.w.org\/{rel}","templated":true}]}}