{"id":19994,"date":"2025-07-14T13:42:09","date_gmt":"2025-07-14T19:42:09","guid":{"rendered":"https:\/\/elpuucnoticias.com\/?p=19994"},"modified":"2025-07-14T13:42:09","modified_gmt":"2025-07-14T19:42:09","slug":"inaugura-fpmc-la-exposicion-la-leyenda-de-oaxaca-matlazihua-en-el-museo-de-la-isla","status":"publish","type":"post","link":"https:\/\/elpuucnoticias.com\/?p=19994","title":{"rendered":"Inaugura FPMC la exposici\u00f3n \u201cLa Leyenda de Oaxaca: Matlazihua\u201d en el Museo de la Isla"},"content":{"rendered":"\n<p>La Fundaci\u00f3n de Parques y Museos de Cozumel (FPMC) inaugur\u00f3 en el Museo de la Isla la exposici\u00f3n colectiva \u201cLa Leyenda de Oaxaca: Matlazihua\u201d, una muestra compuesta por 30 piezas que conjugan la riqueza de la tradici\u00f3n oral y el simbolismo ancestral de los Valles Centrales de Oaxaca, as\u00ed como el talento contempor\u00e1neo de 10 artistas originarios de esa entidad.<\/p>\n\n\n\n<figure class=\"wp-block-image is-style-default\"><a href=\"https:\/\/cgc.qroo.gob.mx\/cjg\/wp-content\/uploads\/2025\/07\/WhatsApp-Image-2025-07-12-at-14.42.34-1.jpeg\"><img decoding=\"async\" src=\"https:\/\/cgc.qroo.gob.mx\/cjg\/wp-content\/uploads\/2025\/07\/WhatsApp-Image-2025-07-12-at-14.42.34-1-585x390.jpeg\" alt=\"\" title=\"WhatsApp Image 2025-07-12 at 14.42.34 (1)\"\/><\/a><\/figure>\n\n\n\n<p>La velada inaugural se llev\u00f3 a cabo con la presencia de los consejeros de la FPMC, Ana L\u00f3pez y Alejandro Queb Franco; la muse\u00f3grafa Satoko Kitamura, la gestora cultural Arcelia Rosalba Ju\u00e1rez Cruz y la arquitecta Joy Ju\u00e1rez Cruz, quien tambi\u00e9n fungi\u00f3 como curadora de esta exposici\u00f3n que mezcla misticismo, arte y tradici\u00f3n.<\/p>\n\n\n\n<p>En su mensaje, Joy Ju\u00e1rez destac\u00f3 que esta exposici\u00f3n busca abrir un puente cultural entre Oaxaca y Cozumel a trav\u00e9s del arte y las leyendas que siguen vivas en la memoria colectiva, como es la Matlazihua, que es una figura femenina envuelta en misterio, descrita como una mujer hermosa vestida de blanco, que aparece en caminos solitarios para seducir a los hombres y conducirlos a la perdici\u00f3n.<\/p>\n\n\n\n<figure class=\"wp-block-image is-style-default\"><a href=\"https:\/\/cgc.qroo.gob.mx\/cjg\/wp-content\/uploads\/2025\/07\/WhatsApp-Image-2025-07-12-at-14.42.33-2.jpeg\"><img decoding=\"async\" src=\"https:\/\/cgc.qroo.gob.mx\/cjg\/wp-content\/uploads\/2025\/07\/WhatsApp-Image-2025-07-12-at-14.42.33-2-585x390.jpeg\" alt=\"\" title=\"WhatsApp Image 2025-07-12 at 14.42.33 (2)\"\/><\/a><\/figure>\n\n\n\n<p>Leyenda que ha sido reinterpretada por In\u00e9s Lara, Jes\u00fas Cuevas, Miguel Alvarado, Manuel Miguel, Edison Blas, Alexei Rivera, Elece, Jorge L\u00f3pez, Diego Navarrete y C\u00e1ndido Santiago en pinturas, esculturas y alebrijes que llenan la sala del centro museogr\u00e1fico de color, energ\u00eda y simbolismo, para disfrute de las y los espectadores.<\/p>\n\n\n\n<figure class=\"wp-block-image is-style-default\"><a href=\"https:\/\/cgc.qroo.gob.mx\/cjg\/wp-content\/uploads\/2025\/07\/WhatsApp-Image-2025-07-12-at-14.42.33-3.jpeg\"><img decoding=\"async\" src=\"https:\/\/cgc.qroo.gob.mx\/cjg\/wp-content\/uploads\/2025\/07\/WhatsApp-Image-2025-07-12-at-14.42.33-3-585x382.jpeg\" alt=\"\" title=\"WhatsApp Image 2025-07-12 at 14.42.33 (3)\"\/><\/a><\/figure>\n\n\n\n<p>Durante la ceremonia, la consejera Ana L\u00f3pez entreg\u00f3 los reconocimientos, en nombre de la directora general de la FPMC, Juanita Alonso Marrufo, a las promotoras culturales que hicieron posible la exposici\u00f3n, resaltando la importancia de seguir abriendo espacios para el arte como v\u00eda de encuentro entre comunidades, regiones y pueblos originarios.<\/p>\n\n\n\n<figure class=\"wp-block-image is-style-default\"><a href=\"https:\/\/cgc.qroo.gob.mx\/cjg\/wp-content\/uploads\/2025\/07\/WhatsApp-Image-2025-07-12-at-14.42.33-4.jpeg\"><img decoding=\"async\" src=\"https:\/\/cgc.qroo.gob.mx\/cjg\/wp-content\/uploads\/2025\/07\/WhatsApp-Image-2025-07-12-at-14.42.33-4-585x381.jpeg\" alt=\"\" title=\"WhatsApp Image 2025-07-12 at 14.42.33 (4)\"\/><\/a><\/figure>\n\n\n\n<p>Por su parte, Alejandro Queb fue el encargado de realizar la inauguraci\u00f3n oficial de la exposici\u00f3n y resalt\u00f3 que \u201ccada obra es un reflejo del misticismo y la cosmovisi\u00f3n ind\u00edgena; queremos que el visitante conecte con estas historias y se lleve algo m\u00e1s que una imagen: una emoci\u00f3n, una reflexi\u00f3n, un aprendizaje\u201d.<\/p>\n\n\n\n<figure class=\"wp-block-image is-style-default\"><a href=\"https:\/\/cgc.qroo.gob.mx\/cjg\/wp-content\/uploads\/2025\/07\/WhatsApp-Image-2025-07-12-at-14.42.33.jpeg\"><img decoding=\"async\" src=\"https:\/\/cgc.qroo.gob.mx\/cjg\/wp-content\/uploads\/2025\/07\/WhatsApp-Image-2025-07-12-at-14.42.33-585x390.jpeg\" alt=\"\" title=\"WhatsApp Image 2025-07-12 at 14.42.33\"\/><\/a><\/figure>\n\n\n\n<p>El recorrido guiado por la exposici\u00f3n permiti\u00f3 apreciar el valor simb\u00f3lico de cada obra y reafirm\u00f3 el compromiso de la FPMC con la promoci\u00f3n cultural, en concordancia con el Nuevo Acuerdo por el Bienestar y Desarrollo de Quintana Roo, impulsado por la gobernadora Mara Lezama Espinosa.<\/p>\n","protected":false},"excerpt":{"rendered":"<p>La Fundaci\u00f3n de Parques y Museos de Cozumel (FPMC) inaugur\u00f3 en el Museo de la Isla la exposici\u00f3n<\/p>\n","protected":false},"author":1,"featured_media":19995,"comment_status":"closed","ping_status":"open","sticky":false,"template":"","format":"standard","meta":{"_monsterinsights_skip_tracking":false,"_monsterinsights_sitenote_active":false,"_monsterinsights_sitenote_note":"","_monsterinsights_sitenote_category":0,"footnotes":""},"categories":[11,24],"tags":[],"class_list":["post-19994","post","type-post","status-publish","format-standard","has-post-thumbnail","hentry","category-noticias","category-quintana-roo"],"yoast_head":"<!-- This site is optimized with the Yoast SEO plugin v18.3 - https:\/\/yoast.com\/wordpress\/plugins\/seo\/ -->\n<title>Inaugura FPMC la exposici\u00f3n \u201cLa Leyenda de Oaxaca: Matlazihua\u201d en el Museo de la Isla - El Puuc Noticias<\/title>\n<meta name=\"robots\" content=\"index, follow, max-snippet:-1, max-image-preview:large, max-video-preview:-1\" \/>\n<link rel=\"canonical\" href=\"https:\/\/elpuucnoticias.com\/?p=19994\" \/>\n<meta property=\"og:locale\" content=\"es_ES\" \/>\n<meta property=\"og:type\" content=\"article\" \/>\n<meta property=\"og:title\" content=\"Inaugura FPMC la exposici\u00f3n \u201cLa Leyenda de Oaxaca: Matlazihua\u201d en el Museo de la Isla - El Puuc Noticias\" \/>\n<meta property=\"og:description\" content=\"La Fundaci\u00f3n de Parques y Museos de Cozumel (FPMC) inaugur\u00f3 en el Museo de la Isla la exposici\u00f3n\" \/>\n<meta property=\"og:url\" content=\"https:\/\/elpuucnoticias.com\/?p=19994\" \/>\n<meta property=\"og:site_name\" content=\"El Puuc Noticias\" \/>\n<meta property=\"article:published_time\" content=\"2025-07-14T19:42:09+00:00\" \/>\n<meta property=\"og:image\" content=\"https:\/\/elpuucnoticias.com\/wp-content\/uploads\/2025\/07\/whatsapp-image-2025-07-12-at-14.42.33-1.jpeg\" \/>\n\t<meta property=\"og:image:width\" content=\"1600\" \/>\n\t<meta property=\"og:image:height\" content=\"1066\" \/>\n\t<meta property=\"og:image:type\" content=\"image\/jpeg\" \/>\n<meta name=\"twitter:card\" content=\"summary_large_image\" \/>\n<meta name=\"twitter:label1\" content=\"Escrito por\" \/>\n\t<meta name=\"twitter:data1\" content=\"elpuucnoticias\" \/>\n\t<meta name=\"twitter:label2\" content=\"Tiempo de lectura\" \/>\n\t<meta name=\"twitter:data2\" content=\"2 minutos\" \/>\n<script type=\"application\/ld+json\" class=\"yoast-schema-graph\">{\"@context\":\"https:\/\/schema.org\",\"@graph\":[{\"@type\":\"WebSite\",\"@id\":\"https:\/\/elpuucnoticias.com\/#website\",\"url\":\"https:\/\/elpuucnoticias.com\/\",\"name\":\"El Puuc Noticias\",\"description\":\"Noticias - Entretenimiento - Deportes\",\"potentialAction\":[{\"@type\":\"SearchAction\",\"target\":{\"@type\":\"EntryPoint\",\"urlTemplate\":\"https:\/\/elpuucnoticias.com\/?s={search_term_string}\"},\"query-input\":\"required name=search_term_string\"}],\"inLanguage\":\"es\"},{\"@type\":\"ImageObject\",\"@id\":\"https:\/\/elpuucnoticias.com\/?p=19994#primaryimage\",\"inLanguage\":\"es\",\"url\":\"https:\/\/elpuucnoticias.com\/wp-content\/uploads\/2025\/07\/whatsapp-image-2025-07-12-at-14.42.33-1.jpeg\",\"contentUrl\":\"https:\/\/elpuucnoticias.com\/wp-content\/uploads\/2025\/07\/whatsapp-image-2025-07-12-at-14.42.33-1.jpeg\",\"width\":1600,\"height\":1066},{\"@type\":\"WebPage\",\"@id\":\"https:\/\/elpuucnoticias.com\/?p=19994#webpage\",\"url\":\"https:\/\/elpuucnoticias.com\/?p=19994\",\"name\":\"Inaugura FPMC la exposici\u00f3n \u201cLa Leyenda de Oaxaca: Matlazihua\u201d en el Museo de la Isla - El Puuc Noticias\",\"isPartOf\":{\"@id\":\"https:\/\/elpuucnoticias.com\/#website\"},\"primaryImageOfPage\":{\"@id\":\"https:\/\/elpuucnoticias.com\/?p=19994#primaryimage\"},\"datePublished\":\"2025-07-14T19:42:09+00:00\",\"dateModified\":\"2025-07-14T19:42:09+00:00\",\"author\":{\"@id\":\"https:\/\/elpuucnoticias.com\/#\/schema\/person\/d2ea09e4c97f0160b11cdfb1d856bd9e\"},\"breadcrumb\":{\"@id\":\"https:\/\/elpuucnoticias.com\/?p=19994#breadcrumb\"},\"inLanguage\":\"es\",\"potentialAction\":[{\"@type\":\"ReadAction\",\"target\":[\"https:\/\/elpuucnoticias.com\/?p=19994\"]}]},{\"@type\":\"BreadcrumbList\",\"@id\":\"https:\/\/elpuucnoticias.com\/?p=19994#breadcrumb\",\"itemListElement\":[{\"@type\":\"ListItem\",\"position\":1,\"name\":\"Portada\",\"item\":\"https:\/\/elpuucnoticias.com\/\"},{\"@type\":\"ListItem\",\"position\":2,\"name\":\"Inaugura FPMC la exposici\u00f3n \u201cLa Leyenda de Oaxaca: Matlazihua\u201d en el Museo de la Isla\"}]},{\"@type\":\"Person\",\"@id\":\"https:\/\/elpuucnoticias.com\/#\/schema\/person\/d2ea09e4c97f0160b11cdfb1d856bd9e\",\"name\":\"elpuucnoticias\",\"image\":{\"@type\":\"ImageObject\",\"@id\":\"https:\/\/elpuucnoticias.com\/#personlogo\",\"inLanguage\":\"es\",\"url\":\"https:\/\/secure.gravatar.com\/avatar\/5290a43657c74ffa15701dbe5b846bd85cc71930d803c84e91046a7333de6ce2?s=96&d=mm&r=g\",\"contentUrl\":\"https:\/\/secure.gravatar.com\/avatar\/5290a43657c74ffa15701dbe5b846bd85cc71930d803c84e91046a7333de6ce2?s=96&d=mm&r=g\",\"caption\":\"elpuucnoticias\"},\"sameAs\":[\"https:\/\/elpuucnoticias.com\"],\"url\":\"https:\/\/elpuucnoticias.com\/?author=1\"}]}<\/script>\n<!-- \/ Yoast SEO plugin. -->","yoast_head_json":{"title":"Inaugura FPMC la exposici\u00f3n \u201cLa Leyenda de Oaxaca: Matlazihua\u201d en el Museo de la Isla - El Puuc Noticias","robots":{"index":"index","follow":"follow","max-snippet":"max-snippet:-1","max-image-preview":"max-image-preview:large","max-video-preview":"max-video-preview:-1"},"canonical":"https:\/\/elpuucnoticias.com\/?p=19994","og_locale":"es_ES","og_type":"article","og_title":"Inaugura FPMC la exposici\u00f3n \u201cLa Leyenda de Oaxaca: Matlazihua\u201d en el Museo de la Isla - El Puuc Noticias","og_description":"La Fundaci\u00f3n de Parques y Museos de Cozumel (FPMC) inaugur\u00f3 en el Museo de la Isla la exposici\u00f3n","og_url":"https:\/\/elpuucnoticias.com\/?p=19994","og_site_name":"El Puuc Noticias","article_published_time":"2025-07-14T19:42:09+00:00","og_image":[{"width":1600,"height":1066,"url":"https:\/\/elpuucnoticias.com\/wp-content\/uploads\/2025\/07\/whatsapp-image-2025-07-12-at-14.42.33-1.jpeg","type":"image\/jpeg"}],"twitter_card":"summary_large_image","twitter_misc":{"Escrito por":"elpuucnoticias","Tiempo de lectura":"2 minutos"},"schema":{"@context":"https:\/\/schema.org","@graph":[{"@type":"WebSite","@id":"https:\/\/elpuucnoticias.com\/#website","url":"https:\/\/elpuucnoticias.com\/","name":"El Puuc Noticias","description":"Noticias - Entretenimiento - Deportes","potentialAction":[{"@type":"SearchAction","target":{"@type":"EntryPoint","urlTemplate":"https:\/\/elpuucnoticias.com\/?s={search_term_string}"},"query-input":"required name=search_term_string"}],"inLanguage":"es"},{"@type":"ImageObject","@id":"https:\/\/elpuucnoticias.com\/?p=19994#primaryimage","inLanguage":"es","url":"https:\/\/elpuucnoticias.com\/wp-content\/uploads\/2025\/07\/whatsapp-image-2025-07-12-at-14.42.33-1.jpeg","contentUrl":"https:\/\/elpuucnoticias.com\/wp-content\/uploads\/2025\/07\/whatsapp-image-2025-07-12-at-14.42.33-1.jpeg","width":1600,"height":1066},{"@type":"WebPage","@id":"https:\/\/elpuucnoticias.com\/?p=19994#webpage","url":"https:\/\/elpuucnoticias.com\/?p=19994","name":"Inaugura FPMC la exposici\u00f3n \u201cLa Leyenda de Oaxaca: Matlazihua\u201d en el Museo de la Isla - El Puuc Noticias","isPartOf":{"@id":"https:\/\/elpuucnoticias.com\/#website"},"primaryImageOfPage":{"@id":"https:\/\/elpuucnoticias.com\/?p=19994#primaryimage"},"datePublished":"2025-07-14T19:42:09+00:00","dateModified":"2025-07-14T19:42:09+00:00","author":{"@id":"https:\/\/elpuucnoticias.com\/#\/schema\/person\/d2ea09e4c97f0160b11cdfb1d856bd9e"},"breadcrumb":{"@id":"https:\/\/elpuucnoticias.com\/?p=19994#breadcrumb"},"inLanguage":"es","potentialAction":[{"@type":"ReadAction","target":["https:\/\/elpuucnoticias.com\/?p=19994"]}]},{"@type":"BreadcrumbList","@id":"https:\/\/elpuucnoticias.com\/?p=19994#breadcrumb","itemListElement":[{"@type":"ListItem","position":1,"name":"Portada","item":"https:\/\/elpuucnoticias.com\/"},{"@type":"ListItem","position":2,"name":"Inaugura FPMC la exposici\u00f3n \u201cLa Leyenda de Oaxaca: Matlazihua\u201d en el Museo de la Isla"}]},{"@type":"Person","@id":"https:\/\/elpuucnoticias.com\/#\/schema\/person\/d2ea09e4c97f0160b11cdfb1d856bd9e","name":"elpuucnoticias","image":{"@type":"ImageObject","@id":"https:\/\/elpuucnoticias.com\/#personlogo","inLanguage":"es","url":"https:\/\/secure.gravatar.com\/avatar\/5290a43657c74ffa15701dbe5b846bd85cc71930d803c84e91046a7333de6ce2?s=96&d=mm&r=g","contentUrl":"https:\/\/secure.gravatar.com\/avatar\/5290a43657c74ffa15701dbe5b846bd85cc71930d803c84e91046a7333de6ce2?s=96&d=mm&r=g","caption":"elpuucnoticias"},"sameAs":["https:\/\/elpuucnoticias.com"],"url":"https:\/\/elpuucnoticias.com\/?author=1"}]}},"_links":{"self":[{"href":"https:\/\/elpuucnoticias.com\/index.php?rest_route=\/wp\/v2\/posts\/19994","targetHints":{"allow":["GET"]}}],"collection":[{"href":"https:\/\/elpuucnoticias.com\/index.php?rest_route=\/wp\/v2\/posts"}],"about":[{"href":"https:\/\/elpuucnoticias.com\/index.php?rest_route=\/wp\/v2\/types\/post"}],"author":[{"embeddable":true,"href":"https:\/\/elpuucnoticias.com\/index.php?rest_route=\/wp\/v2\/users\/1"}],"replies":[{"embeddable":true,"href":"https:\/\/elpuucnoticias.com\/index.php?rest_route=%2Fwp%2Fv2%2Fcomments&post=19994"}],"version-history":[{"count":1,"href":"https:\/\/elpuucnoticias.com\/index.php?rest_route=\/wp\/v2\/posts\/19994\/revisions"}],"predecessor-version":[{"id":19996,"href":"https:\/\/elpuucnoticias.com\/index.php?rest_route=\/wp\/v2\/posts\/19994\/revisions\/19996"}],"wp:featuredmedia":[{"embeddable":true,"href":"https:\/\/elpuucnoticias.com\/index.php?rest_route=\/wp\/v2\/media\/19995"}],"wp:attachment":[{"href":"https:\/\/elpuucnoticias.com\/index.php?rest_route=%2Fwp%2Fv2%2Fmedia&parent=19994"}],"wp:term":[{"taxonomy":"category","embeddable":true,"href":"https:\/\/elpuucnoticias.com\/index.php?rest_route=%2Fwp%2Fv2%2Fcategories&post=19994"},{"taxonomy":"post_tag","embeddable":true,"href":"https:\/\/elpuucnoticias.com\/index.php?rest_route=%2Fwp%2Fv2%2Ftags&post=19994"}],"curies":[{"name":"wp","href":"https:\/\/api.w.org\/{rel}","templated":true}]}}